{"id":25728,"date":"2022-06-09T21:36:19","date_gmt":"2022-06-09T21:36:19","guid":{"rendered":"https:\/\/larevistadigital.com.ar\/blog\/?p=25728"},"modified":"2022-06-09T21:36:19","modified_gmt":"2022-06-09T21:36:19","slug":"indignacion-de-familiares-de-victimas-por-la-domiciliaria-otorgada-a-etchecolaz","status":"publish","type":"post","link":"https:\/\/larevistadigital.com.ar\/blog\/indignacion-de-familiares-de-victimas-por-la-domiciliaria-otorgada-a-etchecolaz\/","title":{"rendered":"INDIGNACI\u00d3N DE FAMILIARES DE V\u00cdCTIMAS POR LA \u00abDOMICILIARIA\u00bb OTORGADA A ETCHECOLAZ"},"content":{"rendered":"<h2 class=\"negrita\">Los familiares de Julio L\u00f3pez y de Horacio \u00dangaro se\u00f1alaron que con este fallo los jueces \u00abvolvieron a hacer desaparecer\u00bb a sus familiares.<\/h2>\n<div class=\"texto\">\n<p><strong>La C\u00e1mara Federal de Casaci\u00f3n Penal concedi\u00f3 la prisi\u00f3n domiciliaria al\u00a0exdirector de Investigaciones de la Polic\u00eda Bonaerense, Miguel Etchecolatz,\u00a0<\/strong>y a otros\u00a0represores condenados por delitos de lesa humanidad cometidos durante la \u00faltima dictadura c\u00edvico-militar,<strong>\u00a0lo que gener\u00f3 un fuerte repudio de los familiares de las v\u00edctimas y distintos organismos de derechos humanos.<\/strong><\/p>\n<blockquote>\n<h3>La resoluci\u00f3n que beneficia a Etchecolatz fue adoptada en el marco de la causa en la que se encuentra procesado por el asesinato de\u00a0<strong>Horacio Alejandro Benavides<\/strong>,\u00a0<strong>un militante de 22 a\u00f1os ejecutado en septiembre de 1976, a metros de la Plaza Moreno de La Plata, por un grupo de represores de la Direcci\u00f3n General de Investigaciones<\/strong>.<\/h3>\n<\/blockquote>\n<p>Para concederle el arresto domiciliario al multicondenado represor,\u00a0<strong>los jueces consideraron que tiene 93 a\u00f1os y que, como plante\u00f3 su defensa, su salud sufri\u00f3 un deterioro por la supuesta falta de recursos del Servicio Penitenciario Federal para poder asistirlo debidamente<\/strong>.<\/p>\n<p><a href=\"https:\/\/i0.wp.com\/pxb.cdn.0221.com.ar\/0221\/052022\/1652471840149.jpg?ssl=1\"><img data-recalc-dims=\"1\" decoding=\"async\" src=\"https:\/\/i0.wp.com\/pxb.cdn.0221.com.ar\/0221\/052022\/1652471840149.jpg?ssl=1\" alt=\"\" \/><\/a><\/p>\n<p>Familiares de v\u00edctimas de <strong>Etchecolatz<\/strong> repudiaron el fallo de la C\u00e1mara de Casaci\u00f3n y afirmaron que con esa resoluci\u00f3n los jueces <em><strong>\u00abvolvieron a desaparecer a sus familiares\u00bb<\/strong><\/em>.\u00a0<strong>Marta \u00dangaro<\/strong>, hermana de\u00a0<strong>Horacio \u00dangaro<\/strong>, uno de los estudiantes secuestrados y desparecidos en el hecho conocido como \u00abLa Noche de los L\u00e1pices\u00bb, dijo a la agencia Telam: <em><strong>\u00abRepudio la decisi\u00f3n de los jueces que le dieron la domiciliaria a un genocida.\u00a0Hoy siento que con este fallo los jueces volvieron a hacer desaparecer a nuestros familiares, los vuelven a ocultar en las tinieblas\u00bb.<\/strong><\/em><\/p>\n<p>La mujer expres\u00f3 que <strong>Miguel Etchecolatz <em>\u00abtiene que recibir toda la atenci\u00f3n m\u00e9dica que requiera, pero debe cumplir hasta el \u00faltimo d\u00eda de condena en c\u00e1rcel com\u00fan y efectiva\u00bb<\/em><\/strong>. Y agreg\u00f3: <strong><em>\u00abEtchecolatz a\u00fan nos tiene que decir d\u00f3nde est\u00e1 Clara Anah\u00ed Mariani (la beba apropiada tras asesinar a su madre en La Plata), d\u00f3nde est\u00e1 el cuerpo de mi hermano y d\u00f3nde est\u00e1\u00a0Jorge Julio L\u00f3pez\u00bb<\/em><\/strong>, puntualiz\u00f3 la mujer.<\/p>\n<div class=\"boxepigrafe\"><img data-recalc-dims=\"1\" decoding=\"async\" title=\"Rub\u00e9n L\u00f3pez, el hijo de Julio L\u00f3pez, desaparecido por segunda vez en 2006.\" src=\"https:\/\/i0.wp.com\/pxb.cdn.0221.com.ar\/0221\/052022\/1652995465348.jpg?ssl=1\" alt=\"Rub\u00e9n L\u00f3pez, el hijo de Julio L\u00f3pez, desaparecido por segunda vez en 2006.\" \/><strong>Rub\u00e9n L\u00f3pez, el hijo de Julio L\u00f3pez, desaparecido por segunda vez en 2006.<\/strong><\/p>\n<\/div>\n<p><strong>\u00dangaro<\/strong> afirm\u00f3 que pensaba que<em><strong> \u00abcon las condenas ten\u00edamos un poquito de justicia, pero no, no puede ser que la justicia nos haga pagar de esta manera\u00bb<\/strong><\/em>. Y a\u00f1adi\u00f3:<em><strong> \u00abRepudio que le concedan la domiciliaria, que pueda estar en su casa gozando de ese beneficio, Etchecolatz es un anciano, pero es un genocida; es un anciano pero es un asesino y debe estar en c\u00e1rcel com\u00fan, perpetua y efectiva, asistido por m\u00e9dicos pero en ese lugar\u00bb<\/strong><\/em>.<\/p>\n<blockquote>\n<h3>Tambi\u00e9n expres\u00f3 su repudio\u00a0<strong>Rub\u00e9n L\u00f3pez<\/strong>, uno de los hijos del alba\u00f1il Jorge Julio L\u00f3pez, quien declar\u00f3 como sobreviviente de la dictadura en 2006 en el juicio al genocida, y durante el cual desapareci\u00f3 por segunda vez.\u00a0Sostuvo que el fallo le causa \u00abtanta bronca que no s\u00e9 qu\u00e9 decir sin caer en el insulto, que es lo que corresponder\u00eda decir\u00bb.<\/h3>\n<\/blockquote>\n<p>Record\u00f3 que<em><strong> \u00aben el 2017 empezamos con una domiciliaria y Etchecolatz termin\u00f3 de vacaciones dos meses en Mar del Plata\u00bb.<\/strong><\/em> <strong><em>\u00abHay jueces que parecen delincuentes. Esto me causa indignaci\u00f3n, sobre todo porque hace 15 d\u00edas otro tribunal dict\u00f3 una condena a perpetua para Etchecolatz y hoy le dan la domiciliaria\u00bb<\/em><\/strong>, afirm\u00f3.<\/p>\n<div class=\"contenedor__publicidad\">\n<div class=\"publicidad P12 \">\n<div id=\"eplAdDivvslider\" class=\"epl_ppp_iniciada\"><\/div>\n<\/div>\n<\/div>\n<\/div>\n","protected":false},"excerpt":{"rendered":"<div class=\"mh-excerpt\"><p>Los familiares de Julio L\u00f3pez y de Horacio \u00dangaro se\u00f1alaron que con este fallo los jueces \u00abvolvieron a hacer desaparecer\u00bb a sus familiares. La C\u00e1mara Federal de Casaci\u00f3n Penal concedi\u00f3 la prisi\u00f3n domiciliaria al\u00a0exdirector de <a class=\"mh-excerpt-more\" href=\"https:\/\/larevistadigital.com.ar\/blog\/indignacion-de-familiares-de-victimas-por-la-domiciliaria-otorgada-a-etchecolaz\/\" title=\"INDIGNACI\u00d3N DE FAMILIARES DE V\u00cdCTIMAS POR LA \u00abDOMICILIARIA\u00bb OTORGADA A ETCHECOLAZ\">[Leer M\u00e1s]<\/a><\/p>\n<\/div>","protected":false},"author":3,"featured_media":25729,"comment_status":"open","ping_status":"open","sticky":false,"template":"","format":"standard","meta":{"_jetpack_memberships_contains_paid_content":false,"footnotes":"","jetpack_publicize_message":"","jetpack_publicize_feature_enabled":true,"jetpack_social_post_already_shared":true,"jetpack_social_options":{"image_generator_settings":{"template":"highway","default_image_id":0,"font":"","enabled":false},"version":2}},"categories":[50],"tags":[],"class_list":{"0":"post-25728","1":"post","2":"type-post","3":"status-publish","4":"format-standard","5":"has-post-thumbnail","7":"category-interes-general"},"jetpack_publicize_connections":[],"jetpack_featured_media_url":"https:\/\/i0.wp.com\/larevistadigital.com.ar\/blog\/wp-content\/uploads\/1540935704999.jpg?fit=1920%2C950&ssl=1","jetpack_sharing_enabled":true,"jetpack_shortlink":"https:\/\/wp.me\/p8qtrQ-6GY","jetpack-related-posts":[{"id":2242,"url":"https:\/\/larevistadigital.com.ar\/blog\/massa-ira-a-la-corte-de-derechos-humanos-para-tratar-de-frenar-el-2x1-a-represores\/","url_meta":{"origin":25728,"position":0},"title":"MASSA IR\u00c1 A LA CORTE DE DERECHOS HUMANOS PARA TRATAR DE FRENAR EL 2X1 A REPRESORES","author":"Alejandro Sosa Ruda","date":"6 mayo, 2017","format":false,"excerpt":"El diputado\u00a0Sergio Massa\u00a0prepara un escrito para solicitar que la\u00a0Corte Interamericana de Derechos Humanos (CIDH)\u00a0intervenga y ponga fin a la aplicaci\u00f3n del\u00a0\"2\u00d71\"\u00a0a los condenados por delitos de lesa humanidad, seg\u00fan confirmaron fuentes del Frente Renovador a\u00a0LRD, adem\u00e1s de llamar a una sesi\u00f3n especial en Diputados para tratar de revertir la medida.\u2026","rel":"","context":"En \u00abDESTACADAS\u00bb","block_context":{"text":"DESTACADAS","link":"https:\/\/larevistadigital.com.ar\/blog\/category\/destacadas\/"},"img":{"alt_text":"","src":"https:\/\/i0.wp.com\/larevistadigital.com.ar\/blog\/wp-content\/uploads\/2017\/05\/images.jpg?fit=650%2C364&ssl=1&resize=350%2C200","width":350,"height":200,"srcset":"https:\/\/i0.wp.com\/larevistadigital.com.ar\/blog\/wp-content\/uploads\/2017\/05\/images.jpg?fit=650%2C364&ssl=1&resize=350%2C200 1x, https:\/\/i0.wp.com\/larevistadigital.com.ar\/blog\/wp-content\/uploads\/2017\/05\/images.jpg?fit=650%2C364&ssl=1&resize=525%2C300 1.5x"},"classes":[]},{"id":10676,"url":"https:\/\/larevistadigital.com.ar\/blog\/monte-marcho-a-un-mes-de-la-persecucion-fatal-y-reclamo-justicia-para-las-victimas\/","url_meta":{"origin":25728,"position":1},"title":"MONTE MARCH\u00d3 A UN MES DE LA PERSECUCI\u00d3N FATAL, Y RECLAM\u00d3 JUSTICIA PARA LAS V\u00cdCTIMAS","author":"Alejandro Sosa Ruda","date":"21 junio, 2019","format":false,"excerpt":"Vecinos, familiares y amigos de los chicos marcharon hacia La plaza de los pibes, adonde fue el acto central. \u201cFestival por lxs pibes\u201d\u00a0fue el nombre que eligieron en San Miguel del\u00a0Monte\u00a0para el encuentro que este jueves a la tarde junt\u00f3 a familiares y amigos de las v\u00edctimas de la persecuci\u00f3n\u2026","rel":"","context":"En \u00abPOLICIALES\u00bb","block_context":{"text":"POLICIALES","link":"https:\/\/larevistadigital.com.ar\/blog\/category\/policiales\/"},"img":{"alt_text":"","src":"https:\/\/i0.wp.com\/larevistadigital.com.ar\/blog\/wp-content\/uploads\/1561081530042.jpg?fit=1200%2C674&ssl=1&resize=350%2C200","width":350,"height":200,"srcset":"https:\/\/i0.wp.com\/larevistadigital.com.ar\/blog\/wp-content\/uploads\/1561081530042.jpg?fit=1200%2C674&ssl=1&resize=350%2C200 1x, https:\/\/i0.wp.com\/larevistadigital.com.ar\/blog\/wp-content\/uploads\/1561081530042.jpg?fit=1200%2C674&ssl=1&resize=525%2C300 1.5x, https:\/\/i0.wp.com\/larevistadigital.com.ar\/blog\/wp-content\/uploads\/1561081530042.jpg?fit=1200%2C674&ssl=1&resize=700%2C400 2x, https:\/\/i0.wp.com\/larevistadigital.com.ar\/blog\/wp-content\/uploads\/1561081530042.jpg?fit=1200%2C674&ssl=1&resize=1050%2C600 3x"},"classes":[]},{"id":1379,"url":"https:\/\/larevistadigital.com.ar\/blog\/a-4-anos-sigue-vigente-el-reclamo-por-las-seis-victimas\/","url_meta":{"origin":25728,"position":2},"title":"A 4 a\u00f1os sigue vigente el reclamo por las Seis V\u00edctimas","author":"editor","date":"17 marzo, 2017","format":false,"excerpt":"Se cumplen en el d\u00eda de hoy, cuatro a\u00f1os del tr\u00e1gico accidente ocurrido en cercan\u00edas de la localidad deBartolom\u00e9Bavio en la ruta n\u00ba 36, falleciendo 5 vecinos de Castelli y uno de Chascom\u00fas, quienes regresaban de una jineteada que se hab\u00eda efectuado en la zona. En esa oportunidad Nicol\u00e1s Colello;\u2026","rel":"","context":"En \u00abCASTELLI\u00bb","block_context":{"text":"CASTELLI","link":"https:\/\/larevistadigital.com.ar\/blog\/category\/castelli\/"},"img":{"alt_text":"","src":"https:\/\/i0.wp.com\/larevistadigital.com.ar\/blog\/wp-content\/uploads\/2017\/03\/SEIS-VICTIMAS-CASTELLI.jpg?fit=800%2C534&ssl=1&resize=350%2C200","width":350,"height":200,"srcset":"https:\/\/i0.wp.com\/larevistadigital.com.ar\/blog\/wp-content\/uploads\/2017\/03\/SEIS-VICTIMAS-CASTELLI.jpg?fit=800%2C534&ssl=1&resize=350%2C200 1x, https:\/\/i0.wp.com\/larevistadigital.com.ar\/blog\/wp-content\/uploads\/2017\/03\/SEIS-VICTIMAS-CASTELLI.jpg?fit=800%2C534&ssl=1&resize=525%2C300 1.5x, https:\/\/i0.wp.com\/larevistadigital.com.ar\/blog\/wp-content\/uploads\/2017\/03\/SEIS-VICTIMAS-CASTELLI.jpg?fit=800%2C534&ssl=1&resize=700%2C400 2x"},"classes":[]},{"id":6290,"url":"https:\/\/larevistadigital.com.ar\/blog\/masiva-marcha-en-homenaje-a-los-policias-caidos-por-la-delincuencia\/","url_meta":{"origin":25728,"position":3},"title":"MASIVA MARCHA EN HOMENAJE A LOS POLIC\u00cdAS CA\u00cdDOS POR LA DELINCUENCIA","author":"Alejandro Sosa Ruda","date":"19 agosto, 2018","format":false,"excerpt":"Durante el la tarde de ayer, familiares de polic\u00edas asesinados y victimas de la delincuencia armada, se concentraron en la ciudad de Buenos Aires, en la llamada \"plaza de la rep\u00fablica\", bajo el obelisco porte\u00f1o. En el acto, se record\u00f3 a las victimas de la delincuencia armada, tanto civiles como\u2026","rel":"","context":"En \u00abPOLITICA\u00bb","block_context":{"text":"POLITICA","link":"https:\/\/larevistadigital.com.ar\/blog\/category\/politica\/"},"img":{"alt_text":"","src":"https:\/\/i0.wp.com\/larevistadigital.com.ar\/blog\/wp-content\/uploads\/2018\/08\/39515123_146355699601348_5011960623769059328_n.jpg?fit=960%2C540&ssl=1&resize=350%2C200","width":350,"height":200,"srcset":"https:\/\/i0.wp.com\/larevistadigital.com.ar\/blog\/wp-content\/uploads\/2018\/08\/39515123_146355699601348_5011960623769059328_n.jpg?fit=960%2C540&ssl=1&resize=350%2C200 1x, https:\/\/i0.wp.com\/larevistadigital.com.ar\/blog\/wp-content\/uploads\/2018\/08\/39515123_146355699601348_5011960623769059328_n.jpg?fit=960%2C540&ssl=1&resize=525%2C300 1.5x, https:\/\/i0.wp.com\/larevistadigital.com.ar\/blog\/wp-content\/uploads\/2018\/08\/39515123_146355699601348_5011960623769059328_n.jpg?fit=960%2C540&ssl=1&resize=700%2C400 2x"},"classes":[]},{"id":27562,"url":"https:\/\/larevistadigital.com.ar\/blog\/chascomus-recomendaciones-de-la-policia-comunal-para-evitar-ser-victimas-de-cuentos-del-tio\/","url_meta":{"origin":25728,"position":4},"title":"CHASCOM\u00daS: RECOMENDACIONES DE LA POLIC\u00cdA COMUNAL PARA EVITAR SER V\u00cdCTIMAS DE \u00abCUENTOS DEL T\u00cdO\u00bb","author":"Alejandro Sosa Ruda","date":"4 septiembre, 2022","format":false,"excerpt":"Son consejos para tratar de evitar caer en las redes de estafadores inescrupulosos que a diario tratan de robarnos. CHASCOM\u00daS -\u00a0 Desde la EPC (Estaci\u00f3n de Polic\u00eda Comunal) nos hacen llegar informaci\u00f3n donde se alerta a la poblaci\u00f3n de distintas maneras de \"cuento del t\u00edo\" que utilizan los delincuentes para\u2026","rel":"","context":"En \u00abINTERES GENERAL\u00bb","block_context":{"text":"INTERES GENERAL","link":"https:\/\/larevistadigital.com.ar\/blog\/category\/interes-general\/"},"img":{"alt_text":"","src":"https:\/\/i0.wp.com\/larevistadigital.com.ar\/blog\/wp-content\/uploads\/cuento-del-tio.jpg?fit=720%2C601&ssl=1&resize=350%2C200","width":350,"height":200,"srcset":"https:\/\/i0.wp.com\/larevistadigital.com.ar\/blog\/wp-content\/uploads\/cuento-del-tio.jpg?fit=720%2C601&ssl=1&resize=350%2C200 1x, https:\/\/i0.wp.com\/larevistadigital.com.ar\/blog\/wp-content\/uploads\/cuento-del-tio.jpg?fit=720%2C601&ssl=1&resize=525%2C300 1.5x, https:\/\/i0.wp.com\/larevistadigital.com.ar\/blog\/wp-content\/uploads\/cuento-del-tio.jpg?fit=720%2C601&ssl=1&resize=700%2C400 2x"},"classes":[]},{"id":37721,"url":"https:\/\/larevistadigital.com.ar\/blog\/responsabilizan-a-milei-por-detener-las-obras-en-un-cruce-peligroso\/","url_meta":{"origin":25728,"position":5},"title":"Responsabilizan a Milei por detener las obras en un cruce peligroso","author":"Alejandro Sosa Ruda","date":"5 noviembre, 2024","format":false,"excerpt":"El choque entre una combi que trasladaba polic\u00edas hacia San Nicol\u00e1s y un cami\u00f3n cisterna result\u00f3 en la muerte de cuatro efectivos y dej\u00f3 19 heridos. El intendente de Carmen de Areco, Iv\u00e1n Villagr\u00e1n, culp\u00f3 al presidente Javier Milei, \u201cpor detener las obras en un cruce peligroso, como el de\u2026","rel":"","context":"En \u00abPOLICIALES\u00bb","block_context":{"text":"POLICIALES","link":"https:\/\/larevistadigital.com.ar\/blog\/category\/policiales\/"},"img":{"alt_text":"","src":"https:\/\/i0.wp.com\/larevistadigital.com.ar\/blog\/wp-content\/uploads\/20241104155730_accidente-carmen-de-areco-intendente-ivan-villagran-milei.jpg?fit=880%2C512&ssl=1&resize=350%2C200","width":350,"height":200,"srcset":"https:\/\/i0.wp.com\/larevistadigital.com.ar\/blog\/wp-content\/uploads\/20241104155730_accidente-carmen-de-areco-intendente-ivan-villagran-milei.jpg?fit=880%2C512&ssl=1&resize=350%2C200 1x, https:\/\/i0.wp.com\/larevistadigital.com.ar\/blog\/wp-content\/uploads\/20241104155730_accidente-carmen-de-areco-intendente-ivan-villagran-milei.jpg?fit=880%2C512&ssl=1&resize=525%2C300 1.5x, https:\/\/i0.wp.com\/larevistadigital.com.ar\/blog\/wp-content\/uploads\/20241104155730_accidente-carmen-de-areco-intendente-ivan-villagran-milei.jpg?fit=880%2C512&ssl=1&resize=700%2C400 2x"},"classes":[]}],"_links":{"self":[{"href":"https:\/\/larevistadigital.com.ar\/blog\/wp-json\/wp\/v2\/posts\/25728","targetHints":{"allow":["GET"]}}],"collection":[{"href":"https:\/\/larevistadigital.com.ar\/blog\/wp-json\/wp\/v2\/posts"}],"about":[{"href":"https:\/\/larevistadigital.com.ar\/blog\/wp-json\/wp\/v2\/types\/post"}],"author":[{"embeddable":true,"href":"https:\/\/larevistadigital.com.ar\/blog\/wp-json\/wp\/v2\/users\/3"}],"replies":[{"embeddable":true,"href":"https:\/\/larevistadigital.com.ar\/blog\/wp-json\/wp\/v2\/comments?post=25728"}],"version-history":[{"count":2,"href":"https:\/\/larevistadigital.com.ar\/blog\/wp-json\/wp\/v2\/posts\/25728\/revisions"}],"predecessor-version":[{"id":25731,"href":"https:\/\/larevistadigital.com.ar\/blog\/wp-json\/wp\/v2\/posts\/25728\/revisions\/25731"}],"wp:featuredmedia":[{"embeddable":true,"href":"https:\/\/larevistadigital.com.ar\/blog\/wp-json\/wp\/v2\/media\/25729"}],"wp:attachment":[{"href":"https:\/\/larevistadigital.com.ar\/blog\/wp-json\/wp\/v2\/media?parent=25728"}],"wp:term":[{"taxonomy":"category","embeddable":true,"href":"https:\/\/larevistadigital.com.ar\/blog\/wp-json\/wp\/v2\/categories?post=25728"},{"taxonomy":"post_tag","embeddable":true,"href":"https:\/\/larevistadigital.com.ar\/blog\/wp-json\/wp\/v2\/tags?post=25728"}],"curies":[{"name":"wp","href":"https:\/\/api.w.org\/{rel}","templated":true}]}}