{"id":25732,"date":"2022-06-09T22:16:54","date_gmt":"2022-06-09T22:16:54","guid":{"rendered":"https:\/\/larevistadigital.com.ar\/blog\/?p=25732"},"modified":"2022-06-09T22:16:54","modified_gmt":"2022-06-09T22:16:54","slug":"insolito-suspenden-un-juicio-porque-el-abogado-del-imputado-esta-bajo-arresto-domiciliario","status":"publish","type":"post","link":"https:\/\/larevistadigital.com.ar\/blog\/insolito-suspenden-un-juicio-porque-el-abogado-del-imputado-esta-bajo-arresto-domiciliario\/","title":{"rendered":"INS\u00d3LITO: SUSPENDEN UN JUICIO, P\u00d3RQUE EL ABOGADO DEL IMPUTADO EST\u00c1 BAJO ARRESTO DOMICILIARIO"},"content":{"rendered":"<h2>El segundo debate oral que este jueves se iba a realizar por el asesinato de Ricardo \u00abRiqui\u00bb Rodr\u00edguez, ordenado por la C\u00e1mara de Casaci\u00f3n tras un primer juicio realizado en 2020, se suspendi\u00f3 debido a que la Justicia Federal rechaz\u00f3 la salida transitoria del letrado Gonzalo La Menza, defensor del imputado, en otra causa por la que \u00e9l mismo est\u00e1 procesado y detenido en su casa.<\/h2>\n<p>El\u00a0<a href=\"https:\/\/www.lacapitalmdp.com\/lo-condenaron-por-un-homicidio-pero-anularon-la-sentencia-y-hay-nuevo-juicio\/\"><em><strong>segundo juicio oral por el crimen de Ricardo \u201cRiqui\u201d Rodr\u00edguez<\/strong>\u00a0<\/em><\/a>que se iba a realizar este jueves en la sala del Tribunal Oral N\u00ba 1 debi\u00f3 suspenderse por una in\u00e9dita raz\u00f3n:\u00a0<strong>Gonzalo La Menza<\/strong>, el abogado del \u00fanico imputado,\u00a0<a href=\"https:\/\/www.lacapitalmdp.com\/detuvieron-a-un-abogado-por-explotacion-laboral-en-un-campo\/\"><em><strong>se encuentra detenido bajo arresto domiciliario<\/strong><\/em><\/a>\u00a0por una causa de explotaci\u00f3n laboral que investiga la Justicia Federal, y en el marco de la cual se le neg\u00f3 la salida transitoria para asistir al debate.<\/p>\n<blockquote>\n<h3>Como hab\u00eda adelantado el portal <strong>LA CAPITAL<\/strong>, el nuevo juicio por el crimen de Rodr\u00edguez contra Juan Carlos P\u00e1ez (22) se iniciar\u00eda este jueves. El mismo P\u00e1ez hab\u00eda sido condenado\u00a0a 10 a\u00f1os y 8 meses de prisi\u00f3n en 2020, pero ese proceso fue anulado por la C\u00e1mara de Casaci\u00f3n, que orden\u00f3 este segundo debate.<\/h3>\n<\/blockquote>\n<p>Cuando los jueces <strong>N\u00e9stor Conti, Jorge Rodriguez y Ana Fern\u00e1ndez<\/strong>, adem\u00e1s de la fiscal <strong>Andrea G\u00f3mez<\/strong>, se aprestaban a iniciar la audiencia, todo debi\u00f3 cancelarse, ya que la Justicia Federal no le otorg\u00f3 al abogado <strong>La Menza<\/strong>, defensor de <strong>P\u00e1ez<\/strong>, la autorizaci\u00f3n para concurrir a Tribunales y participar del proceso. Es que, como se dijo antes, el letrado se encuentra detenido bajo arresto domiciliario por una causa de explotaci\u00f3n laboral en un campo de las afueras de Mar del Plata.<\/p>\n<blockquote>\n<h3>El 2 de octubre de 2018 Ricardo \u201cRiqui\u201d Rodr\u00edguez (26), un mal conceptuado individuo de la zona de Parque Hermoso, fue solicitado por un hombre al que le hab\u00edan robado la moto. Su conocimiento del mundo del hampa y sus m\u00e9todos violentos lo convert\u00edan en la persona adecuada para descubrir qui\u00e9n pod\u00eda estar detr\u00e1s del robo de esa motocicleta.<\/h3>\n<\/blockquote>\n<p>Vale decir que el rodado hab\u00eda sido sustra\u00eddo cuando su due\u00f1o se dirig\u00eda a comprar drogas. En esas circunstancias lo despojaron de la moto de mediana cilindrada. Ante esta situaci\u00f3n fue que el hombre se dirigi\u00f3 a lo de Rodr\u00edguez a pedir \u201cayudar\u201d<\/p>\n<blockquote>\n<h3>Tal lo que se pudo reconstruir en el juicio (los jueces fueron Mariana Irianni, Juan Manuel Sueyro y Fabi\u00e1n Riquert) Rodr\u00edguez primero fue a un domicilio y, frustrado porque no era all\u00ed que estaba el autor del hecho, fue hasta lo de Juan \u201cPepo\u201d P\u00e1ez a increparlo. All\u00ed, tras una discusi\u00f3n en la que Rodr\u00edguez amenaz\u00f3 con un arma a P\u00e1ez, este le efectu\u00f3 un disparo. La muerte de Rodr\u00edguez se produjo de camino al Hospital Interzonal General de Agudos (HIGA).<\/h3>\n<\/blockquote>\n<p>En primera instancia, el Tribunal entendi\u00f3 que P\u00e1ez hab\u00eda sido el autor del disparo y que no hab\u00eda una situaci\u00f3n de leg\u00edtima defensa. Y por eso lo conden\u00f3.\u00a0Sin embargo, la Sala I del Tribunal de Casaci\u00f3n Penal de la Provincia de Buenos Aires, integrada por los jueces Ricardo Maidana y Daniel Carral, consider\u00f3 que en el juicio \u201cse omiti\u00f3 considerar prueba v\u00e1lida y conducente para la adecuada soluci\u00f3n de la causa\u201d, tras dejar entrever que con ese an\u00e1lisis podr\u00eda haberse contemplado la posibilidad de que s\u00ed se haya tratado de un caso de leg\u00edtima defensa.<\/p>\n<blockquote>\n<h3>En esa l\u00ednea, orden\u00f3 la realizaci\u00f3n de un nuevo debate oral, que\u00a0iba a comenzar este jueves y cuyo fallo se conocer\u00eda la semana siguiente. Pero, producto de la situaci\u00f3n de La Menza, y como el imputado tiene el derecho a escoger a su defensor, la audiencia iniciar qued\u00f3 suspendida.<\/h3>\n<\/blockquote>\n<div id=\"attachment_627794\"><img data-recalc-dims=\"1\" loading=\"lazy\" decoding=\"async\" class=\"size-full wp-image-627794 alignright\" src=\"https:\/\/i0.wp.com\/storage.lacapitalmdp.com\/2021\/11\/lamenza.jpg?resize=522%2C510&#038;ssl=1\" alt=\"Gonzalo Lamenza.\" width=\"522\" height=\"510\" \/><strong>\u00a0 \u00a0 \u00a0 \u00a0 \u00a0 \u00a0 \u00a0 \u00a0 \u00a0 \u00a0 \u00a0 \u00a0 \u00a0 \u00a0 \u00a0 \u00a0 \u00a0 Gonzalo La Menza.<\/strong><\/p>\n<\/div>\n<p><strong>Gonzalo La Menza<\/strong>,\u00a0<strong>ex funcionario del PAMI durante la gesti\u00f3n de Sebasti\u00e1n D\u2019andrea<\/strong>, fue aprehendido en noviembre del a\u00f1o pasado mientras caminaba por el centro de la ciudad, por orden de la Justicia Federal. La causa en la que est\u00e1 imputado se inici\u00f3 a ra\u00edz de una pesquisa preliminar que tramit\u00f3 en el fuero provincial, a ra\u00edz de un episodio de amenazas.<\/p>\n<blockquote>\n<h3>Al detectarse una posible situaci\u00f3n de trata de personas con fines de explotaci\u00f3n laboral, se dio aviso a la Fiscal\u00eda Federal N\u00b0 1, a cargo de la fiscal Laura Mazzaferri, que pidi\u00f3 la medida inhibitoria y llev\u00f3 adelante la nueva investigaci\u00f3n. En una primera instancia, hab\u00eda sido imputado -y luego procesado- un hombre que estaba a cargo de un campo en la localidad de Balcarce. Al momento de la indagatoria, nombr\u00f3 a su entonces abogado defensor, Gonzalo Lamenza, como la persona que manejaba el predio rural.<\/h3>\n<\/blockquote>\n<p>Por otro lado, y como resultado de los allanamientos solicitados por la fiscal\u00eda, se encontr\u00f3 documentaci\u00f3n de relevancia para la causa, como un contrato de aparcer\u00eda, en el que estaban involucrados el letrado y la pareja del primer imputado, quien fue procesada por cuatro casos.<\/p>\n<p>En el predio fueron halladas cinco v\u00edctimas, entre ellas un beb\u00e9. Los trabajadores viv\u00edan en el mismo predio, arriba de un colectivo abandonado que no contaba siquiera con un ba\u00f1o.<\/p>\n","protected":false},"excerpt":{"rendered":"<div class=\"mh-excerpt\"><p>El segundo debate oral que este jueves se iba a realizar por el asesinato de Ricardo \u00abRiqui\u00bb Rodr\u00edguez, ordenado por la C\u00e1mara de Casaci\u00f3n tras un primer juicio realizado en 2020, se suspendi\u00f3 debido a <a class=\"mh-excerpt-more\" href=\"https:\/\/larevistadigital.com.ar\/blog\/insolito-suspenden-un-juicio-porque-el-abogado-del-imputado-esta-bajo-arresto-domiciliario\/\" title=\"INS\u00d3LITO: SUSPENDEN UN JUICIO, P\u00d3RQUE EL ABOGADO DEL IMPUTADO EST\u00c1 BAJO ARRESTO DOMICILIARIO\">[Leer M\u00e1s]<\/a><\/p>\n<\/div>","protected":false},"author":3,"featured_media":25734,"comment_status":"open","ping_status":"open","sticky":false,"template":"","format":"standard","meta":{"_jetpack_memberships_contains_paid_content":false,"footnotes":"","jetpack_publicize_message":"","jetpack_publicize_feature_enabled":true,"jetpack_social_post_already_shared":true,"jetpack_social_options":{"image_generator_settings":{"template":"highway","default_image_id":0,"font":"","enabled":false},"version":2}},"categories":[50,44],"tags":[],"class_list":{"0":"post-25732","1":"post","2":"type-post","3":"status-publish","4":"format-standard","5":"has-post-thumbnail","7":"category-interes-general","8":"category-policiales"},"jetpack_publicize_connections":[],"jetpack_featured_media_url":"https:\/\/i0.wp.com\/larevistadigital.com.ar\/blog\/wp-content\/uploads\/JUICIO-SUSPENDIDO.png?fit=805%2C527&ssl=1","jetpack_sharing_enabled":true,"jetpack_shortlink":"https:\/\/wp.me\/p8qtrQ-6H2","jetpack-related-posts":[{"id":16280,"url":"https:\/\/larevistadigital.com.ar\/blog\/lazaro-baez-cerca-de-la-libertad-consiguio-el-arresto-domiciliario-en-otra-causa\/","url_meta":{"origin":25732,"position":0},"title":"LAZARO BAEZ CERCA DE LA LIBERTAD: CONSIGUI\u00d3 EL ARRESTO DOMICILIARIO EN OTRA CAUSA","author":"Alejandro Sosa Ruda","date":"7 septiembre, 2020","format":false,"excerpt":"El empresario K consigui\u00f3 el beneficioe en la causa por lavado. Dijo no poder pagar los $386 millones por tener sus bienes embargados. Despu\u00e9s de pasar cuatro a\u00f1os y medio en prisi\u00f3n preventiva, L\u00e1zaro B\u00e1ez\u00a0qued\u00f3 m\u00e1s cerca que nunca de irse a su casa. La Sala 4\u00a0de la C\u00e1mara Federal\u2026","rel":"","context":"En \u00abINTERES GENERAL\u00bb","block_context":{"text":"INTERES GENERAL","link":"https:\/\/larevistadigital.com.ar\/blog\/category\/interes-general\/"},"img":{"alt_text":"","src":"https:\/\/i0.wp.com\/larevistadigital.com.ar\/blog\/wp-content\/uploads\/L%C3%A1zaro-B%C3%A1ez.jpg?fit=1200%2C675&ssl=1&resize=350%2C200","width":350,"height":200,"srcset":"https:\/\/i0.wp.com\/larevistadigital.com.ar\/blog\/wp-content\/uploads\/L%C3%A1zaro-B%C3%A1ez.jpg?fit=1200%2C675&ssl=1&resize=350%2C200 1x, https:\/\/i0.wp.com\/larevistadigital.com.ar\/blog\/wp-content\/uploads\/L%C3%A1zaro-B%C3%A1ez.jpg?fit=1200%2C675&ssl=1&resize=525%2C300 1.5x, https:\/\/i0.wp.com\/larevistadigital.com.ar\/blog\/wp-content\/uploads\/L%C3%A1zaro-B%C3%A1ez.jpg?fit=1200%2C675&ssl=1&resize=700%2C400 2x, https:\/\/i0.wp.com\/larevistadigital.com.ar\/blog\/wp-content\/uploads\/L%C3%A1zaro-B%C3%A1ez.jpg?fit=1200%2C675&ssl=1&resize=1050%2C600 3x"},"classes":[]},{"id":23947,"url":"https:\/\/larevistadigital.com.ar\/blog\/revocan-la-prision-domiciliaria-del-hombre-detenido-por-abusar-de-su-bisnieta-de-3-meses\/","url_meta":{"origin":25732,"position":1},"title":"REVOCAN LA PRISI\u00d3N DOMICILIARIA DEL HOMBRE DETENIDO POR ABUSAR DE SU BISNIETA DE 3 MESES","author":"Alejandro Sosa Ruda","date":"12 febrero, 2022","format":false,"excerpt":"El jueves pasado cuando la Polic\u00eda Bonaerense detuvo a un hombre de 63 a\u00f1os acusado de haber abusado sexualmente de su bisnieta de tres meses, uno de los datos que emergi\u00f3 r\u00e1pidamente entre los investigadores era que en esa casa el imputado cumpl\u00eda prisi\u00f3n domiciliaria por una causa previa, tambi\u00e9n\u2026","rel":"","context":"En \u00abINTERES GENERAL\u00bb","block_context":{"text":"INTERES GENERAL","link":"https:\/\/larevistadigital.com.ar\/blog\/category\/interes-general\/"},"img":{"alt_text":"","src":"https:\/\/i0.wp.com\/larevistadigital.com.ar\/blog\/wp-content\/uploads\/20220211154836_tribunal-oral-federal-mar-del-plata.jpg?fit=880%2C512&ssl=1&resize=350%2C200","width":350,"height":200,"srcset":"https:\/\/i0.wp.com\/larevistadigital.com.ar\/blog\/wp-content\/uploads\/20220211154836_tribunal-oral-federal-mar-del-plata.jpg?fit=880%2C512&ssl=1&resize=350%2C200 1x, https:\/\/i0.wp.com\/larevistadigital.com.ar\/blog\/wp-content\/uploads\/20220211154836_tribunal-oral-federal-mar-del-plata.jpg?fit=880%2C512&ssl=1&resize=525%2C300 1.5x, https:\/\/i0.wp.com\/larevistadigital.com.ar\/blog\/wp-content\/uploads\/20220211154836_tribunal-oral-federal-mar-del-plata.jpg?fit=880%2C512&ssl=1&resize=700%2C400 2x"},"classes":[]},{"id":29320,"url":"https:\/\/larevistadigital.com.ar\/blog\/dolores-la-justicia-confirmo-la-condena-a-el-pepo-por-la-muerte-de-dos-integrantes-de-su-banda\/","url_meta":{"origin":25732,"position":2},"title":"DOLORES: LA JUSTICIA CONFIRM\u00d3 LA CONDENA A \u00abEL PEPO\u00bb POR LA MUERTE DE DOS INTEGRANTES DE SU BANDA.","author":"Alejandro Sosa Ruda","date":"8 diciembre, 2022","format":false,"excerpt":"La sentencia lo obliga a seguir con un tratamiento psiqui\u00e1trico y psicol\u00f3gico y le proh\u00edbe conducir por diez a\u00f1os. 8 de diciembre de 2022 La Justicia confirm\u00f3 la condena al cantante Rub\u00e9n Dar\u00edo Casti\u00f1eiras, conocido como\u00a0\u201cEl Pepo\u201d, a\u00a04 a\u00f1os y siete meses de c\u00e1rcel\u00a0por la muerte de dos integrantes de\u2026","rel":"","context":"En \u00abPOLICIALES\u00bb","block_context":{"text":"POLICIALES","link":"https:\/\/larevistadigital.com.ar\/blog\/category\/policiales\/"},"img":{"alt_text":"","src":"https:\/\/i0.wp.com\/larevistadigital.com.ar\/blog\/wp-content\/uploads\/0108b3aaaa8a74f17140f615a2bf186053e74cfd-1.jpg?fit=1140%2C759&ssl=1&resize=350%2C200","width":350,"height":200,"srcset":"https:\/\/i0.wp.com\/larevistadigital.com.ar\/blog\/wp-content\/uploads\/0108b3aaaa8a74f17140f615a2bf186053e74cfd-1.jpg?fit=1140%2C759&ssl=1&resize=350%2C200 1x, https:\/\/i0.wp.com\/larevistadigital.com.ar\/blog\/wp-content\/uploads\/0108b3aaaa8a74f17140f615a2bf186053e74cfd-1.jpg?fit=1140%2C759&ssl=1&resize=525%2C300 1.5x, https:\/\/i0.wp.com\/larevistadigital.com.ar\/blog\/wp-content\/uploads\/0108b3aaaa8a74f17140f615a2bf186053e74cfd-1.jpg?fit=1140%2C759&ssl=1&resize=700%2C400 2x, https:\/\/i0.wp.com\/larevistadigital.com.ar\/blog\/wp-content\/uploads\/0108b3aaaa8a74f17140f615a2bf186053e74cfd-1.jpg?fit=1140%2C759&ssl=1&resize=1050%2C600 3x"},"classes":[]},{"id":23805,"url":"https:\/\/larevistadigital.com.ar\/blog\/ya-hay-fecha-para-el-juicio-oral-contra-el-pata-medina\/","url_meta":{"origin":25732,"position":3},"title":"YA HAY FECHA PARA EL JUICIO ORAL CONTRA \u00abEL PATA\u00bb MEDINA","author":"Alejandro Sosa Ruda","date":"3 febrero, 2022","format":false,"excerpt":"La justicia Federal de La Plata dispuso el inicio del debate en la causa que lo tiene bajo arresto domiciliario acusado de asociaci\u00f3n il\u00edcita y extorsi\u00f3n. LA PLATA -\u00a0 La justicia Federal de La Plata le puso fecha de inicio al juicio oral para el exjefe de Uni\u00f3n Obrera de\u2026","rel":"","context":"En \u00abGREMIALES\u00bb","block_context":{"text":"GREMIALES","link":"https:\/\/larevistadigital.com.ar\/blog\/category\/gremiales\/"},"img":{"alt_text":"","src":"https:\/\/i0.wp.com\/larevistadigital.com.ar\/blog\/wp-content\/uploads\/pata-medina-222fae.jpg?fit=1200%2C720&ssl=1&resize=350%2C200","width":350,"height":200,"srcset":"https:\/\/i0.wp.com\/larevistadigital.com.ar\/blog\/wp-content\/uploads\/pata-medina-222fae.jpg?fit=1200%2C720&ssl=1&resize=350%2C200 1x, https:\/\/i0.wp.com\/larevistadigital.com.ar\/blog\/wp-content\/uploads\/pata-medina-222fae.jpg?fit=1200%2C720&ssl=1&resize=525%2C300 1.5x, https:\/\/i0.wp.com\/larevistadigital.com.ar\/blog\/wp-content\/uploads\/pata-medina-222fae.jpg?fit=1200%2C720&ssl=1&resize=700%2C400 2x, https:\/\/i0.wp.com\/larevistadigital.com.ar\/blog\/wp-content\/uploads\/pata-medina-222fae.jpg?fit=1200%2C720&ssl=1&resize=1050%2C600 3x"},"classes":[]},{"id":9796,"url":"https:\/\/larevistadigital.com.ar\/blog\/ya-tiene-fecha-el-primer-juicio-a-cristina-fernandez-de-kirchner\/","url_meta":{"origin":25732,"position":4},"title":"YA TIENE FECHA EL PRIMER JUICIO A CRISTINA FERN\u00c1NDEZ DE KIRCHNER","author":"Alejandro Sosa Ruda","date":"23 abril, 2019","format":false,"excerpt":"La C\u00e1mara Federal de Casaci\u00f3n Penal dispuso no unificar las causas \"Los Sauces\" con la del direccionamiento de la obra p\u00fablica a C\u00e1mara Federal de Casaci\u00f3n Penal rechaz\u00f3 este lunes la unificaci\u00f3n de las causas\u00a0\u201cLos Sauces\u201d y la del direccionamiento de la obra p\u00fablica vial de Santa Cruz, por lo\u2026","rel":"","context":"En \u00abPOLITICA\u00bb","block_context":{"text":"POLITICA","link":"https:\/\/larevistadigital.com.ar\/blog\/category\/politica\/"},"img":{"alt_text":"","src":"https:\/\/i0.wp.com\/larevistadigital.com.ar\/blog\/wp-content\/uploads\/2019\/04\/cfk.jpg?fit=750%2C400&ssl=1&resize=350%2C200","width":350,"height":200,"srcset":"https:\/\/i0.wp.com\/larevistadigital.com.ar\/blog\/wp-content\/uploads\/2019\/04\/cfk.jpg?fit=750%2C400&ssl=1&resize=350%2C200 1x, https:\/\/i0.wp.com\/larevistadigital.com.ar\/blog\/wp-content\/uploads\/2019\/04\/cfk.jpg?fit=750%2C400&ssl=1&resize=525%2C300 1.5x, https:\/\/i0.wp.com\/larevistadigital.com.ar\/blog\/wp-content\/uploads\/2019\/04\/cfk.jpg?fit=750%2C400&ssl=1&resize=700%2C400 2x"},"classes":[]},{"id":17459,"url":"https:\/\/larevistadigital.com.ar\/blog\/piden-20-anos-de-carcel-para-telleldin-por-el-atentado-de-la-amia\/","url_meta":{"origin":25732,"position":5},"title":"PIDEN 20 A\u00d1OS DE CARCEL PARA TELLELDIN POR EL ATENTADO DE LA AMIA","author":"Alejandro Sosa Ruda","date":"5 noviembre, 2020","format":false,"excerpt":"El segundo juicio sobre el tr\u00e1gico ataque que \u00b4provoc\u00f3 85 muertes ingres\u00f3 en la etapa de los alegatos. El proveedor de la Trafic con la cual se vol\u00f3 la mutual jud\u00eda ya pas\u00f3 diez a\u00f1os detenido, pero fue excarcelado al anularse todo lo actuado. Sin embargo la Corte Suprema orden\u00f3\u2026","rel":"","context":"En \u00abINTERES GENERAL\u00bb","block_context":{"text":"INTERES GENERAL","link":"https:\/\/larevistadigital.com.ar\/blog\/category\/interes-general\/"},"img":{"alt_text":"","src":"https:\/\/i0.wp.com\/larevistadigital.com.ar\/blog\/wp-content\/uploads\/20201105013052_041120cg.jpg?fit=880%2C586&ssl=1&resize=350%2C200","width":350,"height":200,"srcset":"https:\/\/i0.wp.com\/larevistadigital.com.ar\/blog\/wp-content\/uploads\/20201105013052_041120cg.jpg?fit=880%2C586&ssl=1&resize=350%2C200 1x, https:\/\/i0.wp.com\/larevistadigital.com.ar\/blog\/wp-content\/uploads\/20201105013052_041120cg.jpg?fit=880%2C586&ssl=1&resize=525%2C300 1.5x, https:\/\/i0.wp.com\/larevistadigital.com.ar\/blog\/wp-content\/uploads\/20201105013052_041120cg.jpg?fit=880%2C586&ssl=1&resize=700%2C400 2x"},"classes":[]}],"_links":{"self":[{"href":"https:\/\/larevistadigital.com.ar\/blog\/wp-json\/wp\/v2\/posts\/25732","targetHints":{"allow":["GET"]}}],"collection":[{"href":"https:\/\/larevistadigital.com.ar\/blog\/wp-json\/wp\/v2\/posts"}],"about":[{"href":"https:\/\/larevistadigital.com.ar\/blog\/wp-json\/wp\/v2\/types\/post"}],"author":[{"embeddable":true,"href":"https:\/\/larevistadigital.com.ar\/blog\/wp-json\/wp\/v2\/users\/3"}],"replies":[{"embeddable":true,"href":"https:\/\/larevistadigital.com.ar\/blog\/wp-json\/wp\/v2\/comments?post=25732"}],"version-history":[{"count":1,"href":"https:\/\/larevistadigital.com.ar\/blog\/wp-json\/wp\/v2\/posts\/25732\/revisions"}],"predecessor-version":[{"id":25733,"href":"https:\/\/larevistadigital.com.ar\/blog\/wp-json\/wp\/v2\/posts\/25732\/revisions\/25733"}],"wp:featuredmedia":[{"embeddable":true,"href":"https:\/\/larevistadigital.com.ar\/blog\/wp-json\/wp\/v2\/media\/25734"}],"wp:attachment":[{"href":"https:\/\/larevistadigital.com.ar\/blog\/wp-json\/wp\/v2\/media?parent=25732"}],"wp:term":[{"taxonomy":"category","embeddable":true,"href":"https:\/\/larevistadigital.com.ar\/blog\/wp-json\/wp\/v2\/categories?post=25732"},{"taxonomy":"post_tag","embeddable":true,"href":"https:\/\/larevistadigital.com.ar\/blog\/wp-json\/wp\/v2\/tags?post=25732"}],"curies":[{"name":"wp","href":"https:\/\/api.w.org\/{rel}","templated":true}]}}