{"id":25735,"date":"2022-06-09T22:41:59","date_gmt":"2022-06-09T22:41:59","guid":{"rendered":"https:\/\/larevistadigital.com.ar\/blog\/?p=25735"},"modified":"2022-06-09T22:41:59","modified_gmt":"2022-06-09T22:41:59","slug":"mar-del-plata-robo-un-iphone-huyo-en-moto-y-arrastro-a-un-policia-que-lo-perseguia","status":"publish","type":"post","link":"https:\/\/larevistadigital.com.ar\/blog\/mar-del-plata-robo-un-iphone-huyo-en-moto-y-arrastro-a-un-policia-que-lo-perseguia\/","title":{"rendered":"MAR DEL PLATA: ROB\u00d3 UN IPHONE, HUY\u00d3 EN MOTO Y ARRASTR\u00d3 A UN POLIC\u00cdA QUE LO PERSEGU\u00cdA"},"content":{"rendered":"<h2 class=\"intro\">El rodado hab\u00eda sido robado poco antes. El autor tiene 25 a\u00f1os y qued\u00f3 alojado en la Unidad Penal 44 de Bat\u00e1n.<\/h2>\n<p><strong>MAR DEL PLATA &#8211;\u00a0 <\/strong>Un hombre de 25 a\u00f1os que le rob\u00f3 el iPhone a un adolescente y durante la hu\u00edda le provoc\u00f3 lesiones a un polic\u00eda al que arrastr\u00f3 en la moto en la que escapaba fue aprehendido el jueves a la tarde y qued\u00f3 alojado en la Unidad Penal 44 de Bat\u00e1n.<\/p>\n<blockquote>\n<h3>La v\u00edctima del robo, de 15 a\u00f1os, le cont\u00f3 lo sucedido a su padre al llegar a la casa que ocupa en el barrio Villa Primera y a trav\u00e9s del rastreo del equipo constataron que el mismo estaba en la zona de Col\u00f3n y Bah\u00eda Blanca.<\/h3>\n<\/blockquote>\n<p>Personal de la comisar\u00eda duod\u00e9cima lleg\u00f3 al lugar y lo identific\u00f3 gracias a los datos que dio el damnificado. Al intentar reducirlo el conductor de la moto escap\u00f3 y arrastr\u00f3 a uno de los oficiales provoc\u00e1ndole distintas escoriaciones.<\/p>\n<blockquote>\n<h3>Tras una extensa persecuci\u00f3n lograron interceptarlo en el barrio Jos\u00e9 Hern\u00e1ndez, en inmediaciones de las calles Ayolas y 228. El conductor, que registra antecedentes penales por delitos de la misma modalidad qued\u00f3 alojado en la Unidad Penal 44 de Bat\u00e1n imputado de los delitos de hurto agravado de veh\u00edculo dejado en la v\u00eda p\u00fablica y robo.<\/h3>\n<\/blockquote>\n","protected":false},"excerpt":{"rendered":"<div class=\"mh-excerpt\"><p>El rodado hab\u00eda sido robado poco antes. El autor tiene 25 a\u00f1os y qued\u00f3 alojado en la Unidad Penal 44 de Bat\u00e1n. MAR DEL PLATA &#8211;\u00a0 Un hombre de 25 a\u00f1os que le rob\u00f3 el <a class=\"mh-excerpt-more\" href=\"https:\/\/larevistadigital.com.ar\/blog\/mar-del-plata-robo-un-iphone-huyo-en-moto-y-arrastro-a-un-policia-que-lo-perseguia\/\" title=\"MAR DEL PLATA: ROB\u00d3 UN IPHONE, HUY\u00d3 EN MOTO Y ARRASTR\u00d3 A UN POLIC\u00cdA QUE LO PERSEGU\u00cdA\">[Leer M\u00e1s]<\/a><\/p>\n<\/div>","protected":false},"author":3,"featured_media":25736,"comment_status":"open","ping_status":"open","sticky":false,"template":"","format":"standard","meta":{"_jetpack_memberships_contains_paid_content":false,"footnotes":"","jetpack_publicize_message":"","jetpack_publicize_feature_enabled":true,"jetpack_social_post_already_shared":true,"jetpack_social_options":{"image_generator_settings":{"template":"highway","default_image_id":0,"font":"","enabled":false},"version":2}},"categories":[44,51],"tags":[],"class_list":{"0":"post-25735","1":"post","2":"type-post","3":"status-publish","4":"format-standard","5":"has-post-thumbnail","7":"category-policiales","8":"category-regionales"},"jetpack_publicize_connections":[],"jetpack_featured_media_url":"https:\/\/i0.wp.com\/larevistadigital.com.ar\/blog\/wp-content\/uploads\/ROBO-IPHONE.png?fit=824%2C458&ssl=1","jetpack_sharing_enabled":true,"jetpack_shortlink":"https:\/\/wp.me\/p8qtrQ-6H5","jetpack-related-posts":[{"id":21138,"url":"https:\/\/larevistadigital.com.ar\/blog\/mar-del-plata-atropello-a-un-motociclista-porque-lo-confundio-con-un-ladron\/","url_meta":{"origin":25735,"position":0},"title":"MAR DEL PLATA: ATROPELL\u00d3 A UN MOTOCICLISTA PORQUE LO CONFUNDI\u00d3 CON UN LADR\u00d3N","author":"Alejandro Sosa Ruda","date":"16 julio, 2021","format":false,"excerpt":"Sucedi\u00f3 esta madrugada en Faro Norte. Al conductor del rodado le formaron una causa por da\u00f1os y lesiones. Qued\u00f3 alojado en la Unidad Penal 44 de Bat\u00e1n. MAR DEL PLATA\u00a0 - Una persecuci\u00f3n de pel\u00edcula de un auto a una moto ante la sospecha que era el autor de un\u2026","rel":"","context":"En \u00abPOLICIALES\u00bb","block_context":{"text":"POLICIALES","link":"https:\/\/larevistadigital.com.ar\/blog\/category\/policiales\/"},"img":{"alt_text":"","src":"https:\/\/i0.wp.com\/larevistadigital.com.ar\/blog\/wp-content\/uploads\/ATROPELLO-A-MOTOQUERO.png?fit=1001%2C600&ssl=1&resize=350%2C200","width":350,"height":200,"srcset":"https:\/\/i0.wp.com\/larevistadigital.com.ar\/blog\/wp-content\/uploads\/ATROPELLO-A-MOTOQUERO.png?fit=1001%2C600&ssl=1&resize=350%2C200 1x, https:\/\/i0.wp.com\/larevistadigital.com.ar\/blog\/wp-content\/uploads\/ATROPELLO-A-MOTOQUERO.png?fit=1001%2C600&ssl=1&resize=525%2C300 1.5x, https:\/\/i0.wp.com\/larevistadigital.com.ar\/blog\/wp-content\/uploads\/ATROPELLO-A-MOTOQUERO.png?fit=1001%2C600&ssl=1&resize=700%2C400 2x"},"classes":[]},{"id":26304,"url":"https:\/\/larevistadigital.com.ar\/blog\/tenia-pedido-de-captura-y-lo-encontraron-durmiendo-en-la-calle\/","url_meta":{"origin":25735,"position":1},"title":"TEN\u00cdA PEDIDO DE CAPTURA Y LO ENCONTRARON DURMIENDO EN LA CALLE","author":"Alejandro Sosa Ruda","date":"3 julio, 2022","format":false,"excerpt":"Era buscado por una tentativa de robo agravado. Ahora qued\u00f3 alojado en la Unidad Penal 44 de Bat\u00e1n. MAR DEL PLATA -\u00a0 Un hombre de 20 a\u00f1os sobre quien pesaba un\u00a0pedido de captura activo\u00a0en una causa por robo agravado en grado de tentativa fue aprehendido este domingo de una manera\u2026","rel":"","context":"En \u00abPOLICIALES\u00bb","block_context":{"text":"POLICIALES","link":"https:\/\/larevistadigital.com.ar\/blog\/category\/policiales\/"},"img":{"alt_text":"","src":"https:\/\/i0.wp.com\/larevistadigital.com.ar\/blog\/wp-content\/uploads\/LO-APRESARON-DURMIENDO.png?fit=799%2C367&ssl=1&resize=350%2C200","width":350,"height":200,"srcset":"https:\/\/i0.wp.com\/larevistadigital.com.ar\/blog\/wp-content\/uploads\/LO-APRESARON-DURMIENDO.png?fit=799%2C367&ssl=1&resize=350%2C200 1x, https:\/\/i0.wp.com\/larevistadigital.com.ar\/blog\/wp-content\/uploads\/LO-APRESARON-DURMIENDO.png?fit=799%2C367&ssl=1&resize=525%2C300 1.5x, https:\/\/i0.wp.com\/larevistadigital.com.ar\/blog\/wp-content\/uploads\/LO-APRESARON-DURMIENDO.png?fit=799%2C367&ssl=1&resize=700%2C400 2x"},"classes":[]},{"id":8273,"url":"https:\/\/larevistadigital.com.ar\/blog\/mar-del-plata-detienen-acusado-de-cometer-varias-entraderas\/","url_meta":{"origin":25735,"position":2},"title":"MAR DEL PLATA. DETIENEN ACUSADO DE COMETER VARIAS \u00abENTRADERAS\u00bb","author":"Alejandro Sosa Ruda","date":"10 febrero, 2019","format":false,"excerpt":"Lo atraparon en el barrio Fray Luis Beltr\u00e1n. El sujeto de 27 a\u00f1os fue notificado de la causa en su contra y qued\u00f3 alojado en la alcaid\u00eda penitenciaria de Bat\u00e1n. El avance de una pesquisa a cargo del personal del servicio de calle de la comisar\u00eda duod\u00e9cima permiti\u00f3 aprehender el\u2026","rel":"","context":"En \u00abPOLICIALES\u00bb","block_context":{"text":"POLICIALES","link":"https:\/\/larevistadigital.com.ar\/blog\/category\/policiales\/"},"img":{"alt_text":"","src":"","width":0,"height":0},"classes":[]},{"id":20265,"url":"https:\/\/larevistadigital.com.ar\/blog\/idiotez-total-dano-el-equipo-de-aire-acondicionado-del-hospital-para-robar-el-bronce\/","url_meta":{"origin":25735,"position":3},"title":"IDIOTEZ TOTAL: DA\u00d1\u00d3 EL EQUIPO DE AIRE ACONDICIONADO DEL HOSPITAL PARA ROBAR EL BRONCE","author":"Alejandro Sosa Ruda","date":"14 mayo, 2021","format":false,"excerpt":"Ocurri\u00f3 esta madrugada. Personal del destacamento policial del Higa lo aprehendi\u00f3 en el lugar. Qued\u00f3 alojado en la Unidad Penal 44 de Bat\u00e1n. MAR DEL PLATA - Un hombre de 30 a\u00f1os que da\u00f1\u00f3 el equipo de aire acondicionado que refrigera la sala de tomograf\u00eda del Hospital Interzonal General de\u2026","rel":"","context":"En \u00abPOLICIALES\u00bb","block_context":{"text":"POLICIALES","link":"https:\/\/larevistadigital.com.ar\/blog\/category\/policiales\/"},"img":{"alt_text":"","src":"https:\/\/i0.wp.com\/larevistadigital.com.ar\/blog\/wp-content\/uploads\/LADRON-HOSPITAL.png?fit=993%2C561&ssl=1&resize=350%2C200","width":350,"height":200,"srcset":"https:\/\/i0.wp.com\/larevistadigital.com.ar\/blog\/wp-content\/uploads\/LADRON-HOSPITAL.png?fit=993%2C561&ssl=1&resize=350%2C200 1x, https:\/\/i0.wp.com\/larevistadigital.com.ar\/blog\/wp-content\/uploads\/LADRON-HOSPITAL.png?fit=993%2C561&ssl=1&resize=525%2C300 1.5x, https:\/\/i0.wp.com\/larevistadigital.com.ar\/blog\/wp-content\/uploads\/LADRON-HOSPITAL.png?fit=993%2C561&ssl=1&resize=700%2C400 2x"},"classes":[]},{"id":31277,"url":"https:\/\/larevistadigital.com.ar\/blog\/lo-agarraron-por-pistero-robo-un-auto-quiso-pistear-como-un-campeon-y-lo-agarro-la-policia\/","url_meta":{"origin":25735,"position":4},"title":"LO AGARRARON POR \u00abPISTERO\u00bb: ROB\u00d3 UN AUTO, QUISO \u00abPISTEAR\u00bb COMO UN CAMPE\u00d3N Y LO AGARR\u00d3 LA POLIC\u00cdA&#8230;","author":"Alejandro Sosa Ruda","date":"28 abril, 2023","format":false,"excerpt":"Ocurri\u00f3 el jueves a la tarde. El conductor tiene 23 a\u00f1os. Se le form\u00f3 una causa penal y qued\u00f3 alojado en la alcaid\u00eda penitenciaria de Bat\u00e1n. 27 de abril de 2023 MAR DEL PLATA -\u00a0 Un joven de 23 a\u00f1os fue detenido el jueves por la tarde despu\u00e9s de una\u2026","rel":"","context":"En \u00abPOLICIALES\u00bb","block_context":{"text":"POLICIALES","link":"https:\/\/larevistadigital.com.ar\/blog\/category\/policiales\/"},"img":{"alt_text":"","src":"https:\/\/i0.wp.com\/larevistadigital.com.ar\/blog\/wp-content\/uploads\/Captura-de-pantalla-2023-04-27-211503.png?fit=785%2C440&ssl=1&resize=350%2C200","width":350,"height":200,"srcset":"https:\/\/i0.wp.com\/larevistadigital.com.ar\/blog\/wp-content\/uploads\/Captura-de-pantalla-2023-04-27-211503.png?fit=785%2C440&ssl=1&resize=350%2C200 1x, https:\/\/i0.wp.com\/larevistadigital.com.ar\/blog\/wp-content\/uploads\/Captura-de-pantalla-2023-04-27-211503.png?fit=785%2C440&ssl=1&resize=525%2C300 1.5x, https:\/\/i0.wp.com\/larevistadigital.com.ar\/blog\/wp-content\/uploads\/Captura-de-pantalla-2023-04-27-211503.png?fit=785%2C440&ssl=1&resize=700%2C400 2x"},"classes":[]},{"id":24025,"url":"https:\/\/larevistadigital.com.ar\/blog\/mar-del-plata-mato-al-perro-de-su-vecino-porque-habia-mordido-al-suyo-quedo-preso\/","url_meta":{"origin":25735,"position":5},"title":"MAR DEL PLATA: MAT\u00d3 AL PERRO DE SU VECINO, PORQUE HAB\u00cdA MORDIDO AL SUYO. QUEDO PRESO","author":"Alejandro Sosa Ruda","date":"16 febrero, 2022","format":false,"excerpt":"Sucedi\u00f3 en el barrio Las Am\u00e9ricas. El agresor es un hombre de 42 a\u00f1os que fue aprehendido y qued\u00f3 alojado en la Unidad Penal 44 de Bat\u00e1n. MAR DEL PLATA -\u00a0Una\u00a0pelea\u00a0entre dos\u00a0perros\u00a0y la posterior discusi\u00f3n entre los due\u00f1os termin\u00f3 con la aprehensi\u00f3n de uno de ellos que armado\u00a0con una carabina\u2026","rel":"","context":"En \u00abPOLICIALES\u00bb","block_context":{"text":"POLICIALES","link":"https:\/\/larevistadigital.com.ar\/blog\/category\/policiales\/"},"img":{"alt_text":"","src":"https:\/\/i0.wp.com\/larevistadigital.com.ar\/blog\/wp-content\/uploads\/Captura-de-pantalla-2022-02-16-122926.jpg?fit=907%2C492&ssl=1&resize=350%2C200","width":350,"height":200,"srcset":"https:\/\/i0.wp.com\/larevistadigital.com.ar\/blog\/wp-content\/uploads\/Captura-de-pantalla-2022-02-16-122926.jpg?fit=907%2C492&ssl=1&resize=350%2C200 1x, https:\/\/i0.wp.com\/larevistadigital.com.ar\/blog\/wp-content\/uploads\/Captura-de-pantalla-2022-02-16-122926.jpg?fit=907%2C492&ssl=1&resize=525%2C300 1.5x, https:\/\/i0.wp.com\/larevistadigital.com.ar\/blog\/wp-content\/uploads\/Captura-de-pantalla-2022-02-16-122926.jpg?fit=907%2C492&ssl=1&resize=700%2C400 2x"},"classes":[]}],"_links":{"self":[{"href":"https:\/\/larevistadigital.com.ar\/blog\/wp-json\/wp\/v2\/posts\/25735","targetHints":{"allow":["GET"]}}],"collection":[{"href":"https:\/\/larevistadigital.com.ar\/blog\/wp-json\/wp\/v2\/posts"}],"about":[{"href":"https:\/\/larevistadigital.com.ar\/blog\/wp-json\/wp\/v2\/types\/post"}],"author":[{"embeddable":true,"href":"https:\/\/larevistadigital.com.ar\/blog\/wp-json\/wp\/v2\/users\/3"}],"replies":[{"embeddable":true,"href":"https:\/\/larevistadigital.com.ar\/blog\/wp-json\/wp\/v2\/comments?post=25735"}],"version-history":[{"count":1,"href":"https:\/\/larevistadigital.com.ar\/blog\/wp-json\/wp\/v2\/posts\/25735\/revisions"}],"predecessor-version":[{"id":25737,"href":"https:\/\/larevistadigital.com.ar\/blog\/wp-json\/wp\/v2\/posts\/25735\/revisions\/25737"}],"wp:featuredmedia":[{"embeddable":true,"href":"https:\/\/larevistadigital.com.ar\/blog\/wp-json\/wp\/v2\/media\/25736"}],"wp:attachment":[{"href":"https:\/\/larevistadigital.com.ar\/blog\/wp-json\/wp\/v2\/media?parent=25735"}],"wp:term":[{"taxonomy":"category","embeddable":true,"href":"https:\/\/larevistadigital.com.ar\/blog\/wp-json\/wp\/v2\/categories?post=25735"},{"taxonomy":"post_tag","embeddable":true,"href":"https:\/\/larevistadigital.com.ar\/blog\/wp-json\/wp\/v2\/tags?post=25735"}],"curies":[{"name":"wp","href":"https:\/\/api.w.org\/{rel}","templated":true}]}}