{"id":25738,"date":"2022-06-10T00:27:55","date_gmt":"2022-06-10T00:27:55","guid":{"rendered":"https:\/\/larevistadigital.com.ar\/blog\/?p=25738"},"modified":"2022-06-10T00:27:55","modified_gmt":"2022-06-10T00:27:55","slug":"misterio-se-investiga-la-muerte-de-un-ciudadano-norteamericano-encontrado-en-un-departamento-en-recoleta","status":"publish","type":"post","link":"https:\/\/larevistadigital.com.ar\/blog\/misterio-se-investiga-la-muerte-de-un-ciudadano-norteamericano-encontrado-en-un-departamento-en-recoleta\/","title":{"rendered":"MISTERIO: SE INVESTIGA LA MUERTE DE UN CIUDADANO NORTEAMERICANO ENCONTRADO EN UN DEPARTAMENTO EN RECOLETA"},"content":{"rendered":"<h2 class=\"article__dropline\">Se llamaba Chuck Mcgarry y ten\u00eda 56 a\u00f1os. Lo encontraron muerto en el segundo piso del edificio de Montevideo al 900. La fiscal\u00eda orden\u00f3 una autopsia.<\/h2>\n<p class=\"paragraph\">Encontraron muerto a un ciudadano estadounidense en\u00a0<b>Recoleta<\/b>. El hombre se llamaba <strong>Chuck Mcgarry<\/strong> y ten\u00eda 56 a\u00f1os y seg\u00fan informaci\u00f3n que pudo corroborar\u00a0<b>TN<\/b>,\u00a0<b>lleg\u00f3 al pa\u00eds el 2 de junio<\/b>.<\/p>\n<p class=\"paragraph\">Lo hallaron en un departamento del\u00a0<b>segundo piso de la calle Montevideo al 900<\/b>.<\/p>\n<blockquote>\n<h3 class=\"paragraph\">La oficina de prensa de la Embajada de los EEUU le dijo a este medio: <em>\u201cEstamos al tanto de la muerte de un ciudadano estadounidense y nuestros funcionarios del consulado est\u00e1n trabajando con las autoridades locales\u201d.<\/em><\/h3>\n<\/blockquote>\n<p class=\"paragraph\">Seg\u00fan fuentes policiales, una versi\u00f3n indicaba que el hombre ten\u00eda v\u00ednculos con la embajada de los EEUU.<\/p>\n<h3 class=\"font--primary\"><span style=\"color: #ff0000\">C\u00f3mo fue el hallazgo del cuerpo del ciudadano estadounidense en Recoleta<\/span><\/h3>\n<p class=\"paragraph\">Seg\u00fan fuentes allegadas a la investigaci\u00f3n, la polic\u00eda lleg\u00f3 al lugar alertada por la desaparici\u00f3n de Mcgarry. Hac\u00eda d\u00edas que sus contactos en Buenos Aires no ten\u00edan noticias suyas y lo reportaron a las autoridades.<\/p>\n<p class=\"paragraph\">Al departamento de la calle Montevideo llegaron oficiales de la Polic\u00eda de la Ciudad, de la Federal y de la Embajada de los Estados Unidos.<\/p>\n<p class=\"paragraph\">Una vez obtenida la copia de la llave, lograron entrar y dieron con el cuerpo del hombre tendido en la cama.<\/p>\n<p class=\"paragraph\">La fiscal\u00eda orden\u00f3 una autopsia cuyos resultados se conocer\u00e1n en las proximas. Seg\u00fan anticiparon las fuentes, el hombre tendr\u00eda problemas de diabetes.<\/p>\n","protected":false},"excerpt":{"rendered":"<div class=\"mh-excerpt\"><p>Se llamaba Chuck Mcgarry y ten\u00eda 56 a\u00f1os. Lo encontraron muerto en el segundo piso del edificio de Montevideo al 900. La fiscal\u00eda orden\u00f3 una autopsia. Encontraron muerto a un ciudadano estadounidense en\u00a0Recoleta. El hombre <a class=\"mh-excerpt-more\" href=\"https:\/\/larevistadigital.com.ar\/blog\/misterio-se-investiga-la-muerte-de-un-ciudadano-norteamericano-encontrado-en-un-departamento-en-recoleta\/\" title=\"MISTERIO: SE INVESTIGA LA MUERTE DE UN CIUDADANO NORTEAMERICANO ENCONTRADO EN UN DEPARTAMENTO EN RECOLETA\">[Leer M\u00e1s]<\/a><\/p>\n<\/div>","protected":false},"author":3,"featured_media":25739,"comment_status":"open","ping_status":"open","sticky":false,"template":"","format":"standard","meta":{"_jetpack_memberships_contains_paid_content":false,"footnotes":"","jetpack_publicize_message":"","jetpack_publicize_feature_enabled":true,"jetpack_social_post_already_shared":true,"jetpack_social_options":{"image_generator_settings":{"template":"highway","default_image_id":0,"font":"","enabled":false},"version":2}},"categories":[41],"tags":[],"class_list":{"0":"post-25738","1":"post","2":"type-post","3":"status-publish","4":"format-standard","5":"has-post-thumbnail","7":"category-destacadas"},"jetpack_publicize_connections":[],"jetpack_featured_media_url":"https:\/\/i0.wp.com\/larevistadigital.com.ar\/blog\/wp-content\/uploads\/UP2K54SCSJGN3JP2MQURHVV5LE.jpg?fit=1440%2C829&ssl=1","jetpack_sharing_enabled":true,"jetpack_shortlink":"https:\/\/wp.me\/p8qtrQ-6H8","jetpack-related-posts":[{"id":35047,"url":"https:\/\/larevistadigital.com.ar\/blog\/recoleta-un-hombre-se-atrinchero-en-una-terraza-con-su-hija-de-6-anos-como-rehen\/","url_meta":{"origin":25738,"position":0},"title":"RECOLETA: UN HOMBRE SE ATRINCHER\u00d3 EN UNA TERRAZA CON SU HIJA DE 6 A\u00d1OS COMO REHEN","author":"Alejandro Sosa Ruda","date":"20 enero, 2024","format":false,"excerpt":"Es en Avenida Santa Fe y Pueyrred\u00f3n. Grupos especiales de la Polic\u00eda de la Ciudad negocian para lograr la liberaci\u00f3n de la menor. 20 de enero de 2023 Recoleta, CABA -\u00a0 Momentos de extrema tensi\u00f3n se viven en el barrio porte\u00f1o de Recoleta\u00a0donde un hombre se encerr\u00f3 en la terraza\u2026","rel":"","context":"En \u00abINTERES GENERAL\u00bb","block_context":{"text":"INTERES GENERAL","link":"https:\/\/larevistadigital.com.ar\/blog\/category\/interes-general\/"},"img":{"alt_text":"","src":"https:\/\/i0.wp.com\/larevistadigital.com.ar\/blog\/wp-content\/uploads\/Captura-de-pantalla-2024-01-20-130237.png?fit=902%2C471&ssl=1&resize=350%2C200","width":350,"height":200,"srcset":"https:\/\/i0.wp.com\/larevistadigital.com.ar\/blog\/wp-content\/uploads\/Captura-de-pantalla-2024-01-20-130237.png?fit=902%2C471&ssl=1&resize=350%2C200 1x, https:\/\/i0.wp.com\/larevistadigital.com.ar\/blog\/wp-content\/uploads\/Captura-de-pantalla-2024-01-20-130237.png?fit=902%2C471&ssl=1&resize=525%2C300 1.5x, https:\/\/i0.wp.com\/larevistadigital.com.ar\/blog\/wp-content\/uploads\/Captura-de-pantalla-2024-01-20-130237.png?fit=902%2C471&ssl=1&resize=700%2C400 2x"},"classes":[]},{"id":7664,"url":"https:\/\/larevistadigital.com.ar\/blog\/se-derrumbo-un-balcon-en-la-recoleta-hay-tres-heridos\/","url_meta":{"origin":25738,"position":1},"title":"SE DERRUMB\u00d3 UN BALC\u00d3N EN LA RECOLETA. HAY TRES HERIDOS","author":"Alejandro Sosa Ruda","date":"7 enero, 2019","format":false,"excerpt":"Tan solo han pasado nueve d\u00edas del hecho que conmocion\u00f3 al pa\u00eds y hab\u00eda ocurrido en Mar del Plata, cuando un balc\u00f3n de un tercer piso se cay\u00f3, provocando una especie de \"efecto domin\u00f3\" con los balcones del segundo y primer piso que al caer provocaron la muerte por aplastamiento\u2026","rel":"","context":"En \u00abDESTACADAS\u00bb","block_context":{"text":"DESTACADAS","link":"https:\/\/larevistadigital.com.ar\/blog\/category\/destacadas\/"},"img":{"alt_text":"","src":"https:\/\/i0.wp.com\/larevistadigital.com.ar\/blog\/wp-content\/uploads\/2019\/01\/0035982532.jpg?fit=1140%2C640&ssl=1&resize=350%2C200","width":350,"height":200,"srcset":"https:\/\/i0.wp.com\/larevistadigital.com.ar\/blog\/wp-content\/uploads\/2019\/01\/0035982532.jpg?fit=1140%2C640&ssl=1&resize=350%2C200 1x, https:\/\/i0.wp.com\/larevistadigital.com.ar\/blog\/wp-content\/uploads\/2019\/01\/0035982532.jpg?fit=1140%2C640&ssl=1&resize=525%2C300 1.5x, https:\/\/i0.wp.com\/larevistadigital.com.ar\/blog\/wp-content\/uploads\/2019\/01\/0035982532.jpg?fit=1140%2C640&ssl=1&resize=700%2C400 2x, https:\/\/i0.wp.com\/larevistadigital.com.ar\/blog\/wp-content\/uploads\/2019\/01\/0035982532.jpg?fit=1140%2C640&ssl=1&resize=1050%2C600 3x"},"classes":[]},{"id":38559,"url":"https:\/\/larevistadigital.com.ar\/blog\/mar-del-plata-tragedia-en-el-barrio-jose-hernandez-encuentran-a-un-joven-muerto-la-familia-sospecha-de-un-homicidio\/","url_meta":{"origin":25738,"position":2},"title":"Mar del Plata: Tragedia en el barrio Jos\u00e9 Hern\u00e1ndez: encuentran a un joven muerto, la familia sospecha de un homicidio","author":"Alejandro Sosa Ruda","date":"26 enero, 2025","format":false,"excerpt":"Ten\u00eda 31 a\u00f1os y lo encontraron muy grave los vecinos. Para la Justicia no hubo intervenci\u00f3n de terceros. 26 de Enero de 2025 MAR DEL PLATA -\u00a0 El viernes pasado, los vecinos del barrio Jos\u00e9 Hern\u00e1ndez vivieron una escena alarmante cuando encontraron a un hombre de 31 a\u00f1os inconsciente en\u2026","rel":"","context":"En \u00abPOLICIALES\u00bb","block_context":{"text":"POLICIALES","link":"https:\/\/larevistadigital.com.ar\/blog\/category\/policiales\/"},"img":{"alt_text":"","src":"https:\/\/i0.wp.com\/larevistadigital.com.ar\/blog\/wp-content\/uploads\/Captura-de-pantalla-2025-01-26-233426.jpg?fit=473%2C349&ssl=1&resize=350%2C200","width":350,"height":200},"classes":[]},{"id":29652,"url":"https:\/\/larevistadigital.com.ar\/blog\/encontraron-muerta-a-la-reconocida-disenadora-olga-naum-en-un-hotel-de-recoleta\/","url_meta":{"origin":25738,"position":3},"title":"ENCONTRARON MUERTA A LA RECONOCIDA DISE\u00d1ADORA OLGA NAUM EN UN HOTEL DE RECOLETA","author":"Alejandro Sosa Ruda","date":"28 diciembre, 2022","format":false,"excerpt":"El cad\u00e1ver de la mujer de 75 a\u00f1os fue hallado el s\u00e1bado pasado, un d\u00eda despu\u00e9s de haber salido de su casa. Su familia hab\u00eda denunciado su desaparici\u00f3n. 28 de diciembre de 2022 La\u00a0reconocida dise\u00f1adora de moda Olga Naum\u00a0fue encontrada muerta en una habitaci\u00f3n del hotel Up, ubicado en el\u2026","rel":"","context":"En \u00abINTERES GENERAL\u00bb","block_context":{"text":"INTERES GENERAL","link":"https:\/\/larevistadigital.com.ar\/blog\/category\/interes-general\/"},"img":{"alt_text":"","src":"https:\/\/i0.wp.com\/larevistadigital.com.ar\/blog\/wp-content\/uploads\/olga-naum.jpg?fit=707%2C397&ssl=1&resize=350%2C200","width":350,"height":200,"srcset":"https:\/\/i0.wp.com\/larevistadigital.com.ar\/blog\/wp-content\/uploads\/olga-naum.jpg?fit=707%2C397&ssl=1&resize=350%2C200 1x, https:\/\/i0.wp.com\/larevistadigital.com.ar\/blog\/wp-content\/uploads\/olga-naum.jpg?fit=707%2C397&ssl=1&resize=525%2C300 1.5x, https:\/\/i0.wp.com\/larevistadigital.com.ar\/blog\/wp-content\/uploads\/olga-naum.jpg?fit=707%2C397&ssl=1&resize=700%2C400 2x"},"classes":[]},{"id":24491,"url":"https:\/\/larevistadigital.com.ar\/blog\/san-clemente-encontraron-muerto-en-el-mar-a-un-abuelo-de-80-anos\/","url_meta":{"origin":25738,"position":4},"title":"SAN CLEMENTE: ENCONTRARON MUERTO EN EL MAR A UN ABUELO DE 80 A\u00d1OS","author":"Alejandro Sosa Ruda","date":"11 marzo, 2022","format":false,"excerpt":"Su cuerpo apareci\u00f3 flotando cerca de la orilla. Se trata de un turista que padec\u00eda problemas card\u00edacos y habr\u00eda ingresado al mar en la zona de calle 4 Norte. SAN CLEMENTE -\u00a0 Un hombre de unos 80 a\u00f1os falleci\u00f3 el martes pasado en la localidad de\u00a0San Clemente del Tuy\u00fa, en\u2026","rel":"","context":"En \u00abPOLICIALES\u00bb","block_context":{"text":"POLICIALES","link":"https:\/\/larevistadigital.com.ar\/blog\/category\/policiales\/"},"img":{"alt_text":"","src":"https:\/\/i0.wp.com\/larevistadigital.com.ar\/blog\/wp-content\/uploads\/f01b793f5589d2f363e633ac3be1343b3d4f43ff.jpg?fit=1140%2C851&ssl=1&resize=350%2C200","width":350,"height":200,"srcset":"https:\/\/i0.wp.com\/larevistadigital.com.ar\/blog\/wp-content\/uploads\/f01b793f5589d2f363e633ac3be1343b3d4f43ff.jpg?fit=1140%2C851&ssl=1&resize=350%2C200 1x, https:\/\/i0.wp.com\/larevistadigital.com.ar\/blog\/wp-content\/uploads\/f01b793f5589d2f363e633ac3be1343b3d4f43ff.jpg?fit=1140%2C851&ssl=1&resize=525%2C300 1.5x, https:\/\/i0.wp.com\/larevistadigital.com.ar\/blog\/wp-content\/uploads\/f01b793f5589d2f363e633ac3be1343b3d4f43ff.jpg?fit=1140%2C851&ssl=1&resize=700%2C400 2x, https:\/\/i0.wp.com\/larevistadigital.com.ar\/blog\/wp-content\/uploads\/f01b793f5589d2f363e633ac3be1343b3d4f43ff.jpg?fit=1140%2C851&ssl=1&resize=1050%2C600 3x"},"classes":[]},{"id":25120,"url":"https:\/\/larevistadigital.com.ar\/blog\/chascomus-encuentran-un-hombre-fallecido-en-su-casa\/","url_meta":{"origin":25738,"position":5},"title":"CHASCOM\u00daS: ENCUENTRAN UN HOMBRE FALLECIDO EN SU CASA","author":"Alejandro Sosa Ruda","date":"17 abril, 2022","format":false,"excerpt":"Fue en la ma\u00f1ana de ayer. El hombre estaba muerto dentro de su domicilio y lo descubrieron los vecinos. CHASCOM\u00daS -\u00a0 Durante la ma\u00f1ana del s\u00e1bado 16\/4, y luego de un llamado de vecinos, un patrullero se hizo presente en calle Scalabrini Ortiz, entre Gardel e Yrigoyen, donde los mismos\u2026","rel":"","context":"En \u00abCHASCOM\u00daS\u00bb","block_context":{"text":"CHASCOM\u00daS","link":"https:\/\/larevistadigital.com.ar\/blog\/category\/chascomus\/"},"img":{"alt_text":"","src":"https:\/\/i0.wp.com\/larevistadigital.com.ar\/blog\/wp-content\/uploads\/policia-mardelplata.jpg?fit=1200%2C800&ssl=1&resize=350%2C200","width":350,"height":200,"srcset":"https:\/\/i0.wp.com\/larevistadigital.com.ar\/blog\/wp-content\/uploads\/policia-mardelplata.jpg?fit=1200%2C800&ssl=1&resize=350%2C200 1x, https:\/\/i0.wp.com\/larevistadigital.com.ar\/blog\/wp-content\/uploads\/policia-mardelplata.jpg?fit=1200%2C800&ssl=1&resize=525%2C300 1.5x, https:\/\/i0.wp.com\/larevistadigital.com.ar\/blog\/wp-content\/uploads\/policia-mardelplata.jpg?fit=1200%2C800&ssl=1&resize=700%2C400 2x, https:\/\/i0.wp.com\/larevistadigital.com.ar\/blog\/wp-content\/uploads\/policia-mardelplata.jpg?fit=1200%2C800&ssl=1&resize=1050%2C600 3x"},"classes":[]}],"_links":{"self":[{"href":"https:\/\/larevistadigital.com.ar\/blog\/wp-json\/wp\/v2\/posts\/25738","targetHints":{"allow":["GET"]}}],"collection":[{"href":"https:\/\/larevistadigital.com.ar\/blog\/wp-json\/wp\/v2\/posts"}],"about":[{"href":"https:\/\/larevistadigital.com.ar\/blog\/wp-json\/wp\/v2\/types\/post"}],"author":[{"embeddable":true,"href":"https:\/\/larevistadigital.com.ar\/blog\/wp-json\/wp\/v2\/users\/3"}],"replies":[{"embeddable":true,"href":"https:\/\/larevistadigital.com.ar\/blog\/wp-json\/wp\/v2\/comments?post=25738"}],"version-history":[{"count":2,"href":"https:\/\/larevistadigital.com.ar\/blog\/wp-json\/wp\/v2\/posts\/25738\/revisions"}],"predecessor-version":[{"id":25743,"href":"https:\/\/larevistadigital.com.ar\/blog\/wp-json\/wp\/v2\/posts\/25738\/revisions\/25743"}],"wp:featuredmedia":[{"embeddable":true,"href":"https:\/\/larevistadigital.com.ar\/blog\/wp-json\/wp\/v2\/media\/25739"}],"wp:attachment":[{"href":"https:\/\/larevistadigital.com.ar\/blog\/wp-json\/wp\/v2\/media?parent=25738"}],"wp:term":[{"taxonomy":"category","embeddable":true,"href":"https:\/\/larevistadigital.com.ar\/blog\/wp-json\/wp\/v2\/categories?post=25738"},{"taxonomy":"post_tag","embeddable":true,"href":"https:\/\/larevistadigital.com.ar\/blog\/wp-json\/wp\/v2\/tags?post=25738"}],"curies":[{"name":"wp","href":"https:\/\/api.w.org\/{rel}","templated":true}]}}