{"id":2574,"date":"2017-06-29T15:17:24","date_gmt":"2017-06-29T15:17:24","guid":{"rendered":"https:\/\/larevistadigital.com.ar\/blog\/?p=2574"},"modified":"2017-06-29T15:17:24","modified_gmt":"2017-06-29T15:17:24","slug":"jubilado-se-pego-un-tiro-en-anses","status":"publish","type":"post","link":"https:\/\/larevistadigital.com.ar\/blog\/jubilado-se-pego-un-tiro-en-anses\/","title":{"rendered":"JUBILADO SE PEG\u00d3 UN TIRO EN ANSES"},"content":{"rendered":"<p><strong>LAS IM\u00c1GENES PUEDEN HERIR LA SENSIBILIDAD DE LOS LECTORES<\/strong><\/p>\n<p>Un\u00a0<strong>jubilado de unos 90 a\u00f1os<\/strong>\u00a0ingres\u00f3 a la\u00a0<strong>Udai de Anses<\/strong>\u00a0ubicada en la avenida\u00a0<strong>Independencia entre Avellaneda y San Lorenzo \u00a0de la ciudad de Mar del Plata\u00a0<\/strong>\u00a0y se\u00a0<strong>peg\u00f3 un tiro<\/strong>.\u00a0Una ambulancia lleg\u00f3 r\u00e1pidamente al lugar y el hombre fue trasladado al Hospital Interzonal General de Agudos, a\u00fan con signos vitales.<\/p>\n<p>Seg\u00fan se pudo saber, el hombre subi\u00f3 al primer piso de la delegaci\u00f3n y cuando estaba bajando comenz\u00f3 a gritar, sac\u00f3 el arma y se peg\u00f3 un tiro en la cabeza, ante la desesperaci\u00f3n de la gente que estaba en el lugar y los empleados que no pudieron detenerlo.<\/p>\n<p>La ambulancia lleg\u00f3 r\u00e1pidamente al lugar y constat\u00f3 que el hombre todav\u00eda ten\u00eda signos vitales. Fue trasladado de urgencia a la\u00a0<strong>guardia del Higa<\/strong>, desde donde confirmaron que se encuentra en grave estado y est\u00e1 siendo atendido en el\u00a0<strong>shockroom<\/strong>.<\/p>\n<p><strong>FUENTE:0223<\/strong><\/p>\n<p><strong>LAS IM\u00c1GENES PUEDEN HERIR LA SENSIBILIDAD DE LOS LECTORES<\/strong><\/p>\n<p>&nbsp;<\/p>\n<div style=\"height: 0;padding-bottom: 75.0%\"><span class=\"embed-youtube\" style=\"text-align:center; display: block;\"><iframe loading=\"lazy\" class=\"youtube-player\" width=\"640\" height=\"360\" src=\"https:\/\/www.youtube.com\/embed\/9Roiz7TFB8o?version=3&#038;rel=1&#038;showsearch=0&#038;showinfo=1&#038;iv_load_policy=1&#038;fs=1&#038;hl=es-ES&#038;autohide=2&#038;wmode=transparent\" allowfullscreen=\"true\" style=\"border:0;\" sandbox=\"allow-scripts allow-same-origin allow-popups allow-presentation allow-popups-to-escape-sandbox\"><\/iframe><\/span><\/div>\n<p>&nbsp;<\/p>\n","protected":false},"excerpt":{"rendered":"<div class=\"mh-excerpt\"><p>LAS IM\u00c1GENES PUEDEN HERIR LA SENSIBILIDAD DE LOS LECTORES Un\u00a0jubilado de unos 90 a\u00f1os\u00a0ingres\u00f3 a la\u00a0Udai de Anses\u00a0ubicada en la avenida\u00a0Independencia entre Avellaneda y San Lorenzo \u00a0de la ciudad de Mar del Plata\u00a0\u00a0y se\u00a0peg\u00f3 un <a class=\"mh-excerpt-more\" href=\"https:\/\/larevistadigital.com.ar\/blog\/jubilado-se-pego-un-tiro-en-anses\/\" title=\"JUBILADO SE PEG\u00d3 UN TIRO EN ANSES\">[Leer M\u00e1s]<\/a><\/p>\n<\/div>","protected":false},"author":3,"featured_media":2575,"comment_status":"open","ping_status":"open","sticky":false,"template":"","format":"standard","meta":{"_jetpack_memberships_contains_paid_content":false,"footnotes":"","jetpack_publicize_message":"","jetpack_publicize_feature_enabled":true,"jetpack_social_post_already_shared":true,"jetpack_social_options":{"image_generator_settings":{"template":"highway","default_image_id":0,"font":"","enabled":false},"version":2}},"categories":[41,44,29],"tags":[],"class_list":{"0":"post-2574","1":"post","2":"type-post","3":"status-publish","4":"format-standard","5":"has-post-thumbnail","7":"category-destacadas","8":"category-policiales","9":"category-sociedad"},"jetpack_publicize_connections":[],"jetpack_featured_media_url":"https:\/\/i0.wp.com\/larevistadigital.com.ar\/blog\/wp-content\/uploads\/2017\/06\/1498748240770.jpeg?fit=945%2C576&ssl=1","jetpack_sharing_enabled":true,"jetpack_shortlink":"https:\/\/wp.me\/p8qtrQ-Fw","jetpack-related-posts":[{"id":32899,"url":"https:\/\/larevistadigital.com.ar\/blog\/la-plata-conmocion-discutio-con-el-novio-de-su-hija-y-le-pego-un-tiro\/","url_meta":{"origin":2574,"position":0},"title":"LA PLATA: CONMOCI\u00d3N. DISCUTI\u00d3 CON EL NOVIO DE SU HIJA Y LE PEG\u00d3 UN TIRO.","author":"Alejandro Sosa Ruda","date":"16 agosto, 2023","format":false,"excerpt":"Las autoridades informaron que la bala impact\u00f3 en el muslo derecho de la v\u00edctima de 24 a\u00f1os. El joven fue trasladado a un hospital y est\u00e1 fuera de peligro. 16 de agosto de 2023 LA PLATA -\u00a0 La Polic\u00eda detuvo a un hombre que est\u00e1 acusado de\u00a0balear a la pareja\u2026","rel":"","context":"En \u00abPOLICIALES\u00bb","block_context":{"text":"POLICIALES","link":"https:\/\/larevistadigital.com.ar\/blog\/category\/policiales\/"},"img":{"alt_text":"","src":"https:\/\/i0.wp.com\/larevistadigital.com.ar\/blog\/wp-content\/uploads\/1586465615052.jpg?fit=1200%2C594&ssl=1&resize=350%2C200","width":350,"height":200,"srcset":"https:\/\/i0.wp.com\/larevistadigital.com.ar\/blog\/wp-content\/uploads\/1586465615052.jpg?fit=1200%2C594&ssl=1&resize=350%2C200 1x, https:\/\/i0.wp.com\/larevistadigital.com.ar\/blog\/wp-content\/uploads\/1586465615052.jpg?fit=1200%2C594&ssl=1&resize=525%2C300 1.5x, https:\/\/i0.wp.com\/larevistadigital.com.ar\/blog\/wp-content\/uploads\/1586465615052.jpg?fit=1200%2C594&ssl=1&resize=700%2C400 2x, https:\/\/i0.wp.com\/larevistadigital.com.ar\/blog\/wp-content\/uploads\/1586465615052.jpg?fit=1200%2C594&ssl=1&resize=1050%2C600 3x"},"classes":[]},{"id":44922,"url":"https:\/\/larevistadigital.com.ar\/blog\/tragedia-en-villa-gesell-un-hombre-murio-tras-descompensarse-en-el-mar\/","url_meta":{"origin":2574,"position":1},"title":"Tragedia en Villa Gesell: un hombre muri\u00f3 tras descompensarse en el mar","author":"Alejandro Sosa Ruda","date":"4 abril, 2026","format":false,"excerpt":"El hecho ocurri\u00f3 en la zona del Paseo 108. Fue rescatado por guardavidas y trasladado al hospital, pero ingres\u00f3 sin signos vitales. 04 de abril de 2026 Villa Gesell.- BUENOS AIRES -\u00a0 \u00a0Un tr\u00e1gico episodio se registr\u00f3 este viernes por la ma\u00f1ana en Villa Gesell, donde un hombre falleci\u00f3 luego\u2026","rel":"","context":"En \u00abPOLICIALES\u00bb","block_context":{"text":"POLICIALES","link":"https:\/\/larevistadigital.com.ar\/blog\/category\/policiales\/"},"img":{"alt_text":"","src":"https:\/\/i0.wp.com\/larevistadigital.com.ar\/blog\/wp-content\/uploads\/Captura-de-pantalla-2026-04-04-004950.jpg?fit=948%2C404&ssl=1&resize=350%2C200","width":350,"height":200,"srcset":"https:\/\/i0.wp.com\/larevistadigital.com.ar\/blog\/wp-content\/uploads\/Captura-de-pantalla-2026-04-04-004950.jpg?fit=948%2C404&ssl=1&resize=350%2C200 1x, https:\/\/i0.wp.com\/larevistadigital.com.ar\/blog\/wp-content\/uploads\/Captura-de-pantalla-2026-04-04-004950.jpg?fit=948%2C404&ssl=1&resize=525%2C300 1.5x, https:\/\/i0.wp.com\/larevistadigital.com.ar\/blog\/wp-content\/uploads\/Captura-de-pantalla-2026-04-04-004950.jpg?fit=948%2C404&ssl=1&resize=700%2C400 2x"},"classes":[]},{"id":31409,"url":"https:\/\/larevistadigital.com.ar\/blog\/31409-2\/","url_meta":{"origin":2574,"position":2},"title":"LA PLATA: POLIC\u00cdA RETIRADO SE PEG\u00d3 UN TIRO EN PLENA AVENIDA 66","author":"Alejandro Sosa Ruda","date":"7 mayo, 2023","format":false,"excerpt":"El tremendo episodio se registr\u00f3 este s\u00e1bado a la vista de transe\u00fantes que confirmaron que el hombre se quit\u00f3 la vida con su arma. 06 de mayo de 2023 Un hombre de 56 a\u00f1os, de quien se supo es polic\u00eda retirado,\u00a0apareci\u00f3 muerto en plena v\u00eda p\u00fabica de La Plata y\u2026","rel":"","context":"En \u00abPOLICIALES\u00bb","block_context":{"text":"POLICIALES","link":"https:\/\/larevistadigital.com.ar\/blog\/category\/policiales\/"},"img":{"alt_text":"","src":"https:\/\/i0.wp.com\/larevistadigital.com.ar\/blog\/wp-content\/uploads\/1584394856989.jpg?fit=1200%2C594&ssl=1&resize=350%2C200","width":350,"height":200,"srcset":"https:\/\/i0.wp.com\/larevistadigital.com.ar\/blog\/wp-content\/uploads\/1584394856989.jpg?fit=1200%2C594&ssl=1&resize=350%2C200 1x, https:\/\/i0.wp.com\/larevistadigital.com.ar\/blog\/wp-content\/uploads\/1584394856989.jpg?fit=1200%2C594&ssl=1&resize=525%2C300 1.5x, https:\/\/i0.wp.com\/larevistadigital.com.ar\/blog\/wp-content\/uploads\/1584394856989.jpg?fit=1200%2C594&ssl=1&resize=700%2C400 2x, https:\/\/i0.wp.com\/larevistadigital.com.ar\/blog\/wp-content\/uploads\/1584394856989.jpg?fit=1200%2C594&ssl=1&resize=1050%2C600 3x"},"classes":[]},{"id":19038,"url":"https:\/\/larevistadigital.com.ar\/blog\/se-zafo-el-criquet-y-fue-aplastado-por-el-auto-que-estaba-arreglando-esta-muy-grave\/","url_meta":{"origin":2574,"position":3},"title":"SE ZAF\u00d3 EL CRIQUET Y FUE APLASTADO POR EL AUTO QUE ESTABA ARREGLANDO. EST\u00c1 MUY GRAVE","author":"Alejandro Sosa Ruda","date":"25 febrero, 2021","format":false,"excerpt":"El hombre de 64 a\u00f1os fue trasladado de urgencia al Higa y qued\u00f3 internado. El hecho se registr\u00f3 el mi\u00e9rcoles por la tarde. GENERAL PIRAN - Un hombre de 64 a\u00f1os permanece internado en grave estado desde ayer en el Hospital Interzonal General de Agudos (Higa) luego de que lo\u2026","rel":"","context":"En \u00abREGIONALES\u00bb","block_context":{"text":"REGIONALES","link":"https:\/\/larevistadigital.com.ar\/blog\/category\/regionales\/"},"img":{"alt_text":"","src":"https:\/\/i0.wp.com\/larevistadigital.com.ar\/blog\/wp-content\/uploads\/higa.jpg?fit=1140%2C708&ssl=1&resize=350%2C200","width":350,"height":200,"srcset":"https:\/\/i0.wp.com\/larevistadigital.com.ar\/blog\/wp-content\/uploads\/higa.jpg?fit=1140%2C708&ssl=1&resize=350%2C200 1x, https:\/\/i0.wp.com\/larevistadigital.com.ar\/blog\/wp-content\/uploads\/higa.jpg?fit=1140%2C708&ssl=1&resize=525%2C300 1.5x, https:\/\/i0.wp.com\/larevistadigital.com.ar\/blog\/wp-content\/uploads\/higa.jpg?fit=1140%2C708&ssl=1&resize=700%2C400 2x, https:\/\/i0.wp.com\/larevistadigital.com.ar\/blog\/wp-content\/uploads\/higa.jpg?fit=1140%2C708&ssl=1&resize=1050%2C600 3x"},"classes":[]},{"id":25318,"url":"https:\/\/larevistadigital.com.ar\/blog\/femicidio-seguido-de-suicidio-en-gral-rodriguez\/","url_meta":{"origin":2574,"position":4},"title":"FEMICIDIO SEGUIDO DE SUICIDIO EN GRAL. RODRIGUEZ","author":"Alejandro Sosa Ruda","date":"1 mayo, 2022","format":false,"excerpt":"Una mujer fue asesinada de un balazo en su casa de General Rodr\u00edguez aparentemente por su esposo, quien luego del femicidio se suicid\u00f3. En la vivienda de las v\u00edctimas los agentes encontraron una pistola Bersa Thunder calibre 9 mil\u00edmetros. Una mujer fue asesinada de al menos un balazo en su\u2026","rel":"","context":"En \u00abPOLICIALES\u00bb","block_context":{"text":"POLICIALES","link":"https:\/\/larevistadigital.com.ar\/blog\/category\/policiales\/"},"img":{"alt_text":"","src":"https:\/\/i0.wp.com\/larevistadigital.com.ar\/blog\/wp-content\/uploads\/1620734310362-1.jpg?fit=1200%2C594&ssl=1&resize=350%2C200","width":350,"height":200,"srcset":"https:\/\/i0.wp.com\/larevistadigital.com.ar\/blog\/wp-content\/uploads\/1620734310362-1.jpg?fit=1200%2C594&ssl=1&resize=350%2C200 1x, https:\/\/i0.wp.com\/larevistadigital.com.ar\/blog\/wp-content\/uploads\/1620734310362-1.jpg?fit=1200%2C594&ssl=1&resize=525%2C300 1.5x, https:\/\/i0.wp.com\/larevistadigital.com.ar\/blog\/wp-content\/uploads\/1620734310362-1.jpg?fit=1200%2C594&ssl=1&resize=700%2C400 2x, https:\/\/i0.wp.com\/larevistadigital.com.ar\/blog\/wp-content\/uploads\/1620734310362-1.jpg?fit=1200%2C594&ssl=1&resize=1050%2C600 3x"},"classes":[]},{"id":13105,"url":"https:\/\/larevistadigital.com.ar\/blog\/la-plata-muere-nena-de-4-anos-en-accidente\/","url_meta":{"origin":2574,"position":5},"title":"LA PLATA: MUERE NENA DE 4 A\u00d1OS EN ACCIDENTE","author":"Alejandro Sosa Ruda","date":"7 noviembre, 2019","format":false,"excerpt":"Sucedi\u00f3 esta madrugada, en La Plata. Viajaba junto a su pap\u00e1 y su mam\u00e1 cuando el auto perdi\u00f3 el control y termin\u00f3 contra las rejas de una vivienda. El accidente se produjo alrededor de las 3:30 en la avenida 44 y 157 (en el oeste de la ciudad de La\u2026","rel":"","context":"En \u00abPOLICIALES\u00bb","block_context":{"text":"POLICIALES","link":"https:\/\/larevistadigital.com.ar\/blog\/category\/policiales\/"},"img":{"alt_text":"","src":"https:\/\/i0.wp.com\/larevistadigital.com.ar\/blog\/wp-content\/uploads\/a828ba3b5dd789f33232d191fb12dd290352d9c5.jpg?fit=1140%2C759&ssl=1&resize=350%2C200","width":350,"height":200,"srcset":"https:\/\/i0.wp.com\/larevistadigital.com.ar\/blog\/wp-content\/uploads\/a828ba3b5dd789f33232d191fb12dd290352d9c5.jpg?fit=1140%2C759&ssl=1&resize=350%2C200 1x, https:\/\/i0.wp.com\/larevistadigital.com.ar\/blog\/wp-content\/uploads\/a828ba3b5dd789f33232d191fb12dd290352d9c5.jpg?fit=1140%2C759&ssl=1&resize=525%2C300 1.5x, https:\/\/i0.wp.com\/larevistadigital.com.ar\/blog\/wp-content\/uploads\/a828ba3b5dd789f33232d191fb12dd290352d9c5.jpg?fit=1140%2C759&ssl=1&resize=700%2C400 2x, https:\/\/i0.wp.com\/larevistadigital.com.ar\/blog\/wp-content\/uploads\/a828ba3b5dd789f33232d191fb12dd290352d9c5.jpg?fit=1140%2C759&ssl=1&resize=1050%2C600 3x"},"classes":[]}],"_links":{"self":[{"href":"https:\/\/larevistadigital.com.ar\/blog\/wp-json\/wp\/v2\/posts\/2574","targetHints":{"allow":["GET"]}}],"collection":[{"href":"https:\/\/larevistadigital.com.ar\/blog\/wp-json\/wp\/v2\/posts"}],"about":[{"href":"https:\/\/larevistadigital.com.ar\/blog\/wp-json\/wp\/v2\/types\/post"}],"author":[{"embeddable":true,"href":"https:\/\/larevistadigital.com.ar\/blog\/wp-json\/wp\/v2\/users\/3"}],"replies":[{"embeddable":true,"href":"https:\/\/larevistadigital.com.ar\/blog\/wp-json\/wp\/v2\/comments?post=2574"}],"version-history":[{"count":3,"href":"https:\/\/larevistadigital.com.ar\/blog\/wp-json\/wp\/v2\/posts\/2574\/revisions"}],"predecessor-version":[{"id":2578,"href":"https:\/\/larevistadigital.com.ar\/blog\/wp-json\/wp\/v2\/posts\/2574\/revisions\/2578"}],"wp:featuredmedia":[{"embeddable":true,"href":"https:\/\/larevistadigital.com.ar\/blog\/wp-json\/wp\/v2\/media\/2575"}],"wp:attachment":[{"href":"https:\/\/larevistadigital.com.ar\/blog\/wp-json\/wp\/v2\/media?parent=2574"}],"wp:term":[{"taxonomy":"category","embeddable":true,"href":"https:\/\/larevistadigital.com.ar\/blog\/wp-json\/wp\/v2\/categories?post=2574"},{"taxonomy":"post_tag","embeddable":true,"href":"https:\/\/larevistadigital.com.ar\/blog\/wp-json\/wp\/v2\/tags?post=2574"}],"curies":[{"name":"wp","href":"https:\/\/api.w.org\/{rel}","templated":true}]}}