{"id":25744,"date":"2022-06-10T12:35:39","date_gmt":"2022-06-10T12:35:39","guid":{"rendered":"https:\/\/larevistadigital.com.ar\/blog\/?p=25744"},"modified":"2022-06-10T12:36:09","modified_gmt":"2022-06-10T12:36:09","slug":"colgados-vip-detectan-20-casas-en-un-cowntry-de-canning-con-conecciones-electricas-clandestinas","status":"publish","type":"post","link":"https:\/\/larevistadigital.com.ar\/blog\/colgados-vip-detectan-20-casas-en-un-cowntry-de-canning-con-conecciones-electricas-clandestinas\/","title":{"rendered":"\u00abCOLGADOS VIP\u00bb: DETECTAN 20 CASAS EN UN COWNTRY DE CANNING CON CONECCIONES EL\u00c9CTRICAS CLANDESTINAS"},"content":{"rendered":"<h2>Se trata del barrio \u201cFinca Las Albas\u201d, ubicado al sur del conurbano bonaerense, donde personal t\u00e9cnico y un escribano p\u00fablico constataron las anomal\u00edas, de acuerdo a lo informado por la empresa Edesur<\/h2>\n<p class=\"paragraph\"><mark class=\"hl_yellow\"><b>Un equipo t\u00e9cnico de la empresa de energ\u00eda Edesur detect\u00f3 ayer la exsitencia de conexiones clandestinas en un barrio cerrado de Canning, al sur del conurbano bonaerense.\u00a0<\/b><\/mark>Se trata de un delito que perjudica la red de distribuci\u00f3n y puede poner en riesgo la vida de las personas, seg\u00fan indic\u00f3 la compa\u00f1\u00eda en un comunicado.<\/p>\n<blockquote>\n<h3 class=\"paragraph\">El operativo se realiz\u00f3 en \u201cFinca Las Albas\u201d, ubicado sobre la calle Mariano Castex, donde se constat\u00f3 con escribano p\u00fablico que 20 viviendas no ten\u00edan medidores que registraran los consumos.\u00a0<b>De este total, 15 eran obras en construcci\u00f3n, mientras que las otras cinco ya estaban siendo habitadas.<\/b><\/h3>\n<\/blockquote>\n<p class=\"paragraph\">Al corroborar el delito, los t\u00e9cnicos procedieron a cortar las conexiones clandestinas y se retiraron los cables de la anomal\u00eda, ya que no hab\u00edan sido instalados por personal de Edesur, mientras que el escribano p\u00fablico labr\u00f3 las 20 actas correspondientes.<\/p>\n<blockquote>\n<h3 class=\"paragraph\"><em>\u201cAhora, las personas que viven en el barrio deben acercarse a las oficinas de Edesur para solicitar el medidor correspondiente para normalizar su situaci\u00f3n frente a la distribuidora.\u00a0Y en las pr\u00f3ximas semanas se realizar\u00e1n las pericias necesarias para calcular el impacto econ\u00f3mico de esta acci\u00f3n sobre nuestra compa\u00f1\u00eda\u201d, remarc\u00f3 Edesur en el comunicado.<\/em><\/h3>\n<\/blockquote>\n<div class=\"visual__image\"><img data-recalc-dims=\"1\" loading=\"lazy\" decoding=\"async\" class=\"\" src=\"https:\/\/i0.wp.com\/cloudfront-us-east-1.images.arcpublishing.com\/infobae\/OKLPVFLBKJEG5KQQQLUABFEQRM.JPG?resize=4353%2C2449&#038;ssl=1\" alt=\"Edesur afirm\u00f3 que las conexiones clandestinas tambi\u00e9n afectan la calidad del servicio de los clientes de la zona\" width=\"4353\" height=\"2449\" \/><strong>Edesur afirm\u00f3 que las conexiones clandestinas tambi\u00e9n afectan la calidad del servicio de los clientes de la zona<\/strong><\/div>\n<p class=\"paragraph\">Cabe destacar que el hurto o robo de energ\u00eda se encuentra contemplado dentro de los delitos del C\u00f3digo Penal, indic\u00f3 la firma energ\u00e9tica. Y agreg\u00f3 que \u201ccuando una persona no preparada manipula la red en forma ilegal puede sufrir da\u00f1os para s\u00ed, para terceros y generar da\u00f1os en la vivienda de sus vecinos, al generar altibajos en la tensi\u00f3n.\u201d<\/p>\n<blockquote>\n<h3 class=\"paragraph\">Por \u00faltimo, Edesur afirm\u00f3 que las conexiones clandestinas tambi\u00e9n afectan la calidad del servicio de los clientes de la zona. \u201cEn consecuencia, seguiremos trabajando para detectarlas y honrar el compromiso de todos aquellos que se esfuerzan y comprometen para estar al d\u00eda con el pago del servicio el\u00e9ctrico\u201d, concluy\u00f3 la empresa.<\/h3>\n<\/blockquote>\n<p class=\"paragraph\">Cabe recordar que el Gobierno Nacional avanza con la demorada segmentaci\u00f3n de tarifas de luz y gas y se prev\u00e9 que<b>\u00a0los barrios cerrados queden afuera de los subsidios que otorga el Estado a los consumidores.<\/b><\/p>\n<p class=\"paragraph\"><b>En ese sentido la segmentaci\u00f3n prevista por el Gobierno abarca a unos 921.778 titulares, en el caso de la energ\u00eda el\u00e9ctrica<\/b>. Son aquellos que tienen ingresos equivalentes a 3,5 canastas b\u00e1sicas totales -unos $313.916 en marzo-, tres o m\u00e1s inmuebles, tres o m\u00e1s veh\u00edculos de menos de cinco a\u00f1os de antig\u00fcedad o sean propietarios embarcaciones de lujo o aeronaves.<\/p>\n<p class=\"paragraph\">En tanto, para los usuarios del \u00c1rea Metropolitana de Buenos Aires (AMBA) tambi\u00e9n se tomar\u00e1n en cuenta criterios geogr\u00e1ficos: dejar\u00e1n de recibir subsidios aquellos usuarios que vivan en\u00a0<a href=\"https:\/\/www.infobae.com\/economia\/2022\/02\/08\/tarifas-el-mapa-de-los-barrios-portenos-y-del-gran-buenos-aires-que-perderan-los-subsidios-y-tendran-aumentos-de-hasta-el-100\/\">los 13 barrios identificados por el Ente Nacional Regulador de la Electricidad (ENRE) como de alta capacidad de pago<\/a>\u00a0de las tarifas.<\/p>\n<p>publicado en infobae<\/p>\n<p>&nbsp;<\/p>\n","protected":false},"excerpt":{"rendered":"<div class=\"mh-excerpt\"><p>Se trata del barrio \u201cFinca Las Albas\u201d, ubicado al sur del conurbano bonaerense, donde personal t\u00e9cnico y un escribano p\u00fablico constataron las anomal\u00edas, de acuerdo a lo informado por la empresa Edesur Un equipo t\u00e9cnico <a class=\"mh-excerpt-more\" href=\"https:\/\/larevistadigital.com.ar\/blog\/colgados-vip-detectan-20-casas-en-un-cowntry-de-canning-con-conecciones-electricas-clandestinas\/\" title=\"\u00abCOLGADOS VIP\u00bb: DETECTAN 20 CASAS EN UN COWNTRY DE CANNING CON CONECCIONES EL\u00c9CTRICAS CLANDESTINAS\">[Leer M\u00e1s]<\/a><\/p>\n<\/div>","protected":false},"author":3,"featured_media":25745,"comment_status":"open","ping_status":"open","sticky":false,"template":"","format":"standard","meta":{"_jetpack_memberships_contains_paid_content":false,"footnotes":"","jetpack_publicize_message":"","jetpack_publicize_feature_enabled":true,"jetpack_social_post_already_shared":true,"jetpack_social_options":{"image_generator_settings":{"template":"highway","default_image_id":0,"font":"","enabled":false},"version":2}},"categories":[50],"tags":[],"class_list":{"0":"post-25744","1":"post","2":"type-post","3":"status-publish","4":"format-standard","5":"has-post-thumbnail","7":"category-interes-general"},"jetpack_publicize_connections":[],"jetpack_featured_media_url":"https:\/\/i0.wp.com\/larevistadigital.com.ar\/blog\/wp-content\/uploads\/COLGADOS-VIP.png?fit=704%2C362&ssl=1","jetpack_sharing_enabled":true,"jetpack_shortlink":"https:\/\/wp.me\/p8qtrQ-6He","jetpack-related-posts":[{"id":25901,"url":"https:\/\/larevistadigital.com.ar\/blog\/edesur-lo-hizo-concejales-de-juntos-y-el-fdt-rompen-la-grieta-en-defensa-de-los-vecinos-de-lomas-de-zamora\/","url_meta":{"origin":25744,"position":0},"title":"EDESUR LO HIZO: CONCEJALES DE JUNTOS Y EL FDT, ROMPEN LA GRIETA EN DEFENSA DE LOS VECINOS DE LOMAS DE ZAMORA","author":"Alejandro Sosa Ruda","date":"14 junio, 2022","format":false,"excerpt":"Vecinos de distintos barrios del distrito, acompa\u00f1ados por concejales, oficialistas y opositores, protestaron frente a las puertas de la sede local de Edesur para reclamar por la falta del servicio el\u00e9ctrico e irrumpieron en el edificio. En la \u00faltima sesi\u00f3n del HCD hab\u00edan pedido la estatizaci\u00f3n de la empresa. La\u2026","rel":"","context":"En \u00abPOLITICA\u00bb","block_context":{"text":"POLITICA","link":"https:\/\/larevistadigital.com.ar\/blog\/category\/politica\/"},"img":{"alt_text":"","src":"https:\/\/i0.wp.com\/larevistadigital.com.ar\/blog\/wp-content\/uploads\/20220614143803_vecinos-concejales-fdt-juntos-edesur.jpg?fit=880%2C512&ssl=1&resize=350%2C200","width":350,"height":200,"srcset":"https:\/\/i0.wp.com\/larevistadigital.com.ar\/blog\/wp-content\/uploads\/20220614143803_vecinos-concejales-fdt-juntos-edesur.jpg?fit=880%2C512&ssl=1&resize=350%2C200 1x, https:\/\/i0.wp.com\/larevistadigital.com.ar\/blog\/wp-content\/uploads\/20220614143803_vecinos-concejales-fdt-juntos-edesur.jpg?fit=880%2C512&ssl=1&resize=525%2C300 1.5x, https:\/\/i0.wp.com\/larevistadigital.com.ar\/blog\/wp-content\/uploads\/20220614143803_vecinos-concejales-fdt-juntos-edesur.jpg?fit=880%2C512&ssl=1&resize=700%2C400 2x"},"classes":[]},{"id":6035,"url":"https:\/\/larevistadigital.com.ar\/blog\/entre-30-000-y-50-000-millones-el-ajuste-le-licuara-a-vidal-el-fondo-del-conurbano\/","url_meta":{"origin":25744,"position":1},"title":"Entre 30.000 y 50.000 millones: el ajuste le licuar\u00e1 a Vidal el fondo del Conurbano","author":"admin","date":"14 julio, 2018","format":false,"excerpt":"Ese es el tama\u00f1o del impacto que esperan en la Gobernaci\u00f3n. La discusi\u00f3n gira en torno a que responsabilidades Naci\u00f3n les traslada a la Provincia, a pedido de los gobernadores que se muestran intransigentes. A eso se suma el detalle del Presupuesto 2019. Los funcionarios de la provincia de Buenos\u2026","rel":"","context":"En \u00abPOLITICA\u00bb","block_context":{"text":"POLITICA","link":"https:\/\/larevistadigital.com.ar\/blog\/category\/politica\/"},"img":{"alt_text":"","src":"https:\/\/i0.wp.com\/larevistadigital.com.ar\/blog\/wp-content\/uploads\/2018\/07\/85946_3.jpg?fit=862%2C470&ssl=1&resize=350%2C200","width":350,"height":200,"srcset":"https:\/\/i0.wp.com\/larevistadigital.com.ar\/blog\/wp-content\/uploads\/2018\/07\/85946_3.jpg?fit=862%2C470&ssl=1&resize=350%2C200 1x, https:\/\/i0.wp.com\/larevistadigital.com.ar\/blog\/wp-content\/uploads\/2018\/07\/85946_3.jpg?fit=862%2C470&ssl=1&resize=525%2C300 1.5x, https:\/\/i0.wp.com\/larevistadigital.com.ar\/blog\/wp-content\/uploads\/2018\/07\/85946_3.jpg?fit=862%2C470&ssl=1&resize=700%2C400 2x"},"classes":[]},{"id":9231,"url":"https:\/\/larevistadigital.com.ar\/blog\/edesur-fue-multado-en-120-millones-por-problemas-de-atencion-a-los-usuarios\/","url_meta":{"origin":25744,"position":2},"title":"EDESUR FUE MULTADO EN $120 MILLONES POR PROBLEMAS DE ATENCI\u00d3N A LOS USUARIOS","author":"Alejandro Sosa Ruda","date":"20 marzo, 2019","format":false,"excerpt":"La estableci\u00f3 el ENRE. Los inspectores constataron fallas entre enero y junio de 2018 en la atenci\u00f3n al p\u00fablico. Devolver\u00e1n, en promedio, $ 50 por usuario. El Ente Nacional Regulador de la Electricidad (ENRE) mult\u00f3 a Edesur en $ 120 millones. La sanci\u00f3n es por \u201cincumplir los par\u00e1metros de calidad\u2026","rel":"","context":"En \u00abPOLITICA\u00bb","block_context":{"text":"POLITICA","link":"https:\/\/larevistadigital.com.ar\/blog\/category\/politica\/"},"img":{"alt_text":"","src":"https:\/\/i0.wp.com\/larevistadigital.com.ar\/blog\/wp-content\/uploads\/2019\/03\/20190319_222342.jpg?fit=1070%2C604&ssl=1&resize=350%2C200","width":350,"height":200,"srcset":"https:\/\/i0.wp.com\/larevistadigital.com.ar\/blog\/wp-content\/uploads\/2019\/03\/20190319_222342.jpg?fit=1070%2C604&ssl=1&resize=350%2C200 1x, https:\/\/i0.wp.com\/larevistadigital.com.ar\/blog\/wp-content\/uploads\/2019\/03\/20190319_222342.jpg?fit=1070%2C604&ssl=1&resize=525%2C300 1.5x, https:\/\/i0.wp.com\/larevistadigital.com.ar\/blog\/wp-content\/uploads\/2019\/03\/20190319_222342.jpg?fit=1070%2C604&ssl=1&resize=700%2C400 2x, https:\/\/i0.wp.com\/larevistadigital.com.ar\/blog\/wp-content\/uploads\/2019\/03\/20190319_222342.jpg?fit=1070%2C604&ssl=1&resize=1050%2C600 3x"},"classes":[]},{"id":43411,"url":"https:\/\/larevistadigital.com.ar\/blog\/que-paso-apagon-masivo-afecto-a-mas-de-800-mil-usuarios-en-el-amba-en-plena-ola-de-calor\/","url_meta":{"origin":25744,"position":3},"title":"Qu\u00e9 pas\u00f3? Apag\u00f3n masivo afect\u00f3 a m\u00e1s de 800 mil usuarios en el AMBA en plena ola de calor","author":"Alejandro Sosa Ruda","date":"16 enero, 2026","format":false,"excerpt":"Una falla en l\u00edneas de alta tensi\u00f3n de Edenor provoc\u00f3 un corte de luz que impact\u00f3 en barrios de la Ciudad de Buenos Aires y el norte y oeste del conurbano bonaerense. El servicio qued\u00f3 totalmente restablecido hacia la tarde. 16 de enero de 2026 Un corte de energ\u00eda el\u00e9ctrica\u2026","rel":"","context":"En \u00abINTERES GENERAL\u00bb","block_context":{"text":"INTERES GENERAL","link":"https:\/\/larevistadigital.com.ar\/blog\/category\/interes-general\/"},"img":{"alt_text":"","src":"https:\/\/i0.wp.com\/larevistadigital.com.ar\/blog\/wp-content\/uploads\/Captura-de-pantalla-2026-01-16-015139.jpg?fit=912%2C498&ssl=1&resize=350%2C200","width":350,"height":200,"srcset":"https:\/\/i0.wp.com\/larevistadigital.com.ar\/blog\/wp-content\/uploads\/Captura-de-pantalla-2026-01-16-015139.jpg?fit=912%2C498&ssl=1&resize=350%2C200 1x, https:\/\/i0.wp.com\/larevistadigital.com.ar\/blog\/wp-content\/uploads\/Captura-de-pantalla-2026-01-16-015139.jpg?fit=912%2C498&ssl=1&resize=525%2C300 1.5x, https:\/\/i0.wp.com\/larevistadigital.com.ar\/blog\/wp-content\/uploads\/Captura-de-pantalla-2026-01-16-015139.jpg?fit=912%2C498&ssl=1&resize=700%2C400 2x"},"classes":[]},{"id":38931,"url":"https:\/\/larevistadigital.com.ar\/blog\/nuevo-apagon-en-el-amba-mas-de-620-000-usuarios-afectados\/","url_meta":{"origin":25744,"position":4},"title":"Nuevo apag\u00f3n en el AMBA: m\u00e1s de 620.000 usuarios afectados","author":"Alejandro Sosa Ruda","date":"5 marzo, 2025","format":false,"excerpt":"Un segundo corte de luz en el d\u00eda genera caos en Buenos Aires 05 de Marzo de 2025 BUENOS AIRES -\u00a0 El \u00c1rea Metropolitana de Buenos Aires (AMBA) sufri\u00f3 un segundo apag\u00f3n este mi\u00e9rcoles, dejando sin suministro el\u00e9ctrico a m\u00e1s de 620.000 usuarios. La falla ocurri\u00f3 alrededor de las 12:40\u2026","rel":"","context":"En \u00abINTERES GENERAL\u00bb","block_context":{"text":"INTERES GENERAL","link":"https:\/\/larevistadigital.com.ar\/blog\/category\/interes-general\/"},"img":{"alt_text":"","src":"https:\/\/i0.wp.com\/larevistadigital.com.ar\/blog\/wp-content\/uploads\/2019\/03\/810410405c904feca65209eb66a49a3f.jpg?fit=1058%2C791&ssl=1&resize=350%2C200","width":350,"height":200,"srcset":"https:\/\/i0.wp.com\/larevistadigital.com.ar\/blog\/wp-content\/uploads\/2019\/03\/810410405c904feca65209eb66a49a3f.jpg?fit=1058%2C791&ssl=1&resize=350%2C200 1x, https:\/\/i0.wp.com\/larevistadigital.com.ar\/blog\/wp-content\/uploads\/2019\/03\/810410405c904feca65209eb66a49a3f.jpg?fit=1058%2C791&ssl=1&resize=525%2C300 1.5x, https:\/\/i0.wp.com\/larevistadigital.com.ar\/blog\/wp-content\/uploads\/2019\/03\/810410405c904feca65209eb66a49a3f.jpg?fit=1058%2C791&ssl=1&resize=700%2C400 2x, https:\/\/i0.wp.com\/larevistadigital.com.ar\/blog\/wp-content\/uploads\/2019\/03\/810410405c904feca65209eb66a49a3f.jpg?fit=1058%2C791&ssl=1&resize=1050%2C600 3x"},"classes":[]},{"id":36722,"url":"https:\/\/larevistadigital.com.ar\/blog\/chascomus-atencion-barrio-escribano-las-calles-rio-negro-y-chubut-seran-mano-unica\/","url_meta":{"origin":25744,"position":5},"title":"CHASCOM\u00daS: ATENCI\u00d3N BARRIO ESCRIBANO. LAS CALLES R\u00cdO NEGRO Y CHUBUT SER\u00c1N MANO \u00daNICA","author":"Alejandro Sosa Ruda","date":"17 julio, 2024","format":false,"excerpt":"Las dos v\u00edas que atraviesan de norte a sur el barrio Escribano cambiar\u00e1n el sentido de circulaci\u00f3n 17 de Julio de 2024 CHASCOM\u00daS -\u00a0 En el marco de lo dispuesto por la Ordenanza N\u00b05028 y a partir de los trabajos de pavimentaci\u00f3n ya finalizados, las calles R\u00edo Negro y Chubut\u2026","rel":"","context":"En \u00abCHASCOM\u00daS\u00bb","block_context":{"text":"CHASCOM\u00daS","link":"https:\/\/larevistadigital.com.ar\/blog\/category\/chascomus\/"},"img":{"alt_text":"","src":"https:\/\/i0.wp.com\/larevistadigital.com.ar\/blog\/wp-content\/uploads\/66980aae9535d.png?fit=668%2C445&ssl=1&resize=350%2C200","width":350,"height":200,"srcset":"https:\/\/i0.wp.com\/larevistadigital.com.ar\/blog\/wp-content\/uploads\/66980aae9535d.png?fit=668%2C445&ssl=1&resize=350%2C200 1x, https:\/\/i0.wp.com\/larevistadigital.com.ar\/blog\/wp-content\/uploads\/66980aae9535d.png?fit=668%2C445&ssl=1&resize=525%2C300 1.5x"},"classes":[]}],"_links":{"self":[{"href":"https:\/\/larevistadigital.com.ar\/blog\/wp-json\/wp\/v2\/posts\/25744","targetHints":{"allow":["GET"]}}],"collection":[{"href":"https:\/\/larevistadigital.com.ar\/blog\/wp-json\/wp\/v2\/posts"}],"about":[{"href":"https:\/\/larevistadigital.com.ar\/blog\/wp-json\/wp\/v2\/types\/post"}],"author":[{"embeddable":true,"href":"https:\/\/larevistadigital.com.ar\/blog\/wp-json\/wp\/v2\/users\/3"}],"replies":[{"embeddable":true,"href":"https:\/\/larevistadigital.com.ar\/blog\/wp-json\/wp\/v2\/comments?post=25744"}],"version-history":[{"count":2,"href":"https:\/\/larevistadigital.com.ar\/blog\/wp-json\/wp\/v2\/posts\/25744\/revisions"}],"predecessor-version":[{"id":25747,"href":"https:\/\/larevistadigital.com.ar\/blog\/wp-json\/wp\/v2\/posts\/25744\/revisions\/25747"}],"wp:featuredmedia":[{"embeddable":true,"href":"https:\/\/larevistadigital.com.ar\/blog\/wp-json\/wp\/v2\/media\/25745"}],"wp:attachment":[{"href":"https:\/\/larevistadigital.com.ar\/blog\/wp-json\/wp\/v2\/media?parent=25744"}],"wp:term":[{"taxonomy":"category","embeddable":true,"href":"https:\/\/larevistadigital.com.ar\/blog\/wp-json\/wp\/v2\/categories?post=25744"},{"taxonomy":"post_tag","embeddable":true,"href":"https:\/\/larevistadigital.com.ar\/blog\/wp-json\/wp\/v2\/tags?post=25744"}],"curies":[{"name":"wp","href":"https:\/\/api.w.org\/{rel}","templated":true}]}}