{"id":25748,"date":"2022-06-10T12:40:05","date_gmt":"2022-06-10T12:40:05","guid":{"rendered":"https:\/\/larevistadigital.com.ar\/blog\/?p=25748"},"modified":"2022-06-10T12:40:05","modified_gmt":"2022-06-10T12:40:05","slug":"villa-gesell-la-familia-de-marcelo-medina-pide-que-se-fije-una-recompensa-a-un-mes-de-la-desaparicion","status":"publish","type":"post","link":"https:\/\/larevistadigital.com.ar\/blog\/villa-gesell-la-familia-de-marcelo-medina-pide-que-se-fije-una-recompensa-a-un-mes-de-la-desaparicion\/","title":{"rendered":"VILLA GESELL: LA FAMILIA DE MARCELO MEDINA PIDE QUE SE FIJE UNA RECOMPENSA, A UN MES DE LA DESAPARICI\u00d3N"},"content":{"rendered":"<h2 class=\"nota__hero__summary\">La familia volvi\u00f3 a pedir ante la justicia que se establece una suma de dinero para quienes aporten datos sobre el paradero del joven.<\/h2>\n<p><strong>VILLA GESELL &#8211;\u00a0<\/strong> Al cumplirse un mes de la desaparici\u00f3n del joven de 19 a\u00f1os <strong>Marcelo Medina en Villa Gesell,<\/strong>\u00a0la familia insisti\u00f3 ante la justicia en la necesidad de que se establezca una recompensa para quienes puedan aportar datos sobre el paradero del joven que fue\u00a0<strong>visto por \u00faltima vez el 8 de mayo<\/strong>.<\/p>\n<blockquote>\n<h3>Seg\u00fan inform\u00f3 el portal minutog.com.ar, los padres de Medina se reunieron con la Fiscal que entiende en la causa, Ver\u00f3nica Zamboni, y all\u00ed volvieron a plantear\u00a0<strong>el pedido de que se habilite una recompensa<\/strong>\u00a0a trav\u00e9s del Ministerio P\u00fablico Fiscal.<\/h3>\n<\/blockquote>\n<p>\u201cLa fiscal se comprometi\u00f3 a seguir trabajando. Queremos que la gente hable,\u00a0<strong>que nos puedan dar una pista<\/strong>\u201d, se\u00f1alaron los padres al insistir en la necesidad de establecer una recompensa.<\/p>\n<p>Al ausentarse de su casa,<strong> Marcelo Medina<\/strong> vest\u00eda short de color negro, zapatillas negras y buzo tipo canguro con capucha color verde. Cualquier informacio\u0301n llamar al 103 de la Direcci\u00f3n de Defensa Civil o al 911.<\/p>\n","protected":false},"excerpt":{"rendered":"<div class=\"mh-excerpt\"><p>La familia volvi\u00f3 a pedir ante la justicia que se establece una suma de dinero para quienes aporten datos sobre el paradero del joven. VILLA GESELL &#8211;\u00a0 Al cumplirse un mes de la desaparici\u00f3n del <a class=\"mh-excerpt-more\" href=\"https:\/\/larevistadigital.com.ar\/blog\/villa-gesell-la-familia-de-marcelo-medina-pide-que-se-fije-una-recompensa-a-un-mes-de-la-desaparicion\/\" title=\"VILLA GESELL: LA FAMILIA DE MARCELO MEDINA PIDE QUE SE FIJE UNA RECOMPENSA, A UN MES DE LA DESAPARICI\u00d3N\">[Leer M\u00e1s]<\/a><\/p>\n<\/div>","protected":false},"author":3,"featured_media":25749,"comment_status":"open","ping_status":"open","sticky":false,"template":"","format":"standard","meta":{"_jetpack_memberships_contains_paid_content":false,"footnotes":"","jetpack_publicize_message":"","jetpack_publicize_feature_enabled":true,"jetpack_social_post_already_shared":true,"jetpack_social_options":{"image_generator_settings":{"template":"highway","default_image_id":0,"font":"","enabled":false},"version":2}},"categories":[51],"tags":[],"class_list":{"0":"post-25748","1":"post","2":"type-post","3":"status-publish","4":"format-standard","5":"has-post-thumbnail","7":"category-regionales"},"jetpack_publicize_connections":[],"jetpack_featured_media_url":"https:\/\/i0.wp.com\/larevistadigital.com.ar\/blog\/wp-content\/uploads\/c21d150910a85dbccdedb8cd095d23207fd4384d.jpg?fit=1140%2C877&ssl=1","jetpack_sharing_enabled":true,"jetpack_shortlink":"https:\/\/wp.me\/p8qtrQ-6Hi","jetpack-related-posts":[{"id":21312,"url":"https:\/\/larevistadigital.com.ar\/blog\/villa-gesell-suben-a-1-500-000-la-recompensa-por-informacion-sobre-el-paradero-de-un-anena-desaparecida-hace-11-anos\/","url_meta":{"origin":25748,"position":0},"title":"VILLA GESELL: SUBEN A $1.500.000.- LA RECOMPENSA POR INFORMACI\u00d3N SOBRE EL PARADERO DE UN ANENA DESAPARECIDA HACE 11 A\u00d1OS","author":"Alejandro Sosa Ruda","date":"30 julio, 2021","format":false,"excerpt":"Se trata de Agostina Sorich quien fue vista por \u00faltima vez en octubre de 2010 cuando ten\u00eda 12 a\u00f1os. VILLA GESELL -\u00a0 El ministerio de Seguridad de la provincia de Buenos Aires decidi\u00f3 elevar la recompensa para quienes puedan aportar datos en torno a la investigaci\u00f3n de la desaparici\u00f3n de\u2026","rel":"","context":"En \u00abPOLICIALES\u00bb","block_context":{"text":"POLICIALES","link":"https:\/\/larevistadigital.com.ar\/blog\/category\/policiales\/"},"img":{"alt_text":"","src":"https:\/\/i0.wp.com\/larevistadigital.com.ar\/blog\/wp-content\/uploads\/a23f3cb50c827defdcf731cb50cde3b3f3994fbd.jpg?fit=1140%2C783&ssl=1&resize=350%2C200","width":350,"height":200,"srcset":"https:\/\/i0.wp.com\/larevistadigital.com.ar\/blog\/wp-content\/uploads\/a23f3cb50c827defdcf731cb50cde3b3f3994fbd.jpg?fit=1140%2C783&ssl=1&resize=350%2C200 1x, https:\/\/i0.wp.com\/larevistadigital.com.ar\/blog\/wp-content\/uploads\/a23f3cb50c827defdcf731cb50cde3b3f3994fbd.jpg?fit=1140%2C783&ssl=1&resize=525%2C300 1.5x, https:\/\/i0.wp.com\/larevistadigital.com.ar\/blog\/wp-content\/uploads\/a23f3cb50c827defdcf731cb50cde3b3f3994fbd.jpg?fit=1140%2C783&ssl=1&resize=700%2C400 2x, https:\/\/i0.wp.com\/larevistadigital.com.ar\/blog\/wp-content\/uploads\/a23f3cb50c827defdcf731cb50cde3b3f3994fbd.jpg?fit=1140%2C783&ssl=1&resize=1050%2C600 3x"},"classes":[]},{"id":27080,"url":"https:\/\/larevistadigital.com.ar\/blog\/macabro-hallan-un-maxilar-inferior-en-una-playa-de-villa-gesell\/","url_meta":{"origin":25748,"position":1},"title":"MACABRO: HALLAN UN MAXILAR INFERIOR EN UNA PLAYA DE VILLA GESELL","author":"Alejandro Sosa Ruda","date":"9 agosto, 2022","format":false,"excerpt":"Un hallazgo misterioso se dio ayer en las playas del sur de Villa Gesell luego de que vecinos caminando por la playa se encontraran con restos \u00f3seos. VILLA GESELL -\u00a0 Se tratar\u00eda de un maxilar inferior con piezas dentales, por lo que la muestra ser\u00e1 pronta derivada a que se\u2026","rel":"","context":"En \u00abPOLICIALES\u00bb","block_context":{"text":"POLICIALES","link":"https:\/\/larevistadigital.com.ar\/blog\/category\/policiales\/"},"img":{"alt_text":"","src":"https:\/\/i0.wp.com\/larevistadigital.com.ar\/blog\/wp-content\/uploads\/557d9c9004fe9a483588437c0f28eb2796600d25.jpg?fit=880%2C512&ssl=1&resize=350%2C200","width":350,"height":200,"srcset":"https:\/\/i0.wp.com\/larevistadigital.com.ar\/blog\/wp-content\/uploads\/557d9c9004fe9a483588437c0f28eb2796600d25.jpg?fit=880%2C512&ssl=1&resize=350%2C200 1x, https:\/\/i0.wp.com\/larevistadigital.com.ar\/blog\/wp-content\/uploads\/557d9c9004fe9a483588437c0f28eb2796600d25.jpg?fit=880%2C512&ssl=1&resize=525%2C300 1.5x, https:\/\/i0.wp.com\/larevistadigital.com.ar\/blog\/wp-content\/uploads\/557d9c9004fe9a483588437c0f28eb2796600d25.jpg?fit=880%2C512&ssl=1&resize=700%2C400 2x"},"classes":[]},{"id":36374,"url":"https:\/\/larevistadigital.com.ar\/blog\/un-joven-de-villa-gesell-murio-en-brasil-atropellado-por-un-auto-y-su-familia-hace-una-colecta-para-traer-sus-restos\/","url_meta":{"origin":25748,"position":2},"title":"UN JOVEN DE VILLA GESELL MURI\u00d3 EN BRASIL ATROPELLADO POR UN AUTO, Y SU FAMILIA HACE UNA COLECTA PARA TRAER SUS RESTOS","author":"Alejandro Sosa Ruda","date":"21 junio, 2024","format":false,"excerpt":"Ariel Cabral un chico geselino, sufri\u00f3 un accidente fatal en Brasil, su familia geselina , esta destrozada por lo ocurrido. Se realizaron los tr\u00e1mites correspondientes, mediante v\u00eda Cancilleria y las autoridades locales de Brasil, para traer los restos del joven, la familia debe costear el traslado en su totalidad, y\u2026","rel":"","context":"En \u00abREGIONALES\u00bb","block_context":{"text":"REGIONALES","link":"https:\/\/larevistadigital.com.ar\/blog\/category\/regionales\/"},"img":{"alt_text":"","src":"https:\/\/i0.wp.com\/larevistadigital.com.ar\/blog\/wp-content\/uploads\/2-19.jpg?fit=700%2C700&ssl=1&resize=350%2C200","width":350,"height":200,"srcset":"https:\/\/i0.wp.com\/larevistadigital.com.ar\/blog\/wp-content\/uploads\/2-19.jpg?fit=700%2C700&ssl=1&resize=350%2C200 1x, https:\/\/i0.wp.com\/larevistadigital.com.ar\/blog\/wp-content\/uploads\/2-19.jpg?fit=700%2C700&ssl=1&resize=525%2C300 1.5x, https:\/\/i0.wp.com\/larevistadigital.com.ar\/blog\/wp-content\/uploads\/2-19.jpg?fit=700%2C700&ssl=1&resize=700%2C400 2x"},"classes":[]},{"id":39014,"url":"https:\/\/larevistadigital.com.ar\/blog\/detienen-a-un-menor-por-el-homicidio-de-un-joven-en-villa-gesell\/","url_meta":{"origin":25748,"position":3},"title":"Detienen a un menor por el homicidio de un joven en Villa Gesell","author":"Alejandro Sosa Ruda","date":"14 marzo, 2025","format":false,"excerpt":"La v\u00edctima hab\u00eda recibido una brutal golpiza y permaneci\u00f3 en terapia intensiva antes de fallecer. 15 De Marzo de 2025 VILLA GESELL\u00a0 -\u00a0 En el marco de la investigaci\u00f3n por el asesinato de Jes\u00fas Lezcano, un joven de 23 a\u00f1os que muri\u00f3 tras ser brutalmente golpeado en Villa Gesell, las\u2026","rel":"","context":"En \u00abPOLICIALES\u00bb","block_context":{"text":"POLICIALES","link":"https:\/\/larevistadigital.com.ar\/blog\/category\/policiales\/"},"img":{"alt_text":"","src":"https:\/\/i0.wp.com\/larevistadigital.com.ar\/blog\/wp-content\/uploads\/c90fbb9d323280cb7cdaac6908156eb64c198b43.jpg?fit=1140%2C642&ssl=1&resize=350%2C200","width":350,"height":200,"srcset":"https:\/\/i0.wp.com\/larevistadigital.com.ar\/blog\/wp-content\/uploads\/c90fbb9d323280cb7cdaac6908156eb64c198b43.jpg?fit=1140%2C642&ssl=1&resize=350%2C200 1x, https:\/\/i0.wp.com\/larevistadigital.com.ar\/blog\/wp-content\/uploads\/c90fbb9d323280cb7cdaac6908156eb64c198b43.jpg?fit=1140%2C642&ssl=1&resize=525%2C300 1.5x, https:\/\/i0.wp.com\/larevistadigital.com.ar\/blog\/wp-content\/uploads\/c90fbb9d323280cb7cdaac6908156eb64c198b43.jpg?fit=1140%2C642&ssl=1&resize=700%2C400 2x, https:\/\/i0.wp.com\/larevistadigital.com.ar\/blog\/wp-content\/uploads\/c90fbb9d323280cb7cdaac6908156eb64c198b43.jpg?fit=1140%2C642&ssl=1&resize=1050%2C600 3x"},"classes":[]},{"id":20817,"url":"https:\/\/larevistadigital.com.ar\/blog\/villa-gesell-detienen-a-sujeto-por-abuso-sexual\/","url_meta":{"origin":25748,"position":4},"title":"VILLA GESELL: DETIENEN A SUJETO POR ABUSO SEXUAL","author":"Alejandro Sosa Ruda","date":"22 junio, 2021","format":false,"excerpt":"VILLA GESELL - La madre de una joven de 17 a\u00f1os denunci\u00f3 a su ex pareja por el abuso de la menor en Villa Gesell. Pero, minutos antes de que la mujer realice la denuncia, el hombre de 57 a\u00f1os se present\u00f3 en la dependencia policial expresando que hab\u00eda abusado\u2026","rel":"","context":"En \u00abPOLICIALES\u00bb","block_context":{"text":"POLICIALES","link":"https:\/\/larevistadigital.com.ar\/blog\/category\/policiales\/"},"img":{"alt_text":"","src":"https:\/\/i0.wp.com\/larevistadigital.com.ar\/blog\/wp-content\/uploads\/6293d05cedac45dbdf493a68ef3916bb67d86121.jpg?fit=1140%2C759&ssl=1&resize=350%2C200","width":350,"height":200,"srcset":"https:\/\/i0.wp.com\/larevistadigital.com.ar\/blog\/wp-content\/uploads\/6293d05cedac45dbdf493a68ef3916bb67d86121.jpg?fit=1140%2C759&ssl=1&resize=350%2C200 1x, https:\/\/i0.wp.com\/larevistadigital.com.ar\/blog\/wp-content\/uploads\/6293d05cedac45dbdf493a68ef3916bb67d86121.jpg?fit=1140%2C759&ssl=1&resize=525%2C300 1.5x, https:\/\/i0.wp.com\/larevistadigital.com.ar\/blog\/wp-content\/uploads\/6293d05cedac45dbdf493a68ef3916bb67d86121.jpg?fit=1140%2C759&ssl=1&resize=700%2C400 2x, https:\/\/i0.wp.com\/larevistadigital.com.ar\/blog\/wp-content\/uploads\/6293d05cedac45dbdf493a68ef3916bb67d86121.jpg?fit=1140%2C759&ssl=1&resize=1050%2C600 3x"},"classes":[]},{"id":39569,"url":"https:\/\/larevistadigital.com.ar\/blog\/horror-en-villa-gesell-rescatan-a-un-joven-discapacitado-que-vivia-en-el-abandono-mas-cruel\/","url_meta":{"origin":25748,"position":5},"title":"Horror en Villa Gesell: Rescatan a un joven discapacitado que viv\u00eda en el abandono m\u00e1s cruel","author":"Alejandro Sosa Ruda","date":"27 abril, 2025","format":false,"excerpt":"Una vecina escuch\u00f3 sus gritos de auxilio y salv\u00f3 al muchacho de 34 a\u00f1os. La madre fue imputada por abandono agravado por el v\u00ednculo. 27 de Abril de 2025 CHASCOM\u00daS -\u00a0 \u00a0Un dram\u00e1tico caso de presunto abandono agravado por el v\u00ednculo conmociona a Villa Gesell. Todo sali\u00f3 a la luz\u2026","rel":"","context":"En \u00abPOLICIALES\u00bb","block_context":{"text":"POLICIALES","link":"https:\/\/larevistadigital.com.ar\/blog\/category\/policiales\/"},"img":{"alt_text":"","src":"https:\/\/i0.wp.com\/larevistadigital.com.ar\/blog\/wp-content\/uploads\/474abe1d8d4a17d5cd0215e18d91c2c904d941b2.jpg?fit=1140%2C759&ssl=1&resize=350%2C200","width":350,"height":200,"srcset":"https:\/\/i0.wp.com\/larevistadigital.com.ar\/blog\/wp-content\/uploads\/474abe1d8d4a17d5cd0215e18d91c2c904d941b2.jpg?fit=1140%2C759&ssl=1&resize=350%2C200 1x, https:\/\/i0.wp.com\/larevistadigital.com.ar\/blog\/wp-content\/uploads\/474abe1d8d4a17d5cd0215e18d91c2c904d941b2.jpg?fit=1140%2C759&ssl=1&resize=525%2C300 1.5x, https:\/\/i0.wp.com\/larevistadigital.com.ar\/blog\/wp-content\/uploads\/474abe1d8d4a17d5cd0215e18d91c2c904d941b2.jpg?fit=1140%2C759&ssl=1&resize=700%2C400 2x, https:\/\/i0.wp.com\/larevistadigital.com.ar\/blog\/wp-content\/uploads\/474abe1d8d4a17d5cd0215e18d91c2c904d941b2.jpg?fit=1140%2C759&ssl=1&resize=1050%2C600 3x"},"classes":[]}],"_links":{"self":[{"href":"https:\/\/larevistadigital.com.ar\/blog\/wp-json\/wp\/v2\/posts\/25748","targetHints":{"allow":["GET"]}}],"collection":[{"href":"https:\/\/larevistadigital.com.ar\/blog\/wp-json\/wp\/v2\/posts"}],"about":[{"href":"https:\/\/larevistadigital.com.ar\/blog\/wp-json\/wp\/v2\/types\/post"}],"author":[{"embeddable":true,"href":"https:\/\/larevistadigital.com.ar\/blog\/wp-json\/wp\/v2\/users\/3"}],"replies":[{"embeddable":true,"href":"https:\/\/larevistadigital.com.ar\/blog\/wp-json\/wp\/v2\/comments?post=25748"}],"version-history":[{"count":1,"href":"https:\/\/larevistadigital.com.ar\/blog\/wp-json\/wp\/v2\/posts\/25748\/revisions"}],"predecessor-version":[{"id":25750,"href":"https:\/\/larevistadigital.com.ar\/blog\/wp-json\/wp\/v2\/posts\/25748\/revisions\/25750"}],"wp:featuredmedia":[{"embeddable":true,"href":"https:\/\/larevistadigital.com.ar\/blog\/wp-json\/wp\/v2\/media\/25749"}],"wp:attachment":[{"href":"https:\/\/larevistadigital.com.ar\/blog\/wp-json\/wp\/v2\/media?parent=25748"}],"wp:term":[{"taxonomy":"category","embeddable":true,"href":"https:\/\/larevistadigital.com.ar\/blog\/wp-json\/wp\/v2\/categories?post=25748"},{"taxonomy":"post_tag","embeddable":true,"href":"https:\/\/larevistadigital.com.ar\/blog\/wp-json\/wp\/v2\/tags?post=25748"}],"curies":[{"name":"wp","href":"https:\/\/api.w.org\/{rel}","templated":true}]}}