{"id":25755,"date":"2022-06-10T13:14:55","date_gmt":"2022-06-10T13:14:55","guid":{"rendered":"https:\/\/larevistadigital.com.ar\/blog\/?p=25755"},"modified":"2022-06-10T13:17:05","modified_gmt":"2022-06-10T13:17:05","slug":"25755-2","status":"publish","type":"post","link":"https:\/\/larevistadigital.com.ar\/blog\/25755-2\/","title":{"rendered":"CABA PROHIBI\u00d3 EL USO DEL LENGUAJE INCLUSIVO EN LAS ESCUELAS"},"content":{"rendered":"<h2>La Ciudad de Buenos Aires regular\u00e1 el uso del lenguaje inclusivo en las escuelas para \u00abfacilitar el proceso de aprendizaje de los alumnos\u00bb<\/h2>\n<p>El gobierno de la Ciudad de Buenos Aires emiti\u00f3 una circular a todas las escuelas porte\u00f1as para prohibir el uso del lenguaje inclusivo a todos los contenidos que dictan docentes en clase, al material que se le entrega a estudiantes y a documentos oficiales de los establecimientos educativos.<\/p>\n<blockquote>\n<h3>Esta nueva medida, a cumplirse en las escuelas de todos los niveles a partir de ma\u00f1ana,<em><strong> se inscribe entre las acciones que adopt\u00f3 el Ministerio de Educaci\u00f3n porte\u00f1o, tras los resultados de unos ex\u00e1menes en comprensi\u00f3n lectora \u201cdonde hubo un retroceso de al menos cuatro a\u00f1os\u201d.<\/strong><\/em><\/h3>\n<\/blockquote>\n<p><em><strong>\u201cEs una medida para facilitar la forma en que nuestros chicos y chicas aprenden y adquieren el lenguaje\u201d<\/strong><\/em>, destaca la resoluci\u00f3n y agrega que<em><strong> \u201cla deformaci\u00f3n en el uso del lenguaje tiene un impacto negativo en los aprendizajes, m\u00e1xime considerando las consecuencias de la pandemia\u201d.<\/strong><\/em><\/p>\n<blockquote>\n<h3>El Ministerio destaca que se han desarrollando acciones \u201cque garantizan la inclusi\u00f3n educativa\u201d y que ya en Francia y en Uruguay \u201cse desaconsej\u00f3 el uso del lenguaje inclusivo\u201d. l<\/h3>\n<\/blockquote>\n<p>Mediante su nueva resoluci\u00f3n del Ministerio de Educaci\u00f3n, la Ciudad regula as\u00ed la utilizaci\u00f3n de la e, x, @, etc. por parte de los docentes en las escuelas. Adem\u00e1s, brinda una gu\u00eda de pr\u00e1cticas y recomendaciones para una comunicaci\u00f3n inclusiva. El objetivo es ordenar el uso del lenguaje para facilitar el proceso de aprendizaje de los estudiantes, que se vi\u00f3 significativamente afectado como consecuencia de la pandemia por COVID-19.<\/p>\n<blockquote>\n<h3>La semana pasada, la Ciudad present\u00f3 los resultados de las evaluaciones FEPBA (Finalizaci\u00f3n de Estudios Primarios de la Ciudad de Buenos Aires) y TESBA (Tercer a\u00f1o de Estudios Secundarios de la Ciudad de Buenos Aires) que ponen en evidencia la realidad educativa de los alumnos. Lo m\u00e1s afectado fue la comprensi\u00f3n lectora en lo que se obtuvo un resultado promedio que demuestra un retroceso de casi 4 a\u00f1os.<\/h3>\n<\/blockquote>\n<p>La nueva norma se basa en la premisa de que la lengua espa\u00f1ola brinda diversas opciones para comunicarse de manera inclusiva sin necesidad de tergiversarla, ni de agregar mayor complejidad a la comprensi\u00f3n y fluidez lectora.<\/p>\n<p>La medida aplica \u00fanicamente a los contenidos que dictan los docentes en clase, al material que se le entrega a los estudiantes y a documentos oficiales de los establecimientos educativos.<\/p>\n<p>publicado en la capital<\/p>\n<p>&nbsp;<\/p>\n","protected":false},"excerpt":{"rendered":"<div class=\"mh-excerpt\"><p>La Ciudad de Buenos Aires regular\u00e1 el uso del lenguaje inclusivo en las escuelas para \u00abfacilitar el proceso de aprendizaje de los alumnos\u00bb El gobierno de la Ciudad de Buenos Aires emiti\u00f3 una circular a <a class=\"mh-excerpt-more\" href=\"https:\/\/larevistadigital.com.ar\/blog\/25755-2\/\" title=\"CABA PROHIBI\u00d3 EL USO DEL LENGUAJE INCLUSIVO EN LAS ESCUELAS\">[Leer M\u00e1s]<\/a><\/p>\n<\/div>","protected":false},"author":3,"featured_media":25756,"comment_status":"open","ping_status":"open","sticky":false,"template":"","format":"standard","meta":{"_jetpack_memberships_contains_paid_content":false,"footnotes":"","jetpack_publicize_message":"","jetpack_publicize_feature_enabled":true,"jetpack_social_post_already_shared":true,"jetpack_social_options":{"image_generator_settings":{"template":"highway","default_image_id":0,"font":"","enabled":false},"version":2}},"categories":[50],"tags":[],"class_list":{"0":"post-25755","1":"post","2":"type-post","3":"status-publish","4":"format-standard","5":"has-post-thumbnail","7":"category-interes-general"},"jetpack_publicize_connections":[],"jetpack_featured_media_url":"https:\/\/i0.wp.com\/larevistadigital.com.ar\/blog\/wp-content\/uploads\/Captura-de-pantalla-2022-06-10-101148.png?fit=797%2C444&ssl=1","jetpack_sharing_enabled":true,"jetpack_shortlink":"https:\/\/wp.me\/p8qtrQ-6Hp","jetpack-related-posts":[{"id":25879,"url":"https:\/\/larevistadigital.com.ar\/blog\/interna-de-juntos-manes-dice-que-la-prohibicion-del-lenguaje-inclusivo-es-fulbito-para-la-tribuna\/","url_meta":{"origin":25755,"position":0},"title":"INTERNA DE JUNTOS: MANES DICE QUE LA PROHIBICI\u00d3N DEL LENGUAJE INCLUSIVO ES \u00abFULBITO PARA LA TRIBUNA\u00bb","author":"Alejandro Sosa Ruda","date":"13 junio, 2022","format":false,"excerpt":"El diputado nacional de la alianza Juntos critic\u00f3 la pol\u00e9mica frase de la ministra de Educaci\u00f3n porte\u00f1a, al tiempo que cuestion\u00f3 la gesti\u00f3n del gobierno porte\u00f1o en ese \u00e1rea encabeza la ministra Soledad Acu\u00f1a : \u201cSe viene bajando el presupuesto educativo desde los \u00faltimos 14 a\u00f1os de gesti\u00f3n del PRO\u201d,\u2026","rel":"","context":"En \u00abPOLITICA\u00bb","block_context":{"text":"POLITICA","link":"https:\/\/larevistadigital.com.ar\/blog\/category\/politica\/"},"img":{"alt_text":"","src":"https:\/\/i0.wp.com\/larevistadigital.com.ar\/blog\/wp-content\/uploads\/20220613154454_manes-critica-lenguaje-inclusivo-presupuesto-caba.jpg?fit=880%2C512&ssl=1&resize=350%2C200","width":350,"height":200,"srcset":"https:\/\/i0.wp.com\/larevistadigital.com.ar\/blog\/wp-content\/uploads\/20220613154454_manes-critica-lenguaje-inclusivo-presupuesto-caba.jpg?fit=880%2C512&ssl=1&resize=350%2C200 1x, https:\/\/i0.wp.com\/larevistadigital.com.ar\/blog\/wp-content\/uploads\/20220613154454_manes-critica-lenguaje-inclusivo-presupuesto-caba.jpg?fit=880%2C512&ssl=1&resize=525%2C300 1.5x, https:\/\/i0.wp.com\/larevistadigital.com.ar\/blog\/wp-content\/uploads\/20220613154454_manes-critica-lenguaje-inclusivo-presupuesto-caba.jpg?fit=880%2C512&ssl=1&resize=700%2C400 2x"},"classes":[]},{"id":20845,"url":"https:\/\/larevistadigital.com.ar\/blog\/presentaron-un-proyecto-de-ley-rohibiendo-el-uso-del-lenguaje-inclusivo-en-el-gobierno-y-las-escuelas\/","url_meta":{"origin":25755,"position":1},"title":"PRESENTARON UN PROYECTO DE LEY ROHIBIENDO EL USO DEL \u00abLENGUAJE INCLUSIVO\u00bb EN EL GOBIERNO Y LAS ESCUELAS","author":"Alejandro Sosa Ruda","date":"22 junio, 2021","format":false,"excerpt":"La iniciativa lleg\u00f3 a la C\u00e1mara de Diputados por las abogadas Cynthia Ginni y Patricia Paternesi. Cuenta con una nota de adhesi\u00f3n del constitucionalista F\u00e9lix Lonigro. el objetivo es implementarlo en los poderes Ejecutivo, Legislativo y Judicial En nuestro pai\u0301s cada vez es ma\u0301s comu\u0301n escuchar y leer en documentos\u2026","rel":"","context":"En \u00abDESTACADAS\u00bb","block_context":{"text":"DESTACADAS","link":"https:\/\/larevistadigital.com.ar\/blog\/category\/destacadas\/"},"img":{"alt_text":"","src":"https:\/\/i0.wp.com\/larevistadigital.com.ar\/blog\/wp-content\/uploads\/INCLUSIVO.png?fit=985%2C561&ssl=1&resize=350%2C200","width":350,"height":200,"srcset":"https:\/\/i0.wp.com\/larevistadigital.com.ar\/blog\/wp-content\/uploads\/INCLUSIVO.png?fit=985%2C561&ssl=1&resize=350%2C200 1x, https:\/\/i0.wp.com\/larevistadigital.com.ar\/blog\/wp-content\/uploads\/INCLUSIVO.png?fit=985%2C561&ssl=1&resize=525%2C300 1.5x, https:\/\/i0.wp.com\/larevistadigital.com.ar\/blog\/wp-content\/uploads\/INCLUSIVO.png?fit=985%2C561&ssl=1&resize=700%2C400 2x"},"classes":[]},{"id":14123,"url":"https:\/\/larevistadigital.com.ar\/blog\/el-pami-establecio-que-todas-las-disposiciones-sean-escritas-en-lenguaje-inclusivo\/","url_meta":{"origin":25755,"position":2},"title":"EL PAMI ESTABLECI\u00d3 QUE TODAS LAS DISPOSICIONES SEAN ESCRITAS EN LENGUAJE INCLUSIVO","author":"Alejandro Sosa Ruda","date":"13 enero, 2020","format":false,"excerpt":"Luana Volnovich dispuso adem\u00e1s que todo el personal haga la capacitaci\u00f3n en igualdad de g\u00e9nero fijada por la Ley Micaela. La directora ejecutiva del Programa de Atenci\u00f3n M\u00e9dica Integral (PAMI), Luana Volnovich, estableci\u00f3 que todas las disposiciones y circulares del Instituto Nacional de Servicios Sociales para Jubilados y Pensionados sean\u2026","rel":"","context":"En \u00abINTERES GENERAL\u00bb","block_context":{"text":"INTERES GENERAL","link":"https:\/\/larevistadigital.com.ar\/blog\/category\/interes-general\/"},"img":{"alt_text":"","src":"https:\/\/i0.wp.com\/larevistadigital.com.ar\/blog\/wp-content\/uploads\/luana.jpg?fit=680%2C383&ssl=1&resize=350%2C200","width":350,"height":200,"srcset":"https:\/\/i0.wp.com\/larevistadigital.com.ar\/blog\/wp-content\/uploads\/luana.jpg?fit=680%2C383&ssl=1&resize=350%2C200 1x, https:\/\/i0.wp.com\/larevistadigital.com.ar\/blog\/wp-content\/uploads\/luana.jpg?fit=680%2C383&ssl=1&resize=525%2C300 1.5x"},"classes":[]},{"id":10974,"url":"https:\/\/larevistadigital.com.ar\/blog\/nada-de-todes-ni-nosotres-la-real-academia-espanola-freno-el-lenguaje-inclusivo\/","url_meta":{"origin":25755,"position":3},"title":"\u00abNADA DE TODES NI NOSOTRES\u00bb: LA REAL ACADEMIA ESPA\u00d1OLA FREN\u00d3 EL LENGUAJE INCLUSIVO","author":"Alejandro Sosa Ruda","date":"1 julio, 2019","format":false,"excerpt":"Public\u00f3 un manual en el que juzga \u201cinnecesario\u201d el uso de la \u201ce\u201d en vez de la \u201co\u201d para incluir a hombres y mujeres en los plurales. \u201cNo hay que confundir gram\u00e1tica con machismo\u201d, sentenci\u00f3. La definici\u00f3n de la Real Academia Espa\u00f1ola ni se hizo esperar ni sorprendi\u00f3. Para que\u2026","rel":"","context":"En \u00abINTERES GENERAL\u00bb","block_context":{"text":"INTERES GENERAL","link":"https:\/\/larevistadigital.com.ar\/blog\/category\/interes-general\/"},"img":{"alt_text":"","src":"https:\/\/i0.wp.com\/larevistadigital.com.ar\/blog\/wp-content\/uploads\/Screenshot_2-15.jpg?fit=1200%2C586&ssl=1&resize=350%2C200","width":350,"height":200,"srcset":"https:\/\/i0.wp.com\/larevistadigital.com.ar\/blog\/wp-content\/uploads\/Screenshot_2-15.jpg?fit=1200%2C586&ssl=1&resize=350%2C200 1x, https:\/\/i0.wp.com\/larevistadigital.com.ar\/blog\/wp-content\/uploads\/Screenshot_2-15.jpg?fit=1200%2C586&ssl=1&resize=525%2C300 1.5x, https:\/\/i0.wp.com\/larevistadigital.com.ar\/blog\/wp-content\/uploads\/Screenshot_2-15.jpg?fit=1200%2C586&ssl=1&resize=700%2C400 2x, https:\/\/i0.wp.com\/larevistadigital.com.ar\/blog\/wp-content\/uploads\/Screenshot_2-15.jpg?fit=1200%2C586&ssl=1&resize=1050%2C600 3x"},"classes":[]},{"id":10553,"url":"https:\/\/larevistadigital.com.ar\/blog\/la-universidad-de-chubut-aprobo-el-uso-de-lenguaje-inclusivo-en-tesis-y-trabajos-practicos\/","url_meta":{"origin":25755,"position":4},"title":"LA UNIVERSIDAD DE CHUBUT APROB\u00d3 EL USO DE LENGUAJE INCLUSIVO EN TESIS Y TRABAJOS PR\u00c1CTICOS","author":"Alejandro Sosa Ruda","date":"11 junio, 2019","format":false,"excerpt":"La Facultad de Humanidades y Ciencias Sociales de la Universidad Nacional de la Patagonia San Juan Bosco aprob\u00f3 que cualquier pr\u00e1ctica acad\u00e9mica pueda ser presentada de esta manera Todes, chiques, compa\u00f1eres o les estudiantes: el uso de la \"e\" como forma de\u00a0expresarse en un t\u00e9rmino gen\u00e9rico desde hace unos a\u00f1os\u2026","rel":"","context":"En \u00abPOLITICA\u00bb","block_context":{"text":"POLITICA","link":"https:\/\/larevistadigital.com.ar\/blog\/category\/politica\/"},"img":{"alt_text":"","src":"https:\/\/i0.wp.com\/larevistadigital.com.ar\/blog\/wp-content\/uploads\/Screenshot_2-7.jpg?fit=937%2C524&ssl=1&resize=350%2C200","width":350,"height":200,"srcset":"https:\/\/i0.wp.com\/larevistadigital.com.ar\/blog\/wp-content\/uploads\/Screenshot_2-7.jpg?fit=937%2C524&ssl=1&resize=350%2C200 1x, https:\/\/i0.wp.com\/larevistadigital.com.ar\/blog\/wp-content\/uploads\/Screenshot_2-7.jpg?fit=937%2C524&ssl=1&resize=525%2C300 1.5x, https:\/\/i0.wp.com\/larevistadigital.com.ar\/blog\/wp-content\/uploads\/Screenshot_2-7.jpg?fit=937%2C524&ssl=1&resize=700%2C400 2x"},"classes":[]},{"id":31479,"url":"https:\/\/larevistadigital.com.ar\/blog\/extrana-amenaza-simultanea-a-10-colegios-del-conurbano-y-la-ciudad-de-buenos-aires\/","url_meta":{"origin":25755,"position":5},"title":"EXTRA\u00d1A AMENAZA SIMULT\u00c1NEA A 10 COLEGIOS DEL CONURBANO Y LA CIUDAD DE BUENOS AIRES","author":"Alejandro Sosa Ruda","date":"10 mayo, 2023","format":false,"excerpt":"En el conurbano se vieron afectadas instituciones privadas tanto de Zona Norte como de Zona Sur, en San Isidro, Pilar, Vicente L\u00f3pez, Lomas de Zamora, Quilmes y Lan\u00fas. 9 de Mayo de 2023 Al menos 11 escuelas de gesti\u00f3n privada de la Ciudad de Buenos Aires y el conurbano bonaerense\u2026","rel":"","context":"En \u00abINTERES GENERAL\u00bb","block_context":{"text":"INTERES GENERAL","link":"https:\/\/larevistadigital.com.ar\/blog\/category\/interes-general\/"},"img":{"alt_text":"","src":"https:\/\/i0.wp.com\/larevistadigital.com.ar\/blog\/wp-content\/uploads\/amenaza.png?fit=700%2C438&ssl=1&resize=350%2C200","width":350,"height":200,"srcset":"https:\/\/i0.wp.com\/larevistadigital.com.ar\/blog\/wp-content\/uploads\/amenaza.png?fit=700%2C438&ssl=1&resize=350%2C200 1x, https:\/\/i0.wp.com\/larevistadigital.com.ar\/blog\/wp-content\/uploads\/amenaza.png?fit=700%2C438&ssl=1&resize=525%2C300 1.5x, https:\/\/i0.wp.com\/larevistadigital.com.ar\/blog\/wp-content\/uploads\/amenaza.png?fit=700%2C438&ssl=1&resize=700%2C400 2x"},"classes":[]}],"_links":{"self":[{"href":"https:\/\/larevistadigital.com.ar\/blog\/wp-json\/wp\/v2\/posts\/25755","targetHints":{"allow":["GET"]}}],"collection":[{"href":"https:\/\/larevistadigital.com.ar\/blog\/wp-json\/wp\/v2\/posts"}],"about":[{"href":"https:\/\/larevistadigital.com.ar\/blog\/wp-json\/wp\/v2\/types\/post"}],"author":[{"embeddable":true,"href":"https:\/\/larevistadigital.com.ar\/blog\/wp-json\/wp\/v2\/users\/3"}],"replies":[{"embeddable":true,"href":"https:\/\/larevistadigital.com.ar\/blog\/wp-json\/wp\/v2\/comments?post=25755"}],"version-history":[{"count":3,"href":"https:\/\/larevistadigital.com.ar\/blog\/wp-json\/wp\/v2\/posts\/25755\/revisions"}],"predecessor-version":[{"id":25759,"href":"https:\/\/larevistadigital.com.ar\/blog\/wp-json\/wp\/v2\/posts\/25755\/revisions\/25759"}],"wp:featuredmedia":[{"embeddable":true,"href":"https:\/\/larevistadigital.com.ar\/blog\/wp-json\/wp\/v2\/media\/25756"}],"wp:attachment":[{"href":"https:\/\/larevistadigital.com.ar\/blog\/wp-json\/wp\/v2\/media?parent=25755"}],"wp:term":[{"taxonomy":"category","embeddable":true,"href":"https:\/\/larevistadigital.com.ar\/blog\/wp-json\/wp\/v2\/categories?post=25755"},{"taxonomy":"post_tag","embeddable":true,"href":"https:\/\/larevistadigital.com.ar\/blog\/wp-json\/wp\/v2\/tags?post=25755"}],"curies":[{"name":"wp","href":"https:\/\/api.w.org\/{rel}","templated":true}]}}