{"id":25762,"date":"2022-06-10T15:24:34","date_gmt":"2022-06-10T15:24:34","guid":{"rendered":"https:\/\/larevistadigital.com.ar\/blog\/?p=25762"},"modified":"2022-06-10T15:24:34","modified_gmt":"2022-06-10T15:24:34","slug":"chascomus-detienen-a-5-personas-por-abigueato-en-la-rural","status":"publish","type":"post","link":"https:\/\/larevistadigital.com.ar\/blog\/chascomus-detienen-a-5-personas-por-abigueato-en-la-rural\/","title":{"rendered":"CHASCOM\u00daS: DETIENEN A 5 PERSONAS POR ABIGUEATO EN LA RURAL"},"content":{"rendered":"<p><strong>CHASCOM\u00daS &#8211;<\/strong>\u00a0 Luego de un llamado al 911, personal policial se hizo presente en la Rural ya que se hab\u00eda mencionado que un grupo de personas estaban carneando animales en el predio.<\/p>\n<blockquote>\n<h3>Al arribar al lugar, con m\u00f3viles de apoyo, pudieron observar que efectivamente en un corral se hallaban 6 animales faenados en el suelo y parte de ellos en el ba\u00fal de dos autom\u00f3viles que estaban en el lugar.<\/h3>\n<\/blockquote>\n<p>Se detuvo a las cinco personas que se encontraban en el lugar, cuatro hombres y una mujer.<\/p>\n<p>Adem\u00e1s de detener a los individuos, se secuestraron los dos autom\u00f3viles, un Peugeot 207 color gris, y un Renault 12 del mismo color, y pudo constatarse que los animales faenados fueron 1 toro, 4 vacas y una vaquillona.<\/p>\n","protected":false},"excerpt":{"rendered":"<div class=\"mh-excerpt\"><p>CHASCOM\u00daS &#8211;\u00a0 Luego de un llamado al 911, personal policial se hizo presente en la Rural ya que se hab\u00eda mencionado que un grupo de personas estaban carneando animales en el predio. Al arribar al <a class=\"mh-excerpt-more\" href=\"https:\/\/larevistadigital.com.ar\/blog\/chascomus-detienen-a-5-personas-por-abigueato-en-la-rural\/\" title=\"CHASCOM\u00daS: DETIENEN A 5 PERSONAS POR ABIGUEATO EN LA RURAL\">[Leer M\u00e1s]<\/a><\/p>\n<\/div>","protected":false},"author":3,"featured_media":25763,"comment_status":"open","ping_status":"open","sticky":false,"template":"","format":"standard","meta":{"_jetpack_memberships_contains_paid_content":false,"footnotes":"","jetpack_publicize_message":"","jetpack_publicize_feature_enabled":true,"jetpack_social_post_already_shared":true,"jetpack_social_options":{"image_generator_settings":{"template":"highway","default_image_id":0,"font":"","enabled":false},"version":2}},"categories":[6],"tags":[],"class_list":{"0":"post-25762","1":"post","2":"type-post","3":"status-publish","4":"format-standard","5":"has-post-thumbnail","7":"category-chascomus"},"jetpack_publicize_connections":[],"jetpack_featured_media_url":"https:\/\/i0.wp.com\/larevistadigital.com.ar\/blog\/wp-content\/uploads\/1-3.jpg?fit=1256%2C676&ssl=1","jetpack_sharing_enabled":true,"jetpack_shortlink":"https:\/\/wp.me\/p8qtrQ-6Hw","jetpack-related-posts":[{"id":31246,"url":"https:\/\/larevistadigital.com.ar\/blog\/chascomus-la-patrulla-rural-intercepto-a-cazadores-con-perros-galgo\/","url_meta":{"origin":25762,"position":0},"title":"CHASCOM\u00daS: LA PATRULLA RURAL INTERCEPT\u00d3 A CAZADORES CON PERROS GALGO","author":"Alejandro Sosa Ruda","date":"26 abril, 2023","format":false,"excerpt":"Todo ocurri\u00f3 durante la jornada, cuando se tom\u00f3 conoc.imiento de la presencia de cazadores furtivos en el camino de la ruta 25 de abril de 2023 CHASCOM\u00daS - A trav\u00e9s de un llamado telef\u00f3nico, el CPR (Comando de Prevenci\u00f3n Rural) de Chascom\u00fas, tom\u00f3 conocimiento de la presencia de dos personas\u2026","rel":"","context":"En \u00abDESTACADAS\u00bb","block_context":{"text":"DESTACADAS","link":"https:\/\/larevistadigital.com.ar\/blog\/category\/destacadas\/"},"img":{"alt_text":"","src":"https:\/\/i0.wp.com\/larevistadigital.com.ar\/blog\/wp-content\/uploads\/WhatsApp-Image-2023-04-25-at-20.31.03-1.jpeg?fit=900%2C1200&ssl=1&resize=350%2C200","width":350,"height":200,"srcset":"https:\/\/i0.wp.com\/larevistadigital.com.ar\/blog\/wp-content\/uploads\/WhatsApp-Image-2023-04-25-at-20.31.03-1.jpeg?fit=900%2C1200&ssl=1&resize=350%2C200 1x, https:\/\/i0.wp.com\/larevistadigital.com.ar\/blog\/wp-content\/uploads\/WhatsApp-Image-2023-04-25-at-20.31.03-1.jpeg?fit=900%2C1200&ssl=1&resize=525%2C300 1.5x, https:\/\/i0.wp.com\/larevistadigital.com.ar\/blog\/wp-content\/uploads\/WhatsApp-Image-2023-04-25-at-20.31.03-1.jpeg?fit=900%2C1200&ssl=1&resize=700%2C400 2x"},"classes":[]},{"id":39879,"url":"https:\/\/larevistadigital.com.ar\/blog\/chascomus-infraccionan-a-tres-personas-por-caza-furtiva-con-galgos-en-un-campo-rural\/","url_meta":{"origin":25762,"position":1},"title":"Chascom\u00fas: infraccionan a tres personas por caza furtiva con galgos en un campo rural","author":"Alejandro Sosa Ruda","date":"25 mayo, 2025","format":false,"excerpt":"La intervenci\u00f3n del Comando de Prevenci\u00f3n Rural se enmarca en el compromiso de las autoridades para combatir el maltrato animal y preservar la fauna silvestre. 25 de Mayo de 2025 CHASCOM\u00daS\u00a0 -\u00a0 \u00a0En un nuevo operativo de control, personal del Comando de Prevenci\u00f3n Rural (CPR) de Chascom\u00fas infraccion\u00f3 a tres\u2026","rel":"","context":"En \u00abCHASCOM\u00daS\u00bb","block_context":{"text":"CHASCOM\u00daS","link":"https:\/\/larevistadigital.com.ar\/blog\/category\/chascomus\/"},"img":{"alt_text":"","src":"https:\/\/i0.wp.com\/larevistadigital.com.ar\/blog\/wp-content\/uploads\/WhatsApp-Image-2025-05-25-at-17.16.54-e1748205044793.jpeg?fit=1200%2C793&ssl=1&resize=350%2C200","width":350,"height":200,"srcset":"https:\/\/i0.wp.com\/larevistadigital.com.ar\/blog\/wp-content\/uploads\/WhatsApp-Image-2025-05-25-at-17.16.54-e1748205044793.jpeg?fit=1200%2C793&ssl=1&resize=350%2C200 1x, https:\/\/i0.wp.com\/larevistadigital.com.ar\/blog\/wp-content\/uploads\/WhatsApp-Image-2025-05-25-at-17.16.54-e1748205044793.jpeg?fit=1200%2C793&ssl=1&resize=525%2C300 1.5x, https:\/\/i0.wp.com\/larevistadigital.com.ar\/blog\/wp-content\/uploads\/WhatsApp-Image-2025-05-25-at-17.16.54-e1748205044793.jpeg?fit=1200%2C793&ssl=1&resize=700%2C400 2x, https:\/\/i0.wp.com\/larevistadigital.com.ar\/blog\/wp-content\/uploads\/WhatsApp-Image-2025-05-25-at-17.16.54-e1748205044793.jpeg?fit=1200%2C793&ssl=1&resize=1050%2C600 3x"},"classes":[]},{"id":29224,"url":"https:\/\/larevistadigital.com.ar\/blog\/chascomus-la-patrulla-rural-intercepto-cazadores-furtivos\/","url_meta":{"origin":25762,"position":2},"title":"CHASCOM\u00daS: LA PATRULLA RURAL INTERCEPT\u00d3 CAZADORES FURTIVOS","author":"Alejandro Sosa Ruda","date":"2 diciembre, 2022","format":false,"excerpt":"Los descubri\u00f3 mientras recorr\u00eda y hac\u00edan trabajos de prevenci\u00f3n. Los operativos vienen dando muy buenos resultados. 2 de diciembre de 2022 CHASCOM\u00daS -\u00a0\u00a0Durante la jornada de ayer, personal de la Patrulla Rural de Chascom\u00fas se encontraba realizando tareas de prevenci\u00f3n de delitos y faltas en todas sus gamas, y en\u2026","rel":"","context":"En \u00abDESTACADAS\u00bb","block_context":{"text":"DESTACADAS","link":"https:\/\/larevistadigital.com.ar\/blog\/category\/destacadas\/"},"img":{"alt_text":"","src":"https:\/\/i0.wp.com\/larevistadigital.com.ar\/blog\/wp-content\/uploads\/WhatsApp-Image-2022-12-01-at-22.53.12.jpeg?fit=1200%2C675&ssl=1&resize=350%2C200","width":350,"height":200,"srcset":"https:\/\/i0.wp.com\/larevistadigital.com.ar\/blog\/wp-content\/uploads\/WhatsApp-Image-2022-12-01-at-22.53.12.jpeg?fit=1200%2C675&ssl=1&resize=350%2C200 1x, https:\/\/i0.wp.com\/larevistadigital.com.ar\/blog\/wp-content\/uploads\/WhatsApp-Image-2022-12-01-at-22.53.12.jpeg?fit=1200%2C675&ssl=1&resize=525%2C300 1.5x, https:\/\/i0.wp.com\/larevistadigital.com.ar\/blog\/wp-content\/uploads\/WhatsApp-Image-2022-12-01-at-22.53.12.jpeg?fit=1200%2C675&ssl=1&resize=700%2C400 2x, https:\/\/i0.wp.com\/larevistadigital.com.ar\/blog\/wp-content\/uploads\/WhatsApp-Image-2022-12-01-at-22.53.12.jpeg?fit=1200%2C675&ssl=1&resize=1050%2C600 3x"},"classes":[]},{"id":30769,"url":"https:\/\/larevistadigital.com.ar\/blog\/chascomus-la-patrulla-rural-detecto-e-intercepto-a-cazadores-furtivos\/","url_meta":{"origin":25762,"position":3},"title":"CHASCOM\u00daS: LA PATRULLA RURAL DETECT\u00d3 E INTERCEPT\u00d3 A CAZADORES FURTIVOS","author":"Alejandro Sosa Ruda","date":"29 marzo, 2023","format":false,"excerpt":"Sucedi\u00f3 en la Estancia El Carmel del Cuartel X. 29 de marzo de 2023 CHASCOM\u00daS -\u00a0\u00a0 Durante la jornada de ayer, personal de la Patrulla Rural destacado en la zona de LA CORONA intercept\u00f3 a seis (6) ciudadanos los cuales se encontraban cazando animales en una propiedad privada sin previa\u2026","rel":"","context":"En \u00abCHASCOM\u00daS\u00bb","block_context":{"text":"CHASCOM\u00daS","link":"https:\/\/larevistadigital.com.ar\/blog\/category\/chascomus\/"},"img":{"alt_text":"","src":"https:\/\/i0.wp.com\/larevistadigital.com.ar\/blog\/wp-content\/uploads\/patrulla-rural-tandil-2020.jpg?fit=1140%2C761&ssl=1&resize=350%2C200","width":350,"height":200,"srcset":"https:\/\/i0.wp.com\/larevistadigital.com.ar\/blog\/wp-content\/uploads\/patrulla-rural-tandil-2020.jpg?fit=1140%2C761&ssl=1&resize=350%2C200 1x, https:\/\/i0.wp.com\/larevistadigital.com.ar\/blog\/wp-content\/uploads\/patrulla-rural-tandil-2020.jpg?fit=1140%2C761&ssl=1&resize=525%2C300 1.5x, https:\/\/i0.wp.com\/larevistadigital.com.ar\/blog\/wp-content\/uploads\/patrulla-rural-tandil-2020.jpg?fit=1140%2C761&ssl=1&resize=700%2C400 2x, https:\/\/i0.wp.com\/larevistadigital.com.ar\/blog\/wp-content\/uploads\/patrulla-rural-tandil-2020.jpg?fit=1140%2C761&ssl=1&resize=1050%2C600 3x"},"classes":[]},{"id":33334,"url":"https:\/\/larevistadigital.com.ar\/blog\/coronel-pringles-condenaron-a-tres-personas-por-robar-y-faenar-18-corderos\/","url_meta":{"origin":25762,"position":4},"title":"CORONEL PRINGLES: CONDENARON A TRES PERSONAS POR ROBAR Y FAENAR 18 CORDEROS","author":"Alejandro Sosa Ruda","date":"6 septiembre, 2023","format":false,"excerpt":"El Tribunal en lo Criminal N\u00b0 1 de Bah\u00eda les impuso a Tom\u00e1s Graff, Bruno Maximiliano Iba\u00f1ez y Adri\u00e1n Beloscar penas de m\u00e1s de 4 a\u00f1os de prisi\u00f3n. 7 de Septiembre de 2023 CNEL. PR\u00cdNGLES -\u00a0 El Tribunal en lo Criminal N\u00b0 1 conden\u00f3, en juicio abreviado, a tres personas\u2026","rel":"","context":"En \u00abPOLICIALES\u00bb","block_context":{"text":"POLICIALES","link":"https:\/\/larevistadigital.com.ar\/blog\/category\/policiales\/"},"img":{"alt_text":"","src":"https:\/\/i0.wp.com\/larevistadigital.com.ar\/blog\/wp-content\/uploads\/20230906193048_cordero-argentina-2023-204167.jpg?fit=880%2C512&ssl=1&resize=350%2C200","width":350,"height":200,"srcset":"https:\/\/i0.wp.com\/larevistadigital.com.ar\/blog\/wp-content\/uploads\/20230906193048_cordero-argentina-2023-204167.jpg?fit=880%2C512&ssl=1&resize=350%2C200 1x, https:\/\/i0.wp.com\/larevistadigital.com.ar\/blog\/wp-content\/uploads\/20230906193048_cordero-argentina-2023-204167.jpg?fit=880%2C512&ssl=1&resize=525%2C300 1.5x, https:\/\/i0.wp.com\/larevistadigital.com.ar\/blog\/wp-content\/uploads\/20230906193048_cordero-argentina-2023-204167.jpg?fit=880%2C512&ssl=1&resize=700%2C400 2x"},"classes":[]},{"id":8899,"url":"https:\/\/larevistadigital.com.ar\/blog\/chascomus-condenan-a-policia-a-seis-anos-de-prision-como-participe-de-robo-de-hacienda\/","url_meta":{"origin":25762,"position":5},"title":"CHASCOM\u00daS: CONDENAN A POLIC\u00cdA A SEIS A\u00d1OS DE PRISI\u00d3N COMO PART\u00cdCIPE DE ROBO DE HACIENDA","author":"Alejandro Sosa Ruda","date":"7 marzo, 2019","format":false,"excerpt":"En el marco de un juicio oral realizado en el Tribunal en lo Criminal n\u00b0 1 del Departamento Judicial de Dolores, la Dra. Claudia Castro actuando como Juez unipersonal conden\u00f3 a un polic\u00eda involucrado en un importante robo de hacienda perpetrado en Chascom\u00fas en el a\u00f1o 2014, en el que\u2026","rel":"","context":"En \u00abDESTACADAS\u00bb","block_context":{"text":"DESTACADAS","link":"https:\/\/larevistadigital.com.ar\/blog\/category\/destacadas\/"},"img":{"alt_text":"","src":"https:\/\/i0.wp.com\/larevistadigital.com.ar\/blog\/wp-content\/uploads\/2019\/03\/ganado-vacuno-acaba-atmosfera-7.jpg?fit=1200%2C745&ssl=1&resize=350%2C200","width":350,"height":200,"srcset":"https:\/\/i0.wp.com\/larevistadigital.com.ar\/blog\/wp-content\/uploads\/2019\/03\/ganado-vacuno-acaba-atmosfera-7.jpg?fit=1200%2C745&ssl=1&resize=350%2C200 1x, https:\/\/i0.wp.com\/larevistadigital.com.ar\/blog\/wp-content\/uploads\/2019\/03\/ganado-vacuno-acaba-atmosfera-7.jpg?fit=1200%2C745&ssl=1&resize=525%2C300 1.5x, https:\/\/i0.wp.com\/larevistadigital.com.ar\/blog\/wp-content\/uploads\/2019\/03\/ganado-vacuno-acaba-atmosfera-7.jpg?fit=1200%2C745&ssl=1&resize=700%2C400 2x, https:\/\/i0.wp.com\/larevistadigital.com.ar\/blog\/wp-content\/uploads\/2019\/03\/ganado-vacuno-acaba-atmosfera-7.jpg?fit=1200%2C745&ssl=1&resize=1050%2C600 3x"},"classes":[]}],"_links":{"self":[{"href":"https:\/\/larevistadigital.com.ar\/blog\/wp-json\/wp\/v2\/posts\/25762","targetHints":{"allow":["GET"]}}],"collection":[{"href":"https:\/\/larevistadigital.com.ar\/blog\/wp-json\/wp\/v2\/posts"}],"about":[{"href":"https:\/\/larevistadigital.com.ar\/blog\/wp-json\/wp\/v2\/types\/post"}],"author":[{"embeddable":true,"href":"https:\/\/larevistadigital.com.ar\/blog\/wp-json\/wp\/v2\/users\/3"}],"replies":[{"embeddable":true,"href":"https:\/\/larevistadigital.com.ar\/blog\/wp-json\/wp\/v2\/comments?post=25762"}],"version-history":[{"count":3,"href":"https:\/\/larevistadigital.com.ar\/blog\/wp-json\/wp\/v2\/posts\/25762\/revisions"}],"predecessor-version":[{"id":25833,"href":"https:\/\/larevistadigital.com.ar\/blog\/wp-json\/wp\/v2\/posts\/25762\/revisions\/25833"}],"wp:featuredmedia":[{"embeddable":true,"href":"https:\/\/larevistadigital.com.ar\/blog\/wp-json\/wp\/v2\/media\/25763"}],"wp:attachment":[{"href":"https:\/\/larevistadigital.com.ar\/blog\/wp-json\/wp\/v2\/media?parent=25762"}],"wp:term":[{"taxonomy":"category","embeddable":true,"href":"https:\/\/larevistadigital.com.ar\/blog\/wp-json\/wp\/v2\/categories?post=25762"},{"taxonomy":"post_tag","embeddable":true,"href":"https:\/\/larevistadigital.com.ar\/blog\/wp-json\/wp\/v2\/tags?post=25762"}],"curies":[{"name":"wp","href":"https:\/\/api.w.org\/{rel}","templated":true}]}}