{"id":2580,"date":"2017-06-29T22:17:53","date_gmt":"2017-06-29T22:17:53","guid":{"rendered":"https:\/\/larevistadigital.com.ar\/blog\/?p=2580"},"modified":"2017-06-29T22:17:53","modified_gmt":"2017-06-29T22:17:53","slug":"alerta-por-murcielagos-portadores-de-rabia-en-chascomus-y-alrededores","status":"publish","type":"post","link":"https:\/\/larevistadigital.com.ar\/blog\/alerta-por-murcielagos-portadores-de-rabia-en-chascomus-y-alrededores\/","title":{"rendered":"ALERTA POR MURCI\u00c9LAGOS PORTADORES DE RABIA EN CHASCOM\u00daS Y ALREDEDORES"},"content":{"rendered":"<div class=\"_1dwg _1w_m\">\n<div class=\"_3x-2\">\n<div>\n<div class=\"_5r69\">\n<div class=\"mtm\">\n<div class=\"mtm _5pcm\">\n<div class=\"mtm _5pco\">\n<div id=\"id_59557907933811273182303\" class=\"text_exposed_root text_exposed\">\n<p>Hay una alerta en Chascom\u00fas \u00a0relacionado a los quir\u00f3pteros mas conocidos como murci\u00e9lago. \u00a0La responsable\u00a0del \u00e1rea de bromatologia Julia Francese, dialog\u00f3\u00a0con f<span class=\"text_exposed_show\">m por siempre en donde inform\u00f3 acerca del \u00a0comunicado de prensa que elevo el ministerio de salud donde alertaba por casos de rabia en la zona en varios distritos. <\/span><span class=\"text_exposed_show\">\u00a0<\/span><\/p>\n<blockquote>\n<h3><span class=\"text_exposed_show\">La especie portadora de este virus son los murci\u00e9lagos y desde el ministerio de salud se envi\u00f3 material informativo con el fin de como actuar si alg\u00fan ciudadano se encuentra frente a esta situaci\u00f3n, donde se recomienda acercarse ni mucho menos tocarlo, si se tiene mascotas, vacunarlas o renovar las vacunas antirr\u00e1bicas y alertar a la poblaci\u00f3n de estos casos cercanos, aunque en Chascom\u00fas no se han declararon casos al respecto.<\/span><\/h3>\n<\/blockquote>\n<p><span class=\"text_exposed_show\">De todas maneras, reiter\u00f3 el consejo de tener a los animales que son mascotas siempre en buen estado y con las vacunas al d\u00eda<br \/>\nEl murci\u00e9lago no es habitual verlo de d\u00eda, en caso de cruzarse con estas especies se sugiere esquivarlo y no acercarse, el animal\u00a0no va a atacar, pero debido a sintomatologia que tiene lo haga sentirse amenazado y en ese instante puede volverse hostil transmitiendo la rabia.<br \/>\nLa Dra. expreso que no tiene que haber preocupaci\u00f3n por estos mam\u00edferos, ya que no atacan, durante la noche salen a cazar pero no son agresivos; si se ve uno de d\u00eda con evidentes conflictos para poder volar se recomienda comunicarse con el \u00e1rea de bromatologia y no acercarse al roedor<\/span><\/p>\n<\/div>\n<\/div>\n<\/div>\n<\/div>\n<\/div>\n<\/div>\n<\/div>\n<div>FUENTE:FMPORSIEMPRE<\/div>\n<\/div>\n<div>\n<form id=\"u_ps_0_0_9\" class=\"commentable_item collapsed_comments\" action=\"https:\/\/www.facebook.com\/ajax\/ufi\/modify.php\" method=\"post\">\n<div class=\"_sa_ _gsd _5vsi _192z\">\n<div class=\"_37uu\">\n<div class=\"_3399 _1f6t _4_dr\">\n<div class=\"_524d\"><\/div>\n<\/div>\n<div class=\"_3399 _a7s clearfix _zw3\"><\/div>\n<\/div>\n<\/div>\n<\/form>\n<\/div>\n","protected":false},"excerpt":{"rendered":"<div class=\"mh-excerpt\"><p>Hay una alerta en Chascom\u00fas \u00a0relacionado a los quir\u00f3pteros mas conocidos como murci\u00e9lago. \u00a0La responsable\u00a0del \u00e1rea de bromatologia Julia Francese, dialog\u00f3\u00a0con fm por siempre en donde inform\u00f3 acerca del \u00a0comunicado de prensa que elevo el <a class=\"mh-excerpt-more\" href=\"https:\/\/larevistadigital.com.ar\/blog\/alerta-por-murcielagos-portadores-de-rabia-en-chascomus-y-alrededores\/\" title=\"ALERTA POR MURCI\u00c9LAGOS PORTADORES DE RABIA EN CHASCOM\u00daS Y ALREDEDORES\">[Leer M\u00e1s]<\/a><\/p>\n<\/div>","protected":false},"author":3,"featured_media":2585,"comment_status":"open","ping_status":"open","sticky":false,"template":"","format":"standard","meta":{"_jetpack_memberships_contains_paid_content":false,"footnotes":"","jetpack_publicize_message":"","jetpack_publicize_feature_enabled":true,"jetpack_social_post_already_shared":true,"jetpack_social_options":{"image_generator_settings":{"template":"highway","default_image_id":0,"font":"","enabled":false},"version":2}},"categories":[6],"tags":[],"class_list":{"0":"post-2580","1":"post","2":"type-post","3":"status-publish","4":"format-standard","5":"has-post-thumbnail","7":"category-chascomus"},"jetpack_publicize_connections":[],"jetpack_featured_media_url":"https:\/\/i0.wp.com\/larevistadigital.com.ar\/blog\/wp-content\/uploads\/2017\/06\/los-murci%C3%A9lagos-3.jpg?fit=1600%2C998&ssl=1","jetpack_sharing_enabled":true,"jetpack_shortlink":"https:\/\/wp.me\/p8qtrQ-FC","jetpack-related-posts":[{"id":4976,"url":"https:\/\/larevistadigital.com.ar\/blog\/murcielago-rabia-mordio-nene-6-anos\/","url_meta":{"origin":2580,"position":0},"title":"MURCIELAGO CON RABIA MORDI\u00d3 A UN NENE DE 6 A\u00d1OS","author":"Alejandro Sosa Ruda","date":"23 febrero, 2018","format":false,"excerpt":"Un ni\u00f1o de 6 a\u00f1os fue mordido por un murci\u00e9lago con rabia en Mar del Plata, cuando se encontraba en la pileta de una casa en la zona de Playa grande. Su padre fue de inmediato a la Direcci\u00f3n de Zoonosis local donde se le realizaron las pruebas al animal\u2026","rel":"","context":"En \u00abSOCIEDAD\u00bb","block_context":{"text":"SOCIEDAD","link":"https:\/\/larevistadigital.com.ar\/blog\/category\/sociedad\/"},"img":{"alt_text":"","src":"https:\/\/i0.wp.com\/larevistadigital.com.ar\/blog\/wp-content\/uploads\/2018\/02\/descarga-11.jpg?fit=650%2C487&ssl=1&resize=350%2C200","width":350,"height":200,"srcset":"https:\/\/i0.wp.com\/larevistadigital.com.ar\/blog\/wp-content\/uploads\/2018\/02\/descarga-11.jpg?fit=650%2C487&ssl=1&resize=350%2C200 1x, https:\/\/i0.wp.com\/larevistadigital.com.ar\/blog\/wp-content\/uploads\/2018\/02\/descarga-11.jpg?fit=650%2C487&ssl=1&resize=525%2C300 1.5x"},"classes":[]},{"id":6235,"url":"https:\/\/larevistadigital.com.ar\/blog\/alerta-por-casos-de-rabia-paresiante-en-equinos-transmitida-por-vampiros\/","url_meta":{"origin":2580,"position":1},"title":"ALERTA POR CASOS DE RABIA PARESIANTE EN EQUINOS, TRANSMITIDA POR VAMPIROS","author":"Alejandro Sosa Ruda","date":"16 agosto, 2018","format":false,"excerpt":"C\u00f3rdoba se encuentra en alerta al registrarse focos de rabia paresiante. El 9 de agosto se registraron tres casos en equinos en el Paraje Casa Bamba, que pertenece a La Calera. Los animales fueron contagiados por la mordedura de murci\u00e9lagos hemat\u00f3fagos, conocidos como vampiros (Desmodus rotundus). Ante estos hechos, bomberos\u2026","rel":"","context":"En \u00abPOLITICA\u00bb","block_context":{"text":"POLITICA","link":"https:\/\/larevistadigital.com.ar\/blog\/category\/politica\/"},"img":{"alt_text":"","src":"https:\/\/i0.wp.com\/larevistadigital.com.ar\/blog\/wp-content\/uploads\/2018\/08\/RABIA.jpg?fit=1200%2C659&ssl=1&resize=350%2C200","width":350,"height":200,"srcset":"https:\/\/i0.wp.com\/larevistadigital.com.ar\/blog\/wp-content\/uploads\/2018\/08\/RABIA.jpg?fit=1200%2C659&ssl=1&resize=350%2C200 1x, https:\/\/i0.wp.com\/larevistadigital.com.ar\/blog\/wp-content\/uploads\/2018\/08\/RABIA.jpg?fit=1200%2C659&ssl=1&resize=525%2C300 1.5x, https:\/\/i0.wp.com\/larevistadigital.com.ar\/blog\/wp-content\/uploads\/2018\/08\/RABIA.jpg?fit=1200%2C659&ssl=1&resize=700%2C400 2x, https:\/\/i0.wp.com\/larevistadigital.com.ar\/blog\/wp-content\/uploads\/2018\/08\/RABIA.jpg?fit=1200%2C659&ssl=1&resize=1050%2C600 3x"},"classes":[]},{"id":30743,"url":"https:\/\/larevistadigital.com.ar\/blog\/tandil-en-tres-meses-hallaron-cinco-murcielagos-con-rabia\/","url_meta":{"origin":2580,"position":2},"title":"TANDIL: EN TRES MESES HALLARON CINCO MURCI\u00c9LAGOS CON RABIA","author":"Alejandro Sosa Ruda","date":"28 marzo, 2023","format":false,"excerpt":"Autoridades del \u00e1rea de salud p\u00fablica debieron activar nuevamente un protocolo de vacunaci\u00f3n de urgencia. La rabia es una enfermedad que no tiene tratamiento. 28 de marzo de 2023 TANDIL -\u00a0 En Tandil, desde diciembre hasta este mes de marzo, se han hallado cinco murci\u00e9lagos con rabia, lo que ha\u2026","rel":"","context":"En \u00abREGIONALES\u00bb","block_context":{"text":"REGIONALES","link":"https:\/\/larevistadigital.com.ar\/blog\/category\/regionales\/"},"img":{"alt_text":"","src":"https:\/\/i0.wp.com\/larevistadigital.com.ar\/blog\/wp-content\/uploads\/20230327171923_2328-600x450-1.jpg?fit=880%2C512&ssl=1&resize=350%2C200","width":350,"height":200,"srcset":"https:\/\/i0.wp.com\/larevistadigital.com.ar\/blog\/wp-content\/uploads\/20230327171923_2328-600x450-1.jpg?fit=880%2C512&ssl=1&resize=350%2C200 1x, https:\/\/i0.wp.com\/larevistadigital.com.ar\/blog\/wp-content\/uploads\/20230327171923_2328-600x450-1.jpg?fit=880%2C512&ssl=1&resize=525%2C300 1.5x, https:\/\/i0.wp.com\/larevistadigital.com.ar\/blog\/wp-content\/uploads\/20230327171923_2328-600x450-1.jpg?fit=880%2C512&ssl=1&resize=700%2C400 2x"},"classes":[]},{"id":30988,"url":"https:\/\/larevistadigital.com.ar\/blog\/tandil-ya-se-detectaron-5-casos-de-murcielagos-con-rabia-en-un-mes\/","url_meta":{"origin":2580,"position":3},"title":"TANDIL: YA SE DETECTARON 5 CASOS DE MURCI\u00c9LAGOS CON RABIA EN UN MES","author":"Alejandro Sosa Ruda","date":"12 abril, 2023","format":false,"excerpt":"La Municipalidad dispuso un operativo de vacunaci\u00f3n para aquellos perros y gatos que vivan en la zona del \u00faltimo hallazgo. 11 de abril de 2023 TANDIL -\u00a0 La ciudad de Tandil registr\u00f3 un nuevo caso de un murci\u00e9lago con rabia, y es el quinto que se detecta en el \u00faltimo\u2026","rel":"","context":"En \u00abREGIONALES\u00bb","block_context":{"text":"REGIONALES","link":"https:\/\/larevistadigital.com.ar\/blog\/category\/regionales\/"},"img":{"alt_text":"","src":"https:\/\/i0.wp.com\/larevistadigital.com.ar\/blog\/wp-content\/uploads\/descarga-1-1.jpg?fit=1200%2C812&ssl=1&resize=350%2C200","width":350,"height":200,"srcset":"https:\/\/i0.wp.com\/larevistadigital.com.ar\/blog\/wp-content\/uploads\/descarga-1-1.jpg?fit=1200%2C812&ssl=1&resize=350%2C200 1x, https:\/\/i0.wp.com\/larevistadigital.com.ar\/blog\/wp-content\/uploads\/descarga-1-1.jpg?fit=1200%2C812&ssl=1&resize=525%2C300 1.5x, https:\/\/i0.wp.com\/larevistadigital.com.ar\/blog\/wp-content\/uploads\/descarga-1-1.jpg?fit=1200%2C812&ssl=1&resize=700%2C400 2x, https:\/\/i0.wp.com\/larevistadigital.com.ar\/blog\/wp-content\/uploads\/descarga-1-1.jpg?fit=1200%2C812&ssl=1&resize=1050%2C600 3x"},"classes":[]},{"id":30403,"url":"https:\/\/larevistadigital.com.ar\/blog\/chascomus-operativo-de-bloqueo-sanitario-tras-el-hallazgo-de-un-murcielago-con-rabia\/","url_meta":{"origin":2580,"position":4},"title":"CHASCOM\u00daS: OPERATIVO DE \u00abBLOQUEO SANITARIO\u00bb TRAS EL HALLAZGO DE UN MURCI\u00c9LAGO CON RABIA.","author":"Alejandro Sosa Ruda","date":"6 marzo, 2023","format":false,"excerpt":"El equipo de Bromatolog\u00eda y Zoonosis trabaj\u00f3 en el sector de Juli\u00e1n Quintana e\/Scalabrini Ortiz y Las Acacias, completando la vacunaci\u00f3n antirr\u00e1bica de mascotas en un radio de 200mts a la redonda del lugar del hallazgo. 6 de marzo de 2023 CHASCOM\u00daS\u00a0 - Tras la notificaci\u00f3n a los respectivos domicilios,\u2026","rel":"","context":"En \u00abCHASCOM\u00daS\u00bb","block_context":{"text":"CHASCOM\u00daS","link":"https:\/\/larevistadigital.com.ar\/blog\/category\/chascomus\/"},"img":{"alt_text":"","src":"https:\/\/i0.wp.com\/larevistadigital.com.ar\/blog\/wp-content\/uploads\/descarga-18.jpg?fit=1200%2C900&ssl=1&resize=350%2C200","width":350,"height":200,"srcset":"https:\/\/i0.wp.com\/larevistadigital.com.ar\/blog\/wp-content\/uploads\/descarga-18.jpg?fit=1200%2C900&ssl=1&resize=350%2C200 1x, https:\/\/i0.wp.com\/larevistadigital.com.ar\/blog\/wp-content\/uploads\/descarga-18.jpg?fit=1200%2C900&ssl=1&resize=525%2C300 1.5x, https:\/\/i0.wp.com\/larevistadigital.com.ar\/blog\/wp-content\/uploads\/descarga-18.jpg?fit=1200%2C900&ssl=1&resize=700%2C400 2x, https:\/\/i0.wp.com\/larevistadigital.com.ar\/blog\/wp-content\/uploads\/descarga-18.jpg?fit=1200%2C900&ssl=1&resize=1050%2C600 3x"},"classes":[]},{"id":19618,"url":"https:\/\/larevistadigital.com.ar\/blog\/bancarios-en-alerta-por-el-incremento-de-casos-de-covid-19\/","url_meta":{"origin":2580,"position":5},"title":"BANCARIOS EN ALERTA POR EL INCREMENTO DE CASOS DE COVID-19","author":"Alejandro Sosa Ruda","date":"12 abril, 2021","format":false,"excerpt":"CHASCOM\u00daS -\u00a0En raz\u00f3n a la lamentable y preocupante situaci\u00f3n que vive el pa\u00eds y que obviamente tiene incluido a Chascom\u00fas, en referencia a la aparici\u00f3n de la llamada \"Segunda ola\" de Covid 19, es que el COMIT\u00c9 MIXTO DE SEGURIDAD E HIGIENE EN EL TRABAJO de La Bancaria se han\u2026","rel":"","context":"En \u00abDESTACADAS\u00bb","block_context":{"text":"DESTACADAS","link":"https:\/\/larevistadigital.com.ar\/blog\/category\/destacadas\/"},"img":{"alt_text":"","src":"https:\/\/i0.wp.com\/larevistadigital.com.ar\/blog\/wp-content\/uploads\/2017\/05\/labancaria.jpg?fit=800%2C407&ssl=1&resize=350%2C200","width":350,"height":200,"srcset":"https:\/\/i0.wp.com\/larevistadigital.com.ar\/blog\/wp-content\/uploads\/2017\/05\/labancaria.jpg?fit=800%2C407&ssl=1&resize=350%2C200 1x, https:\/\/i0.wp.com\/larevistadigital.com.ar\/blog\/wp-content\/uploads\/2017\/05\/labancaria.jpg?fit=800%2C407&ssl=1&resize=525%2C300 1.5x, https:\/\/i0.wp.com\/larevistadigital.com.ar\/blog\/wp-content\/uploads\/2017\/05\/labancaria.jpg?fit=800%2C407&ssl=1&resize=700%2C400 2x"},"classes":[]}],"_links":{"self":[{"href":"https:\/\/larevistadigital.com.ar\/blog\/wp-json\/wp\/v2\/posts\/2580","targetHints":{"allow":["GET"]}}],"collection":[{"href":"https:\/\/larevistadigital.com.ar\/blog\/wp-json\/wp\/v2\/posts"}],"about":[{"href":"https:\/\/larevistadigital.com.ar\/blog\/wp-json\/wp\/v2\/types\/post"}],"author":[{"embeddable":true,"href":"https:\/\/larevistadigital.com.ar\/blog\/wp-json\/wp\/v2\/users\/3"}],"replies":[{"embeddable":true,"href":"https:\/\/larevistadigital.com.ar\/blog\/wp-json\/wp\/v2\/comments?post=2580"}],"version-history":[{"count":1,"href":"https:\/\/larevistadigital.com.ar\/blog\/wp-json\/wp\/v2\/posts\/2580\/revisions"}],"predecessor-version":[{"id":2586,"href":"https:\/\/larevistadigital.com.ar\/blog\/wp-json\/wp\/v2\/posts\/2580\/revisions\/2586"}],"wp:featuredmedia":[{"embeddable":true,"href":"https:\/\/larevistadigital.com.ar\/blog\/wp-json\/wp\/v2\/media\/2585"}],"wp:attachment":[{"href":"https:\/\/larevistadigital.com.ar\/blog\/wp-json\/wp\/v2\/media?parent=2580"}],"wp:term":[{"taxonomy":"category","embeddable":true,"href":"https:\/\/larevistadigital.com.ar\/blog\/wp-json\/wp\/v2\/categories?post=2580"},{"taxonomy":"post_tag","embeddable":true,"href":"https:\/\/larevistadigital.com.ar\/blog\/wp-json\/wp\/v2\/tags?post=2580"}],"curies":[{"name":"wp","href":"https:\/\/api.w.org\/{rel}","templated":true}]}}