{"id":26021,"date":"2022-06-21T20:38:32","date_gmt":"2022-06-21T20:38:32","guid":{"rendered":"https:\/\/larevistadigital.com.ar\/blog\/?p=26021"},"modified":"2022-06-21T20:38:32","modified_gmt":"2022-06-21T20:38:32","slug":"neymar-aterrorizado-su-avion-privado-debio-realizar-un-aterrizaje-de-emergencia","status":"publish","type":"post","link":"https:\/\/larevistadigital.com.ar\/blog\/neymar-aterrorizado-su-avion-privado-debio-realizar-un-aterrizaje-de-emergencia\/","title":{"rendered":"NEYMAR ATERRORIZADO: SU AVI\u00d3N PRIVADO DEBI\u00d3 REALIZAR UN ATERRIZAJE DE EMERGENCIA"},"content":{"rendered":"<h2 class=\"excerpt\">El astro viajaba desde Estados Unidos hacia San Pablo cuando su aeronave privado tuvo un problema con el parabrisas y tuvo que interrumpir su vuelo.<\/h2>\n<section class=\"detail-body first-paragraph\">\n<section id=\"note-body\" class=\"body-content note-body content-protected-false\" data-twitter-link=\"https:\/\/twitter.com\/intent\/tweet?url=https:\/\/www.minutouno.com\/c5468276&amp;v\u00eda=Ambitocom&amp;related=MinutoUno&amp;text=\">El brasile\u00f1o<strong> Neymar<\/strong> pas\u00f3 un fuerte susto este martes cuando su avi\u00f3n privado tuvo que aterrizar de emergencia en Boa Vista, en el estado de Roraima, en el extremo norte amaz\u00f3nico de Brasil.<\/p>\n<\/section>\n<\/section>\n<section class=\"detail-body second-paragraph\">\n<section class=\"body-content note-body content-protected-false\"><em><strong>\u00abPara agradecer los mensajes. Est\u00e1 todo bien. Solo un susto\u00bb<\/strong><\/em>, dijo <strong>Neymar<\/strong> en un video que public\u00f3 horas m\u00e1s tarde, cuando se dirig\u00eda hacia su casa.<\/p>\n<blockquote>\n<h3>Seg\u00fan fuentes aeron\u00e1uticas citadas por las cadenas\u00a0<em>ESPN Brasil\u00a0<\/em>y\u00a0<em>Globoesporte<\/em>,\u00a0<span id=\"saysCMSEmphasishczyrdxcocp\" class=\"saysCMSEmphasis\">la aeronave, propiedad de la estrella de la Selecci\u00f3n de Brasil, tuvo un problema en el parabrisas y debi\u00f3 interrumpir el vuelo<\/span>.<\/h3>\n<\/blockquote>\n<p>El avi\u00f3n, un Cessna 680, est\u00e1 valuado en 20 millones de d\u00f3lares y pertenece a la empresa \u00abNeymar Sport E Marketing\u00bb, seg\u00fan\u00a0<em>ESPN Brasil<\/em>.<\/p>\n<\/section>\n<\/section>\n<p>&nbsp;<\/p>\n","protected":false},"excerpt":{"rendered":"<div class=\"mh-excerpt\"><p>El astro viajaba desde Estados Unidos hacia San Pablo cuando su aeronave privado tuvo un problema con el parabrisas y tuvo que interrumpir su vuelo. El brasile\u00f1o Neymar pas\u00f3 un fuerte susto este martes cuando <a class=\"mh-excerpt-more\" href=\"https:\/\/larevistadigital.com.ar\/blog\/neymar-aterrorizado-su-avion-privado-debio-realizar-un-aterrizaje-de-emergencia\/\" title=\"NEYMAR ATERRORIZADO: SU AVI\u00d3N PRIVADO DEBI\u00d3 REALIZAR UN ATERRIZAJE DE EMERGENCIA\">[Leer M\u00e1s]<\/a><\/p>\n<\/div>","protected":false},"author":3,"featured_media":26022,"comment_status":"open","ping_status":"open","sticky":false,"template":"","format":"standard","meta":{"_jetpack_memberships_contains_paid_content":false,"footnotes":"","jetpack_publicize_message":"","jetpack_publicize_feature_enabled":true,"jetpack_social_post_already_shared":true,"jetpack_social_options":{"image_generator_settings":{"template":"highway","default_image_id":0,"font":"","enabled":false},"version":2}},"categories":[50],"tags":[],"class_list":{"0":"post-26021","1":"post","2":"type-post","3":"status-publish","4":"format-standard","5":"has-post-thumbnail","7":"category-interes-general"},"jetpack_publicize_connections":[],"jetpack_featured_media_url":"https:\/\/i0.wp.com\/larevistadigital.com.ar\/blog\/wp-content\/uploads\/16558292113879.jpg?fit=1320%2C743&ssl=1","jetpack_sharing_enabled":true,"jetpack_shortlink":"https:\/\/wp.me\/p8qtrQ-6LH","jetpack-related-posts":[{"id":29055,"url":"https:\/\/larevistadigital.com.ar\/blog\/qatar-2022-problemas-para-brasil-neymar-y-danilo-no-pueden-jugar-hasta-8vos\/","url_meta":{"origin":26021,"position":0},"title":"QATAR 2022: PROBLEMAS PARA BRASIL&#8230; NEYMAR Y DANILO NO PUEDEN JUGAR HASTA 8VOS.","author":"Alejandro Sosa Ruda","date":"25 noviembre, 2022","format":false,"excerpt":"Seg\u00fan inform\u00f3 la prensa local, ambos sufrieron esguinces de tobillo en el partido ante Serbia por la primera fecha del Grupo G y no podr\u00e1n volver a jugar hasta los octavos de final. 25 de noviembre de 2022 QATAR -\u00a0 Hay preocupaci\u00f3n\u00a0en la concentraci\u00f3n de la selecci\u00f3n de Brasil\u00a0pese a\u2026","rel":"","context":"En \u00abDEPORTES\u00bb","block_context":{"text":"DEPORTES","link":"https:\/\/larevistadigital.com.ar\/blog\/category\/deportes\/"},"img":{"alt_text":"","src":"https:\/\/i0.wp.com\/larevistadigital.com.ar\/blog\/wp-content\/uploads\/Captura-de-pantalla-2022-11-25-131314.jpg?fit=701%2C289&ssl=1&resize=350%2C200","width":350,"height":200,"srcset":"https:\/\/i0.wp.com\/larevistadigital.com.ar\/blog\/wp-content\/uploads\/Captura-de-pantalla-2022-11-25-131314.jpg?fit=701%2C289&ssl=1&resize=350%2C200 1x, https:\/\/i0.wp.com\/larevistadigital.com.ar\/blog\/wp-content\/uploads\/Captura-de-pantalla-2022-11-25-131314.jpg?fit=701%2C289&ssl=1&resize=525%2C300 1.5x, https:\/\/i0.wp.com\/larevistadigital.com.ar\/blog\/wp-content\/uploads\/Captura-de-pantalla-2022-11-25-131314.jpg?fit=701%2C289&ssl=1&resize=700%2C400 2x"},"classes":[]},{"id":43513,"url":"https:\/\/larevistadigital.com.ar\/blog\/un-avion-tuvo-que-realizar-un-aterrizaje-de-emergencia-sobre-la-ruta-56\/","url_meta":{"origin":26021,"position":1},"title":"Un avi\u00f3n tuvo que realizar un aterrizaje de emergencia sobre la ruta 56","author":"Alejandro Sosa Ruda","date":"20 enero, 2026","format":false,"excerpt":"El incidente ocurri\u00f3 en a la altura del kil\u00f3metro 33, entre General Conesa y General Madariaga. El incidente dur\u00f3 poco tiempo y el tr\u00e1nsito se liber\u00f3 parcialmente con el accionar del personal de Seguridad Vial que se acerc\u00f3. 20 de enero de 2026 Una\u00a0avioneta\u00a0tuvo que aterrizar de emergencia sobre la\u2026","rel":"","context":"En \u00abINTERES GENERAL\u00bb","block_context":{"text":"INTERES GENERAL","link":"https:\/\/larevistadigital.com.ar\/blog\/category\/interes-general\/"},"img":{"alt_text":"","src":"https:\/\/i0.wp.com\/larevistadigital.com.ar\/blog\/wp-content\/uploads\/Captura-de-pantalla-2026-01-20-201338.jpg?fit=793%2C426&ssl=1&resize=350%2C200","width":350,"height":200,"srcset":"https:\/\/i0.wp.com\/larevistadigital.com.ar\/blog\/wp-content\/uploads\/Captura-de-pantalla-2026-01-20-201338.jpg?fit=793%2C426&ssl=1&resize=350%2C200 1x, https:\/\/i0.wp.com\/larevistadigital.com.ar\/blog\/wp-content\/uploads\/Captura-de-pantalla-2026-01-20-201338.jpg?fit=793%2C426&ssl=1&resize=525%2C300 1.5x, https:\/\/i0.wp.com\/larevistadigital.com.ar\/blog\/wp-content\/uploads\/Captura-de-pantalla-2026-01-20-201338.jpg?fit=793%2C426&ssl=1&resize=700%2C400 2x"},"classes":[]},{"id":20792,"url":"https:\/\/larevistadigital.com.ar\/blog\/despisto-una-avioneta-y-cayo-en-la-autopista-buenos-aires-la-plata\/","url_meta":{"origin":26021,"position":2},"title":"DESPIST\u00d3 UNA AVIONETA Y CAY\u00d3 EN LA AUTOPISTA BUENOS AIRES-LA PLATA","author":"Alejandro Sosa Ruda","date":"21 junio, 2021","format":false,"excerpt":"Luego de despegar del Aer\u00f3dromo de Berazategui una avioneta despist\u00f3 y tuvo que aterrizar de emergencia en la colectora de la Autopista. Tras despegar del Aeroclub \u201cR\u00edo de la Plata\u201d, en Berazategui, una avioneta tuvo que realizar un aterrizaje de emergencia en la autopista Buenos Aires-La Plata, a la altura\u2026","rel":"","context":"En \u00abINTERES GENERAL\u00bb","block_context":{"text":"INTERES GENERAL","link":"https:\/\/larevistadigital.com.ar\/blog\/category\/interes-general\/"},"img":{"alt_text":"","src":"https:\/\/i0.wp.com\/larevistadigital.com.ar\/blog\/wp-content\/uploads\/72865d6acc5dbff99c673e8b6c465e1ed9c3bf3c.jpg?fit=1140%2C641&ssl=1&resize=350%2C200","width":350,"height":200,"srcset":"https:\/\/i0.wp.com\/larevistadigital.com.ar\/blog\/wp-content\/uploads\/72865d6acc5dbff99c673e8b6c465e1ed9c3bf3c.jpg?fit=1140%2C641&ssl=1&resize=350%2C200 1x, https:\/\/i0.wp.com\/larevistadigital.com.ar\/blog\/wp-content\/uploads\/72865d6acc5dbff99c673e8b6c465e1ed9c3bf3c.jpg?fit=1140%2C641&ssl=1&resize=525%2C300 1.5x, https:\/\/i0.wp.com\/larevistadigital.com.ar\/blog\/wp-content\/uploads\/72865d6acc5dbff99c673e8b6c465e1ed9c3bf3c.jpg?fit=1140%2C641&ssl=1&resize=700%2C400 2x, https:\/\/i0.wp.com\/larevistadigital.com.ar\/blog\/wp-content\/uploads\/72865d6acc5dbff99c673e8b6c465e1ed9c3bf3c.jpg?fit=1140%2C641&ssl=1&resize=1050%2C600 3x"},"classes":[]},{"id":19660,"url":"https:\/\/larevistadigital.com.ar\/blog\/tragedia-en-canuelas-mueren-un-instructor-y-su-alumno-en-un-accidente-de-aviacion\/","url_meta":{"origin":26021,"position":3},"title":"TRAGEDIA EN CA\u00d1UELAS: MUEREN UN INSTRUCTOR Y SU ALUMNO EN UN ACCIDENTE DE AVIACI\u00d3N","author":"Alejandro Sosa Ruda","date":"15 abril, 2021","format":false,"excerpt":"El ultraligero en el que volaban se estrell\u00f3 en un campo, a unos 2 kil\u00f3metros de la escuela de vuelo. El inspector de la Administraci\u00f3n Nacional de Aviaci\u00f3n Civil estaba tomando el examen final para el otorgamiento de la licencia oficial de piloto privado. CA\u00d1UELAS - Un estudiante de aviaci\u00f3n\u2026","rel":"","context":"En \u00abPOLICIALES\u00bb","block_context":{"text":"POLICIALES","link":"https:\/\/larevistadigital.com.ar\/blog\/category\/policiales\/"},"img":{"alt_text":"","src":"https:\/\/i0.wp.com\/larevistadigital.com.ar\/blog\/wp-content\/uploads\/1b9a520b4f279f569089713cf25e556613fdaa9f.jpg?fit=1140%2C641&ssl=1&resize=350%2C200","width":350,"height":200,"srcset":"https:\/\/i0.wp.com\/larevistadigital.com.ar\/blog\/wp-content\/uploads\/1b9a520b4f279f569089713cf25e556613fdaa9f.jpg?fit=1140%2C641&ssl=1&resize=350%2C200 1x, https:\/\/i0.wp.com\/larevistadigital.com.ar\/blog\/wp-content\/uploads\/1b9a520b4f279f569089713cf25e556613fdaa9f.jpg?fit=1140%2C641&ssl=1&resize=525%2C300 1.5x, https:\/\/i0.wp.com\/larevistadigital.com.ar\/blog\/wp-content\/uploads\/1b9a520b4f279f569089713cf25e556613fdaa9f.jpg?fit=1140%2C641&ssl=1&resize=700%2C400 2x, https:\/\/i0.wp.com\/larevistadigital.com.ar\/blog\/wp-content\/uploads\/1b9a520b4f279f569089713cf25e556613fdaa9f.jpg?fit=1140%2C641&ssl=1&resize=1050%2C600 3x"},"classes":[]},{"id":29368,"url":"https:\/\/larevistadigital.com.ar\/blog\/qatar-2022-croacia-a-semifinales-y-brasil-afuera-del-mundial\/","url_meta":{"origin":26021,"position":4},"title":"QATAR 2022: \u00a1CROACIA A SEMIFINALES Y BRASIL AFUERA DEL MUNDIAL!","author":"Alejandro Sosa Ruda","date":"9 diciembre, 2022","format":false,"excerpt":"Batacazo en Qatar, por la eliminaci\u00f3n de Brasil ante la selecci\u00f3n de Croacia, que pese a ir en desventaja logr\u00f3\u00a0 empatarlo e imponerse en los penales. 9 de diciembre de 2022 Croacia, subcampe\u00f3n vigente, \u201cse carg\u00f3\u201d a uno de los grandes favoritos al t\u00edtulo en Qatar 2022,\u00a0Brasil,\u00a0luego de eliminarlo en\u2026","rel":"","context":"En \u00abDEPORTES\u00bb","block_context":{"text":"DEPORTES","link":"https:\/\/larevistadigital.com.ar\/blog\/category\/deportes\/"},"img":{"alt_text":"","src":"https:\/\/i0.wp.com\/larevistadigital.com.ar\/blog\/wp-content\/uploads\/B62WLTIVXFGPDM5Q7ZRW22T6OM.jpeg?fit=980%2C640&ssl=1&resize=350%2C200","width":350,"height":200,"srcset":"https:\/\/i0.wp.com\/larevistadigital.com.ar\/blog\/wp-content\/uploads\/B62WLTIVXFGPDM5Q7ZRW22T6OM.jpeg?fit=980%2C640&ssl=1&resize=350%2C200 1x, https:\/\/i0.wp.com\/larevistadigital.com.ar\/blog\/wp-content\/uploads\/B62WLTIVXFGPDM5Q7ZRW22T6OM.jpeg?fit=980%2C640&ssl=1&resize=525%2C300 1.5x, https:\/\/i0.wp.com\/larevistadigital.com.ar\/blog\/wp-content\/uploads\/B62WLTIVXFGPDM5Q7ZRW22T6OM.jpeg?fit=980%2C640&ssl=1&resize=700%2C400 2x"},"classes":[]},{"id":13235,"url":"https:\/\/larevistadigital.com.ar\/blog\/cae-avioneta-en-general-rodriguez-muere-un-reconocido-piloto\/","url_meta":{"origin":26021,"position":5},"title":"CAE AVIONETA EN GENERAL RODRIGUEZ: MUERE UN RECONOCIDO PILOTO","author":"Alejandro Sosa Ruda","date":"17 noviembre, 2019","format":false,"excerpt":"La v\u00edctima fue identificada como Aldo Nicola, un reconocido piloto de 74 a\u00f1os. El hecho ocurri\u00f3 este tarde en el Aero Country Club Una avioneta se precipit\u00f3\u00a0este domingo cerca de las 18 en el Aero Country Club de General Rodr\u00edguez, provincia de Buenos Aires,\u00a0y su piloto muri\u00f3 en el acto.\u2026","rel":"","context":"En \u00abDESTACADAS\u00bb","block_context":{"text":"DESTACADAS","link":"https:\/\/larevistadigital.com.ar\/blog\/category\/destacadas\/"},"img":{"alt_text":"","src":"https:\/\/i0.wp.com\/larevistadigital.com.ar\/blog\/wp-content\/uploads\/0006370993.jpg?fit=993%2C725&ssl=1&resize=350%2C200","width":350,"height":200,"srcset":"https:\/\/i0.wp.com\/larevistadigital.com.ar\/blog\/wp-content\/uploads\/0006370993.jpg?fit=993%2C725&ssl=1&resize=350%2C200 1x, https:\/\/i0.wp.com\/larevistadigital.com.ar\/blog\/wp-content\/uploads\/0006370993.jpg?fit=993%2C725&ssl=1&resize=525%2C300 1.5x, https:\/\/i0.wp.com\/larevistadigital.com.ar\/blog\/wp-content\/uploads\/0006370993.jpg?fit=993%2C725&ssl=1&resize=700%2C400 2x"},"classes":[]}],"_links":{"self":[{"href":"https:\/\/larevistadigital.com.ar\/blog\/wp-json\/wp\/v2\/posts\/26021","targetHints":{"allow":["GET"]}}],"collection":[{"href":"https:\/\/larevistadigital.com.ar\/blog\/wp-json\/wp\/v2\/posts"}],"about":[{"href":"https:\/\/larevistadigital.com.ar\/blog\/wp-json\/wp\/v2\/types\/post"}],"author":[{"embeddable":true,"href":"https:\/\/larevistadigital.com.ar\/blog\/wp-json\/wp\/v2\/users\/3"}],"replies":[{"embeddable":true,"href":"https:\/\/larevistadigital.com.ar\/blog\/wp-json\/wp\/v2\/comments?post=26021"}],"version-history":[{"count":1,"href":"https:\/\/larevistadigital.com.ar\/blog\/wp-json\/wp\/v2\/posts\/26021\/revisions"}],"predecessor-version":[{"id":26023,"href":"https:\/\/larevistadigital.com.ar\/blog\/wp-json\/wp\/v2\/posts\/26021\/revisions\/26023"}],"wp:featuredmedia":[{"embeddable":true,"href":"https:\/\/larevistadigital.com.ar\/blog\/wp-json\/wp\/v2\/media\/26022"}],"wp:attachment":[{"href":"https:\/\/larevistadigital.com.ar\/blog\/wp-json\/wp\/v2\/media?parent=26021"}],"wp:term":[{"taxonomy":"category","embeddable":true,"href":"https:\/\/larevistadigital.com.ar\/blog\/wp-json\/wp\/v2\/categories?post=26021"},{"taxonomy":"post_tag","embeddable":true,"href":"https:\/\/larevistadigital.com.ar\/blog\/wp-json\/wp\/v2\/tags?post=26021"}],"curies":[{"name":"wp","href":"https:\/\/api.w.org\/{rel}","templated":true}]}}