{"id":26027,"date":"2022-06-22T10:13:18","date_gmt":"2022-06-22T10:13:18","guid":{"rendered":"https:\/\/larevistadigital.com.ar\/blog\/?p=26027"},"modified":"2022-06-22T10:13:18","modified_gmt":"2022-06-22T10:13:18","slug":"comunicado-de-prensa-indignacion-y-repudio-de-mumala-chascomus","status":"publish","type":"post","link":"https:\/\/larevistadigital.com.ar\/blog\/comunicado-de-prensa-indignacion-y-repudio-de-mumala-chascomus\/","title":{"rendered":"COMUNICADO DE PRENSA: INDIGNACI\u00d3N Y REPUDIO DE \u00abMUMAL\u00c1 CHASCOM\u00daS\u00bb"},"content":{"rendered":"<h2>A ra\u00edz de declaraciones de la vicepresidenta Cristina Kirchner, la organizaci\u00f3n \u00abMumal\u00e1 Chascom\u00fas\u00bb public\u00f3 en redes un comunicado donde se manifiestan al respecto.<\/h2>\n<div class=\"kvgmc6g5 cxmmr5t8 oygrvhab hcukyx3x c1et5uql ii04i59q\">\n<div dir=\"auto\">Estamos Organizadas, Trabajando y de Pie!<\/div>\n<\/div>\n<div class=\"cxmmr5t8 oygrvhab hcukyx3x c1et5uql o9v6fnle ii04i59q\">\n<div dir=\"auto\">Las Mujeres de la Matria Latinoamericana repudiamos los comentarios de menosprecio que Cristina Fern\u00e1ndez realiz\u00f3 sobre el rol de las mujeres de las organizaciones sociales.<\/div>\n<\/div>\n<div class=\"cxmmr5t8 oygrvhab hcukyx3x c1et5uql o9v6fnle ii04i59q\">\n<div dir=\"auto\">No creemos que la Vicepresidenta haya olvidado a quienes irrumpimos en la historia de este pa\u00eds organizando y liderando la resistencia a las pol\u00edticas neoliberales all\u00e1 por el 2001 sembrando las semillas del Feminismo Popular, m\u00e1s bien sus palabras tienen la mala intenci\u00f3n de desprestigiar a los movimientos sociales sin interesarle si en el camino desconoce los liderazgos y roles pol\u00edticos de las mujeres en los territorios. Todos los d\u00edas le ponemos el cuerpo a la lucha contra el hambre y la pobreza; batallamos contra la inflaci\u00f3n descomunal de su gobierno, del que pretende despegarse con discursos.<\/div>\n<\/div>\n<div class=\"cxmmr5t8 oygrvhab hcukyx3x c1et5uql o9v6fnle ii04i59q\">\n<div dir=\"auto\">Cristina, gestora de la f\u00f3rmula presidencial, integrante del Frente de Todos, intenta entrometernos en la interna de su gobierno y espacio pol\u00edtico faltandole, eso s\u00ed, comentarios sobre el ajuste y los recortes agudizados luego del Acuerdo que firmaron con el FMI.<\/div>\n<\/div>\n<div class=\"cxmmr5t8 oygrvhab hcukyx3x c1et5uql o9v6fnle ii04i59q\">\n<div dir=\"auto\">Las mujeres y disidencias le decimos a la Vicepresidenta que desconocer el rol y la participaci\u00f3n protag\u00f3nica y mayoritaria que tenemos las mujeres, es desconocer a las mismas organizaciones sociales, su trabajo y aporte a la contenci\u00f3n de las penurias que viven los sectores populares, donde las\/les m\u00e1s golpeadas\/es siempre somos nosotras\/es.<\/div>\n<\/div>\n<div class=\"cxmmr5t8 oygrvhab hcukyx3x c1et5uql o9v6fnle ii04i59q\">\n<div dir=\"auto\">Somos quienes en los comedores y \u00e1mbitos comunitarios debatimos, dirigimos, coordinamos los espacios, construimos protocolos para terminar con la violencia machista.<\/div>\n<\/div>\n<div class=\"cxmmr5t8 oygrvhab hcukyx3x c1et5uql o9v6fnle ii04i59q\">\n<div dir=\"auto\">Somos quienes en nuestras organizaciones sociales debatimos la pol\u00edtica, nos capacitamos y analizamos las consecuencias de estos modelos de exclusi\u00f3n que nos quitan el trabajo, el techo y los derechos.<\/div>\n<\/div>\n<div class=\"cxmmr5t8 oygrvhab hcukyx3x c1et5uql o9v6fnle ii04i59q\">\n<div dir=\"auto\">Nacimos al calor de la pelea por pan y trabajo, construimos feminismo popular.<\/div>\n<div dir=\"auto\">Por \u00e9sto, hoy le decimos a Cristina Fern\u00e1ndez que al machismo no se lo combate predicando y atacando a quienes nos organizamos para salir adelante juntas\/es y que aunque no le guste, seguiremos organizadas, trabajando y de pie.<\/div>\n<\/div>\n<div class=\"cxmmr5t8 oygrvhab hcukyx3x c1et5uql o9v6fnle ii04i59q\">\n<div dir=\"auto\"><\/div>\n<div dir=\"auto\">Mujeres de la Matria Latinoamericana<\/div>\n<div dir=\"auto\">Libres y Diverses.<\/div>\n<\/div>\n","protected":false},"excerpt":{"rendered":"<div class=\"mh-excerpt\"><p>A ra\u00edz de declaraciones de la vicepresidenta Cristina Kirchner, la organizaci\u00f3n \u00abMumal\u00e1 Chascom\u00fas\u00bb public\u00f3 en redes un comunicado donde se manifiestan al respecto. Estamos Organizadas, Trabajando y de Pie! Las Mujeres de la Matria Latinoamericana <a class=\"mh-excerpt-more\" href=\"https:\/\/larevistadigital.com.ar\/blog\/comunicado-de-prensa-indignacion-y-repudio-de-mumala-chascomus\/\" title=\"COMUNICADO DE PRENSA: INDIGNACI\u00d3N Y REPUDIO DE \u00abMUMAL\u00c1 CHASCOM\u00daS\u00bb\">[Leer M\u00e1s]<\/a><\/p>\n<\/div>","protected":false},"author":3,"featured_media":26028,"comment_status":"open","ping_status":"open","sticky":false,"template":"","format":"standard","meta":{"_jetpack_memberships_contains_paid_content":false,"footnotes":"","jetpack_publicize_message":"","jetpack_publicize_feature_enabled":true,"jetpack_social_post_already_shared":true,"jetpack_social_options":{"image_generator_settings":{"template":"highway","default_image_id":0,"font":"","enabled":false},"version":2}},"categories":[6],"tags":[],"class_list":{"0":"post-26027","1":"post","2":"type-post","3":"status-publish","4":"format-standard","5":"has-post-thumbnail","7":"category-chascomus"},"jetpack_publicize_connections":[],"jetpack_featured_media_url":"https:\/\/i0.wp.com\/larevistadigital.com.ar\/blog\/wp-content\/uploads\/289542586_3177489812500428_493341640512002656_n.jpg?fit=721%2C720&ssl=1","jetpack_sharing_enabled":true,"jetpack_shortlink":"https:\/\/wp.me\/p8qtrQ-6LN","jetpack-related-posts":[{"id":25603,"url":"https:\/\/larevistadigital.com.ar\/blog\/acerca-de-la-marcha-de-ni-una-menos-dialogamos-con-carolina-gonzalez-de-leon-referente-de-mumala\/","url_meta":{"origin":26027,"position":0},"title":"ACERCA DE LA \u00abMARCHA DE NI UNA MENOS\u00bb: DIALOGAMOS CON CAROLINA GONZALEZ DE LEON, REFERENTE DE MUMALA","author":"Alejandro Sosa Ruda","date":"4 junio, 2022","format":false,"excerpt":"CHASCOM\u00daS - Carolina, o \"Carito\" para los amigos, es la referente chascomunense de \"Mumala\" (Mujeres de la matria latinoamericana) y una ferviente militante del espacio, y luchadora por los derechos de las mujeres y las personas. Mantuvo una charla con La Revista Digital, donde nos cont\u00f3 acerca de la Marcha\u2026","rel":"","context":"En \u00abCHASCOM\u00daS\u00bb","block_context":{"text":"CHASCOM\u00daS","link":"https:\/\/larevistadigital.com.ar\/blog\/category\/chascomus\/"},"img":{"alt_text":"","src":"https:\/\/i0.wp.com\/larevistadigital.com.ar\/blog\/wp-content\/uploads\/WhatsApp-Image-2022-06-03-at-10.18.12-PM.jpeg?fit=1200%2C900&ssl=1&resize=350%2C200","width":350,"height":200,"srcset":"https:\/\/i0.wp.com\/larevistadigital.com.ar\/blog\/wp-content\/uploads\/WhatsApp-Image-2022-06-03-at-10.18.12-PM.jpeg?fit=1200%2C900&ssl=1&resize=350%2C200 1x, https:\/\/i0.wp.com\/larevistadigital.com.ar\/blog\/wp-content\/uploads\/WhatsApp-Image-2022-06-03-at-10.18.12-PM.jpeg?fit=1200%2C900&ssl=1&resize=525%2C300 1.5x, https:\/\/i0.wp.com\/larevistadigital.com.ar\/blog\/wp-content\/uploads\/WhatsApp-Image-2022-06-03-at-10.18.12-PM.jpeg?fit=1200%2C900&ssl=1&resize=700%2C400 2x, https:\/\/i0.wp.com\/larevistadigital.com.ar\/blog\/wp-content\/uploads\/WhatsApp-Image-2022-06-03-at-10.18.12-PM.jpeg?fit=1200%2C900&ssl=1&resize=1050%2C600 3x"},"classes":[]},{"id":35472,"url":"https:\/\/larevistadigital.com.ar\/blog\/ni-el-agua-las-detiene-importante-participacion-de-libres-del-sur-y-mumala-en-la-conmemoracion-del-dia-de-la-mujer-trabajadora\/","url_meta":{"origin":26027,"position":1},"title":"NI EL AGUA LAS DETIENE: IMPORTANTE PARTICIPACI\u00d3N DE \u00abLIBRES DEL SUR\u00bb Y \u00abMUMAL\u00c1\u00bb EN LA CONMEMORACI\u00d3N DEL D\u00cdA DE LA MUJER TRABAJADORA","author":"Alejandro Sosa Ruda","date":"9 marzo, 2024","format":false,"excerpt":"El Partido \"Libres del Sur\" y el movimiento feminista \"Mumal\u00e1\" fueron verdaderos protagonistas de la conmemoraci\u00f3n del 8M, en el centro de Chascom\u00fas. 9 de marzo de 2024 CHASCOM\u00daS -\u00a0 Durante la jornada de ayer, y pese a las lluvias, se llev\u00f3 a cabo una marcha conmemorativa del 8M, \"D\u00eda\u2026","rel":"","context":"En \u00abINTERES GENERAL\u00bb","block_context":{"text":"INTERES GENERAL","link":"https:\/\/larevistadigital.com.ar\/blog\/category\/interes-general\/"},"img":{"alt_text":"","src":"https:\/\/i0.wp.com\/larevistadigital.com.ar\/blog\/wp-content\/uploads\/WhatsApp-Image-2024-03-08-at-19.52.28.jpeg?fit=1200%2C675&ssl=1&resize=350%2C200","width":350,"height":200,"srcset":"https:\/\/i0.wp.com\/larevistadigital.com.ar\/blog\/wp-content\/uploads\/WhatsApp-Image-2024-03-08-at-19.52.28.jpeg?fit=1200%2C675&ssl=1&resize=350%2C200 1x, https:\/\/i0.wp.com\/larevistadigital.com.ar\/blog\/wp-content\/uploads\/WhatsApp-Image-2024-03-08-at-19.52.28.jpeg?fit=1200%2C675&ssl=1&resize=525%2C300 1.5x, https:\/\/i0.wp.com\/larevistadigital.com.ar\/blog\/wp-content\/uploads\/WhatsApp-Image-2024-03-08-at-19.52.28.jpeg?fit=1200%2C675&ssl=1&resize=700%2C400 2x, https:\/\/i0.wp.com\/larevistadigital.com.ar\/blog\/wp-content\/uploads\/WhatsApp-Image-2024-03-08-at-19.52.28.jpeg?fit=1200%2C675&ssl=1&resize=1050%2C600 3x"},"classes":[]},{"id":23378,"url":"https:\/\/larevistadigital.com.ar\/blog\/el-movimiento-libres-del-sur-y-mumala-chascomus-piden-ser-concientes-con-los-incendios-de-pastos\/","url_meta":{"origin":26027,"position":2},"title":"EL MOVIMIENTO LIBRES DEL SUR, Y MUMALA CHASCOM\u00daS PIDEN SER CONCIENTES CON LOS INCENDIOS DE PASTOS","author":"Alejandro Sosa Ruda","date":"15 enero, 2022","format":false,"excerpt":"CHASCOOM\u00daS - La ola de calor, y los reiterados incendios que se vienen provocando por la agobiante sequ\u00eda, motivan la preocupaci\u00f3n\u00a0- de vecinos y vecinas, como en este caso, la dirigencia local y la militancia de ambos espacios, concordaron en visibilizar algunos consejos que pueden ser un gran aporte para\u2026","rel":"","context":"En \u00abINTERES GENERAL\u00bb","block_context":{"text":"INTERES GENERAL","link":"https:\/\/larevistadigital.com.ar\/blog\/category\/interes-general\/"},"img":{"alt_text":"","src":"https:\/\/i0.wp.com\/larevistadigital.com.ar\/blog\/wp-content\/uploads\/Captura-de-pantalla-2022-01-15-112054-e1642256877546.jpg?fit=752%2C351&ssl=1&resize=350%2C200","width":350,"height":200,"srcset":"https:\/\/i0.wp.com\/larevistadigital.com.ar\/blog\/wp-content\/uploads\/Captura-de-pantalla-2022-01-15-112054-e1642256877546.jpg?fit=752%2C351&ssl=1&resize=350%2C200 1x, https:\/\/i0.wp.com\/larevistadigital.com.ar\/blog\/wp-content\/uploads\/Captura-de-pantalla-2022-01-15-112054-e1642256877546.jpg?fit=752%2C351&ssl=1&resize=525%2C300 1.5x, https:\/\/i0.wp.com\/larevistadigital.com.ar\/blog\/wp-content\/uploads\/Captura-de-pantalla-2022-01-15-112054-e1642256877546.jpg?fit=752%2C351&ssl=1&resize=700%2C400 2x"},"classes":[]},{"id":26327,"url":"https:\/\/larevistadigital.com.ar\/blog\/mumala-exigio-la-renuncia-de-elizabeth-gomez-alcorta-ministra-de-mujeres-generos-y-diversidad-de-la-nacion\/","url_meta":{"origin":26027,"position":3},"title":"MUMAL\u00c1 EXIGE LA RENUNCIA DE ELIZABETH G\u00d3MEZ ALCORTA, MINISTRA DE MUJERES, G\u00c9NEROS Y DIVERSIDAD DE LA NACI\u00d3N","author":"Alejandro Sosa Ruda","date":"4 julio, 2022","format":false,"excerpt":"(Comunicado de Prensa) Exigimos la Renuncia de Elizabeth G\u00f3mez Alcorta Ministra de las Mujeres, G\u00e9neros y Diversidad de la Naci\u00f3n. Las MuMaL\u00e1 - Mujeres de la Matria Latinoamericana- y Libres y Diverses exigimos la renuncia de Elizabeth G\u00f3mez Alcorta, Ministra de las Mujeres, G\u00e9neros y Diversidad de la Naci\u00f3n. Han\u2026","rel":"","context":"En \u00abINTERES GENERAL\u00bb","block_context":{"text":"INTERES GENERAL","link":"https:\/\/larevistadigital.com.ar\/blog\/category\/interes-general\/"},"img":{"alt_text":"","src":"https:\/\/i0.wp.com\/larevistadigital.com.ar\/blog\/wp-content\/uploads\/290557884_3184711708444905_6243088164230040070_n-e1656941646995.jpg?fit=719%2C453&ssl=1&resize=350%2C200","width":350,"height":200,"srcset":"https:\/\/i0.wp.com\/larevistadigital.com.ar\/blog\/wp-content\/uploads\/290557884_3184711708444905_6243088164230040070_n-e1656941646995.jpg?fit=719%2C453&ssl=1&resize=350%2C200 1x, https:\/\/i0.wp.com\/larevistadigital.com.ar\/blog\/wp-content\/uploads\/290557884_3184711708444905_6243088164230040070_n-e1656941646995.jpg?fit=719%2C453&ssl=1&resize=525%2C300 1.5x, https:\/\/i0.wp.com\/larevistadigital.com.ar\/blog\/wp-content\/uploads\/290557884_3184711708444905_6243088164230040070_n-e1656941646995.jpg?fit=719%2C453&ssl=1&resize=700%2C400 2x"},"classes":[]},{"id":27318,"url":"https:\/\/larevistadigital.com.ar\/blog\/ricardo-alfonsin-defendio-a-cristina-a-traves-de-twitter\/","url_meta":{"origin":26027,"position":4},"title":"RICARDO ALFONS\u00cdN DEFENDI\u00d3 A CRISTINA A TRAV\u00c9S DE TWITTER","author":"Alejandro Sosa Ruda","date":"26 agosto, 2022","format":false,"excerpt":"El hijo del ex presidente de la Democracia, Ra\u00fal Alfons\u00edn hizo una defensa de la Vicepresidenta Cristina Fern\u00e1ndez de Kirchner y puso en duda la imparcialidad de la justicia en la red del \"pajarito\". 25 de agosto de 2022 Ricardo Alfons\u00edn, actual Embajador Argentino en Espa\u00f1a hizo una defensa p\u00fablica\u2026","rel":"","context":"En \u00abINTERES GENERAL\u00bb","block_context":{"text":"INTERES GENERAL","link":"https:\/\/larevistadigital.com.ar\/blog\/category\/interes-general\/"},"img":{"alt_text":"","src":"https:\/\/i0.wp.com\/larevistadigital.com.ar\/blog\/wp-content\/uploads\/2019\/05\/Alfonsin.jpg?fit=1200%2C675&ssl=1&resize=350%2C200","width":350,"height":200,"srcset":"https:\/\/i0.wp.com\/larevistadigital.com.ar\/blog\/wp-content\/uploads\/2019\/05\/Alfonsin.jpg?fit=1200%2C675&ssl=1&resize=350%2C200 1x, https:\/\/i0.wp.com\/larevistadigital.com.ar\/blog\/wp-content\/uploads\/2019\/05\/Alfonsin.jpg?fit=1200%2C675&ssl=1&resize=525%2C300 1.5x, https:\/\/i0.wp.com\/larevistadigital.com.ar\/blog\/wp-content\/uploads\/2019\/05\/Alfonsin.jpg?fit=1200%2C675&ssl=1&resize=700%2C400 2x, https:\/\/i0.wp.com\/larevistadigital.com.ar\/blog\/wp-content\/uploads\/2019\/05\/Alfonsin.jpg?fit=1200%2C675&ssl=1&resize=1050%2C600 3x"},"classes":[]},{"id":27521,"url":"https:\/\/larevistadigital.com.ar\/blog\/llegan-al-centro-porteno-los-manifestantes-que-marchan-en-repudio-al-ataque-a-cristina\/","url_meta":{"origin":26027,"position":5},"title":"LLEGAN AL CENTRO PORTE\u00d1O LOS MANIFESTANTES QUE MARCHAN EN REPUDIO AL ATAQUE A CRISTINA","author":"Alejandro Sosa Ruda","date":"2 septiembre, 2022","format":false,"excerpt":"Organizaciones pol\u00edticas, sociales, universitarias y de derechos humanos convocan hacia Plaza de Mayo para repudiar el atentado sufrido por la vicepresidenta Cristina Kirchner Progresivamente, miles de personas y manifestantes comenzaron a concentrarse desde esta ma\u00f1ana en las inmediaciones de la avenida 9 de Julio, y en los alrededores a la\u2026","rel":"","context":"En \u00abDESTACADAS\u00bb","block_context":{"text":"DESTACADAS","link":"https:\/\/larevistadigital.com.ar\/blog\/category\/destacadas\/"},"img":{"alt_text":"","src":"https:\/\/i0.wp.com\/larevistadigital.com.ar\/blog\/wp-content\/uploads\/1662131522-1.jpeg?fit=848%2C477&ssl=1&resize=350%2C200","width":350,"height":200,"srcset":"https:\/\/i0.wp.com\/larevistadigital.com.ar\/blog\/wp-content\/uploads\/1662131522-1.jpeg?fit=848%2C477&ssl=1&resize=350%2C200 1x, https:\/\/i0.wp.com\/larevistadigital.com.ar\/blog\/wp-content\/uploads\/1662131522-1.jpeg?fit=848%2C477&ssl=1&resize=525%2C300 1.5x, https:\/\/i0.wp.com\/larevistadigital.com.ar\/blog\/wp-content\/uploads\/1662131522-1.jpeg?fit=848%2C477&ssl=1&resize=700%2C400 2x"},"classes":[]}],"_links":{"self":[{"href":"https:\/\/larevistadigital.com.ar\/blog\/wp-json\/wp\/v2\/posts\/26027","targetHints":{"allow":["GET"]}}],"collection":[{"href":"https:\/\/larevistadigital.com.ar\/blog\/wp-json\/wp\/v2\/posts"}],"about":[{"href":"https:\/\/larevistadigital.com.ar\/blog\/wp-json\/wp\/v2\/types\/post"}],"author":[{"embeddable":true,"href":"https:\/\/larevistadigital.com.ar\/blog\/wp-json\/wp\/v2\/users\/3"}],"replies":[{"embeddable":true,"href":"https:\/\/larevistadigital.com.ar\/blog\/wp-json\/wp\/v2\/comments?post=26027"}],"version-history":[{"count":1,"href":"https:\/\/larevistadigital.com.ar\/blog\/wp-json\/wp\/v2\/posts\/26027\/revisions"}],"predecessor-version":[{"id":26029,"href":"https:\/\/larevistadigital.com.ar\/blog\/wp-json\/wp\/v2\/posts\/26027\/revisions\/26029"}],"wp:featuredmedia":[{"embeddable":true,"href":"https:\/\/larevistadigital.com.ar\/blog\/wp-json\/wp\/v2\/media\/26028"}],"wp:attachment":[{"href":"https:\/\/larevistadigital.com.ar\/blog\/wp-json\/wp\/v2\/media?parent=26027"}],"wp:term":[{"taxonomy":"category","embeddable":true,"href":"https:\/\/larevistadigital.com.ar\/blog\/wp-json\/wp\/v2\/categories?post=26027"},{"taxonomy":"post_tag","embeddable":true,"href":"https:\/\/larevistadigital.com.ar\/blog\/wp-json\/wp\/v2\/tags?post=26027"}],"curies":[{"name":"wp","href":"https:\/\/api.w.org\/{rel}","templated":true}]}}