{"id":26032,"date":"2022-06-22T18:48:47","date_gmt":"2022-06-22T18:48:47","guid":{"rendered":"https:\/\/larevistadigital.com.ar\/blog\/?p=26032"},"modified":"2022-06-22T19:37:22","modified_gmt":"2022-06-22T19:37:22","slug":"te-informamos-como-sera-el-tramite-obligatorio-para-mantener-el-subsidio-en-la-luz-y-el-gas","status":"publish","type":"post","link":"https:\/\/larevistadigital.com.ar\/blog\/te-informamos-como-sera-el-tramite-obligatorio-para-mantener-el-subsidio-en-la-luz-y-el-gas\/","title":{"rendered":"TE INFORMAMOS C\u00d3MO SER\u00c1 EL TR\u00c1MITE OBLIGATORIO PARA MANTENER EL SUBSIDIO EN LA LUZ Y EL GAS"},"content":{"rendered":"<h2 class=\"nota__hero__summary\">El gobierno nacional busca habilitar esta semana el Registro de Acceso a los Subsidios a la Energ\u00eda (RASE). La inscripci\u00f3n no excluir\u00e1 a quienes reciben prestaciones sociales ni a jubilados y pensionados.<\/h2>\n<p>El gobierno nacional busca habilitar esta semana el\u00a0<strong>Registro de Acceso a los Subsidios a la Energ\u00eda (RASE)<\/strong>, en el marco del programa de segmentaci\u00f3n de tarifas para usuarios de luz y gas que se puso en marcha por decreto desde junio.<\/p>\n<blockquote>\n<h3>La inscripci\u00f3n al Registro de Acceso a los Subsidios de la Energ\u00eda (RASE) se podr\u00e1 hacer de forma virtual a trav\u00e9s de la web\u00a0<a href=\"http:\/\/www.argentina.gob.ar\/subsidios\" target=\"_blank\" rel=\"noopener\">www.argentina.gob.ar\/subsidios<\/a>, que se habilitar\u00e1 esta semana, o de\u00a0<strong>modo presencial en las oficinas de ANSES<\/strong>\u00a0y de las distribuidoras de electricidad y gas.<\/h3>\n<\/blockquote>\n<p>Los usuarios deber\u00e1n presentar una\u00a0<strong>declaraci\u00f3n jurada de conformaci\u00f3n de hogar,<\/strong>\u00a0que incluir\u00e1 los ingresos y patrimonios del grupo familiar. Adem\u00e1s, deber\u00e1n indicar si el usuario es o no es titular del servicio, seg\u00fan inform\u00f3 P\u00e1gina\/12.<\/p>\n<blockquote>\n<h3>En caso de los usuarios que se registren y cuenten con m\u00e1s de un servicio o medidor de luz o gas a su nombre, el subsidio ser\u00e1 solo para el medidor del domicilio que se declare como residencia.<\/h3>\n<\/blockquote>\n<p>Si el usuario no es propietario del domicilio en que se habita, el registro permite anotarse como\u00a0<strong>\u201cpersona usuaria de los servicios<\/strong>\u201d, con lo que se mantendr\u00e1 el subsidio para inquilinos o residentes, siempre que no pertenezcan al grupo de ingresos altos.<\/p>\n<blockquote>\n<h3>Deber\u00e1n anotarse todos aquellos que quieran mantener los subsidios y, quien no complete este tr\u00e1mite, los perder\u00e1.<strong>\u00a0La inscripci\u00f3n no excluye a quienes reciben prestaciones sociales ni a jubilados y pensionados<\/strong>.<\/h3>\n<\/blockquote>\n<p>Quienes pertenezcan al grupo \u201calto\u201d deber\u00e1n pagar la tarifa plena de manera gradual hasta fin de a\u00f1o, ya que no les corresponde el subsidio.<\/p>\n<p><span style=\"color: #ff0000\"><strong>Los tres niveles en la segmentaci\u00f3n de tarifas de luz y gas<\/strong><\/span><\/p>\n<p>El Gobierno oficializ\u00f3 por decreto el nuevo r\u00e9gimen de segmentaci\u00f3n de tarifas de luz y gas que regir\u00e1 a partir de este mes. La norma identifica tres grupos de usuarios:\u00a0<strong>hogares de ingresos bajos, medios y altos<\/strong>.<\/p>\n<p>Los dos primeros grupos, que incluyen al 90% de la poblaci\u00f3n nacional, no tendr\u00e1n nuevos ajustes en lo que queda del a\u00f1o, mientras que el 10% m\u00e1s rico perder\u00e1 todo tipo de subsidio.<\/p>\n<p><span style=\"color: #ff0000\"><strong>&gt;Nivel 1<\/strong>:<\/span> son los de mayores ingresos que perder\u00e1n todo el subsidio. Quedan incluidos los que tengan ingresos mensuales netos superiores a un valor equivalente a 3,5 Canastas B\u00e1sicas Totales (CBT), es decir, 333.410 pesos; ser titulares de tres o m\u00e1s autom\u00f3viles con antig\u00fcedad menor a cinco a\u00f1os; ser titulares de tres o m\u00e1s inmuebles; ser titulares de uno o m\u00e1s aeronaves o embarcaciones de lujo, seg\u00fan la tipolog\u00eda aplicable por AFIP; ser titulares de activos societarios que exterioricen capacidad econ\u00f3mica plena.<\/p>\n<p><span style=\"color: #ff0000\"><strong>&gt;Nivel 2<\/strong>:<\/span> abarca a la poblaci\u00f3n de \u00abmenores ingresos\u00bb, la cual tendr\u00e1 un tope tarifario equivalente al 40 por ciento del Coeficiente de Variaci\u00f3n Salarial (CVS) del a\u00f1o anterior. Incluye a quienes declaren ingresos menores a un valor equivalente a una Canasta B\u00e1sica Total (CBT) para un hogar tipo 2, seg\u00fan el Indec; personas que reciban alguna ayuda social del Estado y familias en las que al menos alg\u00fan integrante del hogar cuente con un Certificado de Vivienda (ReNaBaP); aquellos que puedan acreditar un domicilio donde funcione un comedor o merendero comunitario registrado en RENACOM; hogares donde al menos un integrante posea Pensi\u00f3n Vitalicia a Veteranos de Guerra del Atl\u00e1ntico Sur; hogares donde al menos un integrante posea certificado de discapacidad y, considerando a los integrantes del hogar en conjunto, tengan un ingreso neto menor a un valor equivalente a 1,5 Canastas B\u00e1sicas Totales para un hogar 2 seg\u00fan el Indec.<\/p>\n<blockquote><p><span style=\"color: #ff0000\"><strong>Nivel 3<\/strong>:<\/span> abarca a la poblaci\u00f3n de \u00abingresos medios\u00bb, la cual tendr\u00e1 un tope tarifario equivalente al 80 por ciento del CVS del a\u00f1o anterior. Los integrantes de este grupo deber\u00e1n ser propietarios de dos o m\u00e1s inmuebles, considerando a los integrantes del hogar en conjunto o poseedores de un veh\u00edculo de hasta tres a\u00f1os de antig\u00fcedad, a excepci\u00f3n de los hogares donde exista al menos un conviviente con Certificado \u00danico de Discapacidad (CUD).<\/p><\/blockquote>\n<p>fuente: entrel\u00edneas<\/p>\n","protected":false},"excerpt":{"rendered":"<div class=\"mh-excerpt\"><p>El gobierno nacional busca habilitar esta semana el Registro de Acceso a los Subsidios a la Energ\u00eda (RASE). La inscripci\u00f3n no excluir\u00e1 a quienes reciben prestaciones sociales ni a jubilados y pensionados. El gobierno nacional <a class=\"mh-excerpt-more\" href=\"https:\/\/larevistadigital.com.ar\/blog\/te-informamos-como-sera-el-tramite-obligatorio-para-mantener-el-subsidio-en-la-luz-y-el-gas\/\" title=\"TE INFORMAMOS C\u00d3MO SER\u00c1 EL TR\u00c1MITE OBLIGATORIO PARA MANTENER EL SUBSIDIO EN LA LUZ Y EL GAS\">[Leer M\u00e1s]<\/a><\/p>\n<\/div>","protected":false},"author":3,"featured_media":26033,"comment_status":"open","ping_status":"open","sticky":false,"template":"","format":"standard","meta":{"_jetpack_memberships_contains_paid_content":false,"footnotes":"","jetpack_publicize_message":"","jetpack_publicize_feature_enabled":true,"jetpack_social_post_already_shared":true,"jetpack_social_options":{"image_generator_settings":{"template":"highway","default_image_id":0,"font":"","enabled":false},"version":2}},"categories":[50],"tags":[],"class_list":{"0":"post-26032","1":"post","2":"type-post","3":"status-publish","4":"format-standard","5":"has-post-thumbnail","7":"category-interes-general"},"jetpack_publicize_connections":[],"jetpack_featured_media_url":"https:\/\/i0.wp.com\/larevistadigital.com.ar\/blog\/wp-content\/uploads\/d801ce80351230eb46b161a56db3ac181d821e7e.jpg?fit=1140%2C641&ssl=1","jetpack_sharing_enabled":true,"jetpack_shortlink":"https:\/\/wp.me\/p8qtrQ-6LS","jetpack-related-posts":[{"id":26918,"url":"https:\/\/larevistadigital.com.ar\/blog\/extienden-el-plazo-de-inscripcion-a-los-subsidios-de-la-luz-y-el-gas\/","url_meta":{"origin":26032,"position":0},"title":"EXTIENDEN EL PLAZO DE INSCRIPCI\u00d3N A LOS SUBSIDIOS DE LA LUZ Y EL GAS","author":"Alejandro Sosa Ruda","date":"1 agosto, 2022","format":false,"excerpt":"El formulario de inscripci\u00f3n va a permanecer abierto para todas aquellas personas que a\u00fan no se hayan inscripto, independientemente del n\u00famero de DNI. La Secretar\u00eda de Energ\u00eda extendi\u00f3 a partir de\u00a0este lunes el plazo del proceso de inscripci\u00f3n para acceder a los\u00a0subsidios a la energ\u00eda el\u00e9ctrica y al gas natural\u00a0que\u2026","rel":"","context":"En \u00abINTERES GENERAL\u00bb","block_context":{"text":"INTERES GENERAL","link":"https:\/\/larevistadigital.com.ar\/blog\/category\/interes-general\/"},"img":{"alt_text":"","src":"https:\/\/i0.wp.com\/larevistadigital.com.ar\/blog\/wp-content\/uploads\/Captura-de-pantalla-2022-08-01-095035.png?fit=811%2C455&ssl=1&resize=350%2C200","width":350,"height":200,"srcset":"https:\/\/i0.wp.com\/larevistadigital.com.ar\/blog\/wp-content\/uploads\/Captura-de-pantalla-2022-08-01-095035.png?fit=811%2C455&ssl=1&resize=350%2C200 1x, https:\/\/i0.wp.com\/larevistadigital.com.ar\/blog\/wp-content\/uploads\/Captura-de-pantalla-2022-08-01-095035.png?fit=811%2C455&ssl=1&resize=525%2C300 1.5x, https:\/\/i0.wp.com\/larevistadigital.com.ar\/blog\/wp-content\/uploads\/Captura-de-pantalla-2022-08-01-095035.png?fit=811%2C455&ssl=1&resize=700%2C400 2x"},"classes":[]},{"id":30536,"url":"https:\/\/larevistadigital.com.ar\/blog\/continua-abierto-el-registro-para-mantener-el-subsidio-de-luz-y-gas\/","url_meta":{"origin":26032,"position":1},"title":"CONTIN\u00daA ABIERTO EL REGISTRO PARA MANTENER EL SUBSIDIO DE LUZ Y GAS","author":"Alejandro Sosa Ruda","date":"12 marzo, 2023","format":false,"excerpt":"Para completar el formulario de inscripci\u00f3n, el usuario deber\u00e1 tener a mano su factura de luz y gas y su DNI como requisitos m\u00ednimos. Ingresando a www.argentina.gob.ar\/subsidios el tr\u00e1mite demorar\u00e1 solo unos minutos. 11 de marzo de 2023 La Secretar\u00eda de Energ\u00eda de la Naci\u00f3n contin\u00faa con los operativos territoriales\u2026","rel":"","context":"En \u00abINTERES GENERAL\u00bb","block_context":{"text":"INTERES GENERAL","link":"https:\/\/larevistadigital.com.ar\/blog\/category\/interes-general\/"},"img":{"alt_text":"","src":"https:\/\/i0.wp.com\/larevistadigital.com.ar\/blog\/wp-content\/uploads\/20230311174013_tarifa-gas.jpg?fit=880%2C512&ssl=1&resize=350%2C200","width":350,"height":200,"srcset":"https:\/\/i0.wp.com\/larevistadigital.com.ar\/blog\/wp-content\/uploads\/20230311174013_tarifa-gas.jpg?fit=880%2C512&ssl=1&resize=350%2C200 1x, https:\/\/i0.wp.com\/larevistadigital.com.ar\/blog\/wp-content\/uploads\/20230311174013_tarifa-gas.jpg?fit=880%2C512&ssl=1&resize=525%2C300 1.5x, https:\/\/i0.wp.com\/larevistadigital.com.ar\/blog\/wp-content\/uploads\/20230311174013_tarifa-gas.jpg?fit=880%2C512&ssl=1&resize=700%2C400 2x"},"classes":[]},{"id":37042,"url":"https:\/\/larevistadigital.com.ar\/blog\/chascomus-en-el-barrio-ipora-se-inscribira-en-el-registro-de-acceso-a-los-subsidios-de-energia\/","url_meta":{"origin":26032,"position":2},"title":"CHASCOM\u00daS: EN EL BARRIO IPOR\u00c1 SE INSCRIBIR\u00c1 EN EL REGISTRO DE ACCESO A LOS SUBSIDIOS DE ENERG\u00cdA","author":"Alejandro Sosa Ruda","date":"23 agosto, 2024","format":false,"excerpt":"Este s\u00e1bado de 9 a 12 horas, el equipo de Pol\u00edticas Comunitarias municipal realizar\u00e1 un operativo especial en el SUM barrial, ubicado en Sargento Cabral y Per\u00fa. 23 de Agosto de 2024 CHASCOM\u00daS -\u00a0 Este s\u00e1bado de 9 a 12 horas, el equipo de Pol\u00edticas Comunitarias municipal realizar\u00e1 un operativo\u2026","rel":"","context":"En \u00abCHASCOM\u00daS\u00bb","block_context":{"text":"CHASCOM\u00daS","link":"https:\/\/larevistadigital.com.ar\/blog\/category\/chascomus\/"},"img":{"alt_text":"","src":"https:\/\/i0.wp.com\/larevistadigital.com.ar\/blog\/wp-content\/uploads\/66c8c102be257.png?fit=668%2C445&ssl=1&resize=350%2C200","width":350,"height":200,"srcset":"https:\/\/i0.wp.com\/larevistadigital.com.ar\/blog\/wp-content\/uploads\/66c8c102be257.png?fit=668%2C445&ssl=1&resize=350%2C200 1x, https:\/\/i0.wp.com\/larevistadigital.com.ar\/blog\/wp-content\/uploads\/66c8c102be257.png?fit=668%2C445&ssl=1&resize=525%2C300 1.5x"},"classes":[]},{"id":43504,"url":"https:\/\/larevistadigital.com.ar\/blog\/luz-y-gas-mas-caros-el-gobierno-ajusto-los-subsidios\/","url_meta":{"origin":26032,"position":3},"title":"Luz y gas m\u00e1s caros: el Gobierno ajust\u00f3 los subsidios","author":"Alejandro Sosa Ruda","date":"20 enero, 2026","format":false,"excerpt":"El Gobierno redefini\u00f3 nuevas reglas para los subsidios energ\u00e9ticos: hogares y pymes enfrentar\u00e1n tarifas m\u00e1s altas si no cumplen los criterios oficiales. 20 de enero de 2026 El Gobierno nacional avanz\u00f3 con la implementaci\u00f3n del Registro de Subsidios Energ\u00e9ticos Focalizados (ReSEF), el nuevo sistema que reemplaza la segmentaci\u00f3n tarifaria previa\u2026","rel":"","context":"En \u00abINTERES GENERAL\u00bb","block_context":{"text":"INTERES GENERAL","link":"https:\/\/larevistadigital.com.ar\/blog\/category\/interes-general\/"},"img":{"alt_text":"","src":"https:\/\/i0.wp.com\/larevistadigital.com.ar\/blog\/wp-content\/uploads\/Captura-de-pantalla-2026-01-20-194844.jpg?fit=782%2C452&ssl=1&resize=350%2C200","width":350,"height":200,"srcset":"https:\/\/i0.wp.com\/larevistadigital.com.ar\/blog\/wp-content\/uploads\/Captura-de-pantalla-2026-01-20-194844.jpg?fit=782%2C452&ssl=1&resize=350%2C200 1x, https:\/\/i0.wp.com\/larevistadigital.com.ar\/blog\/wp-content\/uploads\/Captura-de-pantalla-2026-01-20-194844.jpg?fit=782%2C452&ssl=1&resize=525%2C300 1.5x, https:\/\/i0.wp.com\/larevistadigital.com.ar\/blog\/wp-content\/uploads\/Captura-de-pantalla-2026-01-20-194844.jpg?fit=782%2C452&ssl=1&resize=700%2C400 2x"},"classes":[]},{"id":42237,"url":"https:\/\/larevistadigital.com.ar\/blog\/mas-vecinos-dan-de-baja-servicios-y-buscan-asesoramiento-ante-las-dificultades-economicas\/","url_meta":{"origin":26032,"position":4},"title":"M\u00e1s vecinos dan de baja servicios y buscan asesoramiento ante las dificultades econ\u00f3micas","author":"Alejandro Sosa Ruda","date":"24 octubre, 2025","format":false,"excerpt":"La OMIC acompa\u00f1a a los consumidores y usuarios en un contexto econ\u00f3mico cada vez m\u00e1s complejo en el que crece la morosidad en el pago de tarjetas y servicios esenciales. 24 de octubre de 2025 CHASCOMUS -\u00a0 \u00a0Cada vez m\u00e1s vecinos se acercan a la Oficina Municipal de Informaci\u00f3n al\u2026","rel":"","context":"En \u00abCHASCOM\u00daS\u00bb","block_context":{"text":"CHASCOM\u00daS","link":"https:\/\/larevistadigital.com.ar\/blog\/category\/chascomus\/"},"img":{"alt_text":"","src":"https:\/\/i0.wp.com\/larevistadigital.com.ar\/blog\/wp-content\/uploads\/68fbbefcb2db3.png?fit=668%2C445&ssl=1&resize=350%2C200","width":350,"height":200,"srcset":"https:\/\/i0.wp.com\/larevistadigital.com.ar\/blog\/wp-content\/uploads\/68fbbefcb2db3.png?fit=668%2C445&ssl=1&resize=350%2C200 1x, https:\/\/i0.wp.com\/larevistadigital.com.ar\/blog\/wp-content\/uploads\/68fbbefcb2db3.png?fit=668%2C445&ssl=1&resize=525%2C300 1.5x"},"classes":[]},{"id":26914,"url":"https:\/\/larevistadigital.com.ar\/blog\/desde-hoy-rigen-los-nuevos-cuadros-tarifarios-para-luz-y-gas-natural\/","url_meta":{"origin":26032,"position":5},"title":"DESDE HOY RIGEN LOS NUEVOS CUADROS TARIFARIOS PARA LUZ Y GAS NATURAL","author":"Alejandro Sosa Ruda","date":"1 agosto, 2022","format":false,"excerpt":"Los nuevos cuadros tarifarios para los servicios de distribuci\u00f3n de energ\u00eda el\u00e9ctrica y gas natural comenzar\u00e1n a regir a partir de este lunes. Los incrementos solamente ser\u00e1n aplicados a los usuarios del nivel 1, de mayores ingresos, y a aquellos que no hayan completado el formulario de inscripci\u00f3n al Registro\u2026","rel":"","context":"En \u00abECONOMIA\u00bb","block_context":{"text":"ECONOMIA","link":"https:\/\/larevistadigital.com.ar\/blog\/category\/economia\/"},"img":{"alt_text":"","src":"https:\/\/i0.wp.com\/larevistadigital.com.ar\/blog\/wp-content\/uploads\/20220731171719_subsidios-tarifas-gas-luz.jpg?fit=880%2C512&ssl=1&resize=350%2C200","width":350,"height":200,"srcset":"https:\/\/i0.wp.com\/larevistadigital.com.ar\/blog\/wp-content\/uploads\/20220731171719_subsidios-tarifas-gas-luz.jpg?fit=880%2C512&ssl=1&resize=350%2C200 1x, https:\/\/i0.wp.com\/larevistadigital.com.ar\/blog\/wp-content\/uploads\/20220731171719_subsidios-tarifas-gas-luz.jpg?fit=880%2C512&ssl=1&resize=525%2C300 1.5x, https:\/\/i0.wp.com\/larevistadigital.com.ar\/blog\/wp-content\/uploads\/20220731171719_subsidios-tarifas-gas-luz.jpg?fit=880%2C512&ssl=1&resize=700%2C400 2x"},"classes":[]}],"_links":{"self":[{"href":"https:\/\/larevistadigital.com.ar\/blog\/wp-json\/wp\/v2\/posts\/26032","targetHints":{"allow":["GET"]}}],"collection":[{"href":"https:\/\/larevistadigital.com.ar\/blog\/wp-json\/wp\/v2\/posts"}],"about":[{"href":"https:\/\/larevistadigital.com.ar\/blog\/wp-json\/wp\/v2\/types\/post"}],"author":[{"embeddable":true,"href":"https:\/\/larevistadigital.com.ar\/blog\/wp-json\/wp\/v2\/users\/3"}],"replies":[{"embeddable":true,"href":"https:\/\/larevistadigital.com.ar\/blog\/wp-json\/wp\/v2\/comments?post=26032"}],"version-history":[{"count":3,"href":"https:\/\/larevistadigital.com.ar\/blog\/wp-json\/wp\/v2\/posts\/26032\/revisions"}],"predecessor-version":[{"id":26036,"href":"https:\/\/larevistadigital.com.ar\/blog\/wp-json\/wp\/v2\/posts\/26032\/revisions\/26036"}],"wp:featuredmedia":[{"embeddable":true,"href":"https:\/\/larevistadigital.com.ar\/blog\/wp-json\/wp\/v2\/media\/26033"}],"wp:attachment":[{"href":"https:\/\/larevistadigital.com.ar\/blog\/wp-json\/wp\/v2\/media?parent=26032"}],"wp:term":[{"taxonomy":"category","embeddable":true,"href":"https:\/\/larevistadigital.com.ar\/blog\/wp-json\/wp\/v2\/categories?post=26032"},{"taxonomy":"post_tag","embeddable":true,"href":"https:\/\/larevistadigital.com.ar\/blog\/wp-json\/wp\/v2\/tags?post=26032"}],"curies":[{"name":"wp","href":"https:\/\/api.w.org\/{rel}","templated":true}]}}