{"id":26037,"date":"2022-06-22T19:36:26","date_gmt":"2022-06-22T19:36:26","guid":{"rendered":"https:\/\/larevistadigital.com.ar\/blog\/?p=26037"},"modified":"2022-06-22T19:36:26","modified_gmt":"2022-06-22T19:36:26","slug":"chascomus-esclarecen-robo-de-gomas-de-camion-e-imputan-a-un-individuo-por-encubrimiento","status":"publish","type":"post","link":"https:\/\/larevistadigital.com.ar\/blog\/chascomus-esclarecen-robo-de-gomas-de-camion-e-imputan-a-un-individuo-por-encubrimiento\/","title":{"rendered":"CHASCOM\u00daS: ESCLARECEN ROBO DE GOMAS DE CAMI\u00d3N E IMPUTAN A UN INDIVIDUO POR \u00abENCUBRIMIENTO\u00bb"},"content":{"rendered":"<h2>Todo comenz\u00f3 con la denuncia del robo de gomas de cami\u00f3n y luego de trabajos de inteligencia, se logr\u00f3 detener a un individuo y recuperar lo robado<\/h2>\n<p><strong>CHASCOM\u00daS &#8211;\u00a0 \u00a0<\/strong>La polic\u00eda tom\u00f3 conocimiento que en el Barrio 30 de Mayo de la ciudad, se estar\u00edan comercializando ruedas de cami\u00f3n de procedencia il\u00edcita, sobre todo, porque a principios del mes se hab\u00eda recibido una denuncia que se hab\u00edan robado gomas de cami\u00f3n.<\/p>\n<blockquote>\n<h3>Fue entonces que. tras hablar con el fiscal <strong>Jonatan Robert<\/strong>,\u00a0 se dirigieron a la calle 3 al 1400 del mencionado barrio, d\u00f3nde se mont\u00f3 un operativo encubierto, cuando advirtieron que en una camioneta Hylux negra de doble cabina, comenzaban a cargar tres ruedas de cami\u00f3n, por lo que se los intercept\u00f3.<\/h3>\n<\/blockquote>\n<p>En el veh\u00edculo, iban dos personas de sexo masculino, mayores de edad, siendo uno imputado por el delito de \u00abencubrimiento\u00bb y ordenando una extensa declaraci\u00f3n para el otro, que ser\u00e1 el d\u00eda de ma\u00f1ana, 23\/6.<\/p>\n<p>Se recuperaron tres ruedas de cami\u00f3n, siendo dos de ellas marca FORMULA MEDIDA 295\/80 RODADO 22.5 y la restante que se encuentra armada siendo la misma medida 275\/80 rodado 22.5 marca ARMORSTEEL. Las mismas se le exhibieron a <strong>Guillermo Schindler<\/strong> que hab\u00eda denunciado el robo, quien las reconoci\u00f3 como propias, por lo que le ser\u00e1n entregadas.<\/p>\n","protected":false},"excerpt":{"rendered":"<div class=\"mh-excerpt\"><p>Todo comenz\u00f3 con la denuncia del robo de gomas de cami\u00f3n y luego de trabajos de inteligencia, se logr\u00f3 detener a un individuo y recuperar lo robado CHASCOM\u00daS &#8211;\u00a0 \u00a0La polic\u00eda tom\u00f3 conocimiento que en <a class=\"mh-excerpt-more\" href=\"https:\/\/larevistadigital.com.ar\/blog\/chascomus-esclarecen-robo-de-gomas-de-camion-e-imputan-a-un-individuo-por-encubrimiento\/\" title=\"CHASCOM\u00daS: ESCLARECEN ROBO DE GOMAS DE CAMI\u00d3N E IMPUTAN A UN INDIVIDUO POR \u00abENCUBRIMIENTO\u00bb\">[Leer M\u00e1s]<\/a><\/p>\n<\/div>","protected":false},"author":3,"featured_media":26038,"comment_status":"open","ping_status":"open","sticky":false,"template":"","format":"standard","meta":{"_jetpack_memberships_contains_paid_content":false,"footnotes":"","jetpack_publicize_message":"","jetpack_publicize_feature_enabled":true,"jetpack_social_post_already_shared":true,"jetpack_social_options":{"image_generator_settings":{"template":"highway","default_image_id":0,"font":"","enabled":false},"version":2}},"categories":[41,44],"tags":[],"class_list":{"0":"post-26037","1":"post","2":"type-post","3":"status-publish","4":"format-standard","5":"has-post-thumbnail","7":"category-destacadas","8":"category-policiales"},"jetpack_publicize_connections":[],"jetpack_featured_media_url":"https:\/\/i0.wp.com\/larevistadigital.com.ar\/blog\/wp-content\/uploads\/WhatsApp-Image-2022-06-22-at-7.54.43-AM.jpeg?fit=1280%2C720&ssl=1","jetpack_sharing_enabled":true,"jetpack_shortlink":"https:\/\/wp.me\/p8qtrQ-6LX","jetpack-related-posts":[{"id":31922,"url":"https:\/\/larevistadigital.com.ar\/blog\/chascomus-denuncian-un-robo-y-la-policia-recupera-lo-robado-en-pocas-horas\/","url_meta":{"origin":26037,"position":0},"title":"CHASCOM\u00daS: DENUNCIAN UN ROBO Y LA POLIC\u00cdA RECUPERA LO ROBADO EN POCAS HORAS","author":"Alejandro Sosa Ruda","date":"11 junio, 2023","format":false,"excerpt":"Luego de la denuncia, se investig\u00f3 y trabaj\u00f3 con celeridad, pudiendo recuperarse elementos robados. 11 de junio de 2023 CHASCOM\u00daS -\u00a0 El d\u00eda de ayer, en horas de la ma\u00f1ana se tom\u00f3 una denuncia en la Polic\u00eda Comunal, dando cuenta que durante la madrugada lograron sustraer varias herramientas del interior\u2026","rel":"","context":"En \u00abDESTACADAS\u00bb","block_context":{"text":"DESTACADAS","link":"https:\/\/larevistadigital.com.ar\/blog\/category\/destacadas\/"},"img":{"alt_text":"","src":"https:\/\/i0.wp.com\/larevistadigital.com.ar\/blog\/wp-content\/uploads\/WhatsApp-Image-2023-06-10-at-21.08.50-1.jpeg?fit=794%2C1200&ssl=1&resize=350%2C200","width":350,"height":200,"srcset":"https:\/\/i0.wp.com\/larevistadigital.com.ar\/blog\/wp-content\/uploads\/WhatsApp-Image-2023-06-10-at-21.08.50-1.jpeg?fit=794%2C1200&ssl=1&resize=350%2C200 1x, https:\/\/i0.wp.com\/larevistadigital.com.ar\/blog\/wp-content\/uploads\/WhatsApp-Image-2023-06-10-at-21.08.50-1.jpeg?fit=794%2C1200&ssl=1&resize=525%2C300 1.5x, https:\/\/i0.wp.com\/larevistadigital.com.ar\/blog\/wp-content\/uploads\/WhatsApp-Image-2023-06-10-at-21.08.50-1.jpeg?fit=794%2C1200&ssl=1&resize=700%2C400 2x"},"classes":[]},{"id":36782,"url":"https:\/\/larevistadigital.com.ar\/blog\/rosario-un-camion-atropello-a-un-vendedor-que-trabajaba-en-silla-de-ruedas-en-una-esquina\/","url_meta":{"origin":26037,"position":1},"title":"ROSARIO: UN CAMI\u00d3N ATROPELL\u00d3 A UN VENDEDOR QUE TRABAJABA EN SILLA DE RUEDAS EN UNA ESQUINA","author":"Alejandro Sosa Ruda","date":"23 julio, 2024","format":false,"excerpt":"Un hombre que se desplaza en silla de ruedas fue embestido por un cami\u00f3n, pero afortunadamente, no sufri\u00f3 lesiones de gravedad. 23 de Julio de 2024 ROSARIO -\u00a0 El hecho tuvo lugar ayer lunes cerca del mediod\u00eda en la esquina de avenida Pellegrini y Dorrego, la v\u00edctima es un vendedor\u2026","rel":"","context":"En \u00abPOLICIALES\u00bb","block_context":{"text":"POLICIALES","link":"https:\/\/larevistadigital.com.ar\/blog\/category\/policiales\/"},"img":{"alt_text":"","src":"https:\/\/i0.wp.com\/larevistadigital.com.ar\/blog\/wp-content\/uploads\/452369022_906291128202687_2723003688560132978_n.jpg?fit=600%2C338&ssl=1&resize=350%2C200","width":350,"height":200,"srcset":"https:\/\/i0.wp.com\/larevistadigital.com.ar\/blog\/wp-content\/uploads\/452369022_906291128202687_2723003688560132978_n.jpg?fit=600%2C338&ssl=1&resize=350%2C200 1x, https:\/\/i0.wp.com\/larevistadigital.com.ar\/blog\/wp-content\/uploads\/452369022_906291128202687_2723003688560132978_n.jpg?fit=600%2C338&ssl=1&resize=525%2C300 1.5x"},"classes":[]},{"id":33603,"url":"https:\/\/larevistadigital.com.ar\/blog\/quiso-evitar-atropellar-un-perro-se-cruzo-de-carril-y-murio-aplastado-por-un-camion\/","url_meta":{"origin":26037,"position":2},"title":"QUISO EVITAR ATROPELLAR UN PERRO, SE CRUZ\u00d3 DE CARRIL Y MURI\u00d3 APLASTADO POR UN CAMI\u00d3N","author":"Alejandro Sosa Ruda","date":"25 septiembre, 2023","format":false,"excerpt":"Sucedi\u00f3 en San Juan, donde una cadena de hechos tuvo un tr\u00e1gico final. 25 de Septiembre de 2023 Una desafortunada tr\u00e1gedia llev\u00f3 luto y conmoci\u00f3n a la provincia de San Juan, m\u00e1s espec\u00edficamente en la localidad de San Mart\u00edn, cuando un motociclista en el itento de no atropellar a un\u2026","rel":"","context":"En \u00abPOLICIALES\u00bb","block_context":{"text":"POLICIALES","link":"https:\/\/larevistadigital.com.ar\/blog\/category\/policiales\/"},"img":{"alt_text":"","src":"https:\/\/i0.wp.com\/larevistadigital.com.ar\/blog\/wp-content\/uploads\/accidente_1.jpg_1833193316.jpg?fit=720%2C406&ssl=1&resize=350%2C200","width":350,"height":200,"srcset":"https:\/\/i0.wp.com\/larevistadigital.com.ar\/blog\/wp-content\/uploads\/accidente_1.jpg_1833193316.jpg?fit=720%2C406&ssl=1&resize=350%2C200 1x, https:\/\/i0.wp.com\/larevistadigital.com.ar\/blog\/wp-content\/uploads\/accidente_1.jpg_1833193316.jpg?fit=720%2C406&ssl=1&resize=525%2C300 1.5x, https:\/\/i0.wp.com\/larevistadigital.com.ar\/blog\/wp-content\/uploads\/accidente_1.jpg_1833193316.jpg?fit=720%2C406&ssl=1&resize=700%2C400 2x"},"classes":[]},{"id":27140,"url":"https:\/\/larevistadigital.com.ar\/blog\/chascomus-choque-entre-camion-de-basura-del-municipio-y-auto-particular-en-libres-del-sur\/","url_meta":{"origin":26037,"position":3},"title":"CHASCOM\u00daS: CHOQUE ENTRE CAMI\u00d3N DE BASURA DEL MUNICIPIO Y AUTO PARTICULAR EN LIBRES DEL SUR","author":"Alejandro Sosa Ruda","date":"17 agosto, 2022","format":false,"excerpt":"CHASCOM\u00daS -\u00a0 Una lectora y amiga nos mand\u00f3 esta fotograf\u00eda que ilustra un siniestro ocurrido en pleno centro de la ciudad de Chascom\u00fas, m\u00e1s precisamente en la esquina de Libres del Sur y Bolivar. Seg\u00fan nos narr\u00f3 la vecina, el autom\u00f3vil que circulaba por Bolivar fren\u00f3 al llegar a la\u2026","rel":"","context":"En \u00abDESTACADAS\u00bb","block_context":{"text":"DESTACADAS","link":"https:\/\/larevistadigital.com.ar\/blog\/category\/destacadas\/"},"img":{"alt_text":"","src":"https:\/\/i0.wp.com\/larevistadigital.com.ar\/blog\/wp-content\/uploads\/CHOQUE-LIBRES-DEL-SUR.jpg?fit=1200%2C900&ssl=1&resize=350%2C200","width":350,"height":200,"srcset":"https:\/\/i0.wp.com\/larevistadigital.com.ar\/blog\/wp-content\/uploads\/CHOQUE-LIBRES-DEL-SUR.jpg?fit=1200%2C900&ssl=1&resize=350%2C200 1x, https:\/\/i0.wp.com\/larevistadigital.com.ar\/blog\/wp-content\/uploads\/CHOQUE-LIBRES-DEL-SUR.jpg?fit=1200%2C900&ssl=1&resize=525%2C300 1.5x, https:\/\/i0.wp.com\/larevistadigital.com.ar\/blog\/wp-content\/uploads\/CHOQUE-LIBRES-DEL-SUR.jpg?fit=1200%2C900&ssl=1&resize=700%2C400 2x, https:\/\/i0.wp.com\/larevistadigital.com.ar\/blog\/wp-content\/uploads\/CHOQUE-LIBRES-DEL-SUR.jpg?fit=1200%2C900&ssl=1&resize=1050%2C600 3x"},"classes":[]},{"id":34972,"url":"https:\/\/larevistadigital.com.ar\/blog\/ruta-2-despiste-y-vuelco-de-un-camion-cerca-de-chascomus\/","url_meta":{"origin":26037,"position":4},"title":"RUTA 2: DESPISTE Y VUELCO DE UN CAMI\u00d3N CERCA DE CHASCOM\u00daS","author":"Alejandro Sosa Ruda","date":"3 enero, 2024","format":false,"excerpt":"A\u00fan se desconocen las razones por las cuales perdi\u00f3 el control de su enorme veh\u00edculo en plena Ruta 2, a la altura de Chascom\u00fas. 03 de diciembre de 2023 CHASCOM\u00daS -\u00a0 \u00a0Un tremendo accidente de tr\u00e1nsito se produjo durante las \u00faltimas horas en la Ruta 2 a la altura de\u2026","rel":"","context":"En \u00abPOLICIALES\u00bb","block_context":{"text":"POLICIALES","link":"https:\/\/larevistadigital.com.ar\/blog\/category\/policiales\/"},"img":{"alt_text":"","src":"https:\/\/i0.wp.com\/larevistadigital.com.ar\/blog\/wp-content\/uploads\/Captura-de-pantalla-2024-01-03-122301.png?fit=888%2C440&ssl=1&resize=350%2C200","width":350,"height":200,"srcset":"https:\/\/i0.wp.com\/larevistadigital.com.ar\/blog\/wp-content\/uploads\/Captura-de-pantalla-2024-01-03-122301.png?fit=888%2C440&ssl=1&resize=350%2C200 1x, https:\/\/i0.wp.com\/larevistadigital.com.ar\/blog\/wp-content\/uploads\/Captura-de-pantalla-2024-01-03-122301.png?fit=888%2C440&ssl=1&resize=525%2C300 1.5x, https:\/\/i0.wp.com\/larevistadigital.com.ar\/blog\/wp-content\/uploads\/Captura-de-pantalla-2024-01-03-122301.png?fit=888%2C440&ssl=1&resize=700%2C400 2x"},"classes":[]},{"id":10201,"url":"https:\/\/larevistadigital.com.ar\/blog\/chascomus-camion-se-accidento-y-casi-vuelca\/","url_meta":{"origin":26037,"position":5},"title":"CHASCOM\u00daS: CAMI\u00d3N SE ACCIDENT\u00d3 Y CASI VUELCA","author":"Alejandro Sosa Ruda","date":"15 mayo, 2019","format":false,"excerpt":"Por causas que se desconocen, un cami\u00f3n luego de alg\u00fan percance mec\u00e1nico, o alguna mala maniobra de su conductor, qued\u00f3 inclinado en la zanja y al parecer no volc\u00f3 de casualidad. Esto sucedi\u00f3 en calles Machado y la Diagonal 7 de Setiembre, y fue informado por el vecino Pedro Fayos,\u2026","rel":"","context":"En \u00abCHASCOM\u00daS\u00bb","block_context":{"text":"CHASCOM\u00daS","link":"https:\/\/larevistadigital.com.ar\/blog\/category\/chascomus\/"},"img":{"alt_text":"","src":"https:\/\/i0.wp.com\/larevistadigital.com.ar\/blog\/wp-content\/uploads\/2019\/05\/WhatsApp-Image-2019-05-15-at-08.41.17.jpeg?fit=780%2C1040&ssl=1&resize=350%2C200","width":350,"height":200,"srcset":"https:\/\/i0.wp.com\/larevistadigital.com.ar\/blog\/wp-content\/uploads\/2019\/05\/WhatsApp-Image-2019-05-15-at-08.41.17.jpeg?fit=780%2C1040&ssl=1&resize=350%2C200 1x, https:\/\/i0.wp.com\/larevistadigital.com.ar\/blog\/wp-content\/uploads\/2019\/05\/WhatsApp-Image-2019-05-15-at-08.41.17.jpeg?fit=780%2C1040&ssl=1&resize=525%2C300 1.5x, https:\/\/i0.wp.com\/larevistadigital.com.ar\/blog\/wp-content\/uploads\/2019\/05\/WhatsApp-Image-2019-05-15-at-08.41.17.jpeg?fit=780%2C1040&ssl=1&resize=700%2C400 2x"},"classes":[]}],"_links":{"self":[{"href":"https:\/\/larevistadigital.com.ar\/blog\/wp-json\/wp\/v2\/posts\/26037","targetHints":{"allow":["GET"]}}],"collection":[{"href":"https:\/\/larevistadigital.com.ar\/blog\/wp-json\/wp\/v2\/posts"}],"about":[{"href":"https:\/\/larevistadigital.com.ar\/blog\/wp-json\/wp\/v2\/types\/post"}],"author":[{"embeddable":true,"href":"https:\/\/larevistadigital.com.ar\/blog\/wp-json\/wp\/v2\/users\/3"}],"replies":[{"embeddable":true,"href":"https:\/\/larevistadigital.com.ar\/blog\/wp-json\/wp\/v2\/comments?post=26037"}],"version-history":[{"count":1,"href":"https:\/\/larevistadigital.com.ar\/blog\/wp-json\/wp\/v2\/posts\/26037\/revisions"}],"predecessor-version":[{"id":26039,"href":"https:\/\/larevistadigital.com.ar\/blog\/wp-json\/wp\/v2\/posts\/26037\/revisions\/26039"}],"wp:featuredmedia":[{"embeddable":true,"href":"https:\/\/larevistadigital.com.ar\/blog\/wp-json\/wp\/v2\/media\/26038"}],"wp:attachment":[{"href":"https:\/\/larevistadigital.com.ar\/blog\/wp-json\/wp\/v2\/media?parent=26037"}],"wp:term":[{"taxonomy":"category","embeddable":true,"href":"https:\/\/larevistadigital.com.ar\/blog\/wp-json\/wp\/v2\/categories?post=26037"},{"taxonomy":"post_tag","embeddable":true,"href":"https:\/\/larevistadigital.com.ar\/blog\/wp-json\/wp\/v2\/tags?post=26037"}],"curies":[{"name":"wp","href":"https:\/\/api.w.org\/{rel}","templated":true}]}}