{"id":26040,"date":"2022-06-22T20:32:45","date_gmt":"2022-06-22T20:32:45","guid":{"rendered":"https:\/\/larevistadigital.com.ar\/blog\/?p=26040"},"modified":"2022-06-22T20:32:45","modified_gmt":"2022-06-22T20:32:45","slug":"chascomus-la-policia-detuvo-a-un-individuo-que-poseia-pedido-de-captura-tras-reconocerlo-durante-la-recorrida","status":"publish","type":"post","link":"https:\/\/larevistadigital.com.ar\/blog\/chascomus-la-policia-detuvo-a-un-individuo-que-poseia-pedido-de-captura-tras-reconocerlo-durante-la-recorrida\/","title":{"rendered":"CHASCOM\u00daS: LA POLIC\u00cdA DETUVO A UN INDIVIDUO QUE POSE\u00cdA PEDIDO DE CAPTURA TRAS RECONOCERLO DURANTE LA RECORRIDA"},"content":{"rendered":"<h2>La polic\u00eda se encontraba patrullando e identific\u00f3 a un hombre sobre el que pesaba un pedido de captura activo. Fue detenido, pero la justicia orden\u00f3 su libertad.<\/h2>\n<p><strong>CHASCOM\u00daS &#8211;<\/strong>\u00a0 El d\u00eda de ayer, la Polic\u00eda Comunal detect\u00f3 durante la recorrida la presencia de un hombre, sobre quien pesaba un pedido de captura activo, por encubrimiento.<\/p>\n<blockquote>\n<h3>El mismo, hab\u00eda sido emanado por el juzgado de garant\u00edas N\u00b05 y se procedi\u00f3 a su aprehensi\u00f3n.<\/h3>\n<\/blockquote>\n<p>El juez que intervino, luego de la audiencia con el sujeto aprehendido, orden\u00f3 su libertad.<\/p>\n","protected":false},"excerpt":{"rendered":"<div class=\"mh-excerpt\"><p>La polic\u00eda se encontraba patrullando e identific\u00f3 a un hombre sobre el que pesaba un pedido de captura activo. Fue detenido, pero la justicia orden\u00f3 su libertad. CHASCOM\u00daS &#8211;\u00a0 El d\u00eda de ayer, la Polic\u00eda <a class=\"mh-excerpt-more\" href=\"https:\/\/larevistadigital.com.ar\/blog\/chascomus-la-policia-detuvo-a-un-individuo-que-poseia-pedido-de-captura-tras-reconocerlo-durante-la-recorrida\/\" title=\"CHASCOM\u00daS: LA POLIC\u00cdA DETUVO A UN INDIVIDUO QUE POSE\u00cdA PEDIDO DE CAPTURA TRAS RECONOCERLO DURANTE LA RECORRIDA\">[Leer M\u00e1s]<\/a><\/p>\n<\/div>","protected":false},"author":3,"featured_media":12077,"comment_status":"open","ping_status":"open","sticky":false,"template":"","format":"standard","meta":{"_jetpack_memberships_contains_paid_content":false,"footnotes":"","jetpack_publicize_message":"","jetpack_publicize_feature_enabled":true,"jetpack_social_post_already_shared":true,"jetpack_social_options":{"image_generator_settings":{"template":"highway","default_image_id":0,"font":"","enabled":false},"version":2}},"categories":[50,44],"tags":[],"class_list":{"0":"post-26040","1":"post","2":"type-post","3":"status-publish","4":"format-standard","5":"has-post-thumbnail","7":"category-interes-general","8":"category-policiales"},"jetpack_publicize_connections":[],"jetpack_featured_media_url":"https:\/\/i0.wp.com\/larevistadigital.com.ar\/blog\/wp-content\/uploads\/detenido-esposado.jpg?fit=1024%2C683&ssl=1","jetpack_sharing_enabled":true,"jetpack_shortlink":"https:\/\/wp.me\/p8qtrQ-6M0","jetpack-related-posts":[{"id":31157,"url":"https:\/\/larevistadigital.com.ar\/blog\/31157-2\/","url_meta":{"origin":26040,"position":0},"title":"CHASCOM\u00daS: LA POLIC\u00cdA DETUVO UN INDIVIDUO SOBRE EL QUE PESABA UNA ORDEN DE CAPTURA","author":"Alejandro Sosa Ruda","date":"21 abril, 2023","format":false,"excerpt":"Fue durante una recorrida preventiva. Ten\u00eda pedido de captura y se logr\u00f3 aprehenderlo. 21 de abril de 2023 CHASCOM\u00daS -\u00a0 Durante la recorrida de anoche, un m\u00f3vil de la Polic\u00eda Comunal, realizando tareas de prevenci\u00f3n, logr\u00f3 identificar a una persona de sexo masculino, corroborando que sobre el mismo pesaba una\u2026","rel":"","context":"En \u00abINTERES GENERAL\u00bb","block_context":{"text":"INTERES GENERAL","link":"https:\/\/larevistadigital.com.ar\/blog\/category\/interes-general\/"},"img":{"alt_text":"","src":"https:\/\/i0.wp.com\/larevistadigital.com.ar\/blog\/wp-content\/uploads\/WhatsApp-Image-2023-04-21-at-08.32.25-e1682091878405.jpeg?fit=720%2C777&ssl=1&resize=350%2C200","width":350,"height":200,"srcset":"https:\/\/i0.wp.com\/larevistadigital.com.ar\/blog\/wp-content\/uploads\/WhatsApp-Image-2023-04-21-at-08.32.25-e1682091878405.jpeg?fit=720%2C777&ssl=1&resize=350%2C200 1x, https:\/\/i0.wp.com\/larevistadigital.com.ar\/blog\/wp-content\/uploads\/WhatsApp-Image-2023-04-21-at-08.32.25-e1682091878405.jpeg?fit=720%2C777&ssl=1&resize=525%2C300 1.5x, https:\/\/i0.wp.com\/larevistadigital.com.ar\/blog\/wp-content\/uploads\/WhatsApp-Image-2023-04-21-at-08.32.25-e1682091878405.jpeg?fit=720%2C777&ssl=1&resize=700%2C400 2x"},"classes":[]},{"id":28054,"url":"https:\/\/larevistadigital.com.ar\/blog\/chascomus-aprehenden-a-un-individuo-que-tenia-pedido-de-captura-activo\/","url_meta":{"origin":26040,"position":1},"title":"CHASCOM\u00daS: APREHENDEN A UN INDIVIDUO QUE TEN\u00cdA \u00abPEDIDO DE CAPTURA\u00bb ACTIVO","author":"Alejandro Sosa Ruda","date":"25 septiembre, 2022","format":false,"excerpt":"Pesaba sobre el aprehendido, un pedido de captura desde Mayo pasado. 24 de septiembre de 2022 CHASCOM\u00daS -\u00a0\u00a0En el d\u00eda de hoy, personal de la Polic\u00eda Comunal logr\u00f3 aprehender a un sujeto sobre el cual pesaba un pedido de captura activo. La captura fue requerida por el Juzgado de Garant\u00edas\u2026","rel":"","context":"En \u00abCHASCOM\u00daS\u00bb","block_context":{"text":"CHASCOM\u00daS","link":"https:\/\/larevistadigital.com.ar\/blog\/category\/chascomus\/"},"img":{"alt_text":"","src":"https:\/\/i0.wp.com\/larevistadigital.com.ar\/blog\/wp-content\/uploads\/1620734311775.jpg?fit=1200%2C777&ssl=1&resize=350%2C200","width":350,"height":200,"srcset":"https:\/\/i0.wp.com\/larevistadigital.com.ar\/blog\/wp-content\/uploads\/1620734311775.jpg?fit=1200%2C777&ssl=1&resize=350%2C200 1x, https:\/\/i0.wp.com\/larevistadigital.com.ar\/blog\/wp-content\/uploads\/1620734311775.jpg?fit=1200%2C777&ssl=1&resize=525%2C300 1.5x, https:\/\/i0.wp.com\/larevistadigital.com.ar\/blog\/wp-content\/uploads\/1620734311775.jpg?fit=1200%2C777&ssl=1&resize=700%2C400 2x, https:\/\/i0.wp.com\/larevistadigital.com.ar\/blog\/wp-content\/uploads\/1620734311775.jpg?fit=1200%2C777&ssl=1&resize=1050%2C600 3x"},"classes":[]},{"id":30072,"url":"https:\/\/larevistadigital.com.ar\/blog\/chascomus-la-policia-allano-con-resultado-positivo-y-detuvo-un-individuo-con-pedido-de-captura-activo-y-una-mujer\/","url_meta":{"origin":26040,"position":2},"title":"CHASCOM\u00daS: LA POLIC\u00cdA ALLAN\u00d3 CON RESULTADO POSITIVO Y DETUVO UN INDIVIDUO CON PEDIDO DE CAPTURA ACTIVO Y UNA MUJER","author":"Alejandro Sosa Ruda","date":"8 febrero, 2023","format":false,"excerpt":"La car\u00e1tula es \"Robo calificado, captura y resistencia a la autoridad\". El detenido tiene antecedentes y el pedido de captura era por una causa de \"tenencia ilegal de arma de guerra\" 08 de febrero de 2023 CHASCOM\u00daS -\u00a0\u00a0Durante la tarde del d\u00eda de ayer, pasadas las 19:30 horas la polic\u00eda\u2026","rel":"","context":"En \u00abDESTACADAS\u00bb","block_context":{"text":"DESTACADAS","link":"https:\/\/larevistadigital.com.ar\/blog\/category\/destacadas\/"},"img":{"alt_text":"","src":"https:\/\/i0.wp.com\/larevistadigital.com.ar\/blog\/wp-content\/uploads\/WhatsApp-Image-2023-02-07-at-20.41.11-2-e1675894125601.jpeg?fit=822%2C822&ssl=1&resize=350%2C200","width":350,"height":200,"srcset":"https:\/\/i0.wp.com\/larevistadigital.com.ar\/blog\/wp-content\/uploads\/WhatsApp-Image-2023-02-07-at-20.41.11-2-e1675894125601.jpeg?fit=822%2C822&ssl=1&resize=350%2C200 1x, https:\/\/i0.wp.com\/larevistadigital.com.ar\/blog\/wp-content\/uploads\/WhatsApp-Image-2023-02-07-at-20.41.11-2-e1675894125601.jpeg?fit=822%2C822&ssl=1&resize=525%2C300 1.5x, https:\/\/i0.wp.com\/larevistadigital.com.ar\/blog\/wp-content\/uploads\/WhatsApp-Image-2023-02-07-at-20.41.11-2-e1675894125601.jpeg?fit=822%2C822&ssl=1&resize=700%2C400 2x"},"classes":[]},{"id":44823,"url":"https:\/\/larevistadigital.com.ar\/blog\/detuvieron-en-santa-clara-del-mar-a-un-hombre-con-pedido-de-captura-por-homicidio\/","url_meta":{"origin":26040,"position":3},"title":"Detuvieron en Santa Clara del Mar a un hombre con pedido de captura por homicidio","author":"Alejandro Sosa Ruda","date":"30 marzo, 2026","format":false,"excerpt":"Fue interceptado en la v\u00eda p\u00fablica tras tareas investigativas. La Justicia orden\u00f3 su traslado y qued\u00f3 alojado en la Unidad Penal de Bat\u00e1n. 30 de marzo de 2026 Santa Clara del Mar,- BUENOS AIRES -\u00a0 Un hombre de 39 a\u00f1os, sobre quien pesaba un pedido de captura activo por una\u2026","rel":"","context":"En \u00abPOLICIALES\u00bb","block_context":{"text":"POLICIALES","link":"https:\/\/larevistadigital.com.ar\/blog\/category\/policiales\/"},"img":{"alt_text":"","src":"https:\/\/i0.wp.com\/larevistadigital.com.ar\/blog\/wp-content\/uploads\/Captura-de-pantalla-2026-03-30-202935.jpg?fit=798%2C425&ssl=1&resize=350%2C200","width":350,"height":200,"srcset":"https:\/\/i0.wp.com\/larevistadigital.com.ar\/blog\/wp-content\/uploads\/Captura-de-pantalla-2026-03-30-202935.jpg?fit=798%2C425&ssl=1&resize=350%2C200 1x, https:\/\/i0.wp.com\/larevistadigital.com.ar\/blog\/wp-content\/uploads\/Captura-de-pantalla-2026-03-30-202935.jpg?fit=798%2C425&ssl=1&resize=525%2C300 1.5x, https:\/\/i0.wp.com\/larevistadigital.com.ar\/blog\/wp-content\/uploads\/Captura-de-pantalla-2026-03-30-202935.jpg?fit=798%2C425&ssl=1&resize=700%2C400 2x"},"classes":[]},{"id":33464,"url":"https:\/\/larevistadigital.com.ar\/blog\/chascomus-durante-tareas-preventivas-la-policia-intercepto-un-sujeto-con-pedido-de-captura-por-robo-en-brandsen\/","url_meta":{"origin":26040,"position":4},"title":"CHASCOM\u00daS: DURANTE TAREAS PREVENTIVAS LA POLIC\u00cdA INTERCEPT\u00d3 UN SUJETO CON PEDIDO DE CAPTURA POR ROBO EN BRANDSEN","author":"Alejandro Sosa Ruda","date":"15 septiembre, 2023","format":false,"excerpt":"El sujeto ten\u00eda pedido de captura por Hurto. 15 de Septiembre de 2023 CHASCOM\u00daS -\u00a0 En horas de la madrugada personal policial de EPC Chascomus 1ra. continuando con las diferentes tareas preventivas realizando operativo de interceptacion selectiva de personas, lograron interceptar en Colombia y Ameghino a una persona de sexo\u2026","rel":"","context":"En \u00abCHASCOM\u00daS\u00bb","block_context":{"text":"CHASCOM\u00daS","link":"https:\/\/larevistadigital.com.ar\/blog\/category\/chascomus\/"},"img":{"alt_text":"","src":"https:\/\/i0.wp.com\/larevistadigital.com.ar\/blog\/wp-content\/uploads\/WhatsApp-Image-2023-09-15-at-09.30.22-e1694793939517.jpeg?fit=966%2C293&ssl=1&resize=350%2C200","width":350,"height":200,"srcset":"https:\/\/i0.wp.com\/larevistadigital.com.ar\/blog\/wp-content\/uploads\/WhatsApp-Image-2023-09-15-at-09.30.22-e1694793939517.jpeg?fit=966%2C293&ssl=1&resize=350%2C200 1x, https:\/\/i0.wp.com\/larevistadigital.com.ar\/blog\/wp-content\/uploads\/WhatsApp-Image-2023-09-15-at-09.30.22-e1694793939517.jpeg?fit=966%2C293&ssl=1&resize=525%2C300 1.5x, https:\/\/i0.wp.com\/larevistadigital.com.ar\/blog\/wp-content\/uploads\/WhatsApp-Image-2023-09-15-at-09.30.22-e1694793939517.jpeg?fit=966%2C293&ssl=1&resize=700%2C400 2x"},"classes":[]},{"id":32203,"url":"https:\/\/larevistadigital.com.ar\/blog\/chascomus-la-policia-en-tareas-preventivas-intercepto-y-detuvo-a-un-sujeto-con-frondosos-antecedentes-y-pedido-de-captura\/","url_meta":{"origin":26040,"position":5},"title":"CHASCOM\u00daS: LA POLIC\u00cdA EN TAREAS PREVENTIVAS INTERCEPT\u00d3 Y DETUVO A UN SUJETO CON FRONDOSOS ANTECEDENTES Y \u00abPEDIDO DE CAPTURA\u00bb","author":"Alejandro Sosa Ruda","date":"30 junio, 2023","format":false,"excerpt":"Lo destacable es que las tareas preventivas de la Polic\u00eda Comunal, van dando resultados. 30 de junio de 2023 CHASCOM\u00daS -\u00a0 Durante la madrugada, un m\u00f3vil de la Polic\u00eda Comunal se encontraba recorriendo la jurisdicci\u00f3n en tareas preventivas por la calle Jos\u00e9 Castilla, y al llegar a la calle Tamara\u2026","rel":"","context":"En \u00abINTERES GENERAL\u00bb","block_context":{"text":"INTERES GENERAL","link":"https:\/\/larevistadigital.com.ar\/blog\/category\/interes-general\/"},"img":{"alt_text":"","src":"https:\/\/i0.wp.com\/larevistadigital.com.ar\/blog\/wp-content\/uploads\/WhatsApp-Image-2023-06-30-at-20.30.12-e1688169500202.jpeg?fit=695%2C592&ssl=1&resize=350%2C200","width":350,"height":200,"srcset":"https:\/\/i0.wp.com\/larevistadigital.com.ar\/blog\/wp-content\/uploads\/WhatsApp-Image-2023-06-30-at-20.30.12-e1688169500202.jpeg?fit=695%2C592&ssl=1&resize=350%2C200 1x, https:\/\/i0.wp.com\/larevistadigital.com.ar\/blog\/wp-content\/uploads\/WhatsApp-Image-2023-06-30-at-20.30.12-e1688169500202.jpeg?fit=695%2C592&ssl=1&resize=525%2C300 1.5x"},"classes":[]}],"_links":{"self":[{"href":"https:\/\/larevistadigital.com.ar\/blog\/wp-json\/wp\/v2\/posts\/26040","targetHints":{"allow":["GET"]}}],"collection":[{"href":"https:\/\/larevistadigital.com.ar\/blog\/wp-json\/wp\/v2\/posts"}],"about":[{"href":"https:\/\/larevistadigital.com.ar\/blog\/wp-json\/wp\/v2\/types\/post"}],"author":[{"embeddable":true,"href":"https:\/\/larevistadigital.com.ar\/blog\/wp-json\/wp\/v2\/users\/3"}],"replies":[{"embeddable":true,"href":"https:\/\/larevistadigital.com.ar\/blog\/wp-json\/wp\/v2\/comments?post=26040"}],"version-history":[{"count":1,"href":"https:\/\/larevistadigital.com.ar\/blog\/wp-json\/wp\/v2\/posts\/26040\/revisions"}],"predecessor-version":[{"id":26041,"href":"https:\/\/larevistadigital.com.ar\/blog\/wp-json\/wp\/v2\/posts\/26040\/revisions\/26041"}],"wp:featuredmedia":[{"embeddable":true,"href":"https:\/\/larevistadigital.com.ar\/blog\/wp-json\/wp\/v2\/media\/12077"}],"wp:attachment":[{"href":"https:\/\/larevistadigital.com.ar\/blog\/wp-json\/wp\/v2\/media?parent=26040"}],"wp:term":[{"taxonomy":"category","embeddable":true,"href":"https:\/\/larevistadigital.com.ar\/blog\/wp-json\/wp\/v2\/categories?post=26040"},{"taxonomy":"post_tag","embeddable":true,"href":"https:\/\/larevistadigital.com.ar\/blog\/wp-json\/wp\/v2\/tags?post=26040"}],"curies":[{"name":"wp","href":"https:\/\/api.w.org\/{rel}","templated":true}]}}