{"id":26042,"date":"2022-06-22T21:23:05","date_gmt":"2022-06-22T21:23:05","guid":{"rendered":"https:\/\/larevistadigital.com.ar\/blog\/?p=26042"},"modified":"2022-06-22T21:23:05","modified_gmt":"2022-06-22T21:23:05","slug":"chascomus-denuncian-el-robo-de-una-moto-de-un-domicilio-en-calle-belbeze","status":"publish","type":"post","link":"https:\/\/larevistadigital.com.ar\/blog\/chascomus-denuncian-el-robo-de-una-moto-de-un-domicilio-en-calle-belbeze\/","title":{"rendered":"CHASCOM\u00daS: DENUNCIAN EL ROBO DE UNA MOTO DE UN DOMICILIO EN CALLE BELBEZ\u00c9"},"content":{"rendered":"<p><strong>CHASCOM\u00daS &#8211;<\/strong>\u00a0 Durante la jornada de ayer, el vecino <strong>Sergio Brucetta<\/strong> denunci\u00f3 que desconocidos le robaron su motocicleta de su domicilio ubicado en calle Belbez\u00e9.<\/p>\n<blockquote>\n<h3>Los ladrones ingresaron sin da\u00f1ar nada, y el vecino no advirti\u00f3 el hecho, solo notando m\u00e1s tarde el faltante de su veh\u00edculo.<\/h3>\n<\/blockquote>\n<p>Se inici\u00f3 entonces una investigaci\u00f3n al respecto, y el denunciante lamentablemente mencion\u00f3 que no pose\u00eda seguro del motoveh\u00edculo.<\/p>\n","protected":false},"excerpt":{"rendered":"<div class=\"mh-excerpt\"><p>CHASCOM\u00daS &#8211;\u00a0 Durante la jornada de ayer, el vecino Sergio Brucetta denunci\u00f3 que desconocidos le robaron su motocicleta de su domicilio ubicado en calle Belbez\u00e9. Los ladrones ingresaron sin da\u00f1ar nada, y el vecino no <a class=\"mh-excerpt-more\" href=\"https:\/\/larevistadigital.com.ar\/blog\/chascomus-denuncian-el-robo-de-una-moto-de-un-domicilio-en-calle-belbeze\/\" title=\"CHASCOM\u00daS: DENUNCIAN EL ROBO DE UNA MOTO DE UN DOMICILIO EN CALLE BELBEZ\u00c9\">[Leer M\u00e1s]<\/a><\/p>\n<\/div>","protected":false},"author":3,"featured_media":3075,"comment_status":"open","ping_status":"open","sticky":false,"template":"","format":"standard","meta":{"_jetpack_memberships_contains_paid_content":false,"footnotes":"","jetpack_publicize_message":"","jetpack_publicize_feature_enabled":true,"jetpack_social_post_already_shared":true,"jetpack_social_options":{"image_generator_settings":{"template":"highway","default_image_id":0,"font":"","enabled":false},"version":2}},"categories":[6],"tags":[],"class_list":{"0":"post-26042","1":"post","2":"type-post","3":"status-publish","4":"format-standard","5":"has-post-thumbnail","7":"category-chascomus"},"jetpack_publicize_connections":[],"jetpack_featured_media_url":"https:\/\/i0.wp.com\/larevistadigital.com.ar\/blog\/wp-content\/uploads\/2017\/08\/comisaria.jpg?fit=640%2C324&ssl=1","jetpack_sharing_enabled":true,"jetpack_shortlink":"https:\/\/wp.me\/p8qtrQ-6M2","jetpack-related-posts":[{"id":32567,"url":"https:\/\/larevistadigital.com.ar\/blog\/chascomus-encuentran-una-persona-fallecida-en-su-domicilio-de-calle-belbeze\/","url_meta":{"origin":26042,"position":0},"title":"CHASCOM\u00daS: ENCUENTRAN UNA PERSONA FALLECIDA EN SU DOMICILIO DE CALLE BELBEZ\u00c9","author":"Alejandro Sosa Ruda","date":"24 julio, 2023","format":false,"excerpt":"Los familiares alertaron a la polic\u00eda ya que no obten\u00edan respuesta del hombre hac\u00eda unos d\u00edas. El hombre ten\u00eda 53 a\u00f1os. 24 de julio de 2023 CHASCOM\u00daS -\u00a0 Durante la jornada de hoy, y en horas de la tarde personal de la Polic\u00eda Comunal se traslad\u00f3 hasta un domicilio de\u2026","rel":"","context":"En \u00abCHASCOM\u00daS\u00bb","block_context":{"text":"CHASCOM\u00daS","link":"https:\/\/larevistadigital.com.ar\/blog\/category\/chascomus\/"},"img":{"alt_text":"","src":"https:\/\/i0.wp.com\/larevistadigital.com.ar\/blog\/wp-content\/uploads\/Captura-de-pantalla-2021-12-29-203210.jpg?fit=1013%2C675&ssl=1&resize=350%2C200","width":350,"height":200,"srcset":"https:\/\/i0.wp.com\/larevistadigital.com.ar\/blog\/wp-content\/uploads\/Captura-de-pantalla-2021-12-29-203210.jpg?fit=1013%2C675&ssl=1&resize=350%2C200 1x, https:\/\/i0.wp.com\/larevistadigital.com.ar\/blog\/wp-content\/uploads\/Captura-de-pantalla-2021-12-29-203210.jpg?fit=1013%2C675&ssl=1&resize=525%2C300 1.5x, https:\/\/i0.wp.com\/larevistadigital.com.ar\/blog\/wp-content\/uploads\/Captura-de-pantalla-2021-12-29-203210.jpg?fit=1013%2C675&ssl=1&resize=700%2C400 2x"},"classes":[]},{"id":5671,"url":"https:\/\/larevistadigital.com.ar\/blog\/chascomus-actuaciones-policiales\/","url_meta":{"origin":26042,"position":1},"title":"CHASCOM\u00daS: ACTUACIONES POLICIALES","author":"Alejandro Sosa Ruda","date":"27 mayo, 2018","format":false,"excerpt":"Ayer a las 19:00 hs en Av. Costanera y Manuel Fresco (la Bajadita) personal de la E.P.C Chascomus junto al personal del Grupo GAD Interceptan Fiat Siena en el cual dos j\u00f3venes uno de ellos de 21 a\u00f1os masculino y otra de 19 a\u00f1os (hermanos) ambos domiciliados en CABA a\u2026","rel":"","context":"En \u00abPOLICIALES\u00bb","block_context":{"text":"POLICIALES","link":"https:\/\/larevistadigital.com.ar\/blog\/category\/policiales\/"},"img":{"alt_text":"","src":"https:\/\/i0.wp.com\/larevistadigital.com.ar\/blog\/wp-content\/uploads\/2018\/05\/WhatsApp-Image-2018-05-27-at-01.15.50.jpeg?fit=600%2C1066&ssl=1&resize=350%2C200","width":350,"height":200,"srcset":"https:\/\/i0.wp.com\/larevistadigital.com.ar\/blog\/wp-content\/uploads\/2018\/05\/WhatsApp-Image-2018-05-27-at-01.15.50.jpeg?fit=600%2C1066&ssl=1&resize=350%2C200 1x, https:\/\/i0.wp.com\/larevistadigital.com.ar\/blog\/wp-content\/uploads\/2018\/05\/WhatsApp-Image-2018-05-27-at-01.15.50.jpeg?fit=600%2C1066&ssl=1&resize=525%2C300 1.5x"},"classes":[]},{"id":5198,"url":"https:\/\/larevistadigital.com.ar\/blog\/chascomus-se-encontro-sin-vida-domicilio-vecino-74-anos\/","url_meta":{"origin":26042,"position":2},"title":"CHASCOMUS: SE ENCONTR\u00d3 SIN VIDA EN SU DOMICILIO A VECINO DE 74 A\u00d1OS","author":"Alejandro Sosa Ruda","date":"7 marzo, 2018","format":false,"excerpt":"Se tom\u00f3 conocimiento desde la Jefatura de Polic\u00eda Comunal, que se inici\u00f3 de una causa por \u201cAveriguaci\u00f3n causales de muerte\u201d, de un vecino apellidado\u00a0\u00a0M\u00e9ndez 74 a\u00f1os de edad, el cual fue hallado sin vida en el interior de su vivienda en calle Soler Nro. 24. La denuncia fue radicada por\u2026","rel":"","context":"En \u00abPOLICIALES\u00bb","block_context":{"text":"POLICIALES","link":"https:\/\/larevistadigital.com.ar\/blog\/category\/policiales\/"},"img":{"alt_text":"","src":"https:\/\/i0.wp.com\/larevistadigital.com.ar\/blog\/wp-content\/uploads\/2018\/03\/f999x666-374914_469979_0.jpg?fit=999%2C666&ssl=1&resize=350%2C200","width":350,"height":200,"srcset":"https:\/\/i0.wp.com\/larevistadigital.com.ar\/blog\/wp-content\/uploads\/2018\/03\/f999x666-374914_469979_0.jpg?fit=999%2C666&ssl=1&resize=350%2C200 1x, https:\/\/i0.wp.com\/larevistadigital.com.ar\/blog\/wp-content\/uploads\/2018\/03\/f999x666-374914_469979_0.jpg?fit=999%2C666&ssl=1&resize=525%2C300 1.5x, https:\/\/i0.wp.com\/larevistadigital.com.ar\/blog\/wp-content\/uploads\/2018\/03\/f999x666-374914_469979_0.jpg?fit=999%2C666&ssl=1&resize=700%2C400 2x"},"classes":[]},{"id":32264,"url":"https:\/\/larevistadigital.com.ar\/blog\/chascomus-un-pitbull-ataco-a-una-criatura\/","url_meta":{"origin":26042,"position":3},"title":"CHASCOM\u00daS: UN PITBULL ATAC\u00d3 A UNA CRIATURA","author":"Alejandro Sosa Ruda","date":"4 julio, 2023","format":false,"excerpt":"El chico atacado sufri\u00f3 la p\u00e9rdida de parte del m\u00fasculo de una pierna. Los due\u00f1os del animal dicen que \"lo entregaron a quien puede hacerse cargo\" 4 de julio de 2023 CHASCOM\u00daS -\u00a0 Son varios los reclamos de vecinos que argumentan y con pruebas de la violencia de un perro\u2026","rel":"","context":"En \u00abCHASCOM\u00daS\u00bb","block_context":{"text":"CHASCOM\u00daS","link":"https:\/\/larevistadigital.com.ar\/blog\/category\/chascomus\/"},"img":{"alt_text":"","src":"https:\/\/i0.wp.com\/larevistadigital.com.ar\/blog\/wp-content\/uploads\/2019\/04\/pitbull-asesino.jpg?fit=1140%2C712&ssl=1&resize=350%2C200","width":350,"height":200,"srcset":"https:\/\/i0.wp.com\/larevistadigital.com.ar\/blog\/wp-content\/uploads\/2019\/04\/pitbull-asesino.jpg?fit=1140%2C712&ssl=1&resize=350%2C200 1x, https:\/\/i0.wp.com\/larevistadigital.com.ar\/blog\/wp-content\/uploads\/2019\/04\/pitbull-asesino.jpg?fit=1140%2C712&ssl=1&resize=525%2C300 1.5x, https:\/\/i0.wp.com\/larevistadigital.com.ar\/blog\/wp-content\/uploads\/2019\/04\/pitbull-asesino.jpg?fit=1140%2C712&ssl=1&resize=700%2C400 2x, https:\/\/i0.wp.com\/larevistadigital.com.ar\/blog\/wp-content\/uploads\/2019\/04\/pitbull-asesino.jpg?fit=1140%2C712&ssl=1&resize=1050%2C600 3x"},"classes":[]},{"id":7572,"url":"https:\/\/larevistadigital.com.ar\/blog\/chascomus-joven-vecino-se-quito-la-vida\/","url_meta":{"origin":26042,"position":4},"title":"CHASCOM\u00daS: JOVEN VECINO SE QUIT\u00d3 LA VIDA","author":"Alejandro Sosa Ruda","date":"4 enero, 2019","format":false,"excerpt":"Durante la jornada de ayer, un joven vecino de la ciudad de Chascom\u00fas tom\u00f3 la terrible decisi\u00f3n de terminar con su vida. El muchacho, de tan solo 31 a\u00f1os de edad, se ahorc\u00f3 en su domicilio de calle Costa Rica en el barrio Los Algarrobos. Su nombre era Miguel Rond\u00f3n,\u2026","rel":"","context":"En \u00abPOLICIALES\u00bb","block_context":{"text":"POLICIALES","link":"https:\/\/larevistadigital.com.ar\/blog\/category\/policiales\/"},"img":{"alt_text":"","src":"https:\/\/i0.wp.com\/larevistadigital.com.ar\/blog\/wp-content\/uploads\/2019\/01\/CRESP%C3%93N-NEGRO.jpg?fit=900%2C900&ssl=1&resize=350%2C200","width":350,"height":200,"srcset":"https:\/\/i0.wp.com\/larevistadigital.com.ar\/blog\/wp-content\/uploads\/2019\/01\/CRESP%C3%93N-NEGRO.jpg?fit=900%2C900&ssl=1&resize=350%2C200 1x, https:\/\/i0.wp.com\/larevistadigital.com.ar\/blog\/wp-content\/uploads\/2019\/01\/CRESP%C3%93N-NEGRO.jpg?fit=900%2C900&ssl=1&resize=525%2C300 1.5x, https:\/\/i0.wp.com\/larevistadigital.com.ar\/blog\/wp-content\/uploads\/2019\/01\/CRESP%C3%93N-NEGRO.jpg?fit=900%2C900&ssl=1&resize=700%2C400 2x"},"classes":[]},{"id":32726,"url":"https:\/\/larevistadigital.com.ar\/blog\/chascomus-la-policia-recupero-una-moto-que-habia-sido-denunciada-como-robada-a-fin-de-julio\/","url_meta":{"origin":26042,"position":5},"title":"CHASCOM\u00daS: LA POLIC\u00cdA RECUPER\u00d3 UNA MOTO QUE HAB\u00cdA SIDO DENUNCIADA COMO ROBADA A FIN DE JULIO","author":"Alejandro Sosa Ruda","date":"3 agosto, 2023","format":false,"excerpt":"CHASCOM\u00daS -\u00a0 \u00a0D\u00edas atr\u00e1s, una persona de sexo masculino realiz\u00f3 una denuncia en donde mencionaba que del patio lateral de su vivienda le fue sustra\u00edda una motocicleta de su propiedad. La moto robada era una Honda Wave, y a ra\u00edz de la denuncia, la polic\u00eda comunal comenz\u00f3 con tareas investigativas\u2026","rel":"","context":"En \u00abINTERES GENERAL\u00bb","block_context":{"text":"INTERES GENERAL","link":"https:\/\/larevistadigital.com.ar\/blog\/category\/interes-general\/"},"img":{"alt_text":"","src":"https:\/\/i0.wp.com\/larevistadigital.com.ar\/blog\/wp-content\/uploads\/88381adc587fa8a1e6a1dc82a6ca4e1b93ba1bbe-1.jpg?fit=1140%2C757&ssl=1&resize=350%2C200","width":350,"height":200,"srcset":"https:\/\/i0.wp.com\/larevistadigital.com.ar\/blog\/wp-content\/uploads\/88381adc587fa8a1e6a1dc82a6ca4e1b93ba1bbe-1.jpg?fit=1140%2C757&ssl=1&resize=350%2C200 1x, https:\/\/i0.wp.com\/larevistadigital.com.ar\/blog\/wp-content\/uploads\/88381adc587fa8a1e6a1dc82a6ca4e1b93ba1bbe-1.jpg?fit=1140%2C757&ssl=1&resize=525%2C300 1.5x, https:\/\/i0.wp.com\/larevistadigital.com.ar\/blog\/wp-content\/uploads\/88381adc587fa8a1e6a1dc82a6ca4e1b93ba1bbe-1.jpg?fit=1140%2C757&ssl=1&resize=700%2C400 2x, https:\/\/i0.wp.com\/larevistadigital.com.ar\/blog\/wp-content\/uploads\/88381adc587fa8a1e6a1dc82a6ca4e1b93ba1bbe-1.jpg?fit=1140%2C757&ssl=1&resize=1050%2C600 3x"},"classes":[]}],"_links":{"self":[{"href":"https:\/\/larevistadigital.com.ar\/blog\/wp-json\/wp\/v2\/posts\/26042","targetHints":{"allow":["GET"]}}],"collection":[{"href":"https:\/\/larevistadigital.com.ar\/blog\/wp-json\/wp\/v2\/posts"}],"about":[{"href":"https:\/\/larevistadigital.com.ar\/blog\/wp-json\/wp\/v2\/types\/post"}],"author":[{"embeddable":true,"href":"https:\/\/larevistadigital.com.ar\/blog\/wp-json\/wp\/v2\/users\/3"}],"replies":[{"embeddable":true,"href":"https:\/\/larevistadigital.com.ar\/blog\/wp-json\/wp\/v2\/comments?post=26042"}],"version-history":[{"count":2,"href":"https:\/\/larevistadigital.com.ar\/blog\/wp-json\/wp\/v2\/posts\/26042\/revisions"}],"predecessor-version":[{"id":26048,"href":"https:\/\/larevistadigital.com.ar\/blog\/wp-json\/wp\/v2\/posts\/26042\/revisions\/26048"}],"wp:featuredmedia":[{"embeddable":true,"href":"https:\/\/larevistadigital.com.ar\/blog\/wp-json\/wp\/v2\/media\/3075"}],"wp:attachment":[{"href":"https:\/\/larevistadigital.com.ar\/blog\/wp-json\/wp\/v2\/media?parent=26042"}],"wp:term":[{"taxonomy":"category","embeddable":true,"href":"https:\/\/larevistadigital.com.ar\/blog\/wp-json\/wp\/v2\/categories?post=26042"},{"taxonomy":"post_tag","embeddable":true,"href":"https:\/\/larevistadigital.com.ar\/blog\/wp-json\/wp\/v2\/tags?post=26042"}],"curies":[{"name":"wp","href":"https:\/\/api.w.org\/{rel}","templated":true}]}}