{"id":26045,"date":"2022-06-22T21:38:09","date_gmt":"2022-06-22T21:38:09","guid":{"rendered":"https:\/\/larevistadigital.com.ar\/blog\/?p=26045"},"modified":"2022-06-22T21:38:09","modified_gmt":"2022-06-22T21:38:09","slug":"me-diste-la-terrible-frase-del-hombre-asesinado-por-el-ex-de-su-pareja-en-berisso","status":"publish","type":"post","link":"https:\/\/larevistadigital.com.ar\/blog\/me-diste-la-terrible-frase-del-hombre-asesinado-por-el-ex-de-su-pareja-en-berisso\/","title":{"rendered":"\u00abME DISTE\u00bb: LA TERRIBLE FRASE DEL HOMBRE ASESINADO POR EL EX DE SU PAREJA EN BERISSO"},"content":{"rendered":"<h2 class=\"negrita\">Dos comerciantes fueron testigos del hecho y brindaron detalles del crimen. \u00abTe voy a dar m\u00e1s\u00bb, aseguran que grit\u00f3 el asesino.<\/h2>\n<div class=\"texto\">\n<p>Todav\u00eda contin\u00faa la conmoci\u00f3n por el crimen de\u00a0<strong><a href=\"https:\/\/www.0221.com.ar\/nota\/2022-6-22-12-47-0-quien-era-el-hombre-que-fue-asesinado-tras-discutir-con-el-novio-de-su-ex-en-berisso\">Rolando Dami\u00e1n Ch\u00e1vez (38)<\/a><\/strong>,\u00a0hecho ocurrido el pasado martes por la noche en 8 y 165,\u00a0<strong>Berisso<\/strong>. Seg\u00fan informaron fuentes oficiales, el episodio se origin\u00f3 luego de que el presunto asesino mantuviera una discusi\u00f3n con el ex de su pareja.\u00a0<strong>Ambos protagonizaron un intenso cruce que finaliz\u00f3 cuando el agresor le aplic\u00f3 a la v\u00edctima una pu\u00f1alada en el pecho, caus\u00e1ndole la muerte<\/strong>.<\/p>\n<p><strong>Tanto el homicida como su pareja fueron aprehendidos y quedaron a disposici\u00f3n de la Justicia tras conocerse el caso<\/strong>. En tanto, en las \u00faltimas horas se conoci\u00f3 el testimonio de dos comerciantes de la zona que comprometieron a los acusados y, a su vez, brindaron algunos detalles del caso. Uno de ellos asegur\u00f3 que ayer, cuando se encontraba cerrando su negocio, escuch\u00f3 gritos sin poder identificar de d\u00f3nde proven\u00edan.<\/p>\n<blockquote>\n<h3>Posteriormente, explic\u00f3 que vio a Ch\u00e1vez caminando por la calle, agarr\u00e1ndose\u00a0el pecho, y luego advirti\u00f3 que un veh\u00edculo se puso a la par de \u00e9l. Adem\u00e1s, remarc\u00f3 que el conductor dijo\u00a0<strong>\u00ab\u00bfquer\u00e9s m\u00e1s, quer\u00e9s m\u00e1s?\u00bb, y\u00a0luego se retir\u00f3 del lugar<\/strong>. Finalmente, manifest\u00f3\u00a0que tras esta situaci\u00f3n se acerc\u00f3 una mujer que le coment\u00f3:\u00a0<strong>\u00abEse del auto apu\u00f1al\u00f3 al muchacho que va caminando\u00bb<\/strong>, mientras se\u00f1alaba al veh\u00edculo en cuesti\u00f3n y al herido.<\/h3>\n<\/blockquote>\n<p>Por su parte, el otro comerciante\u00a0observ\u00f3 el momento en el cual descendi\u00f3 la exmujer de la v\u00edctima y comenz\u00f3 con a discutir con \u00e9l. Acto seguido, y siempre de acuerdo al relato del testigo, tambi\u00e9n baj\u00f3 el acusado con un objeto en la mano y se dirigi\u00f3 hac\u00eda Ch\u00e1vez para apu\u00f1alarlo\u00a0en el pecho.\u00a0<strong>\u00abMe diste, me apu\u00f1alaste\u00bb<\/strong>, dijo el herido.\u00a0A lo que el\u00a0atacante respondi\u00f3:\u00a0<strong>\u00abEso no es nada, te falta\u00bb<\/strong>. El comerciante luego agreg\u00f3 que su hijo escuch\u00f3 a los responsables gritarle a Ch\u00e1vez<strong>\u00a0\u00abte voy a dar m\u00e1s\u00bb<\/strong>.<\/p>\n<p>En este contexto, fuentes judiciales le dijeron a este portal que\u00a0<strong>\u00abhay motivos suficientes para sospechar que la mujer y su actual pareja son los coautores responsables del crimen\u00bb<\/strong>.<\/p>\n<p>Cabe se\u00f1alar que\u00a0<a href=\"https:\/\/www.0221.com.ar\/nota\/2022-6-22-15-3-0-se-entrego-el-acusado-de-haber-asesinado-a-punaladas-al-ex-de-su-pareja-en-berisso\">el principal acusado se present\u00f3 ante\u00a0las autoridades junto a su abogado<\/a>. La mujer, en tanto,\u00a0fue demorada posteriormente ya que estuvo presente en el lugar.<\/p>\n<p>El caso,\u00a0caratulado como\u00a0<strong>\u00abhomicidio\u00bb<\/strong>, qued\u00f3 bajo la \u00f3rbita de la UFI N\u00b0 17 de\u00a0<strong>Mar\u00eda Eugenia Di Lorenzo<\/strong>\u00a0y su\u00a0secretario\u00a0<strong>Emiliano Splittek<\/strong>.<\/p>\n<\/div>\n","protected":false},"excerpt":{"rendered":"<div class=\"mh-excerpt\"><p>Dos comerciantes fueron testigos del hecho y brindaron detalles del crimen. \u00abTe voy a dar m\u00e1s\u00bb, aseguran que grit\u00f3 el asesino. Todav\u00eda contin\u00faa la conmoci\u00f3n por el crimen de\u00a0Rolando Dami\u00e1n Ch\u00e1vez (38),\u00a0hecho ocurrido el pasado <a class=\"mh-excerpt-more\" href=\"https:\/\/larevistadigital.com.ar\/blog\/me-diste-la-terrible-frase-del-hombre-asesinado-por-el-ex-de-su-pareja-en-berisso\/\" title=\"\u00abME DISTE\u00bb: LA TERRIBLE FRASE DEL HOMBRE ASESINADO POR EL EX DE SU PAREJA EN BERISSO\">[Leer M\u00e1s]<\/a><\/p>\n<\/div>","protected":false},"author":3,"featured_media":26046,"comment_status":"open","ping_status":"open","sticky":false,"template":"","format":"standard","meta":{"_jetpack_memberships_contains_paid_content":false,"footnotes":"","jetpack_publicize_message":"","jetpack_publicize_feature_enabled":true,"jetpack_social_post_already_shared":true,"jetpack_social_options":{"image_generator_settings":{"template":"highway","default_image_id":0,"font":"","enabled":false},"version":2}},"categories":[44,51],"tags":[],"class_list":{"0":"post-26045","1":"post","2":"type-post","3":"status-publish","4":"format-standard","5":"has-post-thumbnail","7":"category-policiales","8":"category-regionales"},"jetpack_publicize_connections":[],"jetpack_featured_media_url":"https:\/\/i0.wp.com\/larevistadigital.com.ar\/blog\/wp-content\/uploads\/1655938798768.jpg?fit=1920%2C950&ssl=1","jetpack_sharing_enabled":true,"jetpack_shortlink":"https:\/\/wp.me\/p8qtrQ-6M5","jetpack-related-posts":[{"id":10609,"url":"https:\/\/larevistadigital.com.ar\/blog\/femicidio-asesino-de-tres-balazos-a-su-ex-pareja-y-luego-se-mato-dentro-del-auto\/","url_meta":{"origin":26045,"position":0},"title":"FEMICIDIO: ASESIN\u00d3 DE TRES BALAZOS A SU EX PAREJA Y LUEGO SE MAT\u00d3 DENTRO DEL AUTO","author":"Alejandro Sosa Ruda","date":"13 junio, 2019","format":false,"excerpt":"Gabriela Scalise ten\u00eda 43 a\u00f1os y fue atacada por su ex cuando intentaba entrar en su casa. Un hombre asesin\u00f3 de tres balazos a su ex pareja\u00a0en la esquina de su casa\u00a0ubicada en\u00a0la ciudad de Chacabuco, provincia de Buenos Aires, y luego de haber cometido el crimen,\u00a0fue hallado sin vida\u2026","rel":"","context":"En \u00abPOLICIALES\u00bb","block_context":{"text":"POLICIALES","link":"https:\/\/larevistadigital.com.ar\/blog\/category\/policiales\/"},"img":{"alt_text":"","src":"https:\/\/i0.wp.com\/larevistadigital.com.ar\/blog\/wp-content\/uploads\/gabi.jpg?fit=461%2C618&ssl=1&resize=350%2C200","width":350,"height":200},"classes":[]},{"id":35341,"url":"https:\/\/larevistadigital.com.ar\/blog\/horror-en-berisso-un-hombre-mato-a-punaladas-a-su-mujer-delante-de-su-propia-hija\/","url_meta":{"origin":26045,"position":1},"title":"HORROR EN BERISSO: UN HOMBRE MAT\u00d3 A PU\u00d1ALADAS A SU MUJER DELANTE DE SU PROPIA HIJA","author":"Alejandro Sosa Ruda","date":"28 febrero, 2024","format":false,"excerpt":"La joven le cont\u00f3 a la Polic\u00eda todo lo sucedido. El agresor apu\u00f1al\u00f3 a la mujer y luego se lesion\u00f3 a s\u00ed mismo, pero sobrevivi\u00f3 y fue internado de urgencia. 28 de febrero de 2024 BERISSO -\u00a0 Otro brutal femicidio\u00a0sacude a la ciudad de Berisso,\u00a0en particular, y la regi\u00f3n, en\u2026","rel":"","context":"En \u00abPOLICIALES\u00bb","block_context":{"text":"POLICIALES","link":"https:\/\/larevistadigital.com.ar\/blog\/category\/policiales\/"},"img":{"alt_text":"","src":"https:\/\/i0.wp.com\/larevistadigital.com.ar\/blog\/wp-content\/uploads\/Captura-de-pantalla-2024-02-28-120436.png?fit=905%2C454&ssl=1&resize=350%2C200","width":350,"height":200,"srcset":"https:\/\/i0.wp.com\/larevistadigital.com.ar\/blog\/wp-content\/uploads\/Captura-de-pantalla-2024-02-28-120436.png?fit=905%2C454&ssl=1&resize=350%2C200 1x, https:\/\/i0.wp.com\/larevistadigital.com.ar\/blog\/wp-content\/uploads\/Captura-de-pantalla-2024-02-28-120436.png?fit=905%2C454&ssl=1&resize=525%2C300 1.5x, https:\/\/i0.wp.com\/larevistadigital.com.ar\/blog\/wp-content\/uploads\/Captura-de-pantalla-2024-02-28-120436.png?fit=905%2C454&ssl=1&resize=700%2C400 2x"},"classes":[]},{"id":14205,"url":"https:\/\/larevistadigital.com.ar\/blog\/crimen-y-misterio-encuentran-hombre-ahorcado-y-desnudo-en-su-casa\/","url_meta":{"origin":26045,"position":2},"title":"CRIMEN Y MISTERIO: ENCUENTRAN HOMBRE AHORCADO Y DESNUDO EN SU CASA","author":"Alejandro Sosa Ruda","date":"15 enero, 2020","format":false,"excerpt":"El hombre no respond\u00eda llamados desde el domingo. Este martes por la noche fue encontrado por su hijo en su casa ahorcado y desnudo. Los investigadores creen que se trat\u00f3 de un crimen vinculado a una relaci\u00f3n de pareja.\u00a0 Un hombre fue encontrado\u00a0ahorcado\u00a0y desnudo este martes a la noche en\u2026","rel":"","context":"En \u00abPOLICIALES\u00bb","block_context":{"text":"POLICIALES","link":"https:\/\/larevistadigital.com.ar\/blog\/category\/policiales\/"},"img":{"alt_text":"","src":"https:\/\/i0.wp.com\/larevistadigital.com.ar\/blog\/wp-content\/uploads\/images-2.jpg?fit=600%2C374&ssl=1&resize=350%2C200","width":350,"height":200,"srcset":"https:\/\/i0.wp.com\/larevistadigital.com.ar\/blog\/wp-content\/uploads\/images-2.jpg?fit=600%2C374&ssl=1&resize=350%2C200 1x, https:\/\/i0.wp.com\/larevistadigital.com.ar\/blog\/wp-content\/uploads\/images-2.jpg?fit=600%2C374&ssl=1&resize=525%2C300 1.5x"},"classes":[]},{"id":38927,"url":"https:\/\/larevistadigital.com.ar\/blog\/tragedia-en-el-talar-joven-de-20-anos-asesino-a-su-novia-en-un-hotel-alojamiento\/","url_meta":{"origin":26045,"position":3},"title":"Tragedia en El Talar: Joven de 20 a\u00f1os asesin\u00f3 a su novia en un hotel alojamiento","author":"Alejandro Sosa Ruda","date":"4 marzo, 2025","format":false,"excerpt":"El crimen ocurri\u00f3 en un hotel ubicado en El Talar de Pacheco. Detalles del estremecedor asesinato. 04 de Marzo de 2025 EL TALAR\u00a0 -\u00a0 Un estremecedor femicidio sacude a la localidad de El Talar de Pacheco. Un joven de 20 a\u00f1os dispar\u00f3 a su pareja a corta distancia en la\u2026","rel":"","context":"En \u00abINTERES GENERAL\u00bb","block_context":{"text":"INTERES GENERAL","link":"https:\/\/larevistadigital.com.ar\/blog\/category\/interes-general\/"},"img":{"alt_text":"","src":"https:\/\/i0.wp.com\/larevistadigital.com.ar\/blog\/wp-content\/uploads\/images-10.jpg?fit=800%2C800&ssl=1&resize=350%2C200","width":350,"height":200,"srcset":"https:\/\/i0.wp.com\/larevistadigital.com.ar\/blog\/wp-content\/uploads\/images-10.jpg?fit=800%2C800&ssl=1&resize=350%2C200 1x, https:\/\/i0.wp.com\/larevistadigital.com.ar\/blog\/wp-content\/uploads\/images-10.jpg?fit=800%2C800&ssl=1&resize=525%2C300 1.5x, https:\/\/i0.wp.com\/larevistadigital.com.ar\/blog\/wp-content\/uploads\/images-10.jpg?fit=800%2C800&ssl=1&resize=700%2C400 2x"},"classes":[]},{"id":27614,"url":"https:\/\/larevistadigital.com.ar\/blog\/doble-crimen-de-vicente-lopez-liberaron-a-la-domestica-y-detuvieron-al-hijo-menor-acusado-del-homicidio-de-sus-padres\/","url_meta":{"origin":26045,"position":4},"title":"DOBLE CRIMEN DE VICENTE LOPEZ: LIBERARON A LA DOM\u00c9STICA Y DETUVIERON AL HIJO MENOR, ACUSADO DEL HOMICIDIO DE SUS PADRES","author":"Alejandro Sosa Ruda","date":"8 septiembre, 2022","format":false,"excerpt":"Los fiscales que investigan el asesinato a tiros de Jos\u00e9 Enrique del Rio (74) y de su esposa Mercedes Alonso (72), creen haber encontrado al homicida. Se trata Mart\u00edn Santiago del Rio, hijo menor de la pareja. La acusaci\u00f3n es de doble parricidio. 7 de septiembre de 2022 Mart\u00edn Santiago\u2026","rel":"","context":"En \u00abINTERES GENERAL\u00bb","block_context":{"text":"INTERES GENERAL","link":"https:\/\/larevistadigital.com.ar\/blog\/category\/interes-general\/"},"img":{"alt_text":"","src":"https:\/\/i0.wp.com\/larevistadigital.com.ar\/blog\/wp-content\/uploads\/Captura-de-pantalla-2022-09-08-094055.png?fit=825%2C473&ssl=1&resize=350%2C200","width":350,"height":200,"srcset":"https:\/\/i0.wp.com\/larevistadigital.com.ar\/blog\/wp-content\/uploads\/Captura-de-pantalla-2022-09-08-094055.png?fit=825%2C473&ssl=1&resize=350%2C200 1x, https:\/\/i0.wp.com\/larevistadigital.com.ar\/blog\/wp-content\/uploads\/Captura-de-pantalla-2022-09-08-094055.png?fit=825%2C473&ssl=1&resize=525%2C300 1.5x, https:\/\/i0.wp.com\/larevistadigital.com.ar\/blog\/wp-content\/uploads\/Captura-de-pantalla-2022-09-08-094055.png?fit=825%2C473&ssl=1&resize=700%2C400 2x"},"classes":[]},{"id":18703,"url":"https:\/\/larevistadigital.com.ar\/blog\/cordoba-asesinan-a-punaladas-a-pareja-de-jubilados\/","url_meta":{"origin":26045,"position":5},"title":"CORDOBA: ASESINAN A PU\u00d1ALADAS A PAREJA DE JUBILADOS","author":"Alejandro Sosa Ruda","date":"1 febrero, 2021","format":false,"excerpt":"Las v\u00edctimas fueron apu\u00f1aladas en un\u00a0aparente robo\u00a0en la vivienda, ubicada en la zona norte de la capital cordobesa. Una nieta descubri\u00f3 el doble crimen. C\u00d3RDOBA - Un\u00a0matrimonio de jubilados\u00a0fue asesinado a pu\u00f1aladas en su casa del\u00a0barrio Mariano Fragueiro, en la zona norte de la ciudad de C\u00f3rdoba, un doble crimen\u2026","rel":"","context":"En \u00abINTERES GENERAL\u00bb","block_context":{"text":"INTERES GENERAL","link":"https:\/\/larevistadigital.com.ar\/blog\/category\/interes-general\/"},"img":{"alt_text":"","src":"https:\/\/i0.wp.com\/larevistadigital.com.ar\/blog\/wp-content\/uploads\/Captura-1.png?fit=1200%2C678&ssl=1&resize=350%2C200","width":350,"height":200,"srcset":"https:\/\/i0.wp.com\/larevistadigital.com.ar\/blog\/wp-content\/uploads\/Captura-1.png?fit=1200%2C678&ssl=1&resize=350%2C200 1x, https:\/\/i0.wp.com\/larevistadigital.com.ar\/blog\/wp-content\/uploads\/Captura-1.png?fit=1200%2C678&ssl=1&resize=525%2C300 1.5x, https:\/\/i0.wp.com\/larevistadigital.com.ar\/blog\/wp-content\/uploads\/Captura-1.png?fit=1200%2C678&ssl=1&resize=700%2C400 2x, https:\/\/i0.wp.com\/larevistadigital.com.ar\/blog\/wp-content\/uploads\/Captura-1.png?fit=1200%2C678&ssl=1&resize=1050%2C600 3x"},"classes":[]}],"_links":{"self":[{"href":"https:\/\/larevistadigital.com.ar\/blog\/wp-json\/wp\/v2\/posts\/26045","targetHints":{"allow":["GET"]}}],"collection":[{"href":"https:\/\/larevistadigital.com.ar\/blog\/wp-json\/wp\/v2\/posts"}],"about":[{"href":"https:\/\/larevistadigital.com.ar\/blog\/wp-json\/wp\/v2\/types\/post"}],"author":[{"embeddable":true,"href":"https:\/\/larevistadigital.com.ar\/blog\/wp-json\/wp\/v2\/users\/3"}],"replies":[{"embeddable":true,"href":"https:\/\/larevistadigital.com.ar\/blog\/wp-json\/wp\/v2\/comments?post=26045"}],"version-history":[{"count":1,"href":"https:\/\/larevistadigital.com.ar\/blog\/wp-json\/wp\/v2\/posts\/26045\/revisions"}],"predecessor-version":[{"id":26047,"href":"https:\/\/larevistadigital.com.ar\/blog\/wp-json\/wp\/v2\/posts\/26045\/revisions\/26047"}],"wp:featuredmedia":[{"embeddable":true,"href":"https:\/\/larevistadigital.com.ar\/blog\/wp-json\/wp\/v2\/media\/26046"}],"wp:attachment":[{"href":"https:\/\/larevistadigital.com.ar\/blog\/wp-json\/wp\/v2\/media?parent=26045"}],"wp:term":[{"taxonomy":"category","embeddable":true,"href":"https:\/\/larevistadigital.com.ar\/blog\/wp-json\/wp\/v2\/categories?post=26045"},{"taxonomy":"post_tag","embeddable":true,"href":"https:\/\/larevistadigital.com.ar\/blog\/wp-json\/wp\/v2\/tags?post=26045"}],"curies":[{"name":"wp","href":"https:\/\/api.w.org\/{rel}","templated":true}]}}