{"id":26049,"date":"2022-06-23T09:40:13","date_gmt":"2022-06-23T09:40:13","guid":{"rendered":"https:\/\/larevistadigital.com.ar\/blog\/?p=26049"},"modified":"2022-06-23T09:40:13","modified_gmt":"2022-06-23T09:40:13","slug":"incendio-tragico-en-recoleta-mueren-3-chicos-y-2-mujeres","status":"publish","type":"post","link":"https:\/\/larevistadigital.com.ar\/blog\/incendio-tragico-en-recoleta-mueren-3-chicos-y-2-mujeres\/","title":{"rendered":"INCENDIO TR\u00c1GICO EN RECOLETA, MUEREN 3 CHICOS Y 2 MUJERES"},"content":{"rendered":"<h2 class=\"excerpt\">Un incendio desatado en el s\u00e9ptimo piso de un edificio de Recoleta dej\u00f3 el saldo tr\u00e1gico de 5 muertos y 18 heridos.<\/h2>\n<p>Un impactante\u00a0<a class=\"agrupador\" href=\"https:\/\/www.minutouno.com\/incendio-a918\" rel=\"918\">incendio<\/a>\u00a0se desat\u00f3 este jueves en un edificio del barrio porte\u00f1o de\u00a0<a class=\"agrupador\" href=\"https:\/\/www.minutouno.com\/recoleta-a5994\" rel=\"5994\">Recoleta<\/a>. El fuego se inici\u00f3 en el s\u00e9ptimo piso y se propag\u00f3 al octavo de la torre ubicada en Ecuador al 1000.<\/p>\n<blockquote>\n<h3>El director del SAME, Alberto Crescenti,\u00a0<strong>confirm\u00f3 que hay 5 muertos\u00a0<\/strong>por el incendio: se trata de tres nenes y dos mujeres. En tanto, otras\u00a0<strong>18 personas fueron trasladadas a diferentes hospitales porte\u00f1os.<\/strong><\/h3>\n<\/blockquote>\n<p>Una ni\u00f1a de aproximadamente 9 a\u00f1os fue atendida por personal del SAME suministr\u00e1ndole ox\u00edgeno, debido a que hab\u00eda inhalado humo, mientras que otra mujer fue descendida por bomberos con tabla r\u00edgida y collar cervical por las escaleras internas.<\/p>\n<blockquote>\n<h3 class=\"paragraph\">Crescenti tambi\u00e9n revel\u00f3 que son varios los pisos tomados, detall\u00f3 que hay \u201c<span id=\"saysCMSEmphasisj5a9qu06e0g\" class=\"saysCMSEmphasis\">cuatro o cinco menores en grave estado\u201d que fueron derivados al Hospital de Ni\u00f1os<\/span>\u00a0y\u00a0una embarazada, tambi\u00e9n en grave estado, trasladada al Hospital Ramos Mej\u00eda. \u201c<span id=\"saysCMSEmphasisbcqzeusaago\" class=\"saysCMSEmphasis\">Estamos esperando novedades en los hospitales, los est\u00e1n reanimando, est\u00e1n en paro cardiorrespiratorio<\/span>\u201d, indic\u00f3.<\/h3>\n<\/blockquote>\n<p class=\"paragraph\">Los bomberos evacuaron a vecinos que no pod\u00edan salir de sus viviendas con una\u00a0<strong>gr\u00faa<\/strong>\u00a0y recibieron asistencia en las ambulancias situadas en los alrededores del edificio, donde les suministraron ox\u00edgeno, ya que hab\u00edan inhalado humo, y luego fueron derivados a hospitales de la zona.<\/p>\n<p class=\"paragraph\"><strong>Pablo Giardina<\/strong>, subcomandante del cuerpo de Bomberos de la Ciudad<strong>, confrim\u00f3 a las 8.10 que el incendio fue controlado<\/strong>\u00a0e inform\u00f3 que las v\u00edctimas fatales hab\u00edan sido rescatadas con vida, aunque se encontraban graves. Fueron asistidas por m\u00e9dicos del SAME, pero fallecieron al ser trasladadas a centros de salud.<\/p>\n<p>&nbsp;<\/p>\n","protected":false},"excerpt":{"rendered":"<div class=\"mh-excerpt\"><p>Un incendio desatado en el s\u00e9ptimo piso de un edificio de Recoleta dej\u00f3 el saldo tr\u00e1gico de 5 muertos y 18 heridos. Un impactante\u00a0incendio\u00a0se desat\u00f3 este jueves en un edificio del barrio porte\u00f1o de\u00a0Recoleta. El <a class=\"mh-excerpt-more\" href=\"https:\/\/larevistadigital.com.ar\/blog\/incendio-tragico-en-recoleta-mueren-3-chicos-y-2-mujeres\/\" title=\"INCENDIO TR\u00c1GICO EN RECOLETA, MUEREN 3 CHICOS Y 2 MUJERES\">[Leer M\u00e1s]<\/a><\/p>\n<\/div>","protected":false},"author":3,"featured_media":26051,"comment_status":"open","ping_status":"open","sticky":false,"template":"","format":"standard","meta":{"_jetpack_memberships_contains_paid_content":false,"footnotes":"","jetpack_publicize_message":"","jetpack_publicize_feature_enabled":true,"jetpack_social_post_already_shared":true,"jetpack_social_options":{"image_generator_settings":{"template":"highway","default_image_id":0,"font":"","enabled":false},"version":2}},"categories":[41],"tags":[],"class_list":{"0":"post-26049","1":"post","2":"type-post","3":"status-publish","4":"format-standard","5":"has-post-thumbnail","7":"category-destacadas"},"jetpack_publicize_connections":[],"jetpack_featured_media_url":"https:\/\/i0.wp.com\/larevistadigital.com.ar\/blog\/wp-content\/uploads\/incendio-recoleta.jpg?fit=1502%2C828&ssl=1","jetpack_sharing_enabled":true,"jetpack_shortlink":"https:\/\/wp.me\/p8qtrQ-6M9","jetpack-related-posts":[{"id":11079,"url":"https:\/\/larevistadigital.com.ar\/blog\/al-menos-17-personas-internadas-por-inhalar-humo-tras-un-incendio\/","url_meta":{"origin":26049,"position":0},"title":"AL MENOS 17 PERSONAS INTERNADAS POR INHALAR HUMO TRAS UN INCENDIO","author":"Alejandro Sosa Ruda","date":"5 julio, 2019","format":false,"excerpt":"El incendio se origin\u00f3 en el dormitorio de un departamento del segundo piso de un edificio ubicado en Juan B. Justo 3591 y varias dotaciones de bomberos asistieron inmediatamente controlando el fuego. Al menos 17 personas fueron trasladadas a distintos hospitales porte\u00f1os por inhalaci\u00f3n de humo tras producirse un incendio\u2026","rel":"","context":"En \u00abINTERES GENERAL\u00bb","block_context":{"text":"INTERES GENERAL","link":"https:\/\/larevistadigital.com.ar\/blog\/category\/interes-general\/"},"img":{"alt_text":"","src":"https:\/\/i0.wp.com\/larevistadigital.com.ar\/blog\/wp-content\/uploads\/5d1f7c2cbdf01_1004x565.jpg?fit=1004%2C565&ssl=1&resize=350%2C200","width":350,"height":200,"srcset":"https:\/\/i0.wp.com\/larevistadigital.com.ar\/blog\/wp-content\/uploads\/5d1f7c2cbdf01_1004x565.jpg?fit=1004%2C565&ssl=1&resize=350%2C200 1x, https:\/\/i0.wp.com\/larevistadigital.com.ar\/blog\/wp-content\/uploads\/5d1f7c2cbdf01_1004x565.jpg?fit=1004%2C565&ssl=1&resize=525%2C300 1.5x, https:\/\/i0.wp.com\/larevistadigital.com.ar\/blog\/wp-content\/uploads\/5d1f7c2cbdf01_1004x565.jpg?fit=1004%2C565&ssl=1&resize=700%2C400 2x"},"classes":[]},{"id":12305,"url":"https:\/\/larevistadigital.com.ar\/blog\/tragico-incendio-en-hotel-de-flores-un-nene-muerto-y-23-afectados\/","url_meta":{"origin":26049,"position":1},"title":"TR\u00c1GICO INCENDIO EN HOTEL DE FLORES. UN NENE MUERTO Y 23 AFECTADOS","author":"Alejandro Sosa Ruda","date":"26 septiembre, 2019","format":false,"excerpt":"El fuego se inici\u00f3 en el primer piso del abergue familiar, donde las llamas ya fueron dominadas, y termin\u00f3 tomando 25 habitaciones. Hay dos menores en grave estado. Un nene de tres a\u00f1os muri\u00f3 tras incendiarse un hotel familiar, ubicado en la calle Fray Cayetano Rodr\u00edguez al 345, en el\u2026","rel":"","context":"En \u00abINTERES GENERAL\u00bb","block_context":{"text":"INTERES GENERAL","link":"https:\/\/larevistadigital.com.ar\/blog\/category\/interes-general\/"},"img":{"alt_text":"","src":"https:\/\/i0.wp.com\/larevistadigital.com.ar\/blog\/wp-content\/uploads\/Screenshot_1-40.jpg?fit=1128%2C548&ssl=1&resize=350%2C200","width":350,"height":200,"srcset":"https:\/\/i0.wp.com\/larevistadigital.com.ar\/blog\/wp-content\/uploads\/Screenshot_1-40.jpg?fit=1128%2C548&ssl=1&resize=350%2C200 1x, https:\/\/i0.wp.com\/larevistadigital.com.ar\/blog\/wp-content\/uploads\/Screenshot_1-40.jpg?fit=1128%2C548&ssl=1&resize=525%2C300 1.5x, https:\/\/i0.wp.com\/larevistadigital.com.ar\/blog\/wp-content\/uploads\/Screenshot_1-40.jpg?fit=1128%2C548&ssl=1&resize=700%2C400 2x, https:\/\/i0.wp.com\/larevistadigital.com.ar\/blog\/wp-content\/uploads\/Screenshot_1-40.jpg?fit=1128%2C548&ssl=1&resize=1050%2C600 3x"},"classes":[]},{"id":31964,"url":"https:\/\/larevistadigital.com.ar\/blog\/urgente-incendio-en-av-libertador-al-4800-hace-instantes\/","url_meta":{"origin":26049,"position":2},"title":"URGENTE: INCENDIO EN AV. LIBERTADOR AL 4800 HACE INSTANTES","author":"Alejandro Sosa Ruda","date":"13 junio, 2023","format":false,"excerpt":"Nuestro cronista Juan Lemik, nos env\u00eda como primicia material exclusivo desde el lugar, donde se produjo un incendio que afortunadamente no tuvo consecuencias graves. 13 de junio de 2023 CABA -\u00a0 Hace instantes, se produjo un incendio en el 4\u00b0 piso del edificio ubicado en avenida del Libertador al 4800.\u2026","rel":"","context":"En \u00abDESTACADAS\u00bb","block_context":{"text":"DESTACADAS","link":"https:\/\/larevistadigital.com.ar\/blog\/category\/destacadas\/"},"img":{"alt_text":"","src":"https:\/\/i0.wp.com\/larevistadigital.com.ar\/blog\/wp-content\/uploads\/WhatsApp-Image-2023-06-13-at-10.50.58.jpeg?fit=900%2C1200&ssl=1&resize=350%2C200","width":350,"height":200,"srcset":"https:\/\/i0.wp.com\/larevistadigital.com.ar\/blog\/wp-content\/uploads\/WhatsApp-Image-2023-06-13-at-10.50.58.jpeg?fit=900%2C1200&ssl=1&resize=350%2C200 1x, https:\/\/i0.wp.com\/larevistadigital.com.ar\/blog\/wp-content\/uploads\/WhatsApp-Image-2023-06-13-at-10.50.58.jpeg?fit=900%2C1200&ssl=1&resize=525%2C300 1.5x, https:\/\/i0.wp.com\/larevistadigital.com.ar\/blog\/wp-content\/uploads\/WhatsApp-Image-2023-06-13-at-10.50.58.jpeg?fit=900%2C1200&ssl=1&resize=700%2C400 2x"},"classes":[]},{"id":36844,"url":"https:\/\/larevistadigital.com.ar\/blog\/mar-del-plata-dos-muertos-en-el-incendio-de-una-vivienda\/","url_meta":{"origin":26049,"position":3},"title":"MAR DEL PLATA: DOS MUERTOS EN EL INCENDIO DE UNA VIVIENDA","author":"Alejandro Sosa Ruda","date":"30 julio, 2024","format":false,"excerpt":"Personal de bomberos de los cuarteles Monolito y Caisamar sofoc\u00f3 un incendio en una casa de Mugaburu al 7500. Hay dos hombres muertos confirmados. 30 de Julio de 2024 MAR DEL PLATA -\u00a0 Esta tarde, un tr\u00e1gico incendio en el barrio Aeroparque dej\u00f3 un saldo de dos hombres fallecidos, seg\u00fan\u2026","rel":"","context":"En \u00abPOLICIALES\u00bb","block_context":{"text":"POLICIALES","link":"https:\/\/larevistadigital.com.ar\/blog\/category\/policiales\/"},"img":{"alt_text":"","src":"https:\/\/i0.wp.com\/larevistadigital.com.ar\/blog\/wp-content\/uploads\/Captura-de-pantalla-2024-07-30-220952.png?fit=803%2C453&ssl=1&resize=350%2C200","width":350,"height":200,"srcset":"https:\/\/i0.wp.com\/larevistadigital.com.ar\/blog\/wp-content\/uploads\/Captura-de-pantalla-2024-07-30-220952.png?fit=803%2C453&ssl=1&resize=350%2C200 1x, https:\/\/i0.wp.com\/larevistadigital.com.ar\/blog\/wp-content\/uploads\/Captura-de-pantalla-2024-07-30-220952.png?fit=803%2C453&ssl=1&resize=525%2C300 1.5x, https:\/\/i0.wp.com\/larevistadigital.com.ar\/blog\/wp-content\/uploads\/Captura-de-pantalla-2024-07-30-220952.png?fit=803%2C453&ssl=1&resize=700%2C400 2x"},"classes":[]},{"id":25738,"url":"https:\/\/larevistadigital.com.ar\/blog\/misterio-se-investiga-la-muerte-de-un-ciudadano-norteamericano-encontrado-en-un-departamento-en-recoleta\/","url_meta":{"origin":26049,"position":4},"title":"MISTERIO: SE INVESTIGA LA MUERTE DE UN CIUDADANO NORTEAMERICANO ENCONTRADO EN UN DEPARTAMENTO EN RECOLETA","author":"Alejandro Sosa Ruda","date":"10 junio, 2022","format":false,"excerpt":"Se llamaba Chuck Mcgarry y ten\u00eda 56 a\u00f1os. Lo encontraron muerto en el segundo piso del edificio de Montevideo al 900. La fiscal\u00eda orden\u00f3 una autopsia. Encontraron muerto a un ciudadano estadounidense en\u00a0Recoleta. El hombre se llamaba Chuck Mcgarry y ten\u00eda 56 a\u00f1os y seg\u00fan informaci\u00f3n que pudo corroborar\u00a0TN,\u00a0lleg\u00f3 al\u2026","rel":"","context":"En \u00abDESTACADAS\u00bb","block_context":{"text":"DESTACADAS","link":"https:\/\/larevistadigital.com.ar\/blog\/category\/destacadas\/"},"img":{"alt_text":"","src":"https:\/\/i0.wp.com\/larevistadigital.com.ar\/blog\/wp-content\/uploads\/UP2K54SCSJGN3JP2MQURHVV5LE.jpg?fit=1200%2C691&ssl=1&resize=350%2C200","width":350,"height":200,"srcset":"https:\/\/i0.wp.com\/larevistadigital.com.ar\/blog\/wp-content\/uploads\/UP2K54SCSJGN3JP2MQURHVV5LE.jpg?fit=1200%2C691&ssl=1&resize=350%2C200 1x, https:\/\/i0.wp.com\/larevistadigital.com.ar\/blog\/wp-content\/uploads\/UP2K54SCSJGN3JP2MQURHVV5LE.jpg?fit=1200%2C691&ssl=1&resize=525%2C300 1.5x, https:\/\/i0.wp.com\/larevistadigital.com.ar\/blog\/wp-content\/uploads\/UP2K54SCSJGN3JP2MQURHVV5LE.jpg?fit=1200%2C691&ssl=1&resize=700%2C400 2x, https:\/\/i0.wp.com\/larevistadigital.com.ar\/blog\/wp-content\/uploads\/UP2K54SCSJGN3JP2MQURHVV5LE.jpg?fit=1200%2C691&ssl=1&resize=1050%2C600 3x"},"classes":[]},{"id":15496,"url":"https:\/\/larevistadigital.com.ar\/blog\/video-incendio-y-explosion-en-perfumeria-en-villa-crespo-mueren-dos-bomberos-y-otros-seis-estan-heridos\/","url_meta":{"origin":26049,"position":5},"title":"[VIDEO] INCENDIO Y EXPLOSI\u00d3N EN PERFUMER\u00cdA EN VILLA CRESPO. MUEREN DOS BOMBEROS Y OTROS SEIS EST\u00c1N HERIDOS","author":"Alejandro Sosa Ruda","date":"2 junio, 2020","format":false,"excerpt":"Dos efectivos del cuerpo de Bomberos de la Ciudad murieron este martes cuando estaban combatiendo un incendio en una\u00a0perfumer\u00eda\u00a0del\u00a0barrio porte\u00f1o de\u00a0Villa Crespo,\u00a0ubicada sobre la\u00a0avenida Corrientes al 5.200,\u00a0unos metros antes del cruce con la avenida Ra\u00fal Scalabrini Ortiz. El comercio est\u00e1 ubicado en la planta baja de un edificio de 14\u2026","rel":"","context":"En \u00abDESTACADAS\u00bb","block_context":{"text":"DESTACADAS","link":"https:\/\/larevistadigital.com.ar\/blog\/category\/destacadas\/"},"img":{"alt_text":"","src":"https:\/\/i0.wp.com\/larevistadigital.com.ar\/blog\/wp-content\/uploads\/3270904w380.jpg?fit=650%2C433&ssl=1&resize=350%2C200","width":350,"height":200,"srcset":"https:\/\/i0.wp.com\/larevistadigital.com.ar\/blog\/wp-content\/uploads\/3270904w380.jpg?fit=650%2C433&ssl=1&resize=350%2C200 1x, https:\/\/i0.wp.com\/larevistadigital.com.ar\/blog\/wp-content\/uploads\/3270904w380.jpg?fit=650%2C433&ssl=1&resize=525%2C300 1.5x"},"classes":[]}],"_links":{"self":[{"href":"https:\/\/larevistadigital.com.ar\/blog\/wp-json\/wp\/v2\/posts\/26049","targetHints":{"allow":["GET"]}}],"collection":[{"href":"https:\/\/larevistadigital.com.ar\/blog\/wp-json\/wp\/v2\/posts"}],"about":[{"href":"https:\/\/larevistadigital.com.ar\/blog\/wp-json\/wp\/v2\/types\/post"}],"author":[{"embeddable":true,"href":"https:\/\/larevistadigital.com.ar\/blog\/wp-json\/wp\/v2\/users\/3"}],"replies":[{"embeddable":true,"href":"https:\/\/larevistadigital.com.ar\/blog\/wp-json\/wp\/v2\/comments?post=26049"}],"version-history":[{"count":1,"href":"https:\/\/larevistadigital.com.ar\/blog\/wp-json\/wp\/v2\/posts\/26049\/revisions"}],"predecessor-version":[{"id":26052,"href":"https:\/\/larevistadigital.com.ar\/blog\/wp-json\/wp\/v2\/posts\/26049\/revisions\/26052"}],"wp:featuredmedia":[{"embeddable":true,"href":"https:\/\/larevistadigital.com.ar\/blog\/wp-json\/wp\/v2\/media\/26051"}],"wp:attachment":[{"href":"https:\/\/larevistadigital.com.ar\/blog\/wp-json\/wp\/v2\/media?parent=26049"}],"wp:term":[{"taxonomy":"category","embeddable":true,"href":"https:\/\/larevistadigital.com.ar\/blog\/wp-json\/wp\/v2\/categories?post=26049"},{"taxonomy":"post_tag","embeddable":true,"href":"https:\/\/larevistadigital.com.ar\/blog\/wp-json\/wp\/v2\/tags?post=26049"}],"curies":[{"name":"wp","href":"https:\/\/api.w.org\/{rel}","templated":true}]}}