{"id":26054,"date":"2022-06-23T12:16:02","date_gmt":"2022-06-23T12:16:02","guid":{"rendered":"https:\/\/larevistadigital.com.ar\/blog\/?p=26054"},"modified":"2022-06-23T12:16:02","modified_gmt":"2022-06-23T12:16:02","slug":"con-un-machete-como-arma-robo-y-quiso-escapar-por-los-techos","status":"publish","type":"post","link":"https:\/\/larevistadigital.com.ar\/blog\/con-un-machete-como-arma-robo-y-quiso-escapar-por-los-techos\/","title":{"rendered":"CON UN MACHETE COMO ARMA, ROB\u00d3 Y QUISO ESCAPAR POR LOS TECHOS"},"content":{"rendered":"<h2 class=\"intro\">Lo condenaron a dos a\u00f1os y medio de prisi\u00f3n tras un acuerdo de juicio abreviado. A Luis Alberto Mercado tambi\u00e9n lo declararon reincidente.<\/h2>\n<p><strong>MAR DEL PLATA &#8211;<\/strong>\u00a0 Un hombre que el pasado 22 de enero amenaz\u00f3 a un hombre con un machete para robarle un grupo electr\u00f3geno y que ante la llegada de la polic\u00eda intent\u00f3 escapar por los <a class=\"link\" href=\"https:\/\/www.0223.com.ar\/nota\/2022-6-3-18-29-0-robo-la-documentacion-de-un-auto-y-trepo-a-los-techos-de-una-casa-para-escapar\"><strong>techos<\/strong><\/a>\u00a0fue condenado a dos a\u00f1os y medio de prisi\u00f3n tras la validaci\u00f3n de un acuerdo de juicio abreviado. En la sentencia dictada en el Tribunal Oral en lo Criminal N\u00b0 4 se declar\u00f3 a\u00a0<strong>Luis Alberto Mercado<\/strong>\u00a0reincidente.<\/p>\n<blockquote>\n<h3>El acuerdo que presentaron el Ministerio P\u00fablico Fiscal y la defensa al Juez Alfredo De Leonardis presentaron un acuerdo por los hechos ocurridos la tarde del 22 de enero pasado cuando Mercado amenaz\u00f3 con un machete a un hombre que guardaba su camioneta en un galp\u00f3n ubicado en<strong> Balcarce entre Italia y Misiones.<\/strong><\/h3>\n<\/blockquote>\n<p><strong>\u201cLoco, me voy a llevar el compresor\u201d<\/strong>\u00a0le dijo al damnificado antes de ingresar al galp\u00f3n y sustraer un grupo electr\u00f3geno marca Hyundai y escapar junto a un c\u00f3mplice. Sin embargo, al intentar escapar fue sorprendido por personal policial que lo redujo aunque intent\u00f3 acceder a un domicilio y trepar a los techos a fin de eludir la acci\u00f3n policial.<\/p>\n<blockquote>\n<h3>En la sentencia a la que tuvo acceso el portal <strong>0223<\/strong>\u00a0se descartaron cuestiones eximentes de la responsabilidad penal, atenuantes y agravantes antes de dictar un veredicto condenatorio e imponer la pena a Luis Mercado.<\/h3>\n<\/blockquote>\n<p>Luego de calificar al hecho como constitutivo del delito de robo agravado por el uso de armas en grado de tentativa se lo conden\u00f3 a\u00a0<strong>dos a\u00f1os y seis meses de prisi\u00f3n.\u00a0<\/strong>El magistrado tambi\u00e9n lo declar\u00f3 reincidente con relaci\u00f3n a la pena impuesta en julio de 2019 por el Tribunal Oral en lo Criminal N\u00b01.<\/p>\n","protected":false},"excerpt":{"rendered":"<div class=\"mh-excerpt\"><p>Lo condenaron a dos a\u00f1os y medio de prisi\u00f3n tras un acuerdo de juicio abreviado. A Luis Alberto Mercado tambi\u00e9n lo declararon reincidente. MAR DEL PLATA &#8211;\u00a0 Un hombre que el pasado 22 de enero <a class=\"mh-excerpt-more\" href=\"https:\/\/larevistadigital.com.ar\/blog\/con-un-machete-como-arma-robo-y-quiso-escapar-por-los-techos\/\" title=\"CON UN MACHETE COMO ARMA, ROB\u00d3 Y QUISO ESCAPAR POR LOS TECHOS\">[Leer M\u00e1s]<\/a><\/p>\n<\/div>","protected":false},"author":3,"featured_media":15712,"comment_status":"open","ping_status":"open","sticky":false,"template":"","format":"standard","meta":{"_jetpack_memberships_contains_paid_content":false,"footnotes":"","jetpack_publicize_message":"","jetpack_publicize_feature_enabled":true,"jetpack_social_post_already_shared":true,"jetpack_social_options":{"image_generator_settings":{"template":"highway","default_image_id":0,"font":"","enabled":false},"version":2}},"categories":[44,51],"tags":[],"class_list":{"0":"post-26054","1":"post","2":"type-post","3":"status-publish","4":"format-standard","5":"has-post-thumbnail","7":"category-policiales","8":"category-regionales"},"jetpack_publicize_connections":[],"jetpack_featured_media_url":"https:\/\/i0.wp.com\/larevistadigital.com.ar\/blog\/wp-content\/uploads\/Screenshot_1-121.jpg?fit=1007%2C565&ssl=1","jetpack_sharing_enabled":true,"jetpack_shortlink":"https:\/\/wp.me\/p8qtrQ-6Me","jetpack-related-posts":[{"id":36959,"url":"https:\/\/larevistadigital.com.ar\/blog\/trato-de-escapar-por-los-techos-luego-de-matar-a-su-vecino-a-punaladas\/","url_meta":{"origin":26054,"position":0},"title":"TRAT\u00d3 DE ESCAPAR POR LOS TECHOS, LUEGO DE MATAR A SU VECINO A PU\u00d1ALADAS","author":"Alejandro Sosa Ruda","date":"11 agosto, 2024","format":false,"excerpt":"La pena a Diego Walter Arias se resolvi\u00f3 tras un acuerdo de juicio abreviado. La familia de la v\u00edctima consinti\u00f3 la calificaci\u00f3n y el monto de pena. El hecho ocurri\u00f3 en noviembre de 2022 en la Villa de V\u00e9rtiz. 11 de Agosto de 2024 MAR DEL PLATA -\u00a0 Un hombre\u2026","rel":"","context":"En \u00abPOLICIALES\u00bb","block_context":{"text":"POLICIALES","link":"https:\/\/larevistadigital.com.ar\/blog\/category\/policiales\/"},"img":{"alt_text":"","src":"https:\/\/i0.wp.com\/larevistadigital.com.ar\/blog\/wp-content\/uploads\/Captura-de-pantalla-2024-08-11-210738.png?fit=783%2C336&ssl=1&resize=350%2C200","width":350,"height":200,"srcset":"https:\/\/i0.wp.com\/larevistadigital.com.ar\/blog\/wp-content\/uploads\/Captura-de-pantalla-2024-08-11-210738.png?fit=783%2C336&ssl=1&resize=350%2C200 1x, https:\/\/i0.wp.com\/larevistadigital.com.ar\/blog\/wp-content\/uploads\/Captura-de-pantalla-2024-08-11-210738.png?fit=783%2C336&ssl=1&resize=525%2C300 1.5x, https:\/\/i0.wp.com\/larevistadigital.com.ar\/blog\/wp-content\/uploads\/Captura-de-pantalla-2024-08-11-210738.png?fit=783%2C336&ssl=1&resize=700%2C400 2x"},"classes":[]},{"id":18969,"url":"https:\/\/larevistadigital.com.ar\/blog\/los-hornos-ataco-con-un-machete-a-su-ex-y-amenazo-con-matar-a-su-hijo-para-huir-de-la-policia\/","url_meta":{"origin":26054,"position":1},"title":"LOS HORNOS: ATAC\u00d3 CON UN MACHETE A SU EX, Y AMENAZ\u00d3 CON MATAR A SU HIJO PARA HU\u00cdR DE LA POLIC\u00cdA","author":"Alejandro Sosa Ruda","date":"22 febrero, 2021","format":false,"excerpt":"Ocurri\u00f3 en 162 bis y 63. El hombre estaba fuera de s\u00ed y ahora qued\u00f3 a disposici\u00f3n de la justicia. Todos los heridos terminaron en el hospital. LA PLATA - Un hombre de 36 a\u00f1os\u00a0fue detenido en\u00a0las \u00faltimas horas por la Polic\u00eda\u00a0luego de ingresar a la casa de su ex\u2026","rel":"","context":"En \u00abPOLICIALES\u00bb","block_context":{"text":"POLICIALES","link":"https:\/\/larevistadigital.com.ar\/blog\/category\/policiales\/"},"img":{"alt_text":"","src":"https:\/\/i0.wp.com\/larevistadigital.com.ar\/blog\/wp-content\/uploads\/1614004440819.jpeg?fit=675%2C1200&ssl=1&resize=350%2C200","width":350,"height":200,"srcset":"https:\/\/i0.wp.com\/larevistadigital.com.ar\/blog\/wp-content\/uploads\/1614004440819.jpeg?fit=675%2C1200&ssl=1&resize=350%2C200 1x, https:\/\/i0.wp.com\/larevistadigital.com.ar\/blog\/wp-content\/uploads\/1614004440819.jpeg?fit=675%2C1200&ssl=1&resize=525%2C300 1.5x"},"classes":[]},{"id":41487,"url":"https:\/\/larevistadigital.com.ar\/blog\/tres-anos-de-condena-condicional-para-un-hombre-acusado-de-abusar-de-su-nieta\/","url_meta":{"origin":26054,"position":2},"title":"Tres a\u00f1os de condena condicional para un hombre acusado de abusar de su nieta","author":"Alejandro Sosa Ruda","date":"16 septiembre, 2025","format":false,"excerpt":"El Tribunal Oral en lo Criminal N\u00b02 conden\u00f3 a Rub\u00e9n Dar\u00edo S\u00e1nchez a tres a\u00f1os de prisi\u00f3n en suspenso tras un acuerdo de juicio abreviado por abuso sexual agravado contra su nieta. 16 de septiembre de 2025 MAR DEL PLATA\u00a0 -\u00a0 \u00a0Un hombre de 67 a\u00f1os, identificado como Rub\u00e9n Dar\u00edo\u2026","rel":"","context":"En \u00abPOLICIALES\u00bb","block_context":{"text":"POLICIALES","link":"https:\/\/larevistadigital.com.ar\/blog\/category\/policiales\/"},"img":{"alt_text":"","src":"https:\/\/i0.wp.com\/larevistadigital.com.ar\/blog\/wp-content\/uploads\/Captura-de-pantalla-2025-09-16-173534.jpg?fit=633%2C406&ssl=1&resize=350%2C200","width":350,"height":200,"srcset":"https:\/\/i0.wp.com\/larevistadigital.com.ar\/blog\/wp-content\/uploads\/Captura-de-pantalla-2025-09-16-173534.jpg?fit=633%2C406&ssl=1&resize=350%2C200 1x, https:\/\/i0.wp.com\/larevistadigital.com.ar\/blog\/wp-content\/uploads\/Captura-de-pantalla-2025-09-16-173534.jpg?fit=633%2C406&ssl=1&resize=525%2C300 1.5x"},"classes":[]},{"id":23947,"url":"https:\/\/larevistadigital.com.ar\/blog\/revocan-la-prision-domiciliaria-del-hombre-detenido-por-abusar-de-su-bisnieta-de-3-meses\/","url_meta":{"origin":26054,"position":3},"title":"REVOCAN LA PRISI\u00d3N DOMICILIARIA DEL HOMBRE DETENIDO POR ABUSAR DE SU BISNIETA DE 3 MESES","author":"Alejandro Sosa Ruda","date":"12 febrero, 2022","format":false,"excerpt":"El jueves pasado cuando la Polic\u00eda Bonaerense detuvo a un hombre de 63 a\u00f1os acusado de haber abusado sexualmente de su bisnieta de tres meses, uno de los datos que emergi\u00f3 r\u00e1pidamente entre los investigadores era que en esa casa el imputado cumpl\u00eda prisi\u00f3n domiciliaria por una causa previa, tambi\u00e9n\u2026","rel":"","context":"En \u00abINTERES GENERAL\u00bb","block_context":{"text":"INTERES GENERAL","link":"https:\/\/larevistadigital.com.ar\/blog\/category\/interes-general\/"},"img":{"alt_text":"","src":"https:\/\/i0.wp.com\/larevistadigital.com.ar\/blog\/wp-content\/uploads\/20220211154836_tribunal-oral-federal-mar-del-plata.jpg?fit=880%2C512&ssl=1&resize=350%2C200","width":350,"height":200,"srcset":"https:\/\/i0.wp.com\/larevistadigital.com.ar\/blog\/wp-content\/uploads\/20220211154836_tribunal-oral-federal-mar-del-plata.jpg?fit=880%2C512&ssl=1&resize=350%2C200 1x, https:\/\/i0.wp.com\/larevistadigital.com.ar\/blog\/wp-content\/uploads\/20220211154836_tribunal-oral-federal-mar-del-plata.jpg?fit=880%2C512&ssl=1&resize=525%2C300 1.5x, https:\/\/i0.wp.com\/larevistadigital.com.ar\/blog\/wp-content\/uploads\/20220211154836_tribunal-oral-federal-mar-del-plata.jpg?fit=880%2C512&ssl=1&resize=700%2C400 2x"},"classes":[]},{"id":27103,"url":"https:\/\/larevistadigital.com.ar\/blog\/chascomus-monitoreo-detecto-a-dos-jovenes-armados-que-fueron-aprehendidos-por-la-policia\/","url_meta":{"origin":26054,"position":4},"title":"CHASCOM\u00daS: MONITOREO DETECT\u00d3 A DOS J\u00d3VENES ARMADOS QUE FUERON APREHENDIDOS POR LA POLIC\u00cdA","author":"Alejandro Sosa Ruda","date":"16 agosto, 2022","format":false,"excerpt":"Se trat\u00f3 de individuos que peleaban con otro, armados con cuchillos y un machete, que inclusive intentaron agredir a la polic\u00eda que logr\u00f3 aprehenderlos. CHASCOM\u00daS -\u00a0 Personal de la Central de Monitoreo Municipal, emiti\u00f3 una alerta a la Polic\u00eda Comunal advirtiendo la presencia de dos hombres que se enfrentaban con\u2026","rel":"","context":"En \u00abINTERES GENERAL\u00bb","block_context":{"text":"INTERES GENERAL","link":"https:\/\/larevistadigital.com.ar\/blog\/category\/interes-general\/"},"img":{"alt_text":"","src":"https:\/\/i0.wp.com\/larevistadigital.com.ar\/blog\/wp-content\/uploads\/WhatsApp-Image-2022-08-16-at-9.57.14-AM.jpeg?fit=1200%2C898&ssl=1&resize=350%2C200","width":350,"height":200,"srcset":"https:\/\/i0.wp.com\/larevistadigital.com.ar\/blog\/wp-content\/uploads\/WhatsApp-Image-2022-08-16-at-9.57.14-AM.jpeg?fit=1200%2C898&ssl=1&resize=350%2C200 1x, https:\/\/i0.wp.com\/larevistadigital.com.ar\/blog\/wp-content\/uploads\/WhatsApp-Image-2022-08-16-at-9.57.14-AM.jpeg?fit=1200%2C898&ssl=1&resize=525%2C300 1.5x, https:\/\/i0.wp.com\/larevistadigital.com.ar\/blog\/wp-content\/uploads\/WhatsApp-Image-2022-08-16-at-9.57.14-AM.jpeg?fit=1200%2C898&ssl=1&resize=700%2C400 2x, https:\/\/i0.wp.com\/larevistadigital.com.ar\/blog\/wp-content\/uploads\/WhatsApp-Image-2022-08-16-at-9.57.14-AM.jpeg?fit=1200%2C898&ssl=1&resize=1050%2C600 3x"},"classes":[]},{"id":22576,"url":"https:\/\/larevistadigital.com.ar\/blog\/condenaron-a-el-pepo-a-tres-anos-y-nueve-meses-de-prision-por-el-accidente-fatal-que-protagonizo-en-la-ruta-63\/","url_meta":{"origin":26054,"position":5},"title":"CONDENARON A \u00abEL PEPO\u00bb A TRES A\u00d1OS Y NUEVE MESES DE PRISI\u00d3N POR EL ACCIDENTE FATAL QUE PROTAGONIZ\u00d3 EN LA RUTA 63","author":"Alejandro Sosa Ruda","date":"4 noviembre, 2021","format":false,"excerpt":"La sentencia se dio a conocer luego de que las partes acordaran un juicio abreviado. El cantante estaba imputado en la causa por homicidio culposo agravado. DOLORES -\u00a0 El popular cantante Rub\u00e9n Casti\u00f1eiras, conocido como\u00a0El Pepo, fue condenado a\u00a0cuatro a\u00f1os y nueve meses de prisi\u00f3n\u00a0en el marco de una causa\u2026","rel":"","context":"En \u00abINTERES GENERAL\u00bb","block_context":{"text":"INTERES GENERAL","link":"https:\/\/larevistadigital.com.ar\/blog\/category\/interes-general\/"},"img":{"alt_text":"","src":"https:\/\/i0.wp.com\/larevistadigital.com.ar\/blog\/wp-content\/uploads\/0108b3aaaa8a74f17140f615a2bf186053e74cfd.jpg?fit=1140%2C759&ssl=1&resize=350%2C200","width":350,"height":200,"srcset":"https:\/\/i0.wp.com\/larevistadigital.com.ar\/blog\/wp-content\/uploads\/0108b3aaaa8a74f17140f615a2bf186053e74cfd.jpg?fit=1140%2C759&ssl=1&resize=350%2C200 1x, https:\/\/i0.wp.com\/larevistadigital.com.ar\/blog\/wp-content\/uploads\/0108b3aaaa8a74f17140f615a2bf186053e74cfd.jpg?fit=1140%2C759&ssl=1&resize=525%2C300 1.5x, https:\/\/i0.wp.com\/larevistadigital.com.ar\/blog\/wp-content\/uploads\/0108b3aaaa8a74f17140f615a2bf186053e74cfd.jpg?fit=1140%2C759&ssl=1&resize=700%2C400 2x, https:\/\/i0.wp.com\/larevistadigital.com.ar\/blog\/wp-content\/uploads\/0108b3aaaa8a74f17140f615a2bf186053e74cfd.jpg?fit=1140%2C759&ssl=1&resize=1050%2C600 3x"},"classes":[]}],"_links":{"self":[{"href":"https:\/\/larevistadigital.com.ar\/blog\/wp-json\/wp\/v2\/posts\/26054","targetHints":{"allow":["GET"]}}],"collection":[{"href":"https:\/\/larevistadigital.com.ar\/blog\/wp-json\/wp\/v2\/posts"}],"about":[{"href":"https:\/\/larevistadigital.com.ar\/blog\/wp-json\/wp\/v2\/types\/post"}],"author":[{"embeddable":true,"href":"https:\/\/larevistadigital.com.ar\/blog\/wp-json\/wp\/v2\/users\/3"}],"replies":[{"embeddable":true,"href":"https:\/\/larevistadigital.com.ar\/blog\/wp-json\/wp\/v2\/comments?post=26054"}],"version-history":[{"count":1,"href":"https:\/\/larevistadigital.com.ar\/blog\/wp-json\/wp\/v2\/posts\/26054\/revisions"}],"predecessor-version":[{"id":26055,"href":"https:\/\/larevistadigital.com.ar\/blog\/wp-json\/wp\/v2\/posts\/26054\/revisions\/26055"}],"wp:featuredmedia":[{"embeddable":true,"href":"https:\/\/larevistadigital.com.ar\/blog\/wp-json\/wp\/v2\/media\/15712"}],"wp:attachment":[{"href":"https:\/\/larevistadigital.com.ar\/blog\/wp-json\/wp\/v2\/media?parent=26054"}],"wp:term":[{"taxonomy":"category","embeddable":true,"href":"https:\/\/larevistadigital.com.ar\/blog\/wp-json\/wp\/v2\/categories?post=26054"},{"taxonomy":"post_tag","embeddable":true,"href":"https:\/\/larevistadigital.com.ar\/blog\/wp-json\/wp\/v2\/tags?post=26054"}],"curies":[{"name":"wp","href":"https:\/\/api.w.org\/{rel}","templated":true}]}}