{"id":26060,"date":"2022-06-24T09:18:33","date_gmt":"2022-06-24T09:18:33","guid":{"rendered":"https:\/\/larevistadigital.com.ar\/blog\/?p=26060"},"modified":"2022-06-24T09:18:33","modified_gmt":"2022-06-24T09:18:33","slug":"la-plata-contrataron-albaniles-para-unas-refacciones-y-eran-feroces-ladrones","status":"publish","type":"post","link":"https:\/\/larevistadigital.com.ar\/blog\/la-plata-contrataron-albaniles-para-unas-refacciones-y-eran-feroces-ladrones\/","title":{"rendered":"LA PLATA: CONTRATARON ALBA\u00d1ILES PARA UNAS REFACCIONES Y ERAN FEROCES LADRONES"},"content":{"rendered":"<h2 class=\"negrita\">Se conocieron detalles del salvaje asalto\u00a0ejecutado en la ma\u00f1ana del jueves, en una vivienda ubicada en la zona de 123 entre 67 y 68. Hay tres detenidos<\/h2>\n<div class=\"texto\">\n<p><strong>LA PLATA &#8211;\u00a0<\/strong> Se conocieron detalles del violento robo que sufri\u00f3 una familia de Berisso que qued\u00f3 a merced de ladrones que<a href=\"https:\/\/www.0221.com.ar\/nota\/2022-6-23-15-23-0-amenazas-precintos-y-terror-para-una-familia-de-berisso-durante-una-violenta-entradera\">\u00a0los amenazaron de muerte con armas de fuego, los ataron con precintos, los amordazaron con cinta<\/a> y hasta llegaron a golpearlos para que revelaran d\u00f3nde estaban guardados sus ahorros, el cual fue reportado por el portal <strong>0221.com.ar<\/strong>\u00a0en las \u00faltimas horas.<\/p>\n<blockquote>\n<h3>Seg\u00fan fuentes policiales,\u00a0<strong>el golpe fue dado por un grupo de alba\u00f1iles que lleg\u00f3 al lugar bien temprano para realizar una serie de reparaciones edilicias<\/strong>. En este sentido, todav\u00eda no hay certeza sobre cu\u00e1ntos de los sospechosos est\u00e1n realmente involucrados en el hecho.<\/h3>\n<\/blockquote>\n<p>Como ya se report\u00f3, el hecho ocurri\u00f3 en una vivienda ubicada en calle 123 entre 67 y 68 de la localidad de Berisso.\u00a0La familia jam\u00e1s se imagin\u00f3 que iba a tener que beber un trago tan amargo en horas de la ma\u00f1ana y que los responsables iban a terminar siendo los trabajadores que, justamente, hab\u00edan contratado para llevar adelante una serie de obras orientadas a mejorar la seguridad de la vivienda.<\/p>\n<blockquote>\n<h3>En este caso, los delincuentes\u00a0<strong>no emplearon ning\u00fan tipo de accionar violento para ingresar a la propiedad. De hecho fueron recibidos de forma amable por los propietarios del inmueble que hasta llegaron a ofrecerles \u201calgo calentito\u201d para combatir las bajas temperaturas que imperaban en el turno matutino<\/strong>.<\/h3>\n<\/blockquote>\n<p>Al maestro mayor de obras lo conoc\u00edan desde hac\u00eda 5 a\u00f1os. Le hab\u00edan encargado varios trabajos y en ese marco decidieron volver a apostar en su capacidad laboral para emprender esta nueva obra, seg\u00fan informa El D\u00eda.<\/p>\n<p><a href=\"https:\/\/i0.wp.com\/pxb.cdn.0221.com.ar\/0221\/042021\/1618517096988.jpg?ssl=1\"><img data-recalc-dims=\"1\" decoding=\"async\" src=\"https:\/\/i0.wp.com\/pxb.cdn.0221.com.ar\/0221\/042021\/1618517096988.jpg?ssl=1\" alt=\"\" \/><\/a><\/p>\n<p>Seg\u00fan lo reconstruido por la polic\u00eda, el hombre se present\u00f3 en horas de la ma\u00f1ana en la puerta de la casa. Tras tocar el timbre, la due\u00f1a de casa lo atendi\u00f3. Inmediatamente despu\u00e9s de que la salud\u00f3 le explic\u00f3 que los dos individuos que lo flanqueaban iban a trabajar con \u00e9l como ayudantes.\u00a0Seg\u00fan el due\u00f1o de casa,\u00a0<strong>\u201cen cuesti\u00f3n de minutos hicieron dos mezclas y hasta llegaron a pegar unos bloques\u201d. \u201cNada hac\u00eda presumir semejante transformaci\u00f3n. Se los ve\u00eda muy concentrados en su trabajo y casi ni hablaban\u201d<\/strong>, expres\u00f3 la v\u00edctima.<\/p>\n<blockquote>\n<h3>Cerca de las diez de la ma\u00f1ana, cuando la familia se encontraba en un momento de reposo despu\u00e9s del desayuno, los delincuentes avanzaron con la siguiente fase del plan. Provistos cada uno de un arma de fuego, los ayudantes entraron al garaje y tomaron por sorpresa a la due\u00f1a. Luego arrinconaron a su marido en el living y lo redujeron a culatazos. En menos de un minuto, la casa qued\u00f3 bajo el total dominio de los delincuentes.<\/h3>\n<\/blockquote>\n<p>La mujer fue conducida junto a sus hijos a un garaje en donde uno de los ladrones la at\u00f3 de pies y manos con precintos y la amordaz\u00f3 con cinta adhesiva. Posteriormente retorn\u00f3 a la casa y junto a su secuaz iniciaron un feroz interrogatorio al due\u00f1o, en uno de los dormitorios.<\/p>\n<blockquote>\n<h3>Con golpes y amenazas, ambos sujetos lograron sacarle informaci\u00f3n clave para dar con cien mil pesos y otros valores. Pero, estaban obstinados con que el hombre guardaba una gran cifra en su casa y, seg\u00fan le repitieron en varias oportunidades, se iban a quedar el tiempo que fuera suficiente hasta que\u201d largara\u201d d\u00f3nde ten\u00eda \u201clos tres millones\u201d.<\/h3>\n<\/blockquote>\n<p>Pero el violento careo se vio interrumpido bruscamente. Mientras el propietario era sometido a una golpiza, la mujer pudo liberarse de las ataduras y sali\u00f3 a la calle para pedir ayuda.\u00a0Al ver esta situaci\u00f3n desde una habitaci\u00f3n del primer piso, los malvivientes entendieron que no hab\u00eda tiempo para m\u00e1s. Si bien lograron avanzar varias cuadras hacia el coraz\u00f3n de Berisso, el r\u00e1pido accionar de la polic\u00eda permiti\u00f3 dar con los sujetos de forma vertiginosa.<\/p>\n<p>Los investigadores analizan por estas horas el grado de responsabilidad del maestro mayor de obras en el golpe. El hombre sostuvo ante la polic\u00eda que fue \u201cuna v\u00edctima m\u00e1s\u201d del hecho, que se lo llevaron \u201camenazado\u201d tras el robo y que incluso le robaron el tel\u00e9fono.\u00a0Pero para las autoridades una serie de contradicciones y la informaci\u00f3n con la que contaban los principales sospechosos, lo vinculan de forma directa al hecho. En ese marco, el hombre tambi\u00e9n permanecer\u00e1 detenido.<\/p>\n<div class=\"contenedor__publicidad\">\n<div class=\"publicidad P12 \">\n<div id=\"eplAdDivvslider\" class=\"epl_ppp_iniciada\"><\/div>\n<\/div>\n<\/div>\n<div class=\"contenedor__publicidad\">\n<div class=\"publicidad P11 \"><\/div>\n<\/div>\n<p>&nbsp;<\/p>\n<\/div>\n","protected":false},"excerpt":{"rendered":"<div class=\"mh-excerpt\"><p>Se conocieron detalles del salvaje asalto\u00a0ejecutado en la ma\u00f1ana del jueves, en una vivienda ubicada en la zona de 123 entre 67 y 68. Hay tres detenidos LA PLATA &#8211;\u00a0 Se conocieron detalles del violento <a class=\"mh-excerpt-more\" href=\"https:\/\/larevistadigital.com.ar\/blog\/la-plata-contrataron-albaniles-para-unas-refacciones-y-eran-feroces-ladrones\/\" title=\"LA PLATA: CONTRATARON ALBA\u00d1ILES PARA UNAS REFACCIONES Y ERAN FEROCES LADRONES\">[Leer M\u00e1s]<\/a><\/p>\n<\/div>","protected":false},"author":3,"featured_media":26061,"comment_status":"open","ping_status":"open","sticky":false,"template":"","format":"standard","meta":{"_jetpack_memberships_contains_paid_content":false,"footnotes":"","jetpack_publicize_message":"","jetpack_publicize_feature_enabled":true,"jetpack_social_post_already_shared":true,"jetpack_social_options":{"image_generator_settings":{"template":"highway","default_image_id":0,"font":"","enabled":false},"version":2}},"categories":[44,51],"tags":[],"class_list":{"0":"post-26060","1":"post","2":"type-post","3":"status-publish","4":"format-standard","5":"has-post-thumbnail","7":"category-policiales","8":"category-regionales"},"jetpack_publicize_connections":[],"jetpack_featured_media_url":"https:\/\/i0.wp.com\/larevistadigital.com.ar\/blog\/wp-content\/uploads\/1656068405694.jpg?fit=1920%2C950&ssl=1","jetpack_sharing_enabled":true,"jetpack_shortlink":"https:\/\/wp.me\/p8qtrQ-6Mk","jetpack-related-posts":[{"id":38282,"url":"https:\/\/larevistadigital.com.ar\/blog\/brutal-entradera-en-la-plata-cuando-un-jubilado-salio-a-limpiar-la-vereda\/","url_meta":{"origin":26060,"position":0},"title":"Brutal entradera en La Plata, cuando un jubilado sali\u00f3 a limpiar la vereda","author":"Alejandro Sosa Ruda","date":"15 diciembre, 2024","format":false,"excerpt":"Un matrimonio de jubilados fue brutalmente asaltado en su casa de Tolosa. Los ladrones los golpearon, destrozaron la vivienda y huyeron con dinero. 15 de Diciembre de 2024 LA PLATA -\u00a0 Un violento asalto conmocion\u00f3 a La Plata cuando un grupo de delincuentes armados atac\u00f3 a un matrimonio de jubilados\u2026","rel":"","context":"En \u00abPOLICIALES\u00bb","block_context":{"text":"POLICIALES","link":"https:\/\/larevistadigital.com.ar\/blog\/category\/policiales\/"},"img":{"alt_text":"","src":"https:\/\/i0.wp.com\/larevistadigital.com.ar\/blog\/wp-content\/uploads\/Captura-de-pantalla-2024-12-15-192256.png?fit=708%2C357&ssl=1&resize=350%2C200","width":350,"height":200,"srcset":"https:\/\/i0.wp.com\/larevistadigital.com.ar\/blog\/wp-content\/uploads\/Captura-de-pantalla-2024-12-15-192256.png?fit=708%2C357&ssl=1&resize=350%2C200 1x, https:\/\/i0.wp.com\/larevistadigital.com.ar\/blog\/wp-content\/uploads\/Captura-de-pantalla-2024-12-15-192256.png?fit=708%2C357&ssl=1&resize=525%2C300 1.5x, https:\/\/i0.wp.com\/larevistadigital.com.ar\/blog\/wp-content\/uploads\/Captura-de-pantalla-2024-12-15-192256.png?fit=708%2C357&ssl=1&resize=700%2C400 2x"},"classes":[]},{"id":23026,"url":"https:\/\/larevistadigital.com.ar\/blog\/trascienden-detalles-de-la-autopsia-del-abuelo-encontrado-muerto-en-la-plata\/","url_meta":{"origin":26060,"position":1},"title":"TRASCIENDEN DETALLES DE LA AUTOPSIA DEL ABUELO ENCONTRADO MUERTO EN LA PLATA","author":"Alejandro Sosa Ruda","date":"26 diciembre, 2021","format":false,"excerpt":"La autopsia revel\u00f3 que\u00a0ten\u00eda\u00a0al menos 20 golpes fuertes en el cuerpo y se presume que podr\u00eda haber muerto de un paro card\u00edaco por estr\u00e9s. LA PLATA\u00a0 -\u00a0 Contin\u00faan las repercusiones del brutal asesinato en La Plata de un jubilado de 80 a\u00f1os, que fue hallado sin vida en su casa\u2026","rel":"","context":"En \u00abPOLICIALES\u00bb","block_context":{"text":"POLICIALES","link":"https:\/\/larevistadigital.com.ar\/blog\/category\/policiales\/"},"img":{"alt_text":"","src":"https:\/\/i0.wp.com\/larevistadigital.com.ar\/blog\/wp-content\/uploads\/1618098088868.jpeg?fit=1200%2C838&ssl=1&resize=350%2C200","width":350,"height":200,"srcset":"https:\/\/i0.wp.com\/larevistadigital.com.ar\/blog\/wp-content\/uploads\/1618098088868.jpeg?fit=1200%2C838&ssl=1&resize=350%2C200 1x, https:\/\/i0.wp.com\/larevistadigital.com.ar\/blog\/wp-content\/uploads\/1618098088868.jpeg?fit=1200%2C838&ssl=1&resize=525%2C300 1.5x, https:\/\/i0.wp.com\/larevistadigital.com.ar\/blog\/wp-content\/uploads\/1618098088868.jpeg?fit=1200%2C838&ssl=1&resize=700%2C400 2x, https:\/\/i0.wp.com\/larevistadigital.com.ar\/blog\/wp-content\/uploads\/1618098088868.jpeg?fit=1200%2C838&ssl=1&resize=1050%2C600 3x"},"classes":[]},{"id":22703,"url":"https:\/\/larevistadigital.com.ar\/blog\/feroz-asalto-en-la-plata-venian-de-hacer-los-mandados-y-fueron-atacados-por-ladrones\/","url_meta":{"origin":26060,"position":2},"title":"FEROZ ASALTO EN LA PLATA: VEN\u00cdAN DE HACER LOS MANDADOS Y FUERON ATACADOS POR LADRONES","author":"Alejandro Sosa Ruda","date":"18 noviembre, 2021","format":false,"excerpt":"Ocurri\u00f3 a plena luz del d\u00eda, cuando las v\u00edctimas regresaban del supermercado. Bajo amenazas, dos delincuentes se apoderaron de sus pertenencias y escaparon. Dos adolescentes fueron asaltados por una pareja de delincuentes cuando llegaban a su casa de La Plata. El hecho se registr\u00f3 el martes por la ma\u00f1ana, a\u2026","rel":"","context":"En \u00abPOLICIALES\u00bb","block_context":{"text":"POLICIALES","link":"https:\/\/larevistadigital.com.ar\/blog\/category\/policiales\/"},"img":{"alt_text":"","src":"https:\/\/i0.wp.com\/larevistadigital.com.ar\/blog\/wp-content\/uploads\/Patrullero-La-Plata-Berisso-Policia.jpg?fit=882%2C492&ssl=1&resize=350%2C200","width":350,"height":200,"srcset":"https:\/\/i0.wp.com\/larevistadigital.com.ar\/blog\/wp-content\/uploads\/Patrullero-La-Plata-Berisso-Policia.jpg?fit=882%2C492&ssl=1&resize=350%2C200 1x, https:\/\/i0.wp.com\/larevistadigital.com.ar\/blog\/wp-content\/uploads\/Patrullero-La-Plata-Berisso-Policia.jpg?fit=882%2C492&ssl=1&resize=525%2C300 1.5x, https:\/\/i0.wp.com\/larevistadigital.com.ar\/blog\/wp-content\/uploads\/Patrullero-La-Plata-Berisso-Policia.jpg?fit=882%2C492&ssl=1&resize=700%2C400 2x"},"classes":[]},{"id":20696,"url":"https:\/\/larevistadigital.com.ar\/blog\/la-plata-roban-casi-un-millon-de-pesos-de-una-camioneta\/","url_meta":{"origin":26060,"position":3},"title":"LA PLATA: ROBAN CASI UN MILL\u00d3N DE PESOS DE UNA CAMIONETA","author":"Alejandro Sosa Ruda","date":"9 junio, 2021","format":false,"excerpt":"Los delincuentes se trasladaban en un auto descapotable de alta gama. Hay testigos del hecho y ahora buscan intensamente. LA PLATA - Un particular y extra\u00f1o episodio se produjo durante las \u00faltimas horas en La Plata, cuando un grupo de ladrones accionaron contra una camioneta que se encontraba estacionada, rompieron\u2026","rel":"","context":"En \u00abPOLICIALES\u00bb","block_context":{"text":"POLICIALES","link":"https:\/\/larevistadigital.com.ar\/blog\/category\/policiales\/"},"img":{"alt_text":"","src":"https:\/\/i0.wp.com\/larevistadigital.com.ar\/blog\/wp-content\/uploads\/1584137425749.jpg?fit=1200%2C797&ssl=1&resize=350%2C200","width":350,"height":200,"srcset":"https:\/\/i0.wp.com\/larevistadigital.com.ar\/blog\/wp-content\/uploads\/1584137425749.jpg?fit=1200%2C797&ssl=1&resize=350%2C200 1x, https:\/\/i0.wp.com\/larevistadigital.com.ar\/blog\/wp-content\/uploads\/1584137425749.jpg?fit=1200%2C797&ssl=1&resize=525%2C300 1.5x, https:\/\/i0.wp.com\/larevistadigital.com.ar\/blog\/wp-content\/uploads\/1584137425749.jpg?fit=1200%2C797&ssl=1&resize=700%2C400 2x, https:\/\/i0.wp.com\/larevistadigital.com.ar\/blog\/wp-content\/uploads\/1584137425749.jpg?fit=1200%2C797&ssl=1&resize=1050%2C600 3x"},"classes":[]},{"id":27121,"url":"https:\/\/larevistadigital.com.ar\/blog\/la-plata-me-gatillaron-y-no-salio-la-bala\/","url_meta":{"origin":26060,"position":4},"title":"LA PLATA: \u00abME GATILLARON Y NO SALI\u00d3 LA BALA\u00bb","author":"Alejandro Sosa Ruda","date":"17 agosto, 2022","format":false,"excerpt":"Iba en moto, intent\u00f3 escapar, lo tiraron al suelo y quisieron dispararle para robarle todo lo que llevaba. Piden mayor seguridad en la zona. 17 de agosto de 2022 Un nuevo hecho de inseguridad se dio a conocer en las \u00faltimas horas en La Plata. Esta vez,\u00a0un joven fue perseguido\u2026","rel":"","context":"En \u00abPOLICIALES\u00bb","block_context":{"text":"POLICIALES","link":"https:\/\/larevistadigital.com.ar\/blog\/category\/policiales\/"},"img":{"alt_text":"","src":"https:\/\/i0.wp.com\/larevistadigital.com.ar\/blog\/wp-content\/uploads\/1531786347834.jpg?fit=1200%2C594&ssl=1&resize=350%2C200","width":350,"height":200,"srcset":"https:\/\/i0.wp.com\/larevistadigital.com.ar\/blog\/wp-content\/uploads\/1531786347834.jpg?fit=1200%2C594&ssl=1&resize=350%2C200 1x, https:\/\/i0.wp.com\/larevistadigital.com.ar\/blog\/wp-content\/uploads\/1531786347834.jpg?fit=1200%2C594&ssl=1&resize=525%2C300 1.5x, https:\/\/i0.wp.com\/larevistadigital.com.ar\/blog\/wp-content\/uploads\/1531786347834.jpg?fit=1200%2C594&ssl=1&resize=700%2C400 2x, https:\/\/i0.wp.com\/larevistadigital.com.ar\/blog\/wp-content\/uploads\/1531786347834.jpg?fit=1200%2C594&ssl=1&resize=1050%2C600 3x"},"classes":[]},{"id":16464,"url":"https:\/\/larevistadigital.com.ar\/blog\/la-plata-video-violento-robo-en-patota-a-un-joven\/","url_meta":{"origin":26060,"position":5},"title":"LA PLATA: [VIDEO] VIOLENTO ROBO EN PATOTA A UN JOVEN","author":"Alejandro Sosa Ruda","date":"22 septiembre, 2020","format":false,"excerpt":"Ocurri\u00f3 durante las \u00faltimas horas en el barrio El Mondongo. Actuaron al menos cuatro ladrones que lo interceptaron para llevarse sus pertenencias. Un vecino de\u00a0La Plata\u00a0sufri\u00f3 un violento robo durante las \u00faltimas horas,\u00a0luego de ser sorprendido por un grupo de delincuentes mientras caminaba por el barrio El Mondongo. La secuencia,\u2026","rel":"","context":"En \u00abPOLICIALES\u00bb","block_context":{"text":"POLICIALES","link":"https:\/\/larevistadigital.com.ar\/blog\/category\/policiales\/"},"img":{"alt_text":"","src":"https:\/\/i0.wp.com\/larevistadigital.com.ar\/blog\/wp-content\/uploads\/ROBO-EN-PATOTA.jpg?fit=1000%2C835&ssl=1&resize=350%2C200","width":350,"height":200,"srcset":"https:\/\/i0.wp.com\/larevistadigital.com.ar\/blog\/wp-content\/uploads\/ROBO-EN-PATOTA.jpg?fit=1000%2C835&ssl=1&resize=350%2C200 1x, https:\/\/i0.wp.com\/larevistadigital.com.ar\/blog\/wp-content\/uploads\/ROBO-EN-PATOTA.jpg?fit=1000%2C835&ssl=1&resize=525%2C300 1.5x, https:\/\/i0.wp.com\/larevistadigital.com.ar\/blog\/wp-content\/uploads\/ROBO-EN-PATOTA.jpg?fit=1000%2C835&ssl=1&resize=700%2C400 2x"},"classes":[]}],"_links":{"self":[{"href":"https:\/\/larevistadigital.com.ar\/blog\/wp-json\/wp\/v2\/posts\/26060","targetHints":{"allow":["GET"]}}],"collection":[{"href":"https:\/\/larevistadigital.com.ar\/blog\/wp-json\/wp\/v2\/posts"}],"about":[{"href":"https:\/\/larevistadigital.com.ar\/blog\/wp-json\/wp\/v2\/types\/post"}],"author":[{"embeddable":true,"href":"https:\/\/larevistadigital.com.ar\/blog\/wp-json\/wp\/v2\/users\/3"}],"replies":[{"embeddable":true,"href":"https:\/\/larevistadigital.com.ar\/blog\/wp-json\/wp\/v2\/comments?post=26060"}],"version-history":[{"count":1,"href":"https:\/\/larevistadigital.com.ar\/blog\/wp-json\/wp\/v2\/posts\/26060\/revisions"}],"predecessor-version":[{"id":26062,"href":"https:\/\/larevistadigital.com.ar\/blog\/wp-json\/wp\/v2\/posts\/26060\/revisions\/26062"}],"wp:featuredmedia":[{"embeddable":true,"href":"https:\/\/larevistadigital.com.ar\/blog\/wp-json\/wp\/v2\/media\/26061"}],"wp:attachment":[{"href":"https:\/\/larevistadigital.com.ar\/blog\/wp-json\/wp\/v2\/media?parent=26060"}],"wp:term":[{"taxonomy":"category","embeddable":true,"href":"https:\/\/larevistadigital.com.ar\/blog\/wp-json\/wp\/v2\/categories?post=26060"},{"taxonomy":"post_tag","embeddable":true,"href":"https:\/\/larevistadigital.com.ar\/blog\/wp-json\/wp\/v2\/tags?post=26060"}],"curies":[{"name":"wp","href":"https:\/\/api.w.org\/{rel}","templated":true}]}}