{"id":26066,"date":"2022-06-24T10:33:10","date_gmt":"2022-06-24T10:33:10","guid":{"rendered":"https:\/\/larevistadigital.com.ar\/blog\/?p=26066"},"modified":"2022-06-24T10:35:03","modified_gmt":"2022-06-24T10:35:03","slug":"pila-dos-antilopes-fueron-filmados-corriendo-por-el-centro-de-la-ciudad","status":"publish","type":"post","link":"https:\/\/larevistadigital.com.ar\/blog\/pila-dos-antilopes-fueron-filmados-corriendo-por-el-centro-de-la-ciudad\/","title":{"rendered":"PILA: [VIDEO] DOS ANT\u00cdLOPES FUERON FILMADOS CORRIENDO POR EL CENTRO DE LA CIUDAD"},"content":{"rendered":"<h2>El hecho fue registrado en un video que generosamente nos cedi\u00f3 Gerardo Basualdo, Director de \u00abMedios Coranto\u00bb. \u00a1Gracias!<\/h2>\n<p><strong>PILA &#8211;\u00a0<\/strong> Los vecinos de la ciudad de Pila se llevaron la sorpresa de que dos ant\u00edlopes se pasearon por el centro, algo que no es com\u00fan de apreciar.<\/p>\n<blockquote>\n<h3>En el video se aprecia a los animalitos, corriendo a gran velocidad, seguramente con el objeto de volver a su h\u00e1bitat.<\/h3>\n<\/blockquote>\n<p>El v\u00eddeo grabado por una vecina de Pila, registr\u00f3 el momento que corr\u00edan a toda velocidad frente al Jard\u00edn de Infantes N\u00b0 901, sobre calle 4 entre 13 y 15 y como si fuera poco en contramano.<\/p>\n<p style=\"text-align: center\"><strong>VIDEO<\/strong><\/p>\n<div style=\"width: 848px;\" class=\"wp-video\"><!--[if lt IE 9]><script>document.createElement('video');<\/script><![endif]-->\n<video class=\"wp-video-shortcode\" id=\"video-26066-1\" width=\"848\" height=\"480\" preload=\"metadata\" controls=\"controls\"><source type=\"video\/mp4\" src=\"https:\/\/larevistadigital.com.ar\/blog\/wp-content\/uploads\/WhatsApp-Video-2022-06-23-at-3.51.44-PM.mp4?_=1\" \/><a href=\"https:\/\/larevistadigital.com.ar\/blog\/wp-content\/uploads\/WhatsApp-Video-2022-06-23-at-3.51.44-PM.mp4\">https:\/\/larevistadigital.com.ar\/blog\/wp-content\/uploads\/WhatsApp-Video-2022-06-23-at-3.51.44-PM.mp4<\/a><\/video><\/div>\n<p>&nbsp;<\/p>\n","protected":false},"excerpt":{"rendered":"<div class=\"mh-excerpt\"><p>El hecho fue registrado en un video que generosamente nos cedi\u00f3 Gerardo Basualdo, Director de \u00abMedios Coranto\u00bb. \u00a1Gracias! PILA &#8211;\u00a0 Los vecinos de la ciudad de Pila se llevaron la sorpresa de que dos ant\u00edlopes <a class=\"mh-excerpt-more\" href=\"https:\/\/larevistadigital.com.ar\/blog\/pila-dos-antilopes-fueron-filmados-corriendo-por-el-centro-de-la-ciudad\/\" title=\"PILA: [VIDEO] DOS ANT\u00cdLOPES FUERON FILMADOS CORRIENDO POR EL CENTRO DE LA CIUDAD\">[Leer M\u00e1s]<\/a><\/p>\n<\/div>","protected":false},"author":3,"featured_media":26069,"comment_status":"open","ping_status":"open","sticky":false,"template":"","format":"standard","meta":{"_jetpack_memberships_contains_paid_content":false,"footnotes":"","jetpack_publicize_message":"","jetpack_publicize_feature_enabled":true,"jetpack_social_post_already_shared":true,"jetpack_social_options":{"image_generator_settings":{"template":"highway","default_image_id":0,"font":"","enabled":false},"version":2}},"categories":[42,51],"tags":[],"class_list":{"0":"post-26066","1":"post","2":"type-post","3":"status-publish","4":"format-standard","5":"has-post-thumbnail","7":"category-pila","8":"category-regionales"},"jetpack_publicize_connections":[],"jetpack_featured_media_url":"https:\/\/i0.wp.com\/larevistadigital.com.ar\/blog\/wp-content\/uploads\/PILA-ANTILOPES.png?fit=800%2C387&ssl=1","jetpack_sharing_enabled":true,"jetpack_shortlink":"https:\/\/wp.me\/p8qtrQ-6Mq","jetpack-related-posts":[{"id":18930,"url":"https:\/\/larevistadigital.com.ar\/blog\/pila-internaron-de-urgencia-al-intendente-gustavo-wlaker\/","url_meta":{"origin":26066,"position":0},"title":"PILA: INTERNARON DE URGENCIA AL INTENDENTE GUSTAVO WLAKER","author":"Alejandro Sosa Ruda","date":"19 febrero, 2021","format":false,"excerpt":"Fue derivado con c\u00f3digo rojo, hacia la Unidad de Pronta Atenci\u00f3n (UPA) Trauma de Lezama. Sucedi\u00f3 en las primeras horas de la noche de ayer. Hasta el momento no hay informaci\u00f3n oficial, ni desde el municipio ni desde el Centro de Salud, acerca del cuadro cl\u00ednico del intendente municipal de\u2026","rel":"","context":"En \u00abPILA\u00bb","block_context":{"text":"PILA","link":"https:\/\/larevistadigital.com.ar\/blog\/category\/pila\/"},"img":{"alt_text":"","src":"https:\/\/i0.wp.com\/larevistadigital.com.ar\/blog\/wp-content\/uploads\/d7165a8cd07d9a5d8f7ee473fdbf5f3d.jpg?fit=1200%2C750&ssl=1&resize=350%2C200","width":350,"height":200,"srcset":"https:\/\/i0.wp.com\/larevistadigital.com.ar\/blog\/wp-content\/uploads\/d7165a8cd07d9a5d8f7ee473fdbf5f3d.jpg?fit=1200%2C750&ssl=1&resize=350%2C200 1x, https:\/\/i0.wp.com\/larevistadigital.com.ar\/blog\/wp-content\/uploads\/d7165a8cd07d9a5d8f7ee473fdbf5f3d.jpg?fit=1200%2C750&ssl=1&resize=525%2C300 1.5x, https:\/\/i0.wp.com\/larevistadigital.com.ar\/blog\/wp-content\/uploads\/d7165a8cd07d9a5d8f7ee473fdbf5f3d.jpg?fit=1200%2C750&ssl=1&resize=700%2C400 2x, https:\/\/i0.wp.com\/larevistadigital.com.ar\/blog\/wp-content\/uploads\/d7165a8cd07d9a5d8f7ee473fdbf5f3d.jpg?fit=1200%2C750&ssl=1&resize=1050%2C600 3x"},"classes":[]},{"id":8173,"url":"https:\/\/larevistadigital.com.ar\/blog\/pila-se-viene-el-festival-de-la-cumbia-gratis\/","url_meta":{"origin":26066,"position":1},"title":"PILA: SE VIENE EL FESTIVAL DE LA CUMBIA \u00a1GRATIS!","author":"Alejandro Sosa Ruda","date":"5 febrero, 2019","format":false,"excerpt":"Desde el Municipio de Pila se invita a participar y disfrutar del \"Festival de la Cumbia\", evento que ser\u00e1 gratuito. El mismo se llevar\u00e1 a cabo en el Polideportivo \"Ciudad de Pila\" con la presencia de distintos conjuntos musicales, para disfrute de los vecinos y amigos.","rel":"","context":"En \u00abPILA\u00bb","block_context":{"text":"PILA","link":"https:\/\/larevistadigital.com.ar\/blog\/category\/pila\/"},"img":{"alt_text":"","src":"https:\/\/i0.wp.com\/larevistadigital.com.ar\/blog\/wp-content\/uploads\/2019\/02\/51378902_1995231240525668_2958404611997696000_n.jpg?fit=640%2C960&ssl=1&resize=350%2C200","width":350,"height":200,"srcset":"https:\/\/i0.wp.com\/larevistadigital.com.ar\/blog\/wp-content\/uploads\/2019\/02\/51378902_1995231240525668_2958404611997696000_n.jpg?fit=640%2C960&ssl=1&resize=350%2C200 1x, https:\/\/i0.wp.com\/larevistadigital.com.ar\/blog\/wp-content\/uploads\/2019\/02\/51378902_1995231240525668_2958404611997696000_n.jpg?fit=640%2C960&ssl=1&resize=525%2C300 1.5x"},"classes":[]},{"id":7613,"url":"https:\/\/larevistadigital.com.ar\/blog\/pila-ahora-el-intendente-walker-entregara-un-bono-de-5-000-que-se-suma-a-los-dos-anteriores-de-2-000-cada-uno\/","url_meta":{"origin":26066,"position":2},"title":"PILA: AHORA EL INTENDENTE WALKER ENTREGAR\u00c1 UN BONO DE $5.000.- QUE SE SUMA A LOS DOS ANTERIORES DE $ 2.000.- CADA UNO","author":"Alejandro Sosa Ruda","date":"5 enero, 2019","format":false,"excerpt":"Desde el Palacio Municipal de la ciudad de Pila, se inform\u00f3 que el intendente Gustavo Walker, decidi\u00f3 abonar un \"bono\" de $5.000.- como ayuda para paliar la complicada situaci\u00f3n del pa\u00eds. Este bono, se suma a los dos anteriores de $2.000.- cada uno, para colaborar con la econom\u00eda de los\u2026","rel":"","context":"En \u00abPILA\u00bb","block_context":{"text":"PILA","link":"https:\/\/larevistadigital.com.ar\/blog\/category\/pila\/"},"img":{"alt_text":"","src":"https:\/\/i0.wp.com\/larevistadigital.com.ar\/blog\/wp-content\/uploads\/2019\/01\/walker-655x410.jpg?fit=655%2C410&ssl=1&resize=350%2C200","width":350,"height":200,"srcset":"https:\/\/i0.wp.com\/larevistadigital.com.ar\/blog\/wp-content\/uploads\/2019\/01\/walker-655x410.jpg?fit=655%2C410&ssl=1&resize=350%2C200 1x, https:\/\/i0.wp.com\/larevistadigital.com.ar\/blog\/wp-content\/uploads\/2019\/01\/walker-655x410.jpg?fit=655%2C410&ssl=1&resize=525%2C300 1.5x"},"classes":[]},{"id":26681,"url":"https:\/\/larevistadigital.com.ar\/blog\/pila-por-primera-vez-un-presidente-encabeza-una-visita-oficial\/","url_meta":{"origin":26066,"position":3},"title":"PILA: POR PRIMERA VEZ UN PRESIDENTE ENCABEZA UNA VISITA OFICIAL","author":"Alejandro Sosa Ruda","date":"17 julio, 2022","format":false,"excerpt":"Lo inform\u00f3\u00a0el intendente interino Sebasti\u00e1n Walker.\u00a0\"Este martes y por primera vez en m\u00e1s de 180 a\u00f1os nos visitar\u00e1 un presidente\", destac\u00f3 El presidente Alberto Fern\u00e1ndez encabezar\u00e1 este martes 19 la inauguraci\u00f3n de un centro de salud y la pavimentaci\u00f3n de la Circunvalaci\u00f3n en el partido de Pila. \"Este martes y\u2026","rel":"","context":"En \u00abPILA\u00bb","block_context":{"text":"PILA","link":"https:\/\/larevistadigital.com.ar\/blog\/category\/pila\/"},"img":{"alt_text":"","src":"https:\/\/i0.wp.com\/larevistadigital.com.ar\/blog\/wp-content\/uploads\/pila_1.jpg?fit=800%2C500&ssl=1&resize=350%2C200","width":350,"height":200,"srcset":"https:\/\/i0.wp.com\/larevistadigital.com.ar\/blog\/wp-content\/uploads\/pila_1.jpg?fit=800%2C500&ssl=1&resize=350%2C200 1x, https:\/\/i0.wp.com\/larevistadigital.com.ar\/blog\/wp-content\/uploads\/pila_1.jpg?fit=800%2C500&ssl=1&resize=525%2C300 1.5x, https:\/\/i0.wp.com\/larevistadigital.com.ar\/blog\/wp-content\/uploads\/pila_1.jpg?fit=800%2C500&ssl=1&resize=700%2C400 2x"},"classes":[]},{"id":10118,"url":"https:\/\/larevistadigital.com.ar\/blog\/pila-llamado-a-licitacion-publica\/","url_meta":{"origin":26066,"position":4},"title":"PILA: LLAMADO A LICITACI\u00d3N P\u00daBLICA","author":"Alejandro Sosa Ruda","date":"10 mayo, 2019","format":false,"excerpt":"La Municipalidad de Pila llama a Licitaci\u00f3n P\u00fablica N\u00b0 4\/2019, para la adquisici\u00f3n e instalaci\u00f3n de equipos de audio, proyecci\u00f3n sonido e iluminaci\u00f3n que ser\u00e1n destinados al Cine Teatro de nuestra ciudad. La apertura de sobres ser\u00e1 el pr\u00f3ximo viernes 17 de mayo a las 10 hs., en la Direcci\u00f3n\u2026","rel":"","context":"En \u00abPILA\u00bb","block_context":{"text":"PILA","link":"https:\/\/larevistadigital.com.ar\/blog\/category\/pila\/"},"img":{"alt_text":"","src":"https:\/\/i0.wp.com\/larevistadigital.com.ar\/blog\/wp-content\/uploads\/2019\/05\/60158295_2135532809828843_7485142598286311424_n.jpg?fit=960%2C640&ssl=1&resize=350%2C200","width":350,"height":200,"srcset":"https:\/\/i0.wp.com\/larevistadigital.com.ar\/blog\/wp-content\/uploads\/2019\/05\/60158295_2135532809828843_7485142598286311424_n.jpg?fit=960%2C640&ssl=1&resize=350%2C200 1x, https:\/\/i0.wp.com\/larevistadigital.com.ar\/blog\/wp-content\/uploads\/2019\/05\/60158295_2135532809828843_7485142598286311424_n.jpg?fit=960%2C640&ssl=1&resize=525%2C300 1.5x, https:\/\/i0.wp.com\/larevistadigital.com.ar\/blog\/wp-content\/uploads\/2019\/05\/60158295_2135532809828843_7485142598286311424_n.jpg?fit=960%2C640&ssl=1&resize=700%2C400 2x"},"classes":[]},{"id":5961,"url":"https:\/\/larevistadigital.com.ar\/blog\/allanan-dos-viviendas-en-pila-por-robo-en-el-destino\/","url_meta":{"origin":26066,"position":5},"title":"Allanan dos viviendas en Pila por robo en El Destino","author":"admin","date":"5 julio, 2018","format":false,"excerpt":"El\u00a0 viernes 29 de Junio se llevaron a cabo dos ALLANAMIENTOS en la localidad vecina de Pila, las ordenes fueron dispuestas por el Juzgado de Garant\u00edas N\u00b005 del Depto. Judicial de Dolores, a solicitud del Fiscal a cargo de la UFI N\u00b010 de Chascomus mismo Depto. Judicial, en el marco\u2026","rel":"","context":"En \u00abLEZAMA\u00bb","block_context":{"text":"LEZAMA","link":"https:\/\/larevistadigital.com.ar\/blog\/category\/lezama\/"},"img":{"alt_text":"","src":"","width":0,"height":0},"classes":[]}],"_links":{"self":[{"href":"https:\/\/larevistadigital.com.ar\/blog\/wp-json\/wp\/v2\/posts\/26066","targetHints":{"allow":["GET"]}}],"collection":[{"href":"https:\/\/larevistadigital.com.ar\/blog\/wp-json\/wp\/v2\/posts"}],"about":[{"href":"https:\/\/larevistadigital.com.ar\/blog\/wp-json\/wp\/v2\/types\/post"}],"author":[{"embeddable":true,"href":"https:\/\/larevistadigital.com.ar\/blog\/wp-json\/wp\/v2\/users\/3"}],"replies":[{"embeddable":true,"href":"https:\/\/larevistadigital.com.ar\/blog\/wp-json\/wp\/v2\/comments?post=26066"}],"version-history":[{"count":4,"href":"https:\/\/larevistadigital.com.ar\/blog\/wp-json\/wp\/v2\/posts\/26066\/revisions"}],"predecessor-version":[{"id":26073,"href":"https:\/\/larevistadigital.com.ar\/blog\/wp-json\/wp\/v2\/posts\/26066\/revisions\/26073"}],"wp:featuredmedia":[{"embeddable":true,"href":"https:\/\/larevistadigital.com.ar\/blog\/wp-json\/wp\/v2\/media\/26069"}],"wp:attachment":[{"href":"https:\/\/larevistadigital.com.ar\/blog\/wp-json\/wp\/v2\/media?parent=26066"}],"wp:term":[{"taxonomy":"category","embeddable":true,"href":"https:\/\/larevistadigital.com.ar\/blog\/wp-json\/wp\/v2\/categories?post=26066"},{"taxonomy":"post_tag","embeddable":true,"href":"https:\/\/larevistadigital.com.ar\/blog\/wp-json\/wp\/v2\/tags?post=26066"}],"curies":[{"name":"wp","href":"https:\/\/api.w.org\/{rel}","templated":true}]}}