{"id":26075,"date":"2022-06-24T19:11:34","date_gmt":"2022-06-24T19:11:34","guid":{"rendered":"https:\/\/larevistadigital.com.ar\/blog\/?p=26075"},"modified":"2022-06-24T19:11:34","modified_gmt":"2022-06-24T19:11:34","slug":"la-plata-estudiantes-de-medicina-cortaron-60-y-terminaron-a-las-trompadas-con-conductores","status":"publish","type":"post","link":"https:\/\/larevistadigital.com.ar\/blog\/la-plata-estudiantes-de-medicina-cortaron-60-y-terminaron-a-las-trompadas-con-conductores\/","title":{"rendered":"LA PLATA: ESTUDIANTES DE MEDICINA CORTARON 60, Y TERMINARON A LAS TROMPADAS CON CONDUCTORES"},"content":{"rendered":"<h2 class=\"negrita\">Los automovilistas manifestaron su descontento por el corte y se bajaron de los autos. El hecho fue filmado por vecinos que pasaban por el lugar.<\/h2>\n<div class=\"texto\">\n<p>Agrupaciones estudiantiles de la Facultad de Ciencias M\u00e9dicas de la UNLP realizaron un reclamo que incluy\u00f3 un corte de calle sobre la avenida 60 y\u00a0<strong>terminaron a las trompadas con un vecino que intentaba circular por la zona<\/strong>. El hecho fue registrado por los vecinos que estaban en el lugar y las im\u00e1genes se viralizaron.<\/p>\n<blockquote>\n<h3><strong>Un militante de remera verde, identificado con la agrupaci\u00f3n UniTE, intent\u00f3 golpear a uno de los conductores que se baj\u00f3 de su auto para exigir que lo dejaran circular<\/strong>.\u00a0Todo se dio, adem\u00e1s, en medio de los gritos\u00a0de quienes intentaban frenar la pelea y ponerle punto final a las agresiones.<\/h3>\n<\/blockquote>\n<p>Seg\u00fan menciona el portal <strong>0221.com.ar<\/strong>, la manifestaci\u00f3n de UniTE y Viento de Abajo se llev\u00f3 adelante para exigir respuestas concretas por la\u00a0<strong>desmatriculaci\u00f3n de biolog\u00eda, la situaci\u00f3n de Histolog\u00eda y\u00a0<a href=\"https:\/\/www.0221.com.ar\/nota\/2022-6-21-11-9-0-aplazo-masivo-en-la-facultad-de-medicina-el-80-desaprobo-un-examen-y-haran-una-marcha\">los bochazos masivos en Anatom\u00eda C<\/a>, as\u00ed como tambi\u00e9n para reclamar un mayor presupuesto y m\u00e1s clases presenciales y una mejor vinculaci\u00f3n entre estudiantes y docentes<\/strong>.<\/p>\n<blockquote>\n<h3>El reclamo, sin embargo,\u00a0se desvirtu\u00f3 cuando los j\u00f3venes cortaron la calle y los conductores comenzaron a increparlos para poder pasar.\u00a0<em><strong>\u00abEran 10 o 15 personas y lo hicieron de la nada sin ning\u00fan tipo de operativo. Parec\u00eda todo improvisado, se arm\u00f3 una tensi\u00f3n muy grande con la gente que estaba en auto. Se estaba abriendo la brecha y cuando pasa un auto, empiezan a tirar cosas y se bajaron los ocupantes\u00bb<\/strong><\/em>, le dijo un vecino\u00a0<strong>a 0221.com.ar\u00a0<\/strong>y en ese mismo sentido\u00a0indic\u00f3 que \u00aben ese momento empez\u00f3 el conflicto con los manifestantes\u00bb.<strong>\u00a0<em>\u00abHubo pi\u00f1as y empujones. Tambi\u00e9n les tiraron cosas a los conductores\u00bb<\/em><\/strong>, revel\u00f3.<\/h3>\n<\/blockquote>\n<p>En simult\u00e1neo a este reclamo, la conducci\u00f3n del centro de estudiantes, a cargo de\u00a0<strong>Remediar<\/strong>, organiz\u00f3 una asamblea para tratar los mismos\u00a0temas. Teniendo en cuenta que es un reclamo colectivo, la vicepresidenta\u00a0convoc\u00f3 a los militantes de las fuerzas que cortaban 60, pero no tuvo una respuesta positiva y la protesta continu\u00f3 sin miramientos.<\/p>\n<blockquote>\n<h3>Lo cierto es que una semana agitada para la comunidad educativa de la Facultad de Ciencias M\u00e9dicas.\u00a0<a href=\"https:\/\/www.0221.com.ar\/nota\/2022-6-21-11-9-0-aplazo-masivo-en-la-facultad-de-medicina-el-80-desaprobo-un-examen-y-haran-una-marcha\">Primero fue el bochazo masivo en un examen de la c\u00e1tedra de Anatom\u00eda C, donde 800 de 1.000 alumnos que se presentaron fueron aplazados.<\/a>\u00a0Este martes, en tanto,\u00a0<a href=\"https:\/\/www.0221.com.ar\/nota\/2022-6-21-15-34-0-tras-el-bochazo-decenas-de-estudiantes-de-medicina-no-pudieron-rendir-un-parcial\">decenas de estudiantes de Histolog\u00eda no pudieron rendir el parcial de esa materia por errores administrativos<\/a>. Lo llamativo es que en una primera instancia, en el sistema figuraban que estaban habilitados para hacerlo pero en la facultad se dieron cuenta que esto no era as\u00ed.<\/h3>\n<\/blockquote>\n<\/div>\n","protected":false},"excerpt":{"rendered":"<div class=\"mh-excerpt\"><p>Los automovilistas manifestaron su descontento por el corte y se bajaron de los autos. El hecho fue filmado por vecinos que pasaban por el lugar. Agrupaciones estudiantiles de la Facultad de Ciencias M\u00e9dicas de la <a class=\"mh-excerpt-more\" href=\"https:\/\/larevistadigital.com.ar\/blog\/la-plata-estudiantes-de-medicina-cortaron-60-y-terminaron-a-las-trompadas-con-conductores\/\" title=\"LA PLATA: ESTUDIANTES DE MEDICINA CORTARON 60, Y TERMINARON A LAS TROMPADAS CON CONDUCTORES\">[Leer M\u00e1s]<\/a><\/p>\n<\/div>","protected":false},"author":3,"featured_media":26076,"comment_status":"open","ping_status":"open","sticky":false,"template":"","format":"standard","meta":{"_jetpack_memberships_contains_paid_content":false,"footnotes":"","jetpack_publicize_message":"","jetpack_publicize_feature_enabled":true,"jetpack_social_post_already_shared":true,"jetpack_social_options":{"image_generator_settings":{"template":"highway","default_image_id":0,"font":"","enabled":false},"version":2}},"categories":[10,51],"tags":[],"class_list":{"0":"post-26075","1":"post","2":"type-post","3":"status-publish","4":"format-standard","5":"has-post-thumbnail","7":"category-gremiales","8":"category-regionales"},"jetpack_publicize_connections":[],"jetpack_featured_media_url":"https:\/\/i0.wp.com\/larevistadigital.com.ar\/blog\/wp-content\/uploads\/1656099843647.jpg?fit=1920%2C950&ssl=1","jetpack_sharing_enabled":true,"jetpack_shortlink":"https:\/\/wp.me\/p8qtrQ-6Mz","jetpack-related-posts":[{"id":34036,"url":"https:\/\/larevistadigital.com.ar\/blog\/tres-hombres-y-una-mujer-a-las-trompadas-en-la-calle-terminaron-hospitalizados\/","url_meta":{"origin":26075,"position":0},"title":"TRES HOMBRES Y UNA MUJER A LAS TROMPADAS EN LA CALLE. TERMINARON HOSPITALIZADOS","author":"Alejandro Sosa Ruda","date":"15 octubre, 2023","format":false,"excerpt":"Sucedi\u00f3 a las 5 de la madrugada en Ituzaing\u00f3 y Marconi. Uno de los sujetos, en avanzado estado de ebriedad, tuvo que ser atendido por un profundo corte en uno de sus brazos. 15 de Octubre de 2023 MAR DEL PLATA -\u00a0 Una\u00a0gresca\u00a0de grandes proporciones durante la madrugada en la\u2026","rel":"","context":"En \u00abPOLICIALES\u00bb","block_context":{"text":"POLICIALES","link":"https:\/\/larevistadigital.com.ar\/blog\/category\/policiales\/"},"img":{"alt_text":"","src":"https:\/\/i0.wp.com\/larevistadigital.com.ar\/blog\/wp-content\/uploads\/POLICIA.png?fit=1002%2C658&ssl=1&resize=350%2C200","width":350,"height":200,"srcset":"https:\/\/i0.wp.com\/larevistadigital.com.ar\/blog\/wp-content\/uploads\/POLICIA.png?fit=1002%2C658&ssl=1&resize=350%2C200 1x, https:\/\/i0.wp.com\/larevistadigital.com.ar\/blog\/wp-content\/uploads\/POLICIA.png?fit=1002%2C658&ssl=1&resize=525%2C300 1.5x, https:\/\/i0.wp.com\/larevistadigital.com.ar\/blog\/wp-content\/uploads\/POLICIA.png?fit=1002%2C658&ssl=1&resize=700%2C400 2x"},"classes":[]},{"id":16313,"url":"https:\/\/larevistadigital.com.ar\/blog\/chascomus-videos-desorden-trompadas-y-piedras-a-la-policia-en-la-costanera-por-una-moto-robada\/","url_meta":{"origin":26075,"position":1},"title":"CHASCOM\u00daS: [VIDEOS] DESORDEN, TROMPADAS Y PIEDRAS A LA POLIC\u00cdA EN LA COSTANERA POR UNA MOTO ROBADA","author":"Alejandro Sosa Ruda","date":"14 septiembre, 2020","format":false,"excerpt":"El hermoso domingo primaveral, tuvo su ocaso de una manera por dem\u00e1s desagradable, ya que en la costanera de la ciudad, a la altura de la intersecci\u00f3n con calle Mazzini, se produjeron graves incidentes entre dos grupos de j\u00f3venes, que terminaron con la intervenci\u00f3n de las autoridades policiales y con\u2026","rel":"","context":"En \u00abDESTACADAS\u00bb","block_context":{"text":"DESTACADAS","link":"https:\/\/larevistadigital.com.ar\/blog\/category\/destacadas\/"},"img":{"alt_text":"","src":"https:\/\/i0.wp.com\/larevistadigital.com.ar\/blog\/wp-content\/uploads\/PELEA-COSTANERA.png?fit=650%2C645&ssl=1&resize=350%2C200","width":350,"height":200,"srcset":"https:\/\/i0.wp.com\/larevistadigital.com.ar\/blog\/wp-content\/uploads\/PELEA-COSTANERA.png?fit=650%2C645&ssl=1&resize=350%2C200 1x, https:\/\/i0.wp.com\/larevistadigital.com.ar\/blog\/wp-content\/uploads\/PELEA-COSTANERA.png?fit=650%2C645&ssl=1&resize=525%2C300 1.5x"},"classes":[]},{"id":30857,"url":"https:\/\/larevistadigital.com.ar\/blog\/video-hace-instantes-sergio-berni-fue-agredido-a-trompadas-y-pedradas-en-un-corte-de-colectiveros-en-gral-paz-y-ruta-3\/","url_meta":{"origin":26075,"position":2},"title":"[VIDEO] HACE INSTANTES: SERGIO BERNI FUE AGREDIDO A TROMPADAS Y PEDRADAS EN UN CORTE DE COLECTIVEROS EN GRAL. PAZ Y RUTA 3","author":"Alejandro Sosa Ruda","date":"3 abril, 2023","format":false,"excerpt":"El ministro de Seguridad bonaerense fue golpeado en el lugar donde se manifestaban por el crimen de un chofer en Virrey del Pino. 3 de abril de 2023 BUENOS AIRES -\u00a0 Sergio Berni\u00a0fue agredido esta ma\u00f1ana al arribar a la protesta que un grupo de choferes de colectivos realizaba en\u2026","rel":"","context":"En \u00abGREMIALES\u00bb","block_context":{"text":"GREMIALES","link":"https:\/\/larevistadigital.com.ar\/blog\/category\/gremiales\/"},"img":{"alt_text":"","src":"https:\/\/i0.wp.com\/larevistadigital.com.ar\/blog\/wp-content\/uploads\/BERNI-GOLPEADO.jpg?fit=700%2C400&ssl=1&resize=350%2C200","width":350,"height":200,"srcset":"https:\/\/i0.wp.com\/larevistadigital.com.ar\/blog\/wp-content\/uploads\/BERNI-GOLPEADO.jpg?fit=700%2C400&ssl=1&resize=350%2C200 1x, https:\/\/i0.wp.com\/larevistadigital.com.ar\/blog\/wp-content\/uploads\/BERNI-GOLPEADO.jpg?fit=700%2C400&ssl=1&resize=525%2C300 1.5x, https:\/\/i0.wp.com\/larevistadigital.com.ar\/blog\/wp-content\/uploads\/BERNI-GOLPEADO.jpg?fit=700%2C400&ssl=1&resize=700%2C400 2x"},"classes":[]},{"id":21597,"url":"https:\/\/larevistadigital.com.ar\/blog\/vecinos-en-guerra-discutieron-por-una-medianera-se-agarraron-a-trompadas-y-uno-le-baleo-la-casa-al-otro\/","url_meta":{"origin":26075,"position":3},"title":"VECINOS EN GUERRA: DISCUTIERON POR UNA MEDIANERA, SE AGARRARON A TROMPADAS Y UNO LE BALE\u00d3 LA CASA AL OTRO","author":"Alejandro Sosa Ruda","date":"17 agosto, 2021","format":false,"excerpt":"Ocurri\u00f3 ayer a la noche en el barrio Colinas de Peralta Ramos. Un hombre de 46 a\u00f1os qued\u00f3 detenido en la Unidad Penal 44 de Bat\u00e1n. MAR DEL PLATA - Una discusi\u00f3n de vecinos por una medianera que uno constru\u00eda para dividir los terrenos escal\u00f3 hasta que, tras una pelea,\u2026","rel":"","context":"En \u00abPOLICIALES\u00bb","block_context":{"text":"POLICIALES","link":"https:\/\/larevistadigital.com.ar\/blog\/category\/policiales\/"},"img":{"alt_text":"","src":"https:\/\/i0.wp.com\/larevistadigital.com.ar\/blog\/wp-content\/uploads\/VECINOS-GUERREROS.png?fit=867%2C577&ssl=1&resize=350%2C200","width":350,"height":200,"srcset":"https:\/\/i0.wp.com\/larevistadigital.com.ar\/blog\/wp-content\/uploads\/VECINOS-GUERREROS.png?fit=867%2C577&ssl=1&resize=350%2C200 1x, https:\/\/i0.wp.com\/larevistadigital.com.ar\/blog\/wp-content\/uploads\/VECINOS-GUERREROS.png?fit=867%2C577&ssl=1&resize=525%2C300 1.5x, https:\/\/i0.wp.com\/larevistadigital.com.ar\/blog\/wp-content\/uploads\/VECINOS-GUERREROS.png?fit=867%2C577&ssl=1&resize=700%2C400 2x"},"classes":[]},{"id":31067,"url":"https:\/\/larevistadigital.com.ar\/blog\/la-plata-la-madre-de-un-nene-ataco-a-trompadas-a-una-maestra-de-un-jardin\/","url_meta":{"origin":26075,"position":4},"title":"LA PLATA: LA MADRE DE UN NENE ATAC\u00d3 A TROMPADAS A UNA MAESTRA DE UN JARD\u00cdN","author":"Alejandro Sosa Ruda","date":"15 abril, 2023","format":false,"excerpt":"La v\u00edctima radic\u00f3 una denuncia penal contra la agresora y la Justicia investiga qu\u00e9 fue lo que pas\u00f3. Todo habr\u00eda ocurrido en medio de una reuni\u00f3n de padres. 15 de abril de 2023 LA PLATA -\u00a0 La violencia no parece tener fin en la ciudad y en las \u00faltimas horas\u2026","rel":"","context":"En \u00abPOLICIALES\u00bb","block_context":{"text":"POLICIALES","link":"https:\/\/larevistadigital.com.ar\/blog\/category\/policiales\/"},"img":{"alt_text":"","src":"https:\/\/i0.wp.com\/larevistadigital.com.ar\/blog\/wp-content\/uploads\/1681560738948.jpg?fit=1200%2C594&ssl=1&resize=350%2C200","width":350,"height":200,"srcset":"https:\/\/i0.wp.com\/larevistadigital.com.ar\/blog\/wp-content\/uploads\/1681560738948.jpg?fit=1200%2C594&ssl=1&resize=350%2C200 1x, https:\/\/i0.wp.com\/larevistadigital.com.ar\/blog\/wp-content\/uploads\/1681560738948.jpg?fit=1200%2C594&ssl=1&resize=525%2C300 1.5x, https:\/\/i0.wp.com\/larevistadigital.com.ar\/blog\/wp-content\/uploads\/1681560738948.jpg?fit=1200%2C594&ssl=1&resize=700%2C400 2x, https:\/\/i0.wp.com\/larevistadigital.com.ar\/blog\/wp-content\/uploads\/1681560738948.jpg?fit=1200%2C594&ssl=1&resize=1050%2C600 3x"},"classes":[]},{"id":35763,"url":"https:\/\/larevistadigital.com.ar\/blog\/chascomus-denuncia-y-retencion-de-motovehiculos-a-conductores-que-realizan-maniobras-peligrosas\/","url_meta":{"origin":26075,"position":5},"title":"CHASCOM\u00daS: DENUNCIA Y RETENCI\u00d3N DE MOTOVEH\u00cdCULOS A CONDUCTORES QUE REALIZAN MANIOBRAS PELIGROSAS","author":"Alejandro Sosa Ruda","date":"5 abril, 2024","format":false,"excerpt":"La Municipalidad present\u00f3 denuncias penales contra vecinos que circulaban por la v\u00eda p\u00fablica poniendo en riesgo a otros conductores. 5 de abril de 2024 CHASCOM\u00daS -\u00a0 Las c\u00e1maras del Centro de Monitoreo captaron a un conductor que circulaba parado sobre el asiento de una motocicleta en la avenida Presidente Alfons\u00edn.\u2026","rel":"","context":"En \u00abCHASCOM\u00daS\u00bb","block_context":{"text":"CHASCOM\u00daS","link":"https:\/\/larevistadigital.com.ar\/blog\/category\/chascomus\/"},"img":{"alt_text":"","src":"https:\/\/i0.wp.com\/larevistadigital.com.ar\/blog\/wp-content\/uploads\/CENTRO-DE-MONITOREO.jpg?fit=600%2C400&ssl=1&resize=350%2C200","width":350,"height":200,"srcset":"https:\/\/i0.wp.com\/larevistadigital.com.ar\/blog\/wp-content\/uploads\/CENTRO-DE-MONITOREO.jpg?fit=600%2C400&ssl=1&resize=350%2C200 1x, https:\/\/i0.wp.com\/larevistadigital.com.ar\/blog\/wp-content\/uploads\/CENTRO-DE-MONITOREO.jpg?fit=600%2C400&ssl=1&resize=525%2C300 1.5x"},"classes":[]}],"_links":{"self":[{"href":"https:\/\/larevistadigital.com.ar\/blog\/wp-json\/wp\/v2\/posts\/26075","targetHints":{"allow":["GET"]}}],"collection":[{"href":"https:\/\/larevistadigital.com.ar\/blog\/wp-json\/wp\/v2\/posts"}],"about":[{"href":"https:\/\/larevistadigital.com.ar\/blog\/wp-json\/wp\/v2\/types\/post"}],"author":[{"embeddable":true,"href":"https:\/\/larevistadigital.com.ar\/blog\/wp-json\/wp\/v2\/users\/3"}],"replies":[{"embeddable":true,"href":"https:\/\/larevistadigital.com.ar\/blog\/wp-json\/wp\/v2\/comments?post=26075"}],"version-history":[{"count":1,"href":"https:\/\/larevistadigital.com.ar\/blog\/wp-json\/wp\/v2\/posts\/26075\/revisions"}],"predecessor-version":[{"id":26077,"href":"https:\/\/larevistadigital.com.ar\/blog\/wp-json\/wp\/v2\/posts\/26075\/revisions\/26077"}],"wp:featuredmedia":[{"embeddable":true,"href":"https:\/\/larevistadigital.com.ar\/blog\/wp-json\/wp\/v2\/media\/26076"}],"wp:attachment":[{"href":"https:\/\/larevistadigital.com.ar\/blog\/wp-json\/wp\/v2\/media?parent=26075"}],"wp:term":[{"taxonomy":"category","embeddable":true,"href":"https:\/\/larevistadigital.com.ar\/blog\/wp-json\/wp\/v2\/categories?post=26075"},{"taxonomy":"post_tag","embeddable":true,"href":"https:\/\/larevistadigital.com.ar\/blog\/wp-json\/wp\/v2\/tags?post=26075"}],"curies":[{"name":"wp","href":"https:\/\/api.w.org\/{rel}","templated":true}]}}