{"id":26078,"date":"2022-06-24T19:19:43","date_gmt":"2022-06-24T19:19:43","guid":{"rendered":"https:\/\/larevistadigital.com.ar\/blog\/?p=26078"},"modified":"2022-06-24T19:19:43","modified_gmt":"2022-06-24T19:19:43","slug":"larreta-de-gira-para-posicionar-su-pre-candidatura-a-presidente-en-el-gran-buenos-aires","status":"publish","type":"post","link":"https:\/\/larevistadigital.com.ar\/blog\/larreta-de-gira-para-posicionar-su-pre-candidatura-a-presidente-en-el-gran-buenos-aires\/","title":{"rendered":"LARRETA DE GIRA PARA POSICIONAR SU PRE CANDIDATURA A PRESIDENTE EN EL GRAN BUENOS AIRES"},"content":{"rendered":"<h2 class=\"fparrafo ctext fz18 lh25\">Horacio Rodr\u00edguez Larreta, mantuvo un encuentro con \u201ccandidatos y referentes de la primera y tercera secci\u00f3n de la Provincia de Buenos Aires\u201d. La reuni\u00f3n se concret\u00f3 en Pilar, distrito gobernado por el Frente de Todos.<\/h2>\n<div class=\"wysiwyg mb15\">\n<p class=\"selectionShareable\">Al finalizar la reuni\u00f3n, <strong>Rodr\u00edguez Larreta<\/strong> expres\u00f3 en su cuenta de Twitter que <em><strong>\u201cescucharlos para m\u00ed es fundamental, porque conocen al detalle la realidad de sus distritos y en cada encuentro aprendo de ellos\u201d<\/strong><\/em>, ya que fueron los referentes quienes pusieron al d\u00eda al Gobierno porte\u00f1o del contexto que atraviesa la primera y tercera secci\u00f3n.<\/p>\n<p class=\"selectionShareable\">El portal InfoGEI recab\u00f3 las declaraciones de <strong>Larreta<\/strong>, quien se\u00f1al\u00f3 que<em><strong> \u201cla Provincia tiene un potencial \u00fanico para crecer y salir adelante, solo hace falta un gobierno que trabaje para impulsarlo y un plan\u201d<\/strong><\/em>. Haciendo referencia a un plan que <em><strong>\u201cnos ayude a sacar a la Argentina adelante, enfoc\u00e1ndonos en lo m\u00e1s importante para el desarrollo de un pa\u00eds: la educaci\u00f3n, el trabajo y la seguridad\u201d<\/strong><\/em>, advirti\u00f3 el representante de CABA.<\/p>\n<p class=\"selectionShareable\">En el encuentro estuvieron presentes el exministro de Educaci\u00f3n, A<strong>lejandro Finocchiaro<\/strong>, y los concejales de Juntos por el Cambio en La Matanza, <strong>H\u00e9ctor \u201cToty\u201d Flores y Eduardo \u201cLalo\u201d Creus<\/strong>, quienes destacaron las palabras del jefe de Gobierno de la Ciudad sobre trabajar en un proyecto pol\u00edtico \u201cunidos\u201d como plan principal para volver a gobernar. <em><strong>\u201cTenemos mucho trabajo por delante, pero estoy seguro de que juntos vamos a transformar la Provincia y toda la Argentina\u201d<\/strong><\/em>, concluy\u00f3 Larreta. (<b>InfoGEI<\/b>)Ap\/Jd<\/p>\n<\/div>\n<div id=\"modulo_banners_bajo_noticia\" class=\"\"><\/div>\n<p>&nbsp;<\/p>\n","protected":false},"excerpt":{"rendered":"<div class=\"mh-excerpt\"><p>Horacio Rodr\u00edguez Larreta, mantuvo un encuentro con \u201ccandidatos y referentes de la primera y tercera secci\u00f3n de la Provincia de Buenos Aires\u201d. La reuni\u00f3n se concret\u00f3 en Pilar, distrito gobernado por el Frente de Todos. <a class=\"mh-excerpt-more\" href=\"https:\/\/larevistadigital.com.ar\/blog\/larreta-de-gira-para-posicionar-su-pre-candidatura-a-presidente-en-el-gran-buenos-aires\/\" title=\"LARRETA DE GIRA PARA POSICIONAR SU PRE CANDIDATURA A PRESIDENTE EN EL GRAN BUENOS AIRES\">[Leer M\u00e1s]<\/a><\/p>\n<\/div>","protected":false},"author":3,"featured_media":26079,"comment_status":"open","ping_status":"open","sticky":false,"template":"","format":"standard","meta":{"_jetpack_memberships_contains_paid_content":false,"footnotes":"","jetpack_publicize_message":"","jetpack_publicize_feature_enabled":true,"jetpack_social_post_already_shared":true,"jetpack_social_options":{"image_generator_settings":{"template":"highway","default_image_id":0,"font":"","enabled":false},"version":2}},"categories":[41],"tags":[],"class_list":{"0":"post-26078","1":"post","2":"type-post","3":"status-publish","4":"format-standard","5":"has-post-thumbnail","7":"category-destacadas"},"jetpack_publicize_connections":[],"jetpack_featured_media_url":"https:\/\/i0.wp.com\/larevistadigital.com.ar\/blog\/wp-content\/uploads\/20220624170256_rodriguez-larreta-primera-seccion-tercera-seccion-mauricio-macri.jpg?fit=880%2C512&ssl=1","jetpack_sharing_enabled":true,"jetpack_shortlink":"https:\/\/wp.me\/p8qtrQ-6MC","jetpack-related-posts":[{"id":31003,"url":"https:\/\/larevistadigital.com.ar\/blog\/monzo-destaco-la-decision-de-larreta-demuestra-que-no-es-como-alberto-fernandez\/","url_meta":{"origin":26078,"position":0},"title":"MONZ\u00d3 DESTAC\u00d3 LA DECISI\u00d3N DE LARRETA: \u00abDEMUESTRA QUE NO ES COMO ALBERTO FERN\u00c1NDEZ\u00bb","author":"Alejandro Sosa Ruda","date":"12 abril, 2023","format":false,"excerpt":"Emilio Monz\u00f3 analiz\u00f3 la situaci\u00f3n que atraviesa el PRO y Juntos por el Cambio y respald\u00f3 la decisi\u00f3n que tom\u00f3 Horacio Rodr\u00edguez Larreta. 12 de abril de 2023 El diputado nacional por la provincia de Buenos Aires, Emilio Monz\u00f3, ha analizado recientemente la situaci\u00f3n del partido Juntos por el Cambio\u2026","rel":"","context":"En \u00abINTERES GENERAL\u00bb","block_context":{"text":"INTERES GENERAL","link":"https:\/\/larevistadigital.com.ar\/blog\/category\/interes-general\/"},"img":{"alt_text":"","src":"https:\/\/i0.wp.com\/larevistadigital.com.ar\/blog\/wp-content\/uploads\/reportaje-de-fontevecchia-a-emilio-monzo-20200911-1015101.jpg?fit=1200%2C675&ssl=1&resize=350%2C200","width":350,"height":200,"srcset":"https:\/\/i0.wp.com\/larevistadigital.com.ar\/blog\/wp-content\/uploads\/reportaje-de-fontevecchia-a-emilio-monzo-20200911-1015101.jpg?fit=1200%2C675&ssl=1&resize=350%2C200 1x, https:\/\/i0.wp.com\/larevistadigital.com.ar\/blog\/wp-content\/uploads\/reportaje-de-fontevecchia-a-emilio-monzo-20200911-1015101.jpg?fit=1200%2C675&ssl=1&resize=525%2C300 1.5x, https:\/\/i0.wp.com\/larevistadigital.com.ar\/blog\/wp-content\/uploads\/reportaje-de-fontevecchia-a-emilio-monzo-20200911-1015101.jpg?fit=1200%2C675&ssl=1&resize=700%2C400 2x, https:\/\/i0.wp.com\/larevistadigital.com.ar\/blog\/wp-content\/uploads\/reportaje-de-fontevecchia-a-emilio-monzo-20200911-1015101.jpg?fit=1200%2C675&ssl=1&resize=1050%2C600 3x"},"classes":[]},{"id":26494,"url":"https:\/\/larevistadigital.com.ar\/blog\/el-intendente-de-azul-hernan-bertellys-se-alineo-con-la-candidatura-de-rodriguez-larreta\/","url_meta":{"origin":26078,"position":1},"title":"EL INTENDENTE DE AZUL, HERN\u00c1N BERTELLYS SE ALINE\u00d3 CON LA CANDIDATURA DE RODR\u00cdGUEZ LARRETA","author":"Alejandro Sosa Ruda","date":"11 julio, 2022","format":false,"excerpt":"En medio de un ataque especulativo de los formadores de precios y de fugadores de divisas, y con la excusa de prorrogar un convenio de colaboraci\u00f3n entre la Ciudad Aut\u00f3noma y el Municipio de Azul, el intendente de esa ciudad, Hern\u00e1n Bertellys recibi\u00f3 al Jefe de Gobierno porte\u00f1o Horacio Rodr\u00edguez\u2026","rel":"","context":"En \u00abPOLITICA PROVINCIAL\u00bb","block_context":{"text":"POLITICA PROVINCIAL","link":"https:\/\/larevistadigital.com.ar\/blog\/category\/politica\/politica-provincial\/"},"img":{"alt_text":"","src":"https:\/\/i0.wp.com\/larevistadigital.com.ar\/blog\/wp-content\/uploads\/20220710132333_azul-rodriguez-larreta-bertellys.jpg?fit=880%2C512&ssl=1&resize=350%2C200","width":350,"height":200,"srcset":"https:\/\/i0.wp.com\/larevistadigital.com.ar\/blog\/wp-content\/uploads\/20220710132333_azul-rodriguez-larreta-bertellys.jpg?fit=880%2C512&ssl=1&resize=350%2C200 1x, https:\/\/i0.wp.com\/larevistadigital.com.ar\/blog\/wp-content\/uploads\/20220710132333_azul-rodriguez-larreta-bertellys.jpg?fit=880%2C512&ssl=1&resize=525%2C300 1.5x, https:\/\/i0.wp.com\/larevistadigital.com.ar\/blog\/wp-content\/uploads\/20220710132333_azul-rodriguez-larreta-bertellys.jpg?fit=880%2C512&ssl=1&resize=700%2C400 2x"},"classes":[]},{"id":12892,"url":"https:\/\/larevistadigital.com.ar\/blog\/larreta-se-impuso-en-primera-vuelta-y-retuvo-caba\/","url_meta":{"origin":26078,"position":2},"title":"LARRETA SE IMPUSO EN PRIMERA VUELTA Y RETUVO CABA","author":"Alejandro Sosa Ruda","date":"28 octubre, 2019","format":false,"excerpt":"El jefe de Gobierno porte\u00f1o logr\u00f3 una reelecci\u00f3n hist\u00f3rica y evit\u00f3 el balotaje En las PASO\u00a0Horacio Rodr\u00edguez Larreta\u00a0se hab\u00eda quedado con el\u00a046%\u00a0de los votos, muy cerca de convertirse en el primer candidato en lograr imponerse en primera vuelta desde la sanci\u00f3n de la Constituci\u00f3n de 1994. Este domingo, en base\u2026","rel":"","context":"En \u00abINTERES GENERAL\u00bb","block_context":{"text":"INTERES GENERAL","link":"https:\/\/larevistadigital.com.ar\/blog\/category\/interes-general\/"},"img":{"alt_text":"","src":"https:\/\/i0.wp.com\/larevistadigital.com.ar\/blog\/wp-content\/uploads\/Screenshot_4-15.jpg?fit=937%2C478&ssl=1&resize=350%2C200","width":350,"height":200,"srcset":"https:\/\/i0.wp.com\/larevistadigital.com.ar\/blog\/wp-content\/uploads\/Screenshot_4-15.jpg?fit=937%2C478&ssl=1&resize=350%2C200 1x, https:\/\/i0.wp.com\/larevistadigital.com.ar\/blog\/wp-content\/uploads\/Screenshot_4-15.jpg?fit=937%2C478&ssl=1&resize=525%2C300 1.5x, https:\/\/i0.wp.com\/larevistadigital.com.ar\/blog\/wp-content\/uploads\/Screenshot_4-15.jpg?fit=937%2C478&ssl=1&resize=700%2C400 2x"},"classes":[]},{"id":19867,"url":"https:\/\/larevistadigital.com.ar\/blog\/mid-importante-reunion-de-la-dirigente-andrea-vieira-con-el-sub-secretario-de-gobierno-de-caba-y-otras-personalidades\/","url_meta":{"origin":26078,"position":3},"title":"MID: IMPORTANTE REUNI\u00d3N DE LA DIRIGENTE ANDREA VIEIRA CON EL SUB SECRETARIO DE GOBIERNO DE CABA Y OTRAS PERSONALIDADES","author":"Alejandro Sosa Ruda","date":"27 abril, 2021","format":false,"excerpt":"Se realiz\u00f3 un encuentro en la sede del MID nacional, ubicada en calle Ayacucho de CABA, donde la referente local Andrea Vieira se hizo presente y particip\u00f3 de la mencionada reuni\u00f3n, donde principalmente se abord\u00f3 la situaci\u00f3n de los distritos. La reuni\u00f3n se realiz\u00f3 manteniendo sumo cuidado y con todos\u2026","rel":"","context":"En \u00abINTERES GENERAL\u00bb","block_context":{"text":"INTERES GENERAL","link":"https:\/\/larevistadigital.com.ar\/blog\/category\/interes-general\/"},"img":{"alt_text":"","src":"https:\/\/i0.wp.com\/larevistadigital.com.ar\/blog\/wp-content\/uploads\/Vieira-con-Colello-en-CABA.jpg?fit=904%2C480&ssl=1&resize=350%2C200","width":350,"height":200,"srcset":"https:\/\/i0.wp.com\/larevistadigital.com.ar\/blog\/wp-content\/uploads\/Vieira-con-Colello-en-CABA.jpg?fit=904%2C480&ssl=1&resize=350%2C200 1x, https:\/\/i0.wp.com\/larevistadigital.com.ar\/blog\/wp-content\/uploads\/Vieira-con-Colello-en-CABA.jpg?fit=904%2C480&ssl=1&resize=525%2C300 1.5x, https:\/\/i0.wp.com\/larevistadigital.com.ar\/blog\/wp-content\/uploads\/Vieira-con-Colello-en-CABA.jpg?fit=904%2C480&ssl=1&resize=700%2C400 2x"},"classes":[]},{"id":27391,"url":"https:\/\/larevistadigital.com.ar\/blog\/almuerzo-del-pro-con-discusion-que-termino-con-una-tregua-que-parece-bastante-fragil\/","url_meta":{"origin":26078,"position":4},"title":"ALMUERZO DEL PRO CON DISCUSI\u00d3N QUE TERMIN\u00d3 CON UNA TREGUA QUE PARECE BASTANTE FR\u00c1GIL","author":"Alejandro Sosa Ruda","date":"30 agosto, 2022","format":false,"excerpt":"Se acord\u00f3 bajar el tono de las declaraciones respecto del accionar del gobierno porte\u00f1o en Recoleta, aunque Patricia Bullrich dej\u00f3 en claro que no se privar\u00e1 de \"opinar\". Larreta por su parte dijo que estas cr\u00edticas perjudican a la unidad. 30 de agosto de 2022 En un almuerzo que se\u2026","rel":"","context":"En \u00abINTERES GENERAL\u00bb","block_context":{"text":"INTERES GENERAL","link":"https:\/\/larevistadigital.com.ar\/blog\/category\/interes-general\/"},"img":{"alt_text":"","src":"https:\/\/i0.wp.com\/larevistadigital.com.ar\/blog\/wp-content\/uploads\/almuerzo-pro.png?fit=706%2C363&ssl=1&resize=350%2C200","width":350,"height":200,"srcset":"https:\/\/i0.wp.com\/larevistadigital.com.ar\/blog\/wp-content\/uploads\/almuerzo-pro.png?fit=706%2C363&ssl=1&resize=350%2C200 1x, https:\/\/i0.wp.com\/larevistadigital.com.ar\/blog\/wp-content\/uploads\/almuerzo-pro.png?fit=706%2C363&ssl=1&resize=525%2C300 1.5x, https:\/\/i0.wp.com\/larevistadigital.com.ar\/blog\/wp-content\/uploads\/almuerzo-pro.png?fit=706%2C363&ssl=1&resize=700%2C400 2x"},"classes":[]},{"id":32580,"url":"https:\/\/larevistadigital.com.ar\/blog\/chascomus-el-pre-candidato-a-diputado-provincial-matias-ciavalle-recorrio-la-ciudad-junto-a-santiago-dos-santos\/","url_meta":{"origin":26078,"position":5},"title":"CHASCOM\u00daS: EL PRE CANDIDATO A DIPUTADO PROVINCIAL MAT\u00cdAS CIAVALLE, RECORRI\u00d3 LA CIUDAD JUNTO A SANTIAGO DOS SANTOS","author":"Alejandro Sosa Ruda","date":"25 julio, 2023","format":false,"excerpt":"\"Nuestra carta de presentaci\u00f3n son las buenas gestiones\". As\u00ed lo afirm\u00f3 el Primer precandidato a Diputado Provincial por la Quinta Secci\u00f3n Mat\u00edas Civale que integra la lista que encabezan Horacio Rodr\u00edguez Larreta y Gerardo Morales. El actual Presidente de la Cooperativa El\u00e9ctrica de Tandil y sin dudas futuro diputado provincial\u2026","rel":"","context":"En \u00abPOLITICA LOCAL\u00bb","block_context":{"text":"POLITICA LOCAL","link":"https:\/\/larevistadigital.com.ar\/blog\/category\/politica\/politica-local\/"},"img":{"alt_text":"","src":"https:\/\/i0.wp.com\/larevistadigital.com.ar\/blog\/wp-content\/uploads\/WhatsApp-Image-2023-07-25-at-14.54.04.jpeg?fit=1200%2C900&ssl=1&resize=350%2C200","width":350,"height":200,"srcset":"https:\/\/i0.wp.com\/larevistadigital.com.ar\/blog\/wp-content\/uploads\/WhatsApp-Image-2023-07-25-at-14.54.04.jpeg?fit=1200%2C900&ssl=1&resize=350%2C200 1x, https:\/\/i0.wp.com\/larevistadigital.com.ar\/blog\/wp-content\/uploads\/WhatsApp-Image-2023-07-25-at-14.54.04.jpeg?fit=1200%2C900&ssl=1&resize=525%2C300 1.5x, https:\/\/i0.wp.com\/larevistadigital.com.ar\/blog\/wp-content\/uploads\/WhatsApp-Image-2023-07-25-at-14.54.04.jpeg?fit=1200%2C900&ssl=1&resize=700%2C400 2x, https:\/\/i0.wp.com\/larevistadigital.com.ar\/blog\/wp-content\/uploads\/WhatsApp-Image-2023-07-25-at-14.54.04.jpeg?fit=1200%2C900&ssl=1&resize=1050%2C600 3x"},"classes":[]}],"_links":{"self":[{"href":"https:\/\/larevistadigital.com.ar\/blog\/wp-json\/wp\/v2\/posts\/26078","targetHints":{"allow":["GET"]}}],"collection":[{"href":"https:\/\/larevistadigital.com.ar\/blog\/wp-json\/wp\/v2\/posts"}],"about":[{"href":"https:\/\/larevistadigital.com.ar\/blog\/wp-json\/wp\/v2\/types\/post"}],"author":[{"embeddable":true,"href":"https:\/\/larevistadigital.com.ar\/blog\/wp-json\/wp\/v2\/users\/3"}],"replies":[{"embeddable":true,"href":"https:\/\/larevistadigital.com.ar\/blog\/wp-json\/wp\/v2\/comments?post=26078"}],"version-history":[{"count":1,"href":"https:\/\/larevistadigital.com.ar\/blog\/wp-json\/wp\/v2\/posts\/26078\/revisions"}],"predecessor-version":[{"id":26080,"href":"https:\/\/larevistadigital.com.ar\/blog\/wp-json\/wp\/v2\/posts\/26078\/revisions\/26080"}],"wp:featuredmedia":[{"embeddable":true,"href":"https:\/\/larevistadigital.com.ar\/blog\/wp-json\/wp\/v2\/media\/26079"}],"wp:attachment":[{"href":"https:\/\/larevistadigital.com.ar\/blog\/wp-json\/wp\/v2\/media?parent=26078"}],"wp:term":[{"taxonomy":"category","embeddable":true,"href":"https:\/\/larevistadigital.com.ar\/blog\/wp-json\/wp\/v2\/categories?post=26078"},{"taxonomy":"post_tag","embeddable":true,"href":"https:\/\/larevistadigital.com.ar\/blog\/wp-json\/wp\/v2\/tags?post=26078"}],"curies":[{"name":"wp","href":"https:\/\/api.w.org\/{rel}","templated":true}]}}