{"id":26081,"date":"2022-06-24T20:59:40","date_gmt":"2022-06-24T20:59:40","guid":{"rendered":"https:\/\/larevistadigital.com.ar\/blog\/?p=26081"},"modified":"2022-06-24T21:07:15","modified_gmt":"2022-06-24T21:07:15","slug":"manana-se-hace-la-presentacion-de-martin-larralde-como-referente-local-del-partido-fe","status":"publish","type":"post","link":"https:\/\/larevistadigital.com.ar\/blog\/manana-se-hace-la-presentacion-de-martin-larralde-como-referente-local-del-partido-fe\/","title":{"rendered":"MA\u00d1ANA SE HACE LA PRESENTACI\u00d3N DE MART\u00cdN LARRALDE COMO REFERENTE LOCAL DEL PARTIDO FE"},"content":{"rendered":"<h2>El joven y respetado dirigente peronista, Mart\u00edn Larralde ser\u00e1 ma\u00f1ana presentado en sociedad como el referente del partido Fe en Chascom\u00fas. se destaca la presencia de la diputada provincial Natalia S\u00e1nchez Jauregui.<\/h2>\n<p><strong>CHASCOM\u00daS &#8211;\u00a0\u00a0<\/strong>Ma\u00f1ana s\u00e1bado 25\/6 se llevar\u00e1 a cabo en la ciudad de Chascom\u00fas, un plenario del Partido Fe de la Quinta Secci\u00f3n electoral, donde adem\u00e1s de la presencia de distintos dirigentes, se \u00abpresentar\u00e1 en sociedad\u00bb al dirigente peronista y ex precandidato a Concejal <strong>Mart\u00edn Larralde<\/strong> como el referente del partido en Chascom\u00fas.<\/p>\n<blockquote>\n<h3><strong>Mart\u00edn Larralde<\/strong>, se ha destacado como uno de los pol\u00edticos m\u00e1s apreciados y respetados de Chascom\u00fas, y muchos lo ven como uno de los cuadros m\u00e1s importantes del peronismo de cara al futuro. Un dirigente que cuenta con algo que no todos pueden decir: Es querido y\/o respetado por propios y ajenos.<\/h3>\n<\/blockquote>\n<p>Se destaca la presencia de la Diputada Provincial <strong>Natalia S\u00e1nchez J\u00e1uregui<\/strong>, nativa de Necochea, quien integra en la C\u00e1mara las comisiones de: <strong>Intereses Mar\u00edtimos, Portuarios y Pesca; Trabajo; Comercio Exterior; Asuntos Agrarios; Asuntos Constitucionales y Justicia.<\/strong><\/p>\n<p><img data-recalc-dims=\"1\" loading=\"lazy\" decoding=\"async\" class=\"size-full wp-image-26084 aligncenter\" src=\"https:\/\/i0.wp.com\/larevistadigital.com.ar\/blog\/wp-content\/uploads\/nsj.jpeg?resize=1200%2C800&#038;ssl=1\" alt=\"\" width=\"1200\" height=\"800\" srcset=\"https:\/\/i0.wp.com\/larevistadigital.com.ar\/blog\/wp-content\/uploads\/nsj.jpeg?w=1200&amp;ssl=1 1200w, https:\/\/i0.wp.com\/larevistadigital.com.ar\/blog\/wp-content\/uploads\/nsj.jpeg?resize=300%2C200&amp;ssl=1 300w, https:\/\/i0.wp.com\/larevistadigital.com.ar\/blog\/wp-content\/uploads\/nsj.jpeg?resize=1024%2C683&amp;ssl=1 1024w, https:\/\/i0.wp.com\/larevistadigital.com.ar\/blog\/wp-content\/uploads\/nsj.jpeg?resize=768%2C512&amp;ssl=1 768w\" sizes=\"auto, (max-width: 1000px) 100vw, 1000px\" \/><\/p>\n<p>La cita ser\u00e1 en el <strong>\u00abCentro Vasco\u00bb, ubicado en calle Franklin 454, a partir de las 10 de la ma\u00f1ana <\/strong>y a las 12,30 hs. aproximadamente se realizar\u00e1 una charla con el periodismo. Todos aquellos que deseen concurrir, pueden hacerlo.<\/p>\n","protected":false},"excerpt":{"rendered":"<div class=\"mh-excerpt\"><p>El joven y respetado dirigente peronista, Mart\u00edn Larralde ser\u00e1 ma\u00f1ana presentado en sociedad como el referente del partido Fe en Chascom\u00fas. se destaca la presencia de la diputada provincial Natalia S\u00e1nchez Jauregui. CHASCOM\u00daS &#8211;\u00a0\u00a0Ma\u00f1ana s\u00e1bado <a class=\"mh-excerpt-more\" href=\"https:\/\/larevistadigital.com.ar\/blog\/manana-se-hace-la-presentacion-de-martin-larralde-como-referente-local-del-partido-fe\/\" title=\"MA\u00d1ANA SE HACE LA PRESENTACI\u00d3N DE MART\u00cdN LARRALDE COMO REFERENTE LOCAL DEL PARTIDO FE\">[Leer M\u00e1s]<\/a><\/p>\n<\/div>","protected":false},"author":3,"featured_media":26082,"comment_status":"open","ping_status":"open","sticky":false,"template":"","format":"standard","meta":{"_jetpack_memberships_contains_paid_content":false,"footnotes":"","jetpack_publicize_message":"","jetpack_publicize_feature_enabled":true,"jetpack_social_post_already_shared":true,"jetpack_social_options":{"image_generator_settings":{"template":"highway","default_image_id":0,"font":"","enabled":false},"version":2}},"categories":[6,23,25],"tags":[],"class_list":{"0":"post-26081","1":"post","2":"type-post","3":"status-publish","4":"format-standard","5":"has-post-thumbnail","7":"category-chascomus","8":"category-politica-local","9":"category-politica-nacional"},"jetpack_publicize_connections":[],"jetpack_featured_media_url":"https:\/\/i0.wp.com\/larevistadigital.com.ar\/blog\/wp-content\/uploads\/WhatsApp-Image-2022-06-24-at-8.45.46-PM.jpeg?fit=860%2C1024&ssl=1","jetpack_sharing_enabled":true,"jetpack_shortlink":"https:\/\/wp.me\/p8qtrQ-6MF","jetpack-related-posts":[{"id":26108,"url":"https:\/\/larevistadigital.com.ar\/blog\/concurrido-e-importante-marco-para-el-lanzamiento-de-martin-larralde-como-el-referente-del-partido-fe-en-chascomus\/","url_meta":{"origin":26081,"position":0},"title":"CONCURRIDO E IMPORTANTE MARCO PARA EL LANZAMIENTO DE MART\u00cdN LARRALDE COMO EL REFERENTE DEL PARTIDO FE EN CHASCOM\u00daS","author":"Alejandro Sosa Ruda","date":"26 junio, 2022","format":false,"excerpt":"Diputados, el presidente del partido en provincia, dirigentes de la quinta con asistencia perfecta y figuras invitadas de otras secciones fueron parte del marco que en un plenario presentaron al dirigente peronista Mart\u00edn Larralde, como el referente del Partido Fe en la quinta secci\u00f3n electoral. CHASCOM\u00daS -\u00a0 El d\u00eda s\u00e1bado,\u2026","rel":"","context":"En \u00abDESTACADAS\u00bb","block_context":{"text":"DESTACADAS","link":"https:\/\/larevistadigital.com.ar\/blog\/category\/destacadas\/"},"img":{"alt_text":"","src":"https:\/\/i0.wp.com\/larevistadigital.com.ar\/blog\/wp-content\/uploads\/20220626130251_sanchez-jauregui-2.jpg?fit=730%2C487&ssl=1&resize=350%2C200","width":350,"height":200,"srcset":"https:\/\/i0.wp.com\/larevistadigital.com.ar\/blog\/wp-content\/uploads\/20220626130251_sanchez-jauregui-2.jpg?fit=730%2C487&ssl=1&resize=350%2C200 1x, https:\/\/i0.wp.com\/larevistadigital.com.ar\/blog\/wp-content\/uploads\/20220626130251_sanchez-jauregui-2.jpg?fit=730%2C487&ssl=1&resize=525%2C300 1.5x, https:\/\/i0.wp.com\/larevistadigital.com.ar\/blog\/wp-content\/uploads\/20220626130251_sanchez-jauregui-2.jpg?fit=730%2C487&ssl=1&resize=700%2C400 2x"},"classes":[]},{"id":5640,"url":"https:\/\/larevistadigital.com.ar\/blog\/chascomus-el-doctor-martin-larralde-hablo-de-su-desplazamiento-del-registro-civil\/","url_meta":{"origin":26081,"position":1},"title":"CHASCOM\u00daS: EL DOCTOR MART\u00cdN LARRALDE HABL\u00d3 DE SU DESPLAZAMIENTO DEL REGISTRO CIVIL","author":"Alejandro Sosa Ruda","date":"26 mayo, 2018","format":false,"excerpt":"El abogado Mart\u00edn Larralde hizo menci\u00f3n a su alejamiento de la jefatura del Registro Civil de Chascom\u00fas, durante una nota en la FM 101.5 realizada por el periodista Alfredo Perona. Lo primero que manifest\u00f3, fue que su gesti\u00f3n se bas\u00f3 especialmente en un fuerte trabajo en equipo, lo que redund\u00f3\u2026","rel":"","context":"En \u00abPOLITICA\u00bb","block_context":{"text":"POLITICA","link":"https:\/\/larevistadigital.com.ar\/blog\/category\/politica\/"},"img":{"alt_text":"","src":"https:\/\/i0.wp.com\/larevistadigital.com.ar\/blog\/wp-content\/uploads\/2018\/05\/DSC_0161.jpg?fit=1200%2C895&ssl=1&resize=350%2C200","width":350,"height":200,"srcset":"https:\/\/i0.wp.com\/larevistadigital.com.ar\/blog\/wp-content\/uploads\/2018\/05\/DSC_0161.jpg?fit=1200%2C895&ssl=1&resize=350%2C200 1x, https:\/\/i0.wp.com\/larevistadigital.com.ar\/blog\/wp-content\/uploads\/2018\/05\/DSC_0161.jpg?fit=1200%2C895&ssl=1&resize=525%2C300 1.5x, https:\/\/i0.wp.com\/larevistadigital.com.ar\/blog\/wp-content\/uploads\/2018\/05\/DSC_0161.jpg?fit=1200%2C895&ssl=1&resize=700%2C400 2x, https:\/\/i0.wp.com\/larevistadigital.com.ar\/blog\/wp-content\/uploads\/2018\/05\/DSC_0161.jpg?fit=1200%2C895&ssl=1&resize=1050%2C600 3x"},"classes":[]},{"id":2461,"url":"https:\/\/larevistadigital.com.ar\/blog\/fue-presentado-en-sociedad-el-partido-fe-en-chascomus\/","url_meta":{"origin":26081,"position":2},"title":"FUE PRESENTADO EN SOCIEDAD EL PARTIDO FE EN CHASCOM\u00daS","author":"Alejandro Sosa Ruda","date":"21 junio, 2017","format":false,"excerpt":"En una confiter\u00eda c\u00e9ntrica de la ciudad de Chascom\u00fas se llev\u00f3 a cabo un peque\u00f1o acto y posterior conferencia de prensa en la que se present\u00f3 la representaci\u00f3n local y autoridades del Partido Fe, que lidera el secretario general de UATRE Ger\u00f3nimo \u201cEl Momo\u201d Venegas. La reuni\u00f3n comenz\u00f3 un poco\u2026","rel":"","context":"En \u00abCHASCOM\u00daS\u00bb","block_context":{"text":"CHASCOM\u00daS","link":"https:\/\/larevistadigital.com.ar\/blog\/category\/chascomus\/"},"img":{"alt_text":"","src":"https:\/\/i0.wp.com\/larevistadigital.com.ar\/blog\/wp-content\/uploads\/2017\/06\/WhatsApp-Image-2017-06-19-at-14.17.39-1.jpeg?fit=1152%2C864&ssl=1&resize=350%2C200","width":350,"height":200,"srcset":"https:\/\/i0.wp.com\/larevistadigital.com.ar\/blog\/wp-content\/uploads\/2017\/06\/WhatsApp-Image-2017-06-19-at-14.17.39-1.jpeg?fit=1152%2C864&ssl=1&resize=350%2C200 1x, https:\/\/i0.wp.com\/larevistadigital.com.ar\/blog\/wp-content\/uploads\/2017\/06\/WhatsApp-Image-2017-06-19-at-14.17.39-1.jpeg?fit=1152%2C864&ssl=1&resize=525%2C300 1.5x, https:\/\/i0.wp.com\/larevistadigital.com.ar\/blog\/wp-content\/uploads\/2017\/06\/WhatsApp-Image-2017-06-19-at-14.17.39-1.jpeg?fit=1152%2C864&ssl=1&resize=700%2C400 2x, https:\/\/i0.wp.com\/larevistadigital.com.ar\/blog\/wp-content\/uploads\/2017\/06\/WhatsApp-Image-2017-06-19-at-14.17.39-1.jpeg?fit=1152%2C864&ssl=1&resize=1050%2C600 3x"},"classes":[]},{"id":5595,"url":"https:\/\/larevistadigital.com.ar\/blog\/chascomus-de-manera-inesperada-y-sin-motivo-martin-larralde-fue-relevado-de-la-jefatura-del-registro-civil\/","url_meta":{"origin":26081,"position":3},"title":"CHASCOM\u00daS: DE MANERA INESPERADA Y SIN MOTIVO, MART\u00cdN LARRALDE FUE RELEVADO DE LA JEFATURA DEL REGISTRO CIVIL","author":"Alejandro Sosa Ruda","date":"21 mayo, 2018","format":false,"excerpt":"De manera sorpresiva, y verdaderamente bastante desprolija, el abogado Mart\u00edn Larralde fue desplazado de su cargo como Jefe de la Oficina del registro Civil de Chascom\u00fas, sin previo aviso, y enter\u00e1ndose de casualidad. Larralde hab\u00eda entrado en funciones en agosto de 2015 y desde ese entonces, llev\u00f3 adelante una muy\u2026","rel":"","context":"En \u00abPOLITICA\u00bb","block_context":{"text":"POLITICA","link":"https:\/\/larevistadigital.com.ar\/blog\/category\/politica\/"},"img":{"alt_text":"","src":"https:\/\/i0.wp.com\/larevistadigital.com.ar\/blog\/wp-content\/uploads\/2018\/05\/22528252_826566037514249_6032541600636590143_n.jpg?fit=960%2C720&ssl=1&resize=350%2C200","width":350,"height":200,"srcset":"https:\/\/i0.wp.com\/larevistadigital.com.ar\/blog\/wp-content\/uploads\/2018\/05\/22528252_826566037514249_6032541600636590143_n.jpg?fit=960%2C720&ssl=1&resize=350%2C200 1x, https:\/\/i0.wp.com\/larevistadigital.com.ar\/blog\/wp-content\/uploads\/2018\/05\/22528252_826566037514249_6032541600636590143_n.jpg?fit=960%2C720&ssl=1&resize=525%2C300 1.5x, https:\/\/i0.wp.com\/larevistadigital.com.ar\/blog\/wp-content\/uploads\/2018\/05\/22528252_826566037514249_6032541600636590143_n.jpg?fit=960%2C720&ssl=1&resize=700%2C400 2x"},"classes":[]},{"id":21882,"url":"https:\/\/larevistadigital.com.ar\/blog\/para-pensar-reflexion-de-la-dirigente-peronista-alexa-oyhamburu\/","url_meta":{"origin":26081,"position":4},"title":"PARA PENSAR&#8230;REFLEXION DE LA DIRIGENTE PERONISTA ALEXA OYHAMBURU","author":"Alejandro Sosa Ruda","date":"6 septiembre, 2021","format":false,"excerpt":"Alexa Oyhamburu, es una joven militante y dirigente peronista, que en la pasada elecci\u00f3n fue una de los referentes de Florencio Randazzo, en la ciudad de Chascom\u00fas, compitiendo en las PASO como pre candidata a concejal. Hoy, desde su cuenta de Facebook, escribi\u00f3 una interesante reflexi\u00f3n que compartimos LA PUBLICACI\u00d3N\u2026","rel":"","context":"En \u00abCHASCOM\u00daS\u00bb","block_context":{"text":"CHASCOM\u00daS","link":"https:\/\/larevistadigital.com.ar\/blog\/category\/chascomus\/"},"img":{"alt_text":"","src":"https:\/\/i0.wp.com\/larevistadigital.com.ar\/blog\/wp-content\/uploads\/20842267_10212206662915739_5414198624297714223_n-e1630903969782.jpg?fit=639%2C527&ssl=1&resize=350%2C200","width":350,"height":200,"srcset":"https:\/\/i0.wp.com\/larevistadigital.com.ar\/blog\/wp-content\/uploads\/20842267_10212206662915739_5414198624297714223_n-e1630903969782.jpg?fit=639%2C527&ssl=1&resize=350%2C200 1x, https:\/\/i0.wp.com\/larevistadigital.com.ar\/blog\/wp-content\/uploads\/20842267_10212206662915739_5414198624297714223_n-e1630903969782.jpg?fit=639%2C527&ssl=1&resize=525%2C300 1.5x"},"classes":[]},{"id":17714,"url":"https:\/\/larevistadigital.com.ar\/blog\/enojo-en-el-peronismo-local-por-convocatoria-de-uxch-a-caravana-peronista\/","url_meta":{"origin":26081,"position":5},"title":"ENOJO EN EL PERONISMO LOCAL POR CONVOCATORIA DE UXCH A \u00abCARAVANA PERONISTA\u00bb","author":"Alejandro Sosa Ruda","date":"17 noviembre, 2020","format":false,"excerpt":"El Secretario de Gobierno de Chascom\u00fas, Cipriano P\u00e9rez del Cerro entre otros, comenz\u00f3 ayer a compartir por redes y hacer una convocatoria para una \"Caravana de la militancia\". \"Habr\u00eda que avisarle a Cipriano, que este es un d\u00eda peronista. Se festeja la \"militancia peronista\", y no la militancia en general\",\u2026","rel":"","context":"En \u00abCHASCOM\u00daS\u00bb","block_context":{"text":"CHASCOM\u00daS","link":"https:\/\/larevistadigital.com.ar\/blog\/category\/chascomus\/"},"img":{"alt_text":"","src":"https:\/\/i0.wp.com\/larevistadigital.com.ar\/blog\/wp-content\/uploads\/CONVOCATORIA-POR-WAPP-DE-PEREZ-DEL-CERRO.jpg?fit=1200%2C675&ssl=1&resize=350%2C200","width":350,"height":200,"srcset":"https:\/\/i0.wp.com\/larevistadigital.com.ar\/blog\/wp-content\/uploads\/CONVOCATORIA-POR-WAPP-DE-PEREZ-DEL-CERRO.jpg?fit=1200%2C675&ssl=1&resize=350%2C200 1x, https:\/\/i0.wp.com\/larevistadigital.com.ar\/blog\/wp-content\/uploads\/CONVOCATORIA-POR-WAPP-DE-PEREZ-DEL-CERRO.jpg?fit=1200%2C675&ssl=1&resize=525%2C300 1.5x, https:\/\/i0.wp.com\/larevistadigital.com.ar\/blog\/wp-content\/uploads\/CONVOCATORIA-POR-WAPP-DE-PEREZ-DEL-CERRO.jpg?fit=1200%2C675&ssl=1&resize=700%2C400 2x, https:\/\/i0.wp.com\/larevistadigital.com.ar\/blog\/wp-content\/uploads\/CONVOCATORIA-POR-WAPP-DE-PEREZ-DEL-CERRO.jpg?fit=1200%2C675&ssl=1&resize=1050%2C600 3x"},"classes":[]}],"_links":{"self":[{"href":"https:\/\/larevistadigital.com.ar\/blog\/wp-json\/wp\/v2\/posts\/26081","targetHints":{"allow":["GET"]}}],"collection":[{"href":"https:\/\/larevistadigital.com.ar\/blog\/wp-json\/wp\/v2\/posts"}],"about":[{"href":"https:\/\/larevistadigital.com.ar\/blog\/wp-json\/wp\/v2\/types\/post"}],"author":[{"embeddable":true,"href":"https:\/\/larevistadigital.com.ar\/blog\/wp-json\/wp\/v2\/users\/3"}],"replies":[{"embeddable":true,"href":"https:\/\/larevistadigital.com.ar\/blog\/wp-json\/wp\/v2\/comments?post=26081"}],"version-history":[{"count":3,"href":"https:\/\/larevistadigital.com.ar\/blog\/wp-json\/wp\/v2\/posts\/26081\/revisions"}],"predecessor-version":[{"id":26087,"href":"https:\/\/larevistadigital.com.ar\/blog\/wp-json\/wp\/v2\/posts\/26081\/revisions\/26087"}],"wp:featuredmedia":[{"embeddable":true,"href":"https:\/\/larevistadigital.com.ar\/blog\/wp-json\/wp\/v2\/media\/26082"}],"wp:attachment":[{"href":"https:\/\/larevistadigital.com.ar\/blog\/wp-json\/wp\/v2\/media?parent=26081"}],"wp:term":[{"taxonomy":"category","embeddable":true,"href":"https:\/\/larevistadigital.com.ar\/blog\/wp-json\/wp\/v2\/categories?post=26081"},{"taxonomy":"post_tag","embeddable":true,"href":"https:\/\/larevistadigital.com.ar\/blog\/wp-json\/wp\/v2\/tags?post=26081"}],"curies":[{"name":"wp","href":"https:\/\/api.w.org\/{rel}","templated":true}]}}