{"id":26089,"date":"2022-06-24T22:53:55","date_gmt":"2022-06-24T22:53:55","guid":{"rendered":"https:\/\/larevistadigital.com.ar\/blog\/?p=26089"},"modified":"2022-06-24T22:53:55","modified_gmt":"2022-06-24T22:53:55","slug":"fotos-chascomus-accidente-en-la-costanera-entre-una-moto-y-dos-autos","status":"publish","type":"post","link":"https:\/\/larevistadigital.com.ar\/blog\/fotos-chascomus-accidente-en-la-costanera-entre-una-moto-y-dos-autos\/","title":{"rendered":"[FOTOS] CHASCOM\u00daS: ACCIDENTE EN LA COSTANERA ENTRE UNA MOTO Y DOS AUTOS"},"content":{"rendered":"<p><strong>CHASCOM\u00daS &#8211;\u00a0<\/strong> Poco antes de caer la noche, se produjo un accidente en la avenida Costanera, frente al local gastron\u00f3mico \u00abMule\u00bb.<\/p>\n<p>El siniestro fue entre un autom\u00f3vil y una moto, y afortunadamente no hubo heridos graves en el mismo, solo lamentando los da\u00f1os materiales.<\/p>\n<p><img data-recalc-dims=\"1\" loading=\"lazy\" decoding=\"async\" class=\"alignnone size-full wp-image-26090\" src=\"https:\/\/i0.wp.com\/larevistadigital.com.ar\/blog\/wp-content\/uploads\/WhatsApp-Image-2022-06-24-at-10.09.28-PM-1.jpeg?resize=1600%2C1200&#038;ssl=1\" alt=\"\" width=\"1600\" height=\"1200\" srcset=\"https:\/\/i0.wp.com\/larevistadigital.com.ar\/blog\/wp-content\/uploads\/WhatsApp-Image-2022-06-24-at-10.09.28-PM-1.jpeg?w=1600&amp;ssl=1 1600w, https:\/\/i0.wp.com\/larevistadigital.com.ar\/blog\/wp-content\/uploads\/WhatsApp-Image-2022-06-24-at-10.09.28-PM-1.jpeg?resize=300%2C225&amp;ssl=1 300w, https:\/\/i0.wp.com\/larevistadigital.com.ar\/blog\/wp-content\/uploads\/WhatsApp-Image-2022-06-24-at-10.09.28-PM-1.jpeg?resize=1024%2C768&amp;ssl=1 1024w, https:\/\/i0.wp.com\/larevistadigital.com.ar\/blog\/wp-content\/uploads\/WhatsApp-Image-2022-06-24-at-10.09.28-PM-1.jpeg?resize=768%2C576&amp;ssl=1 768w, https:\/\/i0.wp.com\/larevistadigital.com.ar\/blog\/wp-content\/uploads\/WhatsApp-Image-2022-06-24-at-10.09.28-PM-1.jpeg?resize=1536%2C1152&amp;ssl=1 1536w, https:\/\/i0.wp.com\/larevistadigital.com.ar\/blog\/wp-content\/uploads\/WhatsApp-Image-2022-06-24-at-10.09.28-PM-1.jpeg?resize=678%2C509&amp;ssl=1 678w, https:\/\/i0.wp.com\/larevistadigital.com.ar\/blog\/wp-content\/uploads\/WhatsApp-Image-2022-06-24-at-10.09.28-PM-1.jpeg?resize=326%2C245&amp;ssl=1 326w, https:\/\/i0.wp.com\/larevistadigital.com.ar\/blog\/wp-content\/uploads\/WhatsApp-Image-2022-06-24-at-10.09.28-PM-1.jpeg?resize=80%2C60&amp;ssl=1 80w\" sizes=\"auto, (max-width: 1000px) 100vw, 1000px\" \/> <img data-recalc-dims=\"1\" loading=\"lazy\" decoding=\"async\" class=\"alignnone size-full wp-image-26092\" src=\"https:\/\/i0.wp.com\/larevistadigital.com.ar\/blog\/wp-content\/uploads\/WhatsApp-Image-2022-06-24-at-10.09.27-PM-1.jpeg?resize=1600%2C1200&#038;ssl=1\" alt=\"\" width=\"1600\" height=\"1200\" srcset=\"https:\/\/i0.wp.com\/larevistadigital.com.ar\/blog\/wp-content\/uploads\/WhatsApp-Image-2022-06-24-at-10.09.27-PM-1.jpeg?w=1600&amp;ssl=1 1600w, https:\/\/i0.wp.com\/larevistadigital.com.ar\/blog\/wp-content\/uploads\/WhatsApp-Image-2022-06-24-at-10.09.27-PM-1.jpeg?resize=300%2C225&amp;ssl=1 300w, https:\/\/i0.wp.com\/larevistadigital.com.ar\/blog\/wp-content\/uploads\/WhatsApp-Image-2022-06-24-at-10.09.27-PM-1.jpeg?resize=1024%2C768&amp;ssl=1 1024w, https:\/\/i0.wp.com\/larevistadigital.com.ar\/blog\/wp-content\/uploads\/WhatsApp-Image-2022-06-24-at-10.09.27-PM-1.jpeg?resize=768%2C576&amp;ssl=1 768w, https:\/\/i0.wp.com\/larevistadigital.com.ar\/blog\/wp-content\/uploads\/WhatsApp-Image-2022-06-24-at-10.09.27-PM-1.jpeg?resize=1536%2C1152&amp;ssl=1 1536w, https:\/\/i0.wp.com\/larevistadigital.com.ar\/blog\/wp-content\/uploads\/WhatsApp-Image-2022-06-24-at-10.09.27-PM-1.jpeg?resize=678%2C509&amp;ssl=1 678w, https:\/\/i0.wp.com\/larevistadigital.com.ar\/blog\/wp-content\/uploads\/WhatsApp-Image-2022-06-24-at-10.09.27-PM-1.jpeg?resize=326%2C245&amp;ssl=1 326w, https:\/\/i0.wp.com\/larevistadigital.com.ar\/blog\/wp-content\/uploads\/WhatsApp-Image-2022-06-24-at-10.09.27-PM-1.jpeg?resize=80%2C60&amp;ssl=1 80w\" sizes=\"auto, (max-width: 1000px) 100vw, 1000px\" \/> <img data-recalc-dims=\"1\" loading=\"lazy\" decoding=\"async\" class=\"alignnone size-full wp-image-26093\" src=\"https:\/\/i0.wp.com\/larevistadigital.com.ar\/blog\/wp-content\/uploads\/WhatsApp-Image-2022-06-24-at-10.09.27-PM.jpeg?resize=1600%2C1200&#038;ssl=1\" alt=\"\" width=\"1600\" height=\"1200\" srcset=\"https:\/\/i0.wp.com\/larevistadigital.com.ar\/blog\/wp-content\/uploads\/WhatsApp-Image-2022-06-24-at-10.09.27-PM.jpeg?w=1600&amp;ssl=1 1600w, https:\/\/i0.wp.com\/larevistadigital.com.ar\/blog\/wp-content\/uploads\/WhatsApp-Image-2022-06-24-at-10.09.27-PM.jpeg?resize=300%2C225&amp;ssl=1 300w, https:\/\/i0.wp.com\/larevistadigital.com.ar\/blog\/wp-content\/uploads\/WhatsApp-Image-2022-06-24-at-10.09.27-PM.jpeg?resize=1024%2C768&amp;ssl=1 1024w, https:\/\/i0.wp.com\/larevistadigital.com.ar\/blog\/wp-content\/uploads\/WhatsApp-Image-2022-06-24-at-10.09.27-PM.jpeg?resize=768%2C576&amp;ssl=1 768w, https:\/\/i0.wp.com\/larevistadigital.com.ar\/blog\/wp-content\/uploads\/WhatsApp-Image-2022-06-24-at-10.09.27-PM.jpeg?resize=1536%2C1152&amp;ssl=1 1536w, https:\/\/i0.wp.com\/larevistadigital.com.ar\/blog\/wp-content\/uploads\/WhatsApp-Image-2022-06-24-at-10.09.27-PM.jpeg?resize=678%2C509&amp;ssl=1 678w, https:\/\/i0.wp.com\/larevistadigital.com.ar\/blog\/wp-content\/uploads\/WhatsApp-Image-2022-06-24-at-10.09.27-PM.jpeg?resize=326%2C245&amp;ssl=1 326w, https:\/\/i0.wp.com\/larevistadigital.com.ar\/blog\/wp-content\/uploads\/WhatsApp-Image-2022-06-24-at-10.09.27-PM.jpeg?resize=80%2C60&amp;ssl=1 80w\" sizes=\"auto, (max-width: 1000px) 100vw, 1000px\" \/><\/p>\n<p>&nbsp;<\/p>\n","protected":false},"excerpt":{"rendered":"<div class=\"mh-excerpt\"><p>CHASCOM\u00daS &#8211;\u00a0 Poco antes de caer la noche, se produjo un accidente en la avenida Costanera, frente al local gastron\u00f3mico \u00abMule\u00bb. El siniestro fue entre un autom\u00f3vil y una moto, y afortunadamente no hubo heridos <a class=\"mh-excerpt-more\" href=\"https:\/\/larevistadigital.com.ar\/blog\/fotos-chascomus-accidente-en-la-costanera-entre-una-moto-y-dos-autos\/\" title=\"[FOTOS] CHASCOM\u00daS: ACCIDENTE EN LA COSTANERA ENTRE UNA MOTO Y DOS AUTOS\">[Leer M\u00e1s]<\/a><\/p>\n<\/div>","protected":false},"author":3,"featured_media":26091,"comment_status":"open","ping_status":"open","sticky":false,"template":"","format":"standard","meta":{"_jetpack_memberships_contains_paid_content":false,"footnotes":"","jetpack_publicize_message":"","jetpack_publicize_feature_enabled":true,"jetpack_social_post_already_shared":true,"jetpack_social_options":{"image_generator_settings":{"template":"highway","default_image_id":0,"font":"","enabled":false},"version":2}},"categories":[50],"tags":[],"class_list":{"0":"post-26089","1":"post","2":"type-post","3":"status-publish","4":"format-standard","5":"has-post-thumbnail","7":"category-interes-general"},"jetpack_publicize_connections":[],"jetpack_featured_media_url":"https:\/\/i0.wp.com\/larevistadigital.com.ar\/blog\/wp-content\/uploads\/WhatsApp-Image-2022-06-24-at-10.09.28-PM.jpeg?fit=1600%2C1200&ssl=1","jetpack_sharing_enabled":true,"jetpack_shortlink":"https:\/\/wp.me\/p8qtrQ-6MN","jetpack-related-posts":[{"id":27090,"url":"https:\/\/larevistadigital.com.ar\/blog\/chascomus-fotos-fatal-accidente-en-la-costanera-con-una-joven-fallecida\/","url_meta":{"origin":26089,"position":0},"title":"CHASCOM\u00daS: [fotos] FATAL ACCIDENTE EN LA COSTANERA, CON UNA JOVEN FALLECIDA","author":"Alejandro Sosa Ruda","date":"13 agosto, 2022","format":false,"excerpt":"Fue por la madrugada, en Costanera entre Lastra y Mu\u00f1iz, donde la v\u00edctima de 17 a\u00f1os circulaba como acompa\u00f1ante en la parte trasera de una moto y colision\u00f3 con un autom\u00f3vil. 13 de agosto de 2022 CHASCOM\u00daS - Durante la madrugada, se produjo un lamentable y luctuoso accidente entre una\u2026","rel":"","context":"En \u00abDESTACADAS\u00bb","block_context":{"text":"DESTACADAS","link":"https:\/\/larevistadigital.com.ar\/blog\/category\/destacadas\/"},"img":{"alt_text":"","src":"https:\/\/i0.wp.com\/larevistadigital.com.ar\/blog\/wp-content\/uploads\/298835278_10227570230776448_3294696304837466845_n.jpg?fit=1200%2C900&ssl=1&resize=350%2C200","width":350,"height":200,"srcset":"https:\/\/i0.wp.com\/larevistadigital.com.ar\/blog\/wp-content\/uploads\/298835278_10227570230776448_3294696304837466845_n.jpg?fit=1200%2C900&ssl=1&resize=350%2C200 1x, https:\/\/i0.wp.com\/larevistadigital.com.ar\/blog\/wp-content\/uploads\/298835278_10227570230776448_3294696304837466845_n.jpg?fit=1200%2C900&ssl=1&resize=525%2C300 1.5x, https:\/\/i0.wp.com\/larevistadigital.com.ar\/blog\/wp-content\/uploads\/298835278_10227570230776448_3294696304837466845_n.jpg?fit=1200%2C900&ssl=1&resize=700%2C400 2x, https:\/\/i0.wp.com\/larevistadigital.com.ar\/blog\/wp-content\/uploads\/298835278_10227570230776448_3294696304837466845_n.jpg?fit=1200%2C900&ssl=1&resize=1050%2C600 3x"},"classes":[]},{"id":23703,"url":"https:\/\/larevistadigital.com.ar\/blog\/chascomus-choque-en-la-costanera-entre-un-automovil-y-una-moto\/","url_meta":{"origin":26089,"position":1},"title":"CHASCOM\u00daS: CHOQUE EN LA COSTANERA ENTRE UN AUTOM\u00d3VIL Y UNA MOTO","author":"Alejandro Sosa Ruda","date":"31 enero, 2022","format":false,"excerpt":"CHASCOM\u00daS -\u00a0 Pasadas las 20 hs, se produjo un accidente entre un autom\u00f3vil y una motocicleta que lo embisti\u00f3 en la intersecci\u00f3n de calles Varela y Costanera Espa\u00f1a de la ciudad de Chascom\u00fas, a unos 50 metros del \"Monolito\". En el autom\u00f3vil viajaba una pareja mayor de turistas, y en\u2026","rel":"","context":"En \u00abDESTACADAS\u00bb","block_context":{"text":"DESTACADAS","link":"https:\/\/larevistadigital.com.ar\/blog\/category\/destacadas\/"},"img":{"alt_text":"","src":"https:\/\/i0.wp.com\/larevistadigital.com.ar\/blog\/wp-content\/uploads\/foto-accidente-2.jpg?fit=1200%2C900&ssl=1&resize=350%2C200","width":350,"height":200,"srcset":"https:\/\/i0.wp.com\/larevistadigital.com.ar\/blog\/wp-content\/uploads\/foto-accidente-2.jpg?fit=1200%2C900&ssl=1&resize=350%2C200 1x, https:\/\/i0.wp.com\/larevistadigital.com.ar\/blog\/wp-content\/uploads\/foto-accidente-2.jpg?fit=1200%2C900&ssl=1&resize=525%2C300 1.5x, https:\/\/i0.wp.com\/larevistadigital.com.ar\/blog\/wp-content\/uploads\/foto-accidente-2.jpg?fit=1200%2C900&ssl=1&resize=700%2C400 2x, https:\/\/i0.wp.com\/larevistadigital.com.ar\/blog\/wp-content\/uploads\/foto-accidente-2.jpg?fit=1200%2C900&ssl=1&resize=1050%2C600 3x"},"classes":[]},{"id":4666,"url":"https:\/\/larevistadigital.com.ar\/blog\/chascomus-terrible-accidente-vuelco-la-costanera\/","url_meta":{"origin":26089,"position":2},"title":"CHASCOM\u00daS: TERRIBLE ACCIDENTE CON VUELCO EN LA COSTANERA","author":"Alejandro Sosa Ruda","date":"29 enero, 2018","format":false,"excerpt":"Seg\u00fan narr\u00f3 en su cuenta de facebook un vecino de Chascom\u00fas , y lo menciona FM POR SIEMPRE, el hecho habr\u00eda ocurrido alrededor de las 6:30 AM del domingo, y se comenta que quien protagoniz\u00f3 el siniestro ten\u00eda un valor de alcohol en sangre de 1,68 (lo permitido es hasta\u2026","rel":"","context":"En \u00abCHASCOM\u00daS\u00bb","block_context":{"text":"CHASCOM\u00daS","link":"https:\/\/larevistadigital.com.ar\/blog\/category\/chascomus\/"},"img":{"alt_text":"","src":"https:\/\/i0.wp.com\/larevistadigital.com.ar\/blog\/wp-content\/uploads\/2018\/01\/WhatsApp-Image-2018-01-28-at-22.27.18.jpeg?fit=720%2C540&ssl=1&resize=350%2C200","width":350,"height":200,"srcset":"https:\/\/i0.wp.com\/larevistadigital.com.ar\/blog\/wp-content\/uploads\/2018\/01\/WhatsApp-Image-2018-01-28-at-22.27.18.jpeg?fit=720%2C540&ssl=1&resize=350%2C200 1x, https:\/\/i0.wp.com\/larevistadigital.com.ar\/blog\/wp-content\/uploads\/2018\/01\/WhatsApp-Image-2018-01-28-at-22.27.18.jpeg?fit=720%2C540&ssl=1&resize=525%2C300 1.5x, https:\/\/i0.wp.com\/larevistadigital.com.ar\/blog\/wp-content\/uploads\/2018\/01\/WhatsApp-Image-2018-01-28-at-22.27.18.jpeg?fit=720%2C540&ssl=1&resize=700%2C400 2x"},"classes":[]},{"id":16313,"url":"https:\/\/larevistadigital.com.ar\/blog\/chascomus-videos-desorden-trompadas-y-piedras-a-la-policia-en-la-costanera-por-una-moto-robada\/","url_meta":{"origin":26089,"position":3},"title":"CHASCOM\u00daS: [VIDEOS] DESORDEN, TROMPADAS Y PIEDRAS A LA POLIC\u00cdA EN LA COSTANERA POR UNA MOTO ROBADA","author":"Alejandro Sosa Ruda","date":"14 septiembre, 2020","format":false,"excerpt":"El hermoso domingo primaveral, tuvo su ocaso de una manera por dem\u00e1s desagradable, ya que en la costanera de la ciudad, a la altura de la intersecci\u00f3n con calle Mazzini, se produjeron graves incidentes entre dos grupos de j\u00f3venes, que terminaron con la intervenci\u00f3n de las autoridades policiales y con\u2026","rel":"","context":"En \u00abDESTACADAS\u00bb","block_context":{"text":"DESTACADAS","link":"https:\/\/larevistadigital.com.ar\/blog\/category\/destacadas\/"},"img":{"alt_text":"","src":"https:\/\/i0.wp.com\/larevistadigital.com.ar\/blog\/wp-content\/uploads\/PELEA-COSTANERA.png?fit=650%2C645&ssl=1&resize=350%2C200","width":350,"height":200,"srcset":"https:\/\/i0.wp.com\/larevistadigital.com.ar\/blog\/wp-content\/uploads\/PELEA-COSTANERA.png?fit=650%2C645&ssl=1&resize=350%2C200 1x, https:\/\/i0.wp.com\/larevistadigital.com.ar\/blog\/wp-content\/uploads\/PELEA-COSTANERA.png?fit=650%2C645&ssl=1&resize=525%2C300 1.5x"},"classes":[]},{"id":42595,"url":"https:\/\/larevistadigital.com.ar\/blog\/chascomus-accidente-en-alfonsin-y-bahia-blanca-entre-una-moto-y-una-camioneta\/","url_meta":{"origin":26089,"position":4},"title":"Chascom\u00fas: Accidente en Alfons\u00edn y Bah\u00eda Blanca entre una moto y una camioneta","author":"Alejandro Sosa Ruda","date":"24 noviembre, 2025","format":false,"excerpt":"Ocurri\u00f3 cerca de las 22 hs. Debi\u00f3 intervenir una ambulancia. 24 de Noviembre de 2025 CHASCOM\u00daS-\u00a0\u00a0Nos llegan imagenes de un accidente ocurrido ayer, en la intersecci\u00f3n de Av. Alfons\u00edn y Bah\u00eda Blanca entre una camioneta y una motocicleta. Intervino personal de Inspector\u00eda y lleg\u00f3 al lugar una ambulancia del Hospital\u2026","rel":"","context":"En \u00abINTERES GENERAL\u00bb","block_context":{"text":"INTERES GENERAL","link":"https:\/\/larevistadigital.com.ar\/blog\/category\/interes-general\/"},"img":{"alt_text":"","src":"https:\/\/i0.wp.com\/larevistadigital.com.ar\/blog\/wp-content\/uploads\/ACC-ALFONSIN-Y-B-BLANCA-scaled.jpg?fit=1200%2C978&ssl=1&resize=350%2C200","width":350,"height":200,"srcset":"https:\/\/i0.wp.com\/larevistadigital.com.ar\/blog\/wp-content\/uploads\/ACC-ALFONSIN-Y-B-BLANCA-scaled.jpg?fit=1200%2C978&ssl=1&resize=350%2C200 1x, https:\/\/i0.wp.com\/larevistadigital.com.ar\/blog\/wp-content\/uploads\/ACC-ALFONSIN-Y-B-BLANCA-scaled.jpg?fit=1200%2C978&ssl=1&resize=525%2C300 1.5x, https:\/\/i0.wp.com\/larevistadigital.com.ar\/blog\/wp-content\/uploads\/ACC-ALFONSIN-Y-B-BLANCA-scaled.jpg?fit=1200%2C978&ssl=1&resize=700%2C400 2x, https:\/\/i0.wp.com\/larevistadigital.com.ar\/blog\/wp-content\/uploads\/ACC-ALFONSIN-Y-B-BLANCA-scaled.jpg?fit=1200%2C978&ssl=1&resize=1050%2C600 3x"},"classes":[]},{"id":24934,"url":"https:\/\/larevistadigital.com.ar\/blog\/chascomus-accidente-entre-coche-y-moto-en-el-acceso-frente-al-hiper\/","url_meta":{"origin":26089,"position":5},"title":"CHASCOM\u00daS: ACCIDENTE ENTRE COCHE Y MOTO EN EL ACCESO, FRENTE AL HIPER","author":"Alejandro Sosa Ruda","date":"3 abril, 2022","format":false,"excerpt":"CHASCOM\u00daS -\u00a0 Hace un rato ocurri\u00f3 un fuerte accidente entre una motocicleta y un autom\u00f3vil, en la intersecci\u00f3n de las calles Juan Manuel de Rosas y El Omb\u00fa. El siniestro gracias a Dios no provoc\u00f3 v\u00edctimas de gravedad, aunque en la motocicleta circulaban una se\u00f1ora y un muchacho, recibiendo la\u2026","rel":"","context":"En \u00abINTERES GENERAL\u00bb","block_context":{"text":"INTERES GENERAL","link":"https:\/\/larevistadigital.com.ar\/blog\/category\/interes-general\/"},"img":{"alt_text":"","src":"https:\/\/i0.wp.com\/larevistadigital.com.ar\/blog\/wp-content\/uploads\/WhatsApp-Image-2022-04-03-at-7.54.21-PM.jpeg?fit=900%2C1200&ssl=1&resize=350%2C200","width":350,"height":200,"srcset":"https:\/\/i0.wp.com\/larevistadigital.com.ar\/blog\/wp-content\/uploads\/WhatsApp-Image-2022-04-03-at-7.54.21-PM.jpeg?fit=900%2C1200&ssl=1&resize=350%2C200 1x, https:\/\/i0.wp.com\/larevistadigital.com.ar\/blog\/wp-content\/uploads\/WhatsApp-Image-2022-04-03-at-7.54.21-PM.jpeg?fit=900%2C1200&ssl=1&resize=525%2C300 1.5x, https:\/\/i0.wp.com\/larevistadigital.com.ar\/blog\/wp-content\/uploads\/WhatsApp-Image-2022-04-03-at-7.54.21-PM.jpeg?fit=900%2C1200&ssl=1&resize=700%2C400 2x"},"classes":[]}],"_links":{"self":[{"href":"https:\/\/larevistadigital.com.ar\/blog\/wp-json\/wp\/v2\/posts\/26089","targetHints":{"allow":["GET"]}}],"collection":[{"href":"https:\/\/larevistadigital.com.ar\/blog\/wp-json\/wp\/v2\/posts"}],"about":[{"href":"https:\/\/larevistadigital.com.ar\/blog\/wp-json\/wp\/v2\/types\/post"}],"author":[{"embeddable":true,"href":"https:\/\/larevistadigital.com.ar\/blog\/wp-json\/wp\/v2\/users\/3"}],"replies":[{"embeddable":true,"href":"https:\/\/larevistadigital.com.ar\/blog\/wp-json\/wp\/v2\/comments?post=26089"}],"version-history":[{"count":1,"href":"https:\/\/larevistadigital.com.ar\/blog\/wp-json\/wp\/v2\/posts\/26089\/revisions"}],"predecessor-version":[{"id":26094,"href":"https:\/\/larevistadigital.com.ar\/blog\/wp-json\/wp\/v2\/posts\/26089\/revisions\/26094"}],"wp:featuredmedia":[{"embeddable":true,"href":"https:\/\/larevistadigital.com.ar\/blog\/wp-json\/wp\/v2\/media\/26091"}],"wp:attachment":[{"href":"https:\/\/larevistadigital.com.ar\/blog\/wp-json\/wp\/v2\/media?parent=26089"}],"wp:term":[{"taxonomy":"category","embeddable":true,"href":"https:\/\/larevistadigital.com.ar\/blog\/wp-json\/wp\/v2\/categories?post=26089"},{"taxonomy":"post_tag","embeddable":true,"href":"https:\/\/larevistadigital.com.ar\/blog\/wp-json\/wp\/v2\/tags?post=26089"}],"curies":[{"name":"wp","href":"https:\/\/api.w.org\/{rel}","templated":true}]}}