{"id":26098,"date":"2022-06-26T15:02:24","date_gmt":"2022-06-26T15:02:24","guid":{"rendered":"https:\/\/larevistadigital.com.ar\/blog\/?p=26098"},"modified":"2022-06-26T15:02:24","modified_gmt":"2022-06-26T15:02:24","slug":"maipu-murio-una-chica-de-21-anos-en-un-fatal-accidente","status":"publish","type":"post","link":"https:\/\/larevistadigital.com.ar\/blog\/maipu-murio-una-chica-de-21-anos-en-un-fatal-accidente\/","title":{"rendered":"MAIP\u00da: MURI\u00d3 UNA CHICA DE 21 A\u00d1OS EN UN FATAL ACCIDENTE"},"content":{"rendered":"<h2>Circulaba con otros tres hombres en un auto que volc\u00f3 en la zona de quintas.<\/h2>\n<p><strong>MAIP\u00da &#8211;\u00a0 <\/strong>Se tom\u00f3 conocimiento que un autom\u00f3vil que circulaba por calle Salta en direcci\u00f3n al casco urbano y por causas que se desconocen, despist\u00f3 y qued\u00f3 sobre una alcantarilla. Uno de los cuatro ocupantes, perdi\u00f3 la vida en el acto y las otras tres personas, dos de sexo femenino y un masculino, se encontraban todos en estado de shock y con traumatismos leves varios.<\/p>\n<blockquote>\n<h3>Por cuestiones que se tratan de establecer, quien conduc\u00eda un Volkswagen Senda color gris, perdi\u00f3 el control y volc\u00f3 quedando sobre una alcantarilla.<\/h3>\n<\/blockquote>\n<p>En el lugar trabajaron los bomberos que llegaron a bordo del m\u00f3vil 29 a cargo de la Jefe del cuerpo, <strong>Betiana Antu\u00f1a<\/strong>, los polic\u00edas de la Estaci\u00f3n Comunal y personal del nosocomio local quienes asistieron a las victimas.<\/p>\n<blockquote>\n<h3>Se aguardaba la llegada de la Policia Cient\u00edfica. La caratula se denomina HOMICIDIO CULPOSO &#8211; LESIONES CULPOSAS e interviene la Ayudant\u00eca Fiscal de Maip\u00f9.<\/h3>\n<\/blockquote>\n<p>Por el momento,\u00a0no se suministran datos filiatorios de las personas involucradas en este triste hecho.<\/p>\n<p>fuente: semanamaipuense<\/p>\n<p>&nbsp;<\/p>\n","protected":false},"excerpt":{"rendered":"<div class=\"mh-excerpt\"><p>Circulaba con otros tres hombres en un auto que volc\u00f3 en la zona de quintas. MAIP\u00da &#8211;\u00a0 Se tom\u00f3 conocimiento que un autom\u00f3vil que circulaba por calle Salta en direcci\u00f3n al casco urbano y por <a class=\"mh-excerpt-more\" href=\"https:\/\/larevistadigital.com.ar\/blog\/maipu-murio-una-chica-de-21-anos-en-un-fatal-accidente\/\" title=\"MAIP\u00da: MURI\u00d3 UNA CHICA DE 21 A\u00d1OS EN UN FATAL ACCIDENTE\">[Leer M\u00e1s]<\/a><\/p>\n<\/div>","protected":false},"author":3,"featured_media":26099,"comment_status":"open","ping_status":"open","sticky":false,"template":"","format":"standard","meta":{"_jetpack_memberships_contains_paid_content":false,"footnotes":"","jetpack_publicize_message":"","jetpack_publicize_feature_enabled":true,"jetpack_social_post_already_shared":true,"jetpack_social_options":{"image_generator_settings":{"template":"highway","default_image_id":0,"font":"","enabled":false},"version":2}},"categories":[44,51],"tags":[],"class_list":{"0":"post-26098","1":"post","2":"type-post","3":"status-publish","4":"format-standard","5":"has-post-thumbnail","7":"category-policiales","8":"category-regionales"},"jetpack_publicize_connections":[],"jetpack_featured_media_url":"https:\/\/i0.wp.com\/larevistadigital.com.ar\/blog\/wp-content\/uploads\/26620221113581.jpg?fit=1365%2C1024&ssl=1","jetpack_sharing_enabled":true,"jetpack_shortlink":"https:\/\/wp.me\/p8qtrQ-6MW","jetpack-related-posts":[{"id":27663,"url":"https:\/\/larevistadigital.com.ar\/blog\/joven-muere-luego-de-un-vuelco-en-un-camino-rural\/","url_meta":{"origin":26098,"position":0},"title":"JOVEN MUERE LUEGO DE UN VUELCO EN UN CAMINO RURAL","author":"Alejandro Sosa Ruda","date":"11 septiembre, 2022","format":false,"excerpt":"El joven de 30 a\u00f1os circulaba s\u00f3lo en el auto que protagoniz\u00f3 el accidente. 11 de septiembre de 2022 MAIP\u00da -\u00a0 Ayer por la ma\u00f1ana se produjo un fatal accidente de tr\u00e1nsito en el camino rural \"El Chaja\", en el l\u00edmite de los Partidos de Maip\u00fa y General Madariaga. Por\u2026","rel":"","context":"En \u00abPOLICIALES\u00bb","block_context":{"text":"POLICIALES","link":"https:\/\/larevistadigital.com.ar\/blog\/category\/policiales\/"},"img":{"alt_text":"","src":"https:\/\/i0.wp.com\/larevistadigital.com.ar\/blog\/wp-content\/uploads\/764e5acffdb8d13707e5dae43ea1802ac79480cd-1.jpg?fit=1140%2C761&ssl=1&resize=350%2C200","width":350,"height":200,"srcset":"https:\/\/i0.wp.com\/larevistadigital.com.ar\/blog\/wp-content\/uploads\/764e5acffdb8d13707e5dae43ea1802ac79480cd-1.jpg?fit=1140%2C761&ssl=1&resize=350%2C200 1x, https:\/\/i0.wp.com\/larevistadigital.com.ar\/blog\/wp-content\/uploads\/764e5acffdb8d13707e5dae43ea1802ac79480cd-1.jpg?fit=1140%2C761&ssl=1&resize=525%2C300 1.5x, https:\/\/i0.wp.com\/larevistadigital.com.ar\/blog\/wp-content\/uploads\/764e5acffdb8d13707e5dae43ea1802ac79480cd-1.jpg?fit=1140%2C761&ssl=1&resize=700%2C400 2x, https:\/\/i0.wp.com\/larevistadigital.com.ar\/blog\/wp-content\/uploads\/764e5acffdb8d13707e5dae43ea1802ac79480cd-1.jpg?fit=1140%2C761&ssl=1&resize=1050%2C600 3x"},"classes":[]},{"id":4899,"url":"https:\/\/larevistadigital.com.ar\/blog\/muere-nene-3-anos-tragico-accidente\/","url_meta":{"origin":26098,"position":1},"title":"MUERE UN NENE DE 3 A\u00d1OS, EN TR\u00c1GICO ACCIDENTE","author":"Alejandro Sosa Ruda","date":"14 febrero, 2018","format":false,"excerpt":"\u00a0 El tr\u00e1gico suceso ocurri\u00f3 alrededor de las 12:20 de este martes, aproximadamente a unos 25 kil\u00f3metros de la localidad de Las Armas, en donde un autom\u00f3vil volc\u00f3 y como saldo dej\u00f3 el fallecimiento de una criatura de sexo masculino de solamente 3 a\u00f1os de edad. El siniestro fue protagonizado\u2026","rel":"","context":"En \u00abDESTACADAS\u00bb","block_context":{"text":"DESTACADAS","link":"https:\/\/larevistadigital.com.ar\/blog\/category\/destacadas\/"},"img":{"alt_text":"","src":"https:\/\/i0.wp.com\/larevistadigital.com.ar\/blog\/wp-content\/uploads\/2018\/02\/vuelco-13-2-18.jpg?fit=800%2C563&ssl=1&resize=350%2C200","width":350,"height":200,"srcset":"https:\/\/i0.wp.com\/larevistadigital.com.ar\/blog\/wp-content\/uploads\/2018\/02\/vuelco-13-2-18.jpg?fit=800%2C563&ssl=1&resize=350%2C200 1x, https:\/\/i0.wp.com\/larevistadigital.com.ar\/blog\/wp-content\/uploads\/2018\/02\/vuelco-13-2-18.jpg?fit=800%2C563&ssl=1&resize=525%2C300 1.5x, https:\/\/i0.wp.com\/larevistadigital.com.ar\/blog\/wp-content\/uploads\/2018\/02\/vuelco-13-2-18.jpg?fit=800%2C563&ssl=1&resize=700%2C400 2x"},"classes":[]},{"id":7309,"url":"https:\/\/larevistadigital.com.ar\/blog\/chascomus-el-municipio-exigira-a-los-productores-rurales-el-correcto-funcionamiento-de-la-alcantarilla\/","url_meta":{"origin":26098,"position":2},"title":"CHASCOM\u00daS: EL MUNICIPIO EXIGIR\u00c1 A LOS PRODUCTORES RURALES EL CORRECTO FUNCIONAMIENTO DE LA ALCANTARILLA","author":"Alejandro Sosa Ruda","date":"17 diciembre, 2018","format":false,"excerpt":"La Asociaci\u00f3n Rural de Chascom\u00fas fue convocada d\u00edas atr\u00e1s a una reuni\u00f3n con autoridades del Municipio. All\u00ed, se inform\u00f3 que se exigir\u00e1 a los productores tener colocadas y en funcionamiento las alcantarillas en la entrada de los campos para que el agua pueda escurrir correctamente. Se espera que en los\u2026","rel":"","context":"En \u00abPOLITICA\u00bb","block_context":{"text":"POLITICA","link":"https:\/\/larevistadigital.com.ar\/blog\/category\/politica\/"},"img":{"alt_text":"","src":"https:\/\/i0.wp.com\/larevistadigital.com.ar\/blog\/wp-content\/uploads\/2018\/12\/alcantarillas.jpg?fit=893%2C593&ssl=1&resize=350%2C200","width":350,"height":200,"srcset":"https:\/\/i0.wp.com\/larevistadigital.com.ar\/blog\/wp-content\/uploads\/2018\/12\/alcantarillas.jpg?fit=893%2C593&ssl=1&resize=350%2C200 1x, https:\/\/i0.wp.com\/larevistadigital.com.ar\/blog\/wp-content\/uploads\/2018\/12\/alcantarillas.jpg?fit=893%2C593&ssl=1&resize=525%2C300 1.5x, https:\/\/i0.wp.com\/larevistadigital.com.ar\/blog\/wp-content\/uploads\/2018\/12\/alcantarillas.jpg?fit=893%2C593&ssl=1&resize=700%2C400 2x"},"classes":[]},{"id":43265,"url":"https:\/\/larevistadigital.com.ar\/blog\/tres-jovenes-resultaron-heridos-tras-un-vuelco-en-la-ruta-2-a-la-altura-de-maipu\/","url_meta":{"origin":26098,"position":3},"title":"Tres j\u00f3venes resultaron heridos tras un vuelco en la Ruta 2 a la altura de Maip\u00fa","author":"Alejandro Sosa Ruda","date":"10 enero, 2026","format":false,"excerpt":"El siniestro ocurri\u00f3 en la ma\u00f1ana del s\u00e1bado, en el kil\u00f3metro 259, mano a Mar del Plata. Los ocupantes, oriundos de La Matanza, fueron trasladados de manera preventiva al hospital local. 10 de enero de 2026 Un siniestro vial se registr\u00f3 este s\u00e1bado por la ma\u00f1ana sobre la Ruta 2,\u2026","rel":"","context":"En \u00abPOLICIALES\u00bb","block_context":{"text":"POLICIALES","link":"https:\/\/larevistadigital.com.ar\/blog\/category\/policiales\/"},"img":{"alt_text":"","src":"https:\/\/i0.wp.com\/larevistadigital.com.ar\/blog\/wp-content\/uploads\/vuelco-2-1.jpg?fit=592%2C349&ssl=1&resize=350%2C200","width":350,"height":200,"srcset":"https:\/\/i0.wp.com\/larevistadigital.com.ar\/blog\/wp-content\/uploads\/vuelco-2-1.jpg?fit=592%2C349&ssl=1&resize=350%2C200 1x, https:\/\/i0.wp.com\/larevistadigital.com.ar\/blog\/wp-content\/uploads\/vuelco-2-1.jpg?fit=592%2C349&ssl=1&resize=525%2C300 1.5x"},"classes":[]},{"id":37352,"url":"https:\/\/larevistadigital.com.ar\/blog\/mar-del-tuyu-muere-un-motociclista-en-un-accidente-en-la-ruta-11\/","url_meta":{"origin":26098,"position":4},"title":"Mar del Tuy\u00fa: Muere un motociclista en un accidente en la ruta 11","author":"Alejandro Sosa Ruda","date":"29 septiembre, 2024","format":false,"excerpt":"El veh\u00edculo en el que circulaba colision\u00f3 con un auto y el conductor sali\u00f3 despedido. 29 de Septiembre de 2024 PARTIDO DE LA COSTA -\u00a0 \u00a0El accidente ocurri\u00f3 el d\u00eda viernes, en la ruta 11 justo frente al ingreso de Mar del Tuy\u00fa, donde un motociclista perdi\u00f3 la vida minutos\u2026","rel":"","context":"En \u00abPOLICIALES\u00bb","block_context":{"text":"POLICIALES","link":"https:\/\/larevistadigital.com.ar\/blog\/category\/policiales\/"},"img":{"alt_text":"","src":"https:\/\/i0.wp.com\/larevistadigital.com.ar\/blog\/wp-content\/uploads\/fa1d18fe58e2a182012566d3f3846050229e662d.jpg?fit=1140%2C722&ssl=1&resize=350%2C200","width":350,"height":200,"srcset":"https:\/\/i0.wp.com\/larevistadigital.com.ar\/blog\/wp-content\/uploads\/fa1d18fe58e2a182012566d3f3846050229e662d.jpg?fit=1140%2C722&ssl=1&resize=350%2C200 1x, https:\/\/i0.wp.com\/larevistadigital.com.ar\/blog\/wp-content\/uploads\/fa1d18fe58e2a182012566d3f3846050229e662d.jpg?fit=1140%2C722&ssl=1&resize=525%2C300 1.5x, https:\/\/i0.wp.com\/larevistadigital.com.ar\/blog\/wp-content\/uploads\/fa1d18fe58e2a182012566d3f3846050229e662d.jpg?fit=1140%2C722&ssl=1&resize=700%2C400 2x, https:\/\/i0.wp.com\/larevistadigital.com.ar\/blog\/wp-content\/uploads\/fa1d18fe58e2a182012566d3f3846050229e662d.jpg?fit=1140%2C722&ssl=1&resize=1050%2C600 3x"},"classes":[]},{"id":10638,"url":"https:\/\/larevistadigital.com.ar\/blog\/maipu-auto-choca-con-camion-estacionado-un-muerto-y-un-herido\/","url_meta":{"origin":26098,"position":5},"title":"MAIP\u00da: AUTO CHOCA CON CAMI\u00d3N ESTACIONADO. UN MUERTO Y UN HERIDO.","author":"Alejandro Sosa Ruda","date":"15 junio, 2019","format":false,"excerpt":"Un joven vecino de Maipu falleci\u00f3 esta madrugada como consecuencia de un siniestro vial ocurrido en la calle Lavalle de tal ciudad, frente al predio del club Atl\u00e9tico. Por causas que se tratan de establecer, el veh\u00edculo en el que se trasladaba el maipuense, colision\u00f3 contra un cami\u00f3n que estaba\u2026","rel":"","context":"En \u00abPOLICIALES\u00bb","block_context":{"text":"POLICIALES","link":"https:\/\/larevistadigital.com.ar\/blog\/category\/policiales\/"},"img":{"alt_text":"","src":"https:\/\/i0.wp.com\/larevistadigital.com.ar\/blog\/wp-content\/uploads\/64445929_2294786880612685_2261391686837993472_n.jpg?fit=960%2C540&ssl=1&resize=350%2C200","width":350,"height":200,"srcset":"https:\/\/i0.wp.com\/larevistadigital.com.ar\/blog\/wp-content\/uploads\/64445929_2294786880612685_2261391686837993472_n.jpg?fit=960%2C540&ssl=1&resize=350%2C200 1x, https:\/\/i0.wp.com\/larevistadigital.com.ar\/blog\/wp-content\/uploads\/64445929_2294786880612685_2261391686837993472_n.jpg?fit=960%2C540&ssl=1&resize=525%2C300 1.5x, https:\/\/i0.wp.com\/larevistadigital.com.ar\/blog\/wp-content\/uploads\/64445929_2294786880612685_2261391686837993472_n.jpg?fit=960%2C540&ssl=1&resize=700%2C400 2x"},"classes":[]}],"_links":{"self":[{"href":"https:\/\/larevistadigital.com.ar\/blog\/wp-json\/wp\/v2\/posts\/26098","targetHints":{"allow":["GET"]}}],"collection":[{"href":"https:\/\/larevistadigital.com.ar\/blog\/wp-json\/wp\/v2\/posts"}],"about":[{"href":"https:\/\/larevistadigital.com.ar\/blog\/wp-json\/wp\/v2\/types\/post"}],"author":[{"embeddable":true,"href":"https:\/\/larevistadigital.com.ar\/blog\/wp-json\/wp\/v2\/users\/3"}],"replies":[{"embeddable":true,"href":"https:\/\/larevistadigital.com.ar\/blog\/wp-json\/wp\/v2\/comments?post=26098"}],"version-history":[{"count":1,"href":"https:\/\/larevistadigital.com.ar\/blog\/wp-json\/wp\/v2\/posts\/26098\/revisions"}],"predecessor-version":[{"id":26100,"href":"https:\/\/larevistadigital.com.ar\/blog\/wp-json\/wp\/v2\/posts\/26098\/revisions\/26100"}],"wp:featuredmedia":[{"embeddable":true,"href":"https:\/\/larevistadigital.com.ar\/blog\/wp-json\/wp\/v2\/media\/26099"}],"wp:attachment":[{"href":"https:\/\/larevistadigital.com.ar\/blog\/wp-json\/wp\/v2\/media?parent=26098"}],"wp:term":[{"taxonomy":"category","embeddable":true,"href":"https:\/\/larevistadigital.com.ar\/blog\/wp-json\/wp\/v2\/categories?post=26098"},{"taxonomy":"post_tag","embeddable":true,"href":"https:\/\/larevistadigital.com.ar\/blog\/wp-json\/wp\/v2\/tags?post=26098"}],"curies":[{"name":"wp","href":"https:\/\/api.w.org\/{rel}","templated":true}]}}