{"id":26101,"date":"2022-06-26T15:15:27","date_gmt":"2022-06-26T15:15:27","guid":{"rendered":"https:\/\/larevistadigital.com.ar\/blog\/?p=26101"},"modified":"2022-06-26T15:15:27","modified_gmt":"2022-06-26T15:15:27","slug":"se-incautaron-drogas-y-hay-imputados-en-la-costa-atlantica","status":"publish","type":"post","link":"https:\/\/larevistadigital.com.ar\/blog\/se-incautaron-drogas-y-hay-imputados-en-la-costa-atlantica\/","title":{"rendered":"SE INCAUTARON DROGAS Y HAY IMPUTADOS EN LA COSTA ATL\u00c1NTICA"},"content":{"rendered":"<h2 class=\"nota__hero__summary\">La delegaci\u00f3n de Drogas Il\u00edcitas de la polic\u00eda realiz\u00f3 diversos operativos durante el fin de semana largo en los partidos de La Costa, Pinamar y Villa Gesell.<\/h2>\n<p>La delegaci\u00f3n de Dolores del \u00e1rea de Drogas Il\u00edcitas de la polic\u00eda bonaerense realiz\u00f3 durante este \u00faltimo fin de semana largo varios operativos en rutas y localidades bonaerenses que derivaron en la confiscaci\u00f3n de estupefacientes y la imputaci\u00f3n de diversas personas.<\/p>\n<blockquote>\n<h3>A trav\u00e9s de los grupos operativos de la polic\u00eda dispuestos en los partidos de La Costa, Pinamar, Villa Gesell y Dolores, se efectuaron controles en forma conjunta y coordinada con personal de las jefaturas de polic\u00eda de seguridad comunal.<\/h3>\n<\/blockquote>\n<p>Junto al trabajo policial tambi\u00e9n realizaron tareas de cooperaci\u00f3n los recursos humanos de las distintas secretar\u00edas de Seguridad de los citados municipios.<\/p>\n<blockquote>\n<h3>Los operativos se realizaron tambi\u00e9n en las zonas de acceso a las distintas localidades tur\u00edsticas y en las terminales de \u00f3mnibus, a partir de los cuales se procedi\u00f3 a la incautaci\u00f3n de una importante cantidad de sustancias estupefacientes tales como marihuana, coca\u00edna y anfetaminas.<\/h3>\n<\/blockquote>\n<p>Las drogas il\u00edcitas halladas estaban destinadas a ser comercializadas en las zonas costeras de la provincia de Buenos Aires.<\/p>\n<p>Seg\u00fan se confirm\u00f3, son ocho las personas que quedaron involucradas y a disposici\u00f3n de la justicia. En total se incautaron 100 gramos de marihuana, 80 pastillas (anfetaminas y metafetaminas) y coca\u00edna fraccionada para consumo.<\/p>\n<p>fuente entrel\u00edneas<\/p>\n","protected":false},"excerpt":{"rendered":"<div class=\"mh-excerpt\"><p>La delegaci\u00f3n de Drogas Il\u00edcitas de la polic\u00eda realiz\u00f3 diversos operativos durante el fin de semana largo en los partidos de La Costa, Pinamar y Villa Gesell. La delegaci\u00f3n de Dolores del \u00e1rea de Drogas <a class=\"mh-excerpt-more\" href=\"https:\/\/larevistadigital.com.ar\/blog\/se-incautaron-drogas-y-hay-imputados-en-la-costa-atlantica\/\" title=\"SE INCAUTARON DROGAS Y HAY IMPUTADOS EN LA COSTA ATL\u00c1NTICA\">[Leer M\u00e1s]<\/a><\/p>\n<\/div>","protected":false},"author":3,"featured_media":26102,"comment_status":"open","ping_status":"open","sticky":false,"template":"","format":"standard","meta":{"_jetpack_memberships_contains_paid_content":false,"footnotes":"","jetpack_publicize_message":"","jetpack_publicize_feature_enabled":true,"jetpack_social_post_already_shared":true,"jetpack_social_options":{"image_generator_settings":{"template":"highway","default_image_id":0,"font":"","enabled":false},"version":2}},"categories":[44,51],"tags":[],"class_list":{"0":"post-26101","1":"post","2":"type-post","3":"status-publish","4":"format-standard","5":"has-post-thumbnail","7":"category-policiales","8":"category-regionales"},"jetpack_publicize_connections":[],"jetpack_featured_media_url":"https:\/\/i0.wp.com\/larevistadigital.com.ar\/blog\/wp-content\/uploads\/42fa822e5f30f52b43ad2853b9f49f3dfa567e9e.jpg?fit=1140%2C640&ssl=1","jetpack_sharing_enabled":true,"jetpack_shortlink":"https:\/\/wp.me\/p8qtrQ-6MZ","jetpack-related-posts":[{"id":23844,"url":"https:\/\/larevistadigital.com.ar\/blog\/operativo-troya-atrapan-a-dos-traficantes-de-drogas-en-el-partido-de-la-costa\/","url_meta":{"origin":26101,"position":0},"title":"OPERATIVO TROYA: ATRAPAN A DOS TRAFICANTES DE DROGAS EN EL PARTIDO DE LA COSTA","author":"Alejandro Sosa Ruda","date":"5 febrero, 2022","format":false,"excerpt":"La polic\u00eda realiz\u00f3 un importante operativo de investigaci\u00f3n, con trabajo encubierto para no alertar a los investigados. PARTIDO DE LA COSTA -\u00a0 En un importante trabajo de investigaci\u00f3n, la Polic\u00eda bonaerense detuvo a dos sujetos que se dedicaban a la venta de drogas\u00a0en el Partido de La Costa. Las tareas\u2026","rel":"","context":"En \u00abPOLICIALES\u00bb","block_context":{"text":"POLICIALES","link":"https:\/\/larevistadigital.com.ar\/blog\/category\/policiales\/"},"img":{"alt_text":"","src":"https:\/\/i0.wp.com\/larevistadigital.com.ar\/blog\/wp-content\/uploads\/a1b10d4122c101af73703aefaaf0b2ceba78d44b.jpeg?fit=1140%2C641&ssl=1&resize=350%2C200","width":350,"height":200,"srcset":"https:\/\/i0.wp.com\/larevistadigital.com.ar\/blog\/wp-content\/uploads\/a1b10d4122c101af73703aefaaf0b2ceba78d44b.jpeg?fit=1140%2C641&ssl=1&resize=350%2C200 1x, https:\/\/i0.wp.com\/larevistadigital.com.ar\/blog\/wp-content\/uploads\/a1b10d4122c101af73703aefaaf0b2ceba78d44b.jpeg?fit=1140%2C641&ssl=1&resize=525%2C300 1.5x, https:\/\/i0.wp.com\/larevistadigital.com.ar\/blog\/wp-content\/uploads\/a1b10d4122c101af73703aefaaf0b2ceba78d44b.jpeg?fit=1140%2C641&ssl=1&resize=700%2C400 2x, https:\/\/i0.wp.com\/larevistadigital.com.ar\/blog\/wp-content\/uploads\/a1b10d4122c101af73703aefaaf0b2ceba78d44b.jpeg?fit=1140%2C641&ssl=1&resize=1050%2C600 3x"},"classes":[]},{"id":7879,"url":"https:\/\/larevistadigital.com.ar\/blog\/7879-2\/","url_meta":{"origin":26101,"position":1},"title":"DESBARATAN RED NARCO ENTRE CONURBANO, COSTA ATLANTICA Y CARCEL DE DOLORES","author":"Alejandro Sosa Ruda","date":"22 enero, 2019","format":false,"excerpt":"Una banda de narcotraficantes que operaba en la costa atl\u00e1ntica a trav\u00e9s de una red con personas del conurbano bonaerense y presos alojados en la carcel, fue desbaratada en las \u00faltimas horas tras una serie de allanamientos que posibilitaron la aprehensi\u00f3n de 7 delincuentes, y la incautaci\u00f3n de 33 kilos\u2026","rel":"","context":"En \u00abDOLORES\u00bb","block_context":{"text":"DOLORES","link":"https:\/\/larevistadigital.com.ar\/blog\/category\/dolores\/"},"img":{"alt_text":"","src":"https:\/\/i0.wp.com\/larevistadigital.com.ar\/blog\/wp-content\/uploads\/2019\/01\/Screenshot_3-1.jpg?fit=819%2C517&ssl=1&resize=350%2C200","width":350,"height":200,"srcset":"https:\/\/i0.wp.com\/larevistadigital.com.ar\/blog\/wp-content\/uploads\/2019\/01\/Screenshot_3-1.jpg?fit=819%2C517&ssl=1&resize=350%2C200 1x, https:\/\/i0.wp.com\/larevistadigital.com.ar\/blog\/wp-content\/uploads\/2019\/01\/Screenshot_3-1.jpg?fit=819%2C517&ssl=1&resize=525%2C300 1.5x, https:\/\/i0.wp.com\/larevistadigital.com.ar\/blog\/wp-content\/uploads\/2019\/01\/Screenshot_3-1.jpg?fit=819%2C517&ssl=1&resize=700%2C400 2x"},"classes":[]},{"id":29604,"url":"https:\/\/larevistadigital.com.ar\/blog\/costa-atlantica-operativos-de-inspeccion-a-comercios-con-alta-actividad\/","url_meta":{"origin":26101,"position":2},"title":"COSTA ATL\u00c1NTICA: OPERATIVOS DE INSPECCI\u00d3N A COMERCIOS CON ALTA ACTIVIDAD","author":"Alejandro Sosa Ruda","date":"24 diciembre, 2022","format":false,"excerpt":"El ministerio de Trabajo de la provincia de Buenos Aires (MTPBA) realiz\u00f3 un operativo de inspecci\u00f3n en la Costa Atl\u00e1ntica durante el mismo el 85% de las actas realizadas fueron intimaciones para que los comercios presenten la documentaci\u00f3n correspondiente a la relaci\u00f3n laboral o corrijan sus condiciones de Salud y\u2026","rel":"","context":"En \u00abECONOMIA\u00bb","block_context":{"text":"ECONOMIA","link":"https:\/\/larevistadigital.com.ar\/blog\/category\/economia\/"},"img":{"alt_text":"","src":"https:\/\/i0.wp.com\/larevistadigital.com.ar\/blog\/wp-content\/uploads\/20221223191052_operativo-en-la-costa-inspeccionan-comercios-con-alta-actividad-en-temporada-de-verano.jpg?fit=880%2C512&ssl=1&resize=350%2C200","width":350,"height":200,"srcset":"https:\/\/i0.wp.com\/larevistadigital.com.ar\/blog\/wp-content\/uploads\/20221223191052_operativo-en-la-costa-inspeccionan-comercios-con-alta-actividad-en-temporada-de-verano.jpg?fit=880%2C512&ssl=1&resize=350%2C200 1x, https:\/\/i0.wp.com\/larevistadigital.com.ar\/blog\/wp-content\/uploads\/20221223191052_operativo-en-la-costa-inspeccionan-comercios-con-alta-actividad-en-temporada-de-verano.jpg?fit=880%2C512&ssl=1&resize=525%2C300 1.5x, https:\/\/i0.wp.com\/larevistadigital.com.ar\/blog\/wp-content\/uploads\/20221223191052_operativo-en-la-costa-inspeccionan-comercios-con-alta-actividad-en-temporada-de-verano.jpg?fit=880%2C512&ssl=1&resize=700%2C400 2x"},"classes":[]},{"id":10550,"url":"https:\/\/larevistadigital.com.ar\/blog\/dos-detenidos-en-allanamientos-de-drogas-ilicitas\/","url_meta":{"origin":26101,"position":3},"title":"DOS DETENIDOS EN ALLANAMIENTOS DE DROGAS IL\u00cdCITAS","author":"Alejandro Sosa Ruda","date":"11 junio, 2019","format":false,"excerpt":"El pasado s\u00e1bado 8, cerca del mediod\u00eda personal policial, llevaron a cabo allanamientos en dos domicilios de la ciudad de Dolores. Los procedimientos fueron solicitados por la UFIyJ N\u00b0 3 y otorgados por el Juzgado de Garant\u00edas N\u00b0 1 para dos domicilios de la vecina localidad, uno fue en calle\u2026","rel":"","context":"En \u00abDOLORES\u00bb","block_context":{"text":"DOLORES","link":"https:\/\/larevistadigital.com.ar\/blog\/category\/dolores\/"},"img":{"alt_text":"","src":"https:\/\/i0.wp.com\/larevistadigital.com.ar\/blog\/wp-content\/uploads\/1-10-678x381.jpg?fit=678%2C381&ssl=1&resize=350%2C200","width":350,"height":200,"srcset":"https:\/\/i0.wp.com\/larevistadigital.com.ar\/blog\/wp-content\/uploads\/1-10-678x381.jpg?fit=678%2C381&ssl=1&resize=350%2C200 1x, https:\/\/i0.wp.com\/larevistadigital.com.ar\/blog\/wp-content\/uploads\/1-10-678x381.jpg?fit=678%2C381&ssl=1&resize=525%2C300 1.5x"},"classes":[]},{"id":39446,"url":"https:\/\/larevistadigital.com.ar\/blog\/chascomus-durante-operativos-de-prevencion-la-policia-incauto-marihuana\/","url_meta":{"origin":26101,"position":4},"title":"Chascom\u00fas: durante operativos de prevenci\u00f3n, la polic\u00eda incaut\u00f3 marihuana","author":"Alejandro Sosa Ruda","date":"19 abril, 2025","format":false,"excerpt":"Durante un operativo de prevenci\u00f3n en el marco de Semana Santa, las fuerzas de seguridad lograron incautar sustancias ilegales. 19 de Abril de 2025 CHASCOM\u00daS -\u00a0 En el marco del dispositivo especial de seguridad por el fin de semana largo, personal de la Polic\u00eda Vial y efectivos de la Comisar\u00eda\u2026","rel":"","context":"En \u00abDESTACADAS\u00bb","block_context":{"text":"DESTACADAS","link":"https:\/\/larevistadigital.com.ar\/blog\/category\/destacadas\/"},"img":{"alt_text":"","src":"https:\/\/i0.wp.com\/larevistadigital.com.ar\/blog\/wp-content\/uploads\/Screenshot_1-121.jpg?fit=1007%2C565&ssl=1&resize=350%2C200","width":350,"height":200,"srcset":"https:\/\/i0.wp.com\/larevistadigital.com.ar\/blog\/wp-content\/uploads\/Screenshot_1-121.jpg?fit=1007%2C565&ssl=1&resize=350%2C200 1x, https:\/\/i0.wp.com\/larevistadigital.com.ar\/blog\/wp-content\/uploads\/Screenshot_1-121.jpg?fit=1007%2C565&ssl=1&resize=525%2C300 1.5x, https:\/\/i0.wp.com\/larevistadigital.com.ar\/blog\/wp-content\/uploads\/Screenshot_1-121.jpg?fit=1007%2C565&ssl=1&resize=700%2C400 2x"},"classes":[]},{"id":31313,"url":"https:\/\/larevistadigital.com.ar\/blog\/pinamar-secuestran-cocaina-valuada-en-mas-de-un-millon-de-pesos\/","url_meta":{"origin":26101,"position":5},"title":"PINAMAR: SECUESTRAN COCA\u00cdNA VALUADA EN M\u00c1S DE UN MILL\u00d3N DE PESOS","author":"Alejandro Sosa Ruda","date":"29 abril, 2023","format":false,"excerpt":"Un hombre de nacionalidad paraguaya, acusado de ser el l\u00edder de una banda que comercializaba estupefaciente en distintos puntos de la Costa Atl\u00e1ntica, fue detenido durante el operativo al que la polic\u00eda apod\u00f3 \"San Cipriano\". 29 de abril de 2023 BUENOS AIRES -\u00a0 La Polic\u00eda de la Provincia de Buenos\u2026","rel":"","context":"En \u00abPOLICIALES\u00bb","block_context":{"text":"POLICIALES","link":"https:\/\/larevistadigital.com.ar\/blog\/category\/policiales\/"},"img":{"alt_text":"","src":"https:\/\/i0.wp.com\/larevistadigital.com.ar\/blog\/wp-content\/uploads\/58.png?fit=785%2C531&ssl=1&resize=350%2C200","width":350,"height":200,"srcset":"https:\/\/i0.wp.com\/larevistadigital.com.ar\/blog\/wp-content\/uploads\/58.png?fit=785%2C531&ssl=1&resize=350%2C200 1x, https:\/\/i0.wp.com\/larevistadigital.com.ar\/blog\/wp-content\/uploads\/58.png?fit=785%2C531&ssl=1&resize=525%2C300 1.5x, https:\/\/i0.wp.com\/larevistadigital.com.ar\/blog\/wp-content\/uploads\/58.png?fit=785%2C531&ssl=1&resize=700%2C400 2x"},"classes":[]}],"_links":{"self":[{"href":"https:\/\/larevistadigital.com.ar\/blog\/wp-json\/wp\/v2\/posts\/26101","targetHints":{"allow":["GET"]}}],"collection":[{"href":"https:\/\/larevistadigital.com.ar\/blog\/wp-json\/wp\/v2\/posts"}],"about":[{"href":"https:\/\/larevistadigital.com.ar\/blog\/wp-json\/wp\/v2\/types\/post"}],"author":[{"embeddable":true,"href":"https:\/\/larevistadigital.com.ar\/blog\/wp-json\/wp\/v2\/users\/3"}],"replies":[{"embeddable":true,"href":"https:\/\/larevistadigital.com.ar\/blog\/wp-json\/wp\/v2\/comments?post=26101"}],"version-history":[{"count":1,"href":"https:\/\/larevistadigital.com.ar\/blog\/wp-json\/wp\/v2\/posts\/26101\/revisions"}],"predecessor-version":[{"id":26103,"href":"https:\/\/larevistadigital.com.ar\/blog\/wp-json\/wp\/v2\/posts\/26101\/revisions\/26103"}],"wp:featuredmedia":[{"embeddable":true,"href":"https:\/\/larevistadigital.com.ar\/blog\/wp-json\/wp\/v2\/media\/26102"}],"wp:attachment":[{"href":"https:\/\/larevistadigital.com.ar\/blog\/wp-json\/wp\/v2\/media?parent=26101"}],"wp:term":[{"taxonomy":"category","embeddable":true,"href":"https:\/\/larevistadigital.com.ar\/blog\/wp-json\/wp\/v2\/categories?post=26101"},{"taxonomy":"post_tag","embeddable":true,"href":"https:\/\/larevistadigital.com.ar\/blog\/wp-json\/wp\/v2\/tags?post=26101"}],"curies":[{"name":"wp","href":"https:\/\/api.w.org\/{rel}","templated":true}]}}