{"id":26104,"date":"2022-06-26T15:25:11","date_gmt":"2022-06-26T15:25:11","guid":{"rendered":"https:\/\/larevistadigital.com.ar\/blog\/?p=26104"},"modified":"2022-06-26T15:25:11","modified_gmt":"2022-06-26T15:25:11","slug":"la-plata-se-detecto-fraude-electrico-en-varios-negocios-y-edelap-los-denunciara-penalmente","status":"publish","type":"post","link":"https:\/\/larevistadigital.com.ar\/blog\/la-plata-se-detecto-fraude-electrico-en-varios-negocios-y-edelap-los-denunciara-penalmente\/","title":{"rendered":"LA PLATA: SE DETECT\u00d3 FRAUDE ELECTRICO EN VARIOS NEGOCIOS Y EDELAP LOS DENUNCIAR\u00c1 PENALMENTE"},"content":{"rendered":"<h2 class=\"negrita\">La empresa realiz\u00f3 un operativo nocturno y registr\u00f3 conexiones clandestinas en locales de la ciudad, las cuales afectan el servicio al resto de los usuarios.<\/h2>\n<div class=\"texto\">\n<p><strong>LA PLATA &#8211;<\/strong>\u00a0 Edelap detect\u00f3 <strong>fraude el\u00e9ctrico en comercios de La Plata<\/strong>\u00a0y los denunciar\u00e1 penalmente por robo de energ\u00eda. Durante un operativo nocturno realizado en las \u00faltimas horas, la empresa registr\u00f3\u00a0<strong>conexiones clandestinas en locales de la ciudad y ahora iniciar\u00e1 acciones legales<\/strong>, ya que las mismas\u00a0<strong>afectan la calidad de servicio que recibe el resto de los usuarios<\/strong><\/p>\n<blockquote>\n<h3>Seg\u00fan se inform\u00f3, se desarticularon conexiones clandestinas en la cervecer\u00eda<strong>\u00a0\u201cWeizen Haus\u201d, de 57 e\/12 y 13 y en el restobar \u201cEl Patio\u201d de 13 e\/ 527 y 528<\/strong>. En todos los casos se dej\u00f3 acreditada la existencia del hurto de energ\u00eda mediante acta de escribano p\u00fablico y policial, y se proceder\u00e1 a con las respectivas denuncias penales.<\/h3>\n<\/blockquote>\n<p>Por otro lado, se registraron\u00a0<strong>medidores adulterados y conexiones directas en el supermercado en 72 e\/ 11 y 12, en las carnicer\u00edas de Diag. 77 e\/ 11 y 12 (La Boutique) y de 60 y 131, en el Centro Odontol\u00f3gico de 51 e\/30 y 31 y en el taller de 120 e\/ 71 y 72.<\/strong>\u00a0Vale destacar que el robo de energ\u00eda, en sus distintas metodolog\u00edas, genera excesos de consumo no registrado que sobrecargan los tendidos, los da\u00f1an y provocan una disminuci\u00f3n en la calidad de servicio que reciben los usuarios vecinos que est\u00e1n correctamente conectados, generando\u00a0<strong>problemas de tensi\u00f3n o cortes por manipulaci\u00f3n indebida de las redes.<\/strong><\/p>\n<blockquote>\n<h3>Ante esta situaci\u00f3n, la empresa proceder\u00e1 a efectuar e<strong>l cobro de la energ\u00eda consumida en forma ilegal a los usuarios involucrados,<\/strong>\u00a0incluyendo las penalidades correspondientes conforme lo establece el Reglamento de Suministro y Conexi\u00f3n. Adem\u00e1s, se denunciar\u00e1 penalmente a los usuarios que fueron detectados con estas conexiones clandestinas y a quienes ofrecen el servicio de conexiones ilegales y distintas maniobras para manipular las instalaciones el\u00e9ctricas.<\/h3>\n<\/blockquote>\n<p><a href=\"https:\/\/i0.wp.com\/pxb.cdn.0221.com.ar\/0221\/062022\/1656255507204.jpg?ssl=1\"><img data-recalc-dims=\"1\" decoding=\"async\" src=\"https:\/\/i0.wp.com\/pxb.cdn.0221.com.ar\/0221\/062022\/1656255507204.jpg?ssl=1\" alt=\"\" \/><\/a><\/p>\n<p>Robar energ\u00eda es un delito penado con prisi\u00f3n de hasta 6 a\u00f1os, que adem\u00e1s pone en riesgo la vida de quien la manipula y de terceros, perjudicando asimismo la calidad del servicio el\u00e9ctrico. Para denunciar el ofrecimiento de este tipo de maniobras o un caso de robo de energ\u00eda pueden comunicarse de forma an\u00f3nima y gratuita las 24 horas al 0800 222 3335.<\/p>\n<p>Para regularizar su situaci\u00f3n, los usuarios pueden contactarse telef\u00f3nicamente de lunes a viernes de 8 a 18 al 0810 222 3335, o solicitar un turno de atenci\u00f3n al servicio Edelap Te Llama ingresando en la opci\u00f3n \u201cmis turnos\u201d de la Oficina Virtu<\/p>\n<\/div>\n","protected":false},"excerpt":{"rendered":"<div class=\"mh-excerpt\"><p>La empresa realiz\u00f3 un operativo nocturno y registr\u00f3 conexiones clandestinas en locales de la ciudad, las cuales afectan el servicio al resto de los usuarios. LA PLATA &#8211;\u00a0 Edelap detect\u00f3 fraude el\u00e9ctrico en comercios de <a class=\"mh-excerpt-more\" href=\"https:\/\/larevistadigital.com.ar\/blog\/la-plata-se-detecto-fraude-electrico-en-varios-negocios-y-edelap-los-denunciara-penalmente\/\" title=\"LA PLATA: SE DETECT\u00d3 FRAUDE ELECTRICO EN VARIOS NEGOCIOS Y EDELAP LOS DENUNCIAR\u00c1 PENALMENTE\">[Leer M\u00e1s]<\/a><\/p>\n<\/div>","protected":false},"author":3,"featured_media":26105,"comment_status":"open","ping_status":"open","sticky":false,"template":"","format":"standard","meta":{"_jetpack_memberships_contains_paid_content":false,"footnotes":"","jetpack_publicize_message":"","jetpack_publicize_feature_enabled":true,"jetpack_social_post_already_shared":true,"jetpack_social_options":{"image_generator_settings":{"template":"highway","default_image_id":0,"font":"","enabled":false},"version":2}},"categories":[44,51],"tags":[],"class_list":{"0":"post-26104","1":"post","2":"type-post","3":"status-publish","4":"format-standard","5":"has-post-thumbnail","7":"category-policiales","8":"category-regionales"},"jetpack_publicize_connections":[],"jetpack_featured_media_url":"https:\/\/i0.wp.com\/larevistadigital.com.ar\/blog\/wp-content\/uploads\/1656255509345.jpg?fit=1920%2C950&ssl=1","jetpack_sharing_enabled":true,"jetpack_shortlink":"https:\/\/wp.me\/p8qtrQ-6N2","jetpack-related-posts":[{"id":25226,"url":"https:\/\/larevistadigital.com.ar\/blog\/city-bell-detectan-fraudes-electricos-que-seran-denunciados-penalmente\/","url_meta":{"origin":26104,"position":0},"title":"CITY BELL: DETECTAN FRAUDES EL\u00c9CTRICOS QUE SER\u00c1N DENUNCIADOS PENALMENTE","author":"Alejandro Sosa Ruda","date":"22 abril, 2022","format":false,"excerpt":"La distribuidora de energ\u00eda platense, EDELAP, en otro de sus operativos nocturnos antifraude, para identificar y desarticular conexiones ilegales que afectan la calidad de servicio que reciben los usuarios, detect\u00f3 varios locales comerciales en la localidad platense de City Bell, con \u201cconexiones clandestinas\u201d. CITY BELL -\u00a0 En los \u00faltimos d\u00edas,\u2026","rel":"","context":"En \u00abPOLICIALES\u00bb","block_context":{"text":"POLICIALES","link":"https:\/\/larevistadigital.com.ar\/blog\/category\/policiales\/"},"img":{"alt_text":"","src":"https:\/\/i0.wp.com\/larevistadigital.com.ar\/blog\/wp-content\/uploads\/20220421071224_rau-kal.jpg?fit=880%2C512&ssl=1&resize=350%2C200","width":350,"height":200,"srcset":"https:\/\/i0.wp.com\/larevistadigital.com.ar\/blog\/wp-content\/uploads\/20220421071224_rau-kal.jpg?fit=880%2C512&ssl=1&resize=350%2C200 1x, https:\/\/i0.wp.com\/larevistadigital.com.ar\/blog\/wp-content\/uploads\/20220421071224_rau-kal.jpg?fit=880%2C512&ssl=1&resize=525%2C300 1.5x, https:\/\/i0.wp.com\/larevistadigital.com.ar\/blog\/wp-content\/uploads\/20220421071224_rau-kal.jpg?fit=880%2C512&ssl=1&resize=700%2C400 2x"},"classes":[]},{"id":29631,"url":"https:\/\/larevistadigital.com.ar\/blog\/la-plata-detectan-26-obras-y-edificios-centricos-con-conexiones-clandestinas\/","url_meta":{"origin":26104,"position":1},"title":"LA PLATA: DETECTAN 26 OBRAS Y EDIFICIOS C\u00c9NTRICOS CON CONEXIONES CLANDESTINAS.","author":"Alejandro Sosa Ruda","date":"26 diciembre, 2022","format":false,"excerpt":"La empresa Edelap, inform\u00f3 que contin\u00faa llevando adelante acciones antifraude en toda el \u00e1rea de concesi\u00f3n: Ahora realiz\u00f3 un nuevo operativo en el que descubri\u00f3 26 edificios, todos dentro del casco urbano de la ciudad de La Plata, en situaci\u00f3n irregular. 26 de diciembre de 2022 LA PLATA -\u00a0 Algunos\u2026","rel":"","context":"En \u00abPOLICIALES\u00bb","block_context":{"text":"POLICIALES","link":"https:\/\/larevistadigital.com.ar\/blog\/category\/policiales\/"},"img":{"alt_text":"","src":"https:\/\/i0.wp.com\/larevistadigital.com.ar\/blog\/wp-content\/uploads\/20221224161704_edelap-conexiones-clandestinas.jpg?fit=880%2C512&ssl=1&resize=350%2C200","width":350,"height":200,"srcset":"https:\/\/i0.wp.com\/larevistadigital.com.ar\/blog\/wp-content\/uploads\/20221224161704_edelap-conexiones-clandestinas.jpg?fit=880%2C512&ssl=1&resize=350%2C200 1x, https:\/\/i0.wp.com\/larevistadigital.com.ar\/blog\/wp-content\/uploads\/20221224161704_edelap-conexiones-clandestinas.jpg?fit=880%2C512&ssl=1&resize=525%2C300 1.5x, https:\/\/i0.wp.com\/larevistadigital.com.ar\/blog\/wp-content\/uploads\/20221224161704_edelap-conexiones-clandestinas.jpg?fit=880%2C512&ssl=1&resize=700%2C400 2x"},"classes":[]},{"id":25744,"url":"https:\/\/larevistadigital.com.ar\/blog\/colgados-vip-detectan-20-casas-en-un-cowntry-de-canning-con-conecciones-electricas-clandestinas\/","url_meta":{"origin":26104,"position":2},"title":"\u00abCOLGADOS VIP\u00bb: DETECTAN 20 CASAS EN UN COWNTRY DE CANNING CON CONECCIONES EL\u00c9CTRICAS CLANDESTINAS","author":"Alejandro Sosa Ruda","date":"10 junio, 2022","format":false,"excerpt":"Se trata del barrio \u201cFinca Las Albas\u201d, ubicado al sur del conurbano bonaerense, donde personal t\u00e9cnico y un escribano p\u00fablico constataron las anomal\u00edas, de acuerdo a lo informado por la empresa Edesur Un equipo t\u00e9cnico de la empresa de energ\u00eda Edesur detect\u00f3 ayer la exsitencia de conexiones clandestinas en un\u2026","rel":"","context":"En \u00abINTERES GENERAL\u00bb","block_context":{"text":"INTERES GENERAL","link":"https:\/\/larevistadigital.com.ar\/blog\/category\/interes-general\/"},"img":{"alt_text":"","src":"https:\/\/i0.wp.com\/larevistadigital.com.ar\/blog\/wp-content\/uploads\/COLGADOS-VIP.png?fit=704%2C362&ssl=1&resize=350%2C200","width":350,"height":200,"srcset":"https:\/\/i0.wp.com\/larevistadigital.com.ar\/blog\/wp-content\/uploads\/COLGADOS-VIP.png?fit=704%2C362&ssl=1&resize=350%2C200 1x, https:\/\/i0.wp.com\/larevistadigital.com.ar\/blog\/wp-content\/uploads\/COLGADOS-VIP.png?fit=704%2C362&ssl=1&resize=525%2C300 1.5x, https:\/\/i0.wp.com\/larevistadigital.com.ar\/blog\/wp-content\/uploads\/COLGADOS-VIP.png?fit=704%2C362&ssl=1&resize=700%2C400 2x"},"classes":[]},{"id":33283,"url":"https:\/\/larevistadigital.com.ar\/blog\/la-plata-alertan-por-falsos-operarios-de-edelap-que-estafan-y-roban-a-los-vecinos\/","url_meta":{"origin":26104,"position":3},"title":"LA PLATA: ALERTAN POR FALSOS OPERARIOS DE EDELAP QUE ESTAFAN Y ROBAN A LOS VECINOS","author":"Alejandro Sosa Ruda","date":"5 septiembre, 2023","format":false,"excerpt":"La compa\u00f1\u00eda que brinda el servicio el\u00e9ctrico en la regi\u00f3n\u00a0alert\u00f3 a los usuarios debido a que han recibido quejas por distintos episodios delictivos. 04 de septiembre de 2023 La empresa\u00a0Edelap S.A, encargada de prestar el servicio el\u00e9ctrico en La Plata y la regi\u00f3n, denunci\u00f3 que\u00a0algunas personas se estuvieron haciendo pasar\u2026","rel":"","context":"En \u00abINTERES GENERAL\u00bb","block_context":{"text":"INTERES GENERAL","link":"https:\/\/larevistadigital.com.ar\/blog\/category\/interes-general\/"},"img":{"alt_text":"","src":"https:\/\/i0.wp.com\/larevistadigital.com.ar\/blog\/wp-content\/uploads\/descarga-27.jpg?fit=800%2C396&ssl=1&resize=350%2C200","width":350,"height":200,"srcset":"https:\/\/i0.wp.com\/larevistadigital.com.ar\/blog\/wp-content\/uploads\/descarga-27.jpg?fit=800%2C396&ssl=1&resize=350%2C200 1x, https:\/\/i0.wp.com\/larevistadigital.com.ar\/blog\/wp-content\/uploads\/descarga-27.jpg?fit=800%2C396&ssl=1&resize=525%2C300 1.5x, https:\/\/i0.wp.com\/larevistadigital.com.ar\/blog\/wp-content\/uploads\/descarga-27.jpg?fit=800%2C396&ssl=1&resize=700%2C400 2x"},"classes":[]},{"id":13397,"url":"https:\/\/larevistadigital.com.ar\/blog\/edea-descubrio-robo-de-energia-en-conocidos-comercios-de-chascomus\/","url_meta":{"origin":26104,"position":4},"title":"EDEA DESCUBRI\u00d3 ROBO DE ENERG\u00cdA EN CONOCIDOS COMERCIOS DE CHASCOM\u00daS","author":"Alejandro Sosa Ruda","date":"30 noviembre, 2019","format":false,"excerpt":"El diario El Fuerte, dio a conocer un mega operativo antifraude realizado por personal de EDEA en esta ciudad permiti\u00f3 detectar diversos casos de fraude el\u00e9ctrico en importantes comercios gastron\u00f3micos de la zona c\u00e9ntrica, entre ellos una reconocida cervecer\u00eda y pizzer\u00eda y una tradicional parrilla. Los responsables de los il\u00edcitos\u2026","rel":"","context":"En \u00abCHASCOM\u00daS\u00bb","block_context":{"text":"CHASCOM\u00daS","link":"https:\/\/larevistadigital.com.ar\/blog\/category\/chascomus\/"},"img":{"alt_text":"","src":"https:\/\/i0.wp.com\/larevistadigital.com.ar\/blog\/wp-content\/uploads\/Robo-de-Electricidad.gif?fit=624%2C460&ssl=1&resize=350%2C200","width":350,"height":200,"srcset":"https:\/\/i0.wp.com\/larevistadigital.com.ar\/blog\/wp-content\/uploads\/Robo-de-Electricidad.gif?fit=624%2C460&ssl=1&resize=350%2C200 1x, https:\/\/i0.wp.com\/larevistadigital.com.ar\/blog\/wp-content\/uploads\/Robo-de-Electricidad.gif?fit=624%2C460&ssl=1&resize=525%2C300 1.5x"},"classes":[]},{"id":11682,"url":"https:\/\/larevistadigital.com.ar\/blog\/la-plata-la-justicia-ratifico-que-edelap-debe-bonificar-las-facturas-de-julio-a-los-afectados-por-el-apagon\/","url_meta":{"origin":26104,"position":5},"title":"LA PLATA: LA JUSTICIA RATIFIC\u00d3 QUE EDELAP DEBE BONIFICAR LAS FACTURAS DE JULIO A LOS AFECTADOS POR EL APAG\u00d3N","author":"Alejandro Sosa Ruda","date":"2 agosto, 2019","format":false,"excerpt":"La justicia en lo Contencioso Administrativo de La Plata ratifico\u0301 que la empresa Edelap debera\u0301 bonificar la factura de julio de los usuarios que fueron afectados por un apago\u0301n ocurrido en junio en la zona norte de la capital provincial por la falla de un cable de alta tensio\u0301n. La\u2026","rel":"","context":"En \u00abREGIONALES\u00bb","block_context":{"text":"REGIONALES","link":"https:\/\/larevistadigital.com.ar\/blog\/category\/regionales\/"},"img":{"alt_text":"","src":"https:\/\/i0.wp.com\/larevistadigital.com.ar\/blog\/wp-content\/uploads\/1564697619244.jpg?fit=1200%2C679&ssl=1&resize=350%2C200","width":350,"height":200,"srcset":"https:\/\/i0.wp.com\/larevistadigital.com.ar\/blog\/wp-content\/uploads\/1564697619244.jpg?fit=1200%2C679&ssl=1&resize=350%2C200 1x, https:\/\/i0.wp.com\/larevistadigital.com.ar\/blog\/wp-content\/uploads\/1564697619244.jpg?fit=1200%2C679&ssl=1&resize=525%2C300 1.5x, https:\/\/i0.wp.com\/larevistadigital.com.ar\/blog\/wp-content\/uploads\/1564697619244.jpg?fit=1200%2C679&ssl=1&resize=700%2C400 2x, https:\/\/i0.wp.com\/larevistadigital.com.ar\/blog\/wp-content\/uploads\/1564697619244.jpg?fit=1200%2C679&ssl=1&resize=1050%2C600 3x"},"classes":[]}],"_links":{"self":[{"href":"https:\/\/larevistadigital.com.ar\/blog\/wp-json\/wp\/v2\/posts\/26104","targetHints":{"allow":["GET"]}}],"collection":[{"href":"https:\/\/larevistadigital.com.ar\/blog\/wp-json\/wp\/v2\/posts"}],"about":[{"href":"https:\/\/larevistadigital.com.ar\/blog\/wp-json\/wp\/v2\/types\/post"}],"author":[{"embeddable":true,"href":"https:\/\/larevistadigital.com.ar\/blog\/wp-json\/wp\/v2\/users\/3"}],"replies":[{"embeddable":true,"href":"https:\/\/larevistadigital.com.ar\/blog\/wp-json\/wp\/v2\/comments?post=26104"}],"version-history":[{"count":1,"href":"https:\/\/larevistadigital.com.ar\/blog\/wp-json\/wp\/v2\/posts\/26104\/revisions"}],"predecessor-version":[{"id":26106,"href":"https:\/\/larevistadigital.com.ar\/blog\/wp-json\/wp\/v2\/posts\/26104\/revisions\/26106"}],"wp:featuredmedia":[{"embeddable":true,"href":"https:\/\/larevistadigital.com.ar\/blog\/wp-json\/wp\/v2\/media\/26105"}],"wp:attachment":[{"href":"https:\/\/larevistadigital.com.ar\/blog\/wp-json\/wp\/v2\/media?parent=26104"}],"wp:term":[{"taxonomy":"category","embeddable":true,"href":"https:\/\/larevistadigital.com.ar\/blog\/wp-json\/wp\/v2\/categories?post=26104"},{"taxonomy":"post_tag","embeddable":true,"href":"https:\/\/larevistadigital.com.ar\/blog\/wp-json\/wp\/v2\/tags?post=26104"}],"curies":[{"name":"wp","href":"https:\/\/api.w.org\/{rel}","templated":true}]}}