{"id":26108,"date":"2022-06-26T20:33:53","date_gmt":"2022-06-26T20:33:53","guid":{"rendered":"https:\/\/larevistadigital.com.ar\/blog\/?p=26108"},"modified":"2022-06-26T20:33:53","modified_gmt":"2022-06-26T20:33:53","slug":"concurrido-e-importante-marco-para-el-lanzamiento-de-martin-larralde-como-el-referente-del-partido-fe-en-chascomus","status":"publish","type":"post","link":"https:\/\/larevistadigital.com.ar\/blog\/concurrido-e-importante-marco-para-el-lanzamiento-de-martin-larralde-como-el-referente-del-partido-fe-en-chascomus\/","title":{"rendered":"CONCURRIDO E IMPORTANTE MARCO PARA EL LANZAMIENTO DE MART\u00cdN LARRALDE COMO EL REFERENTE DEL PARTIDO FE EN CHASCOM\u00daS"},"content":{"rendered":"<h2>Diputados, el presidente del partido en provincia, dirigentes de la quinta con asistencia perfecta y figuras invitadas de otras secciones fueron parte del marco que en un plenario presentaron al dirigente peronista Mart\u00edn Larralde, como el referente del Partido Fe en la quinta secci\u00f3n electoral.<\/h2>\n<p><strong>CHASCOM\u00daS &#8211;\u00a0<\/strong> El d\u00eda s\u00e1bado, desde las 10 de la ma\u00f1ana aproximadamente se realiz\u00f3 un \u00abplenario\u00bb en el Centro Vasco de Chascom\u00fas en donde se oficializ\u00f3 formalmente que el dirigente peronista <strong>Mart\u00edn Larralde es el referente del Partido Fe de Chascom\u00fas.<\/strong><\/p>\n<p>Se destac\u00f3 la presencia y acompa\u00f1amiento del Diputado Provincial <strong>Jos\u00e9 Ignacio \u00abCote\u00bb Rossi<\/strong>, y la Diputada Provincial <strong>Natalia Sanchez Jauregui, <\/strong>quien adem\u00e1s es dirigente partidaria. Tambi\u00e9n participaron del mismo todos los referentes del partido en la 5ta. secci\u00f3n electoral, m\u00e1s algunos referentes y militantes de la 3ra. secci\u00f3n. Tambi\u00e9n estuvo presente <strong>Celio Salazar,\u00a0<\/strong>Intendente de San Pedro, y presidente partidario de la Provincia de Buenos Aires.<\/p>\n<blockquote>\n<h3>La reuni\u00f3n, que tuvo un fuerte contenido peronista y de apoyo al liderazgo de <strong>Cristina Kirchner<\/strong>, se desarroll\u00f3 por momentos con discursos emotivos, y con un fuerte apoyo y respaldo a la figura de <strong>Mart\u00edn Larralde<\/strong>, quien fue destacado como dirigente, pero sobre todo como persona por los participantes del evento.<\/h3>\n<\/blockquote>\n<p>Por su parte, <strong>Larralde<\/strong> se mostr\u00f3 feliz y emocionado, prometiendo dedicarse a militar por el espacio y por los <em><strong>\u00abcompa\u00f1eros que necesitan contenci\u00f3n, sobre todo los trabajadores rurales, que tanto nos necesitan\u00bb.<\/strong><\/em><\/p>\n<blockquote>\n<h3><img data-recalc-dims=\"1\" loading=\"lazy\" decoding=\"async\" class=\"alignnone size-full wp-image-26110\" src=\"https:\/\/i0.wp.com\/larevistadigital.com.ar\/blog\/wp-content\/uploads\/WhatsApp-Image-2022-06-26-at-8.22.13-PM.jpeg?resize=903%2C980&#038;ssl=1\" alt=\"\" width=\"903\" height=\"980\" srcset=\"https:\/\/i0.wp.com\/larevistadigital.com.ar\/blog\/wp-content\/uploads\/WhatsApp-Image-2022-06-26-at-8.22.13-PM.jpeg?w=903&amp;ssl=1 903w, https:\/\/i0.wp.com\/larevistadigital.com.ar\/blog\/wp-content\/uploads\/WhatsApp-Image-2022-06-26-at-8.22.13-PM.jpeg?resize=276%2C300&amp;ssl=1 276w, https:\/\/i0.wp.com\/larevistadigital.com.ar\/blog\/wp-content\/uploads\/WhatsApp-Image-2022-06-26-at-8.22.13-PM.jpeg?resize=768%2C833&amp;ssl=1 768w\" sizes=\"auto, (max-width: 903px) 100vw, 903px\" \/><\/h3>\n<h3>El diputado <strong>Rossi<\/strong>, adem\u00e1s de recibir algunas peticiones de referentes de la quinta, se mostr\u00f3 dispuesto a ayudar y colaborar con lo que necesiten, dejando su compromiso de atender las necesidades que le sean manifestadas. Sobre todo, resalt\u00f3 el trabajo del\u00a0<strong>Partido FE<\/strong>\u00a0en la Secci\u00f3n, as\u00ed como tambi\u00e9n todos los esfuerzos que realizan<strong> Cecilio Salazar<\/strong>, en San Pedro y toda la Segunda Secci\u00f3n y <strong>Natalia S\u00e1nchez J\u00e1uregui<\/strong>, en la C\u00e1mara de Diputados de la Provincia.<\/h3>\n<\/blockquote>\n<p>La diputada <strong>Sanchez J\u00e1uregui<\/strong> hizo lo propio y se mostr\u00f3 orgullosa de contar con <strong>Mart\u00edn Larralde<\/strong> en el espacio, tal como el presidente del Partido F\u00e9 en la provincia, <strong>Celio Salazar<\/strong>, quien dijo que <em><strong>\u00abSoy el \u00fanico intendente del partido Fe en la provincia, y es muy probable que con Mart\u00edn tengamos otro\u00bb<\/strong><\/em><\/p>\n<p><strong>Mart\u00edn Larralde<\/strong> adem\u00e1s de los agradecimientos a los presentes y al gran apoyo recibido, tuvo palabras de especial agradecimiento y reconocimiento a <strong>Roberto Salvarezza,\u00a0<\/strong>quien realiza la Coordinaci\u00f3n Pol\u00edtica Seccional, y fue el principal responsable de su arribo al partido.<\/p>\n","protected":false},"excerpt":{"rendered":"<div class=\"mh-excerpt\"><p>Diputados, el presidente del partido en provincia, dirigentes de la quinta con asistencia perfecta y figuras invitadas de otras secciones fueron parte del marco que en un plenario presentaron al dirigente peronista Mart\u00edn Larralde, como <a class=\"mh-excerpt-more\" href=\"https:\/\/larevistadigital.com.ar\/blog\/concurrido-e-importante-marco-para-el-lanzamiento-de-martin-larralde-como-el-referente-del-partido-fe-en-chascomus\/\" title=\"CONCURRIDO E IMPORTANTE MARCO PARA EL LANZAMIENTO DE MART\u00cdN LARRALDE COMO EL REFERENTE DEL PARTIDO FE EN CHASCOM\u00daS\">[Leer M\u00e1s]<\/a><\/p>\n<\/div>","protected":false},"author":3,"featured_media":26109,"comment_status":"open","ping_status":"open","sticky":false,"template":"","format":"standard","meta":{"_jetpack_memberships_contains_paid_content":false,"footnotes":"","jetpack_publicize_message":"","jetpack_publicize_feature_enabled":true,"jetpack_social_post_already_shared":true,"jetpack_social_options":{"image_generator_settings":{"template":"highway","default_image_id":0,"font":"","enabled":false},"version":2}},"categories":[41,12,23,24],"tags":[],"class_list":{"0":"post-26108","1":"post","2":"type-post","3":"status-publish","4":"format-standard","5":"has-post-thumbnail","7":"category-destacadas","8":"category-politica","9":"category-politica-local","10":"category-politica-provincial"},"jetpack_publicize_connections":[],"jetpack_featured_media_url":"https:\/\/i0.wp.com\/larevistadigital.com.ar\/blog\/wp-content\/uploads\/20220626130251_sanchez-jauregui-2.jpg?fit=730%2C487&ssl=1","jetpack_sharing_enabled":true,"jetpack_shortlink":"https:\/\/wp.me\/p8qtrQ-6N6","jetpack-related-posts":[{"id":26081,"url":"https:\/\/larevistadigital.com.ar\/blog\/manana-se-hace-la-presentacion-de-martin-larralde-como-referente-local-del-partido-fe\/","url_meta":{"origin":26108,"position":0},"title":"MA\u00d1ANA SE HACE LA PRESENTACI\u00d3N DE MART\u00cdN LARRALDE COMO REFERENTE LOCAL DEL PARTIDO FE","author":"Alejandro Sosa Ruda","date":"24 junio, 2022","format":false,"excerpt":"El joven y respetado dirigente peronista, Mart\u00edn Larralde ser\u00e1 ma\u00f1ana presentado en sociedad como el referente del partido Fe en Chascom\u00fas. se destaca la presencia de la diputada provincial Natalia S\u00e1nchez Jauregui. CHASCOM\u00daS -\u00a0\u00a0Ma\u00f1ana s\u00e1bado 25\/6 se llevar\u00e1 a cabo en la ciudad de Chascom\u00fas, un plenario del Partido Fe\u2026","rel":"","context":"En \u00abCHASCOM\u00daS\u00bb","block_context":{"text":"CHASCOM\u00daS","link":"https:\/\/larevistadigital.com.ar\/blog\/category\/chascomus\/"},"img":{"alt_text":"","src":"https:\/\/i0.wp.com\/larevistadigital.com.ar\/blog\/wp-content\/uploads\/WhatsApp-Image-2022-06-24-at-8.45.46-PM.jpeg?fit=860%2C1024&ssl=1&resize=350%2C200","width":350,"height":200,"srcset":"https:\/\/i0.wp.com\/larevistadigital.com.ar\/blog\/wp-content\/uploads\/WhatsApp-Image-2022-06-24-at-8.45.46-PM.jpeg?fit=860%2C1024&ssl=1&resize=350%2C200 1x, https:\/\/i0.wp.com\/larevistadigital.com.ar\/blog\/wp-content\/uploads\/WhatsApp-Image-2022-06-24-at-8.45.46-PM.jpeg?fit=860%2C1024&ssl=1&resize=525%2C300 1.5x, https:\/\/i0.wp.com\/larevistadigital.com.ar\/blog\/wp-content\/uploads\/WhatsApp-Image-2022-06-24-at-8.45.46-PM.jpeg?fit=860%2C1024&ssl=1&resize=700%2C400 2x"},"classes":[]},{"id":38518,"url":"https:\/\/larevistadigital.com.ar\/blog\/chascomus-lito-fernandez-referente-de-lla-mantuvo-una-importante-reunion-con-los-mas-destacados-dirigentes-del-partido-libertario\/","url_meta":{"origin":26108,"position":1},"title":"Chascom\u00fas: Lito Fern\u00e1ndez, referente de LLA, mantuvo una importante reuni\u00f3n con los m\u00e1s destacados dirigentes del partido libertario","author":"Alejandro Sosa Ruda","date":"23 enero, 2025","format":false,"excerpt":"Se abordaron temas de inter\u00e9s para Chascom\u00fas y la zona, adem\u00e1s de estrat\u00e9gias pol\u00edticas para el a\u00f1o electoral. 23 de Enero de 2024 BUENOS AIRES -\u00a0 El titular de Anses y coordinador de la Libertad Avanza en Chascom\u00fas Antonio Lito Fernandez, mantuvo una reuni\u00f3n de la que participaron: Karina Milei,\u2026","rel":"","context":"En \u00abINTERES GENERAL\u00bb","block_context":{"text":"INTERES GENERAL","link":"https:\/\/larevistadigital.com.ar\/blog\/category\/interes-general\/"},"img":{"alt_text":"","src":"https:\/\/i0.wp.com\/larevistadigital.com.ar\/blog\/wp-content\/uploads\/WhatsApp_Image_2025-01-23_at_10.16.50-q6Yuknf09-transformed.jpeg?fit=960%2C1200&ssl=1&resize=350%2C200","width":350,"height":200,"srcset":"https:\/\/i0.wp.com\/larevistadigital.com.ar\/blog\/wp-content\/uploads\/WhatsApp_Image_2025-01-23_at_10.16.50-q6Yuknf09-transformed.jpeg?fit=960%2C1200&ssl=1&resize=350%2C200 1x, https:\/\/i0.wp.com\/larevistadigital.com.ar\/blog\/wp-content\/uploads\/WhatsApp_Image_2025-01-23_at_10.16.50-q6Yuknf09-transformed.jpeg?fit=960%2C1200&ssl=1&resize=525%2C300 1.5x, https:\/\/i0.wp.com\/larevistadigital.com.ar\/blog\/wp-content\/uploads\/WhatsApp_Image_2025-01-23_at_10.16.50-q6Yuknf09-transformed.jpeg?fit=960%2C1200&ssl=1&resize=700%2C400 2x"},"classes":[]},{"id":2461,"url":"https:\/\/larevistadigital.com.ar\/blog\/fue-presentado-en-sociedad-el-partido-fe-en-chascomus\/","url_meta":{"origin":26108,"position":2},"title":"FUE PRESENTADO EN SOCIEDAD EL PARTIDO FE EN CHASCOM\u00daS","author":"Alejandro Sosa Ruda","date":"21 junio, 2017","format":false,"excerpt":"En una confiter\u00eda c\u00e9ntrica de la ciudad de Chascom\u00fas se llev\u00f3 a cabo un peque\u00f1o acto y posterior conferencia de prensa en la que se present\u00f3 la representaci\u00f3n local y autoridades del Partido Fe, que lidera el secretario general de UATRE Ger\u00f3nimo \u201cEl Momo\u201d Venegas. La reuni\u00f3n comenz\u00f3 un poco\u2026","rel":"","context":"En \u00abCHASCOM\u00daS\u00bb","block_context":{"text":"CHASCOM\u00daS","link":"https:\/\/larevistadigital.com.ar\/blog\/category\/chascomus\/"},"img":{"alt_text":"","src":"https:\/\/i0.wp.com\/larevistadigital.com.ar\/blog\/wp-content\/uploads\/2017\/06\/WhatsApp-Image-2017-06-19-at-14.17.39-1.jpeg?fit=1152%2C864&ssl=1&resize=350%2C200","width":350,"height":200,"srcset":"https:\/\/i0.wp.com\/larevistadigital.com.ar\/blog\/wp-content\/uploads\/2017\/06\/WhatsApp-Image-2017-06-19-at-14.17.39-1.jpeg?fit=1152%2C864&ssl=1&resize=350%2C200 1x, https:\/\/i0.wp.com\/larevistadigital.com.ar\/blog\/wp-content\/uploads\/2017\/06\/WhatsApp-Image-2017-06-19-at-14.17.39-1.jpeg?fit=1152%2C864&ssl=1&resize=525%2C300 1.5x, https:\/\/i0.wp.com\/larevistadigital.com.ar\/blog\/wp-content\/uploads\/2017\/06\/WhatsApp-Image-2017-06-19-at-14.17.39-1.jpeg?fit=1152%2C864&ssl=1&resize=700%2C400 2x, https:\/\/i0.wp.com\/larevistadigital.com.ar\/blog\/wp-content\/uploads\/2017\/06\/WhatsApp-Image-2017-06-19-at-14.17.39-1.jpeg?fit=1152%2C864&ssl=1&resize=1050%2C600 3x"},"classes":[]},{"id":26929,"url":"https:\/\/larevistadigital.com.ar\/blog\/el-partido-libres-del-sur-prepara-el-lanzamiento-de-su-candidato-presidencial\/","url_meta":{"origin":26108,"position":3},"title":"EL PARTIDO LIBRES DEL SUR PREPARA EL LANZAMIENTO DE SU CANDIDATO PRESIDENCIAL","author":"Alejandro Sosa Ruda","date":"2 agosto, 2022","format":false,"excerpt":"CHASCOM\u00daS -\u00a0 D\u00edas atr\u00e1s, m\u00e1s precisamente el viernes 29\/7 se hizo presente en Chascom\u00fas el dirigente del Partido Libres del Sur, Jorge \"el Huevo\" Ceballos, quien est\u00e1 realizando una recorrida por distintos distritos, entrevist\u00e1ndose con dirigentes y referentes partidarios en el marco de lo que ser\u00e1 pr\u00f3ximamente el lanzamiento de\u2026","rel":"","context":"En \u00abCHASCOM\u00daS\u00bb","block_context":{"text":"CHASCOM\u00daS","link":"https:\/\/larevistadigital.com.ar\/blog\/category\/chascomus\/"},"img":{"alt_text":"","src":"https:\/\/i0.wp.com\/larevistadigital.com.ar\/blog\/wp-content\/uploads\/WhatsApp-Image-2022-08-01-at-9.13.12-PM.jpeg?fit=1200%2C900&ssl=1&resize=350%2C200","width":350,"height":200,"srcset":"https:\/\/i0.wp.com\/larevistadigital.com.ar\/blog\/wp-content\/uploads\/WhatsApp-Image-2022-08-01-at-9.13.12-PM.jpeg?fit=1200%2C900&ssl=1&resize=350%2C200 1x, https:\/\/i0.wp.com\/larevistadigital.com.ar\/blog\/wp-content\/uploads\/WhatsApp-Image-2022-08-01-at-9.13.12-PM.jpeg?fit=1200%2C900&ssl=1&resize=525%2C300 1.5x, https:\/\/i0.wp.com\/larevistadigital.com.ar\/blog\/wp-content\/uploads\/WhatsApp-Image-2022-08-01-at-9.13.12-PM.jpeg?fit=1200%2C900&ssl=1&resize=700%2C400 2x, https:\/\/i0.wp.com\/larevistadigital.com.ar\/blog\/wp-content\/uploads\/WhatsApp-Image-2022-08-01-at-9.13.12-PM.jpeg?fit=1200%2C900&ssl=1&resize=1050%2C600 3x"},"classes":[]},{"id":5640,"url":"https:\/\/larevistadigital.com.ar\/blog\/chascomus-el-doctor-martin-larralde-hablo-de-su-desplazamiento-del-registro-civil\/","url_meta":{"origin":26108,"position":4},"title":"CHASCOM\u00daS: EL DOCTOR MART\u00cdN LARRALDE HABL\u00d3 DE SU DESPLAZAMIENTO DEL REGISTRO CIVIL","author":"Alejandro Sosa Ruda","date":"26 mayo, 2018","format":false,"excerpt":"El abogado Mart\u00edn Larralde hizo menci\u00f3n a su alejamiento de la jefatura del Registro Civil de Chascom\u00fas, durante una nota en la FM 101.5 realizada por el periodista Alfredo Perona. Lo primero que manifest\u00f3, fue que su gesti\u00f3n se bas\u00f3 especialmente en un fuerte trabajo en equipo, lo que redund\u00f3\u2026","rel":"","context":"En \u00abPOLITICA\u00bb","block_context":{"text":"POLITICA","link":"https:\/\/larevistadigital.com.ar\/blog\/category\/politica\/"},"img":{"alt_text":"","src":"https:\/\/i0.wp.com\/larevistadigital.com.ar\/blog\/wp-content\/uploads\/2018\/05\/DSC_0161.jpg?fit=1200%2C895&ssl=1&resize=350%2C200","width":350,"height":200,"srcset":"https:\/\/i0.wp.com\/larevistadigital.com.ar\/blog\/wp-content\/uploads\/2018\/05\/DSC_0161.jpg?fit=1200%2C895&ssl=1&resize=350%2C200 1x, https:\/\/i0.wp.com\/larevistadigital.com.ar\/blog\/wp-content\/uploads\/2018\/05\/DSC_0161.jpg?fit=1200%2C895&ssl=1&resize=525%2C300 1.5x, https:\/\/i0.wp.com\/larevistadigital.com.ar\/blog\/wp-content\/uploads\/2018\/05\/DSC_0161.jpg?fit=1200%2C895&ssl=1&resize=700%2C400 2x, https:\/\/i0.wp.com\/larevistadigital.com.ar\/blog\/wp-content\/uploads\/2018\/05\/DSC_0161.jpg?fit=1200%2C895&ssl=1&resize=1050%2C600 3x"},"classes":[]},{"id":1977,"url":"https:\/\/larevistadigital.com.ar\/blog\/murio-alberto-balestrini\/","url_meta":{"origin":26108,"position":5},"title":"MURIO ALBERTO BALESTRINI","author":"Alejandro Sosa Ruda","date":"11 abril, 2017","format":false,"excerpt":"El hist\u00f3rico dirigente peronista ten\u00eda 70 a\u00f1os, y en 2010 hab\u00eda sufrido un ACV que lo dej\u00f3 fuera de las actividades pol\u00edticas. Muri\u00f3 Alberto Balestrini, dirigente hist\u00f3rico del peronismo y ex vice gobernador en la primera gesti\u00f3n como gobernador de Daniel Scioli. Dirigente de la Matanza, fue diputado nacional entre\u2026","rel":"","context":"En \u00abDESTACADAS\u00bb","block_context":{"text":"DESTACADAS","link":"https:\/\/larevistadigital.com.ar\/blog\/category\/destacadas\/"},"img":{"alt_text":"","src":"https:\/\/i0.wp.com\/larevistadigital.com.ar\/blog\/wp-content\/uploads\/2017\/04\/balestrini.jpg?fit=939%2C987&ssl=1&resize=350%2C200","width":350,"height":200,"srcset":"https:\/\/i0.wp.com\/larevistadigital.com.ar\/blog\/wp-content\/uploads\/2017\/04\/balestrini.jpg?fit=939%2C987&ssl=1&resize=350%2C200 1x, https:\/\/i0.wp.com\/larevistadigital.com.ar\/blog\/wp-content\/uploads\/2017\/04\/balestrini.jpg?fit=939%2C987&ssl=1&resize=525%2C300 1.5x, https:\/\/i0.wp.com\/larevistadigital.com.ar\/blog\/wp-content\/uploads\/2017\/04\/balestrini.jpg?fit=939%2C987&ssl=1&resize=700%2C400 2x"},"classes":[]}],"_links":{"self":[{"href":"https:\/\/larevistadigital.com.ar\/blog\/wp-json\/wp\/v2\/posts\/26108","targetHints":{"allow":["GET"]}}],"collection":[{"href":"https:\/\/larevistadigital.com.ar\/blog\/wp-json\/wp\/v2\/posts"}],"about":[{"href":"https:\/\/larevistadigital.com.ar\/blog\/wp-json\/wp\/v2\/types\/post"}],"author":[{"embeddable":true,"href":"https:\/\/larevistadigital.com.ar\/blog\/wp-json\/wp\/v2\/users\/3"}],"replies":[{"embeddable":true,"href":"https:\/\/larevistadigital.com.ar\/blog\/wp-json\/wp\/v2\/comments?post=26108"}],"version-history":[{"count":2,"href":"https:\/\/larevistadigital.com.ar\/blog\/wp-json\/wp\/v2\/posts\/26108\/revisions"}],"predecessor-version":[{"id":26112,"href":"https:\/\/larevistadigital.com.ar\/blog\/wp-json\/wp\/v2\/posts\/26108\/revisions\/26112"}],"wp:featuredmedia":[{"embeddable":true,"href":"https:\/\/larevistadigital.com.ar\/blog\/wp-json\/wp\/v2\/media\/26109"}],"wp:attachment":[{"href":"https:\/\/larevistadigital.com.ar\/blog\/wp-json\/wp\/v2\/media?parent=26108"}],"wp:term":[{"taxonomy":"category","embeddable":true,"href":"https:\/\/larevistadigital.com.ar\/blog\/wp-json\/wp\/v2\/categories?post=26108"},{"taxonomy":"post_tag","embeddable":true,"href":"https:\/\/larevistadigital.com.ar\/blog\/wp-json\/wp\/v2\/tags?post=26108"}],"curies":[{"name":"wp","href":"https:\/\/api.w.org\/{rel}","templated":true}]}}