{"id":26113,"date":"2022-06-26T21:03:21","date_gmt":"2022-06-26T21:03:21","guid":{"rendered":"https:\/\/larevistadigital.com.ar\/blog\/?p=26113"},"modified":"2022-06-26T21:03:21","modified_gmt":"2022-06-26T21:03:21","slug":"informacion-del-consejo-escolar","status":"publish","type":"post","link":"https:\/\/larevistadigital.com.ar\/blog\/informacion-del-consejo-escolar\/","title":{"rendered":"INFORMACI\u00d3N DEL CONSEJO ESCOLAR"},"content":{"rendered":"<p><span lang=\"ES\"><strong>CHASCOM\u00daS &#8211;\u00a0<\/strong> Los consejeros escolares de la UCR, <strong>Nicol\u00e1s Centenaro, Paula Gonz\u00e1lez y Marisa Echag\u00fce<\/strong> informaron que se entreg\u00f3 la obra completa de ba\u00f1os y direcci\u00f3n de la Escuela N\u00ba13.<br \/>\n<\/span>Al respecto destacaron que los trabajos cuentan con el final de obra de la empresa y la aprobaci\u00f3n t\u00e9cnica de la D.G.C.yE.<\/p>\n<blockquote>\n<h3>Finalmente se\u00f1alaron que la ejecuci\u00f3n se atraso 20 d\u00edas por hechos ajenos a la empresa y al \u00a0Consejo Escolar.<\/h3>\n<\/blockquote>\n<p>En el mismo establecimiento educativo se llevaron a cabo tareas de poda.<\/p>\n<p><b><span style=\"color: #ff0000\">Otras acciones del Consejo Escolar<\/span><\/b><\/p>\n<p><b><\/b>Agregaron entre otras acciones del Consejo Escolar, que se encuentra en un 80% el avance de la pintura exterior de la Escuela E.P. 3.<\/p>\n<p>En el mismo colegio se instalaron calefactores en aulas y direcci\u00f3n, y se arreglaron luminarias del comedor y deposito.<\/p>\n<blockquote>\n<h3>Por otra parte se dio a conocer que se inicio construcci\u00f3n de un dep\u00f3sito de mercader\u00eda para el Comedor Escolar en la Escuela Industrial.<\/h3>\n<\/blockquote>\n<p>Finalmente se resalt\u00f3 que se distribuyeron aproximadamente 300 litros de chocolate para la Jura de la Bandera Argentina, evento que cont\u00f3 con la participaci\u00f3n de todas las Escuelas del Distrito en el gimnasio del ICM, el d\u00eda 22 de junio.<\/p>\n","protected":false},"excerpt":{"rendered":"<div class=\"mh-excerpt\"><p>CHASCOM\u00daS &#8211;\u00a0 Los consejeros escolares de la UCR, Nicol\u00e1s Centenaro, Paula Gonz\u00e1lez y Marisa Echag\u00fce informaron que se entreg\u00f3 la obra completa de ba\u00f1os y direcci\u00f3n de la Escuela N\u00ba13. Al respecto destacaron que los <a class=\"mh-excerpt-more\" href=\"https:\/\/larevistadigital.com.ar\/blog\/informacion-del-consejo-escolar\/\" title=\"INFORMACI\u00d3N DEL CONSEJO ESCOLAR\">[Leer M\u00e1s]<\/a><\/p>\n<\/div>","protected":false},"author":3,"featured_media":26116,"comment_status":"open","ping_status":"open","sticky":false,"template":"","format":"standard","meta":{"_jetpack_memberships_contains_paid_content":false,"footnotes":"","jetpack_publicize_message":"","jetpack_publicize_feature_enabled":true,"jetpack_social_post_already_shared":true,"jetpack_social_options":{"image_generator_settings":{"template":"highway","default_image_id":0,"font":"","enabled":false},"version":2}},"categories":[6],"tags":[],"class_list":{"0":"post-26113","1":"post","2":"type-post","3":"status-publish","4":"format-standard","5":"has-post-thumbnail","7":"category-chascomus"},"jetpack_publicize_connections":[],"jetpack_featured_media_url":"https:\/\/i0.wp.com\/larevistadigital.com.ar\/blog\/wp-content\/uploads\/bano-escuela.png?fit=700%2C511&ssl=1","jetpack_sharing_enabled":true,"jetpack_shortlink":"https:\/\/wp.me\/p8qtrQ-6Nb","jetpack-related-posts":[{"id":5011,"url":"https:\/\/larevistadigital.com.ar\/blog\/presidente-del-consejo-escolar-brindo-detalles-del-estado-las-escuelas\/","url_meta":{"origin":26113,"position":0},"title":"EL PRESIDENTE DEL CONSEJO ESCOLAR BRIND\u00d3 DETALLES DEL ESTADO DE LAS ESCUELAS","author":"Alejandro Sosa Ruda","date":"23 febrero, 2018","format":false,"excerpt":"El presidente del Consejo Escolar de Chascom\u00fas, Lucio Alfons\u00edn dialog\u00f3 con la FM 101.5 acerca de los problemas edilicios de cara al pr\u00f3ximo inicio del ciclo lectivo 2018 En principio se lo consult\u00f3 acerca del caso de la detenci\u00f3n de las obras en la escuela industrial, a lo que respondi\u00f3\u2026","rel":"","context":"En \u00abCHASCOM\u00daS\u00bb","block_context":{"text":"CHASCOM\u00daS","link":"https:\/\/larevistadigital.com.ar\/blog\/category\/chascomus\/"},"img":{"alt_text":"","src":"https:\/\/i0.wp.com\/larevistadigital.com.ar\/blog\/wp-content\/uploads\/2018\/02\/26678422_142885509745953_7999852210241178965_o.jpg?fit=1200%2C675&ssl=1&resize=350%2C200","width":350,"height":200,"srcset":"https:\/\/i0.wp.com\/larevistadigital.com.ar\/blog\/wp-content\/uploads\/2018\/02\/26678422_142885509745953_7999852210241178965_o.jpg?fit=1200%2C675&ssl=1&resize=350%2C200 1x, https:\/\/i0.wp.com\/larevistadigital.com.ar\/blog\/wp-content\/uploads\/2018\/02\/26678422_142885509745953_7999852210241178965_o.jpg?fit=1200%2C675&ssl=1&resize=525%2C300 1.5x, https:\/\/i0.wp.com\/larevistadigital.com.ar\/blog\/wp-content\/uploads\/2018\/02\/26678422_142885509745953_7999852210241178965_o.jpg?fit=1200%2C675&ssl=1&resize=700%2C400 2x, https:\/\/i0.wp.com\/larevistadigital.com.ar\/blog\/wp-content\/uploads\/2018\/02\/26678422_142885509745953_7999852210241178965_o.jpg?fit=1200%2C675&ssl=1&resize=1050%2C600 3x"},"classes":[]},{"id":41650,"url":"https:\/\/larevistadigital.com.ar\/blog\/familias-del-jardin-904-reclaman-al-consejo-escolar-por-una-obra-demorada-hace-mas-de-un-ano\/","url_meta":{"origin":26113,"position":1},"title":"Familias del Jard\u00edn 904 reclaman al Consejo Escolar por una obra demorada hace m\u00e1s de un a\u00f1o","author":"Alejandro Sosa Ruda","date":"25 septiembre, 2025","format":false,"excerpt":"Piden al Consejo Escolar respuestas ante la falta de colocaci\u00f3n del nuevo piso en una de las salas. Los materiales ya fueron comprados, pero la mano de obra nunca se concret\u00f3. 25 de septiembre de 2025 CHASCOM\u00daS -\u00a0 \u00a0Las familias del Jard\u00edn de Infantes N\u00b0 904 volvieron a expresar su\u2026","rel":"","context":"En \u00abCHASCOM\u00daS\u00bb","block_context":{"text":"CHASCOM\u00daS","link":"https:\/\/larevistadigital.com.ar\/blog\/category\/chascomus\/"},"img":{"alt_text":"","src":"https:\/\/i0.wp.com\/larevistadigital.com.ar\/blog\/wp-content\/uploads\/consejo-escolar-chascomus.jpg?fit=900%2C507&ssl=1&resize=350%2C200","width":350,"height":200,"srcset":"https:\/\/i0.wp.com\/larevistadigital.com.ar\/blog\/wp-content\/uploads\/consejo-escolar-chascomus.jpg?fit=900%2C507&ssl=1&resize=350%2C200 1x, https:\/\/i0.wp.com\/larevistadigital.com.ar\/blog\/wp-content\/uploads\/consejo-escolar-chascomus.jpg?fit=900%2C507&ssl=1&resize=525%2C300 1.5x, https:\/\/i0.wp.com\/larevistadigital.com.ar\/blog\/wp-content\/uploads\/consejo-escolar-chascomus.jpg?fit=900%2C507&ssl=1&resize=700%2C400 2x"},"classes":[]},{"id":25514,"url":"https:\/\/larevistadigital.com.ar\/blog\/puntos-que-se-trataron-en-el-consejo-escolar\/","url_meta":{"origin":26113,"position":2},"title":"PUNTOS QUE SE TRATARON EN EL CONSEJO ESCOLAR","author":"Alejandro Sosa Ruda","date":"1 junio, 2022","format":false,"excerpt":"CHASCOM\u00daS -\u00a0 Los consejeros escolares de la UCR, Nicol\u00e1s Centenaro, Paula Gonz\u00e1lez y Marisa Echague, informaron que el pasado \u00a0lunes, 23 de mayo, se llev\u00f3 a cabo una nueva Sesi\u00f3n Ordinaria del Consejo Escolar de Chascom\u00fas. Entre los puntos m\u00e1s importantes tratados y resueltos se encuentran los siguientes: - Se\u2026","rel":"","context":"En \u00abDESTACADAS\u00bb","block_context":{"text":"DESTACADAS","link":"https:\/\/larevistadigital.com.ar\/blog\/category\/destacadas\/"},"img":{"alt_text":"","src":"https:\/\/i0.wp.com\/larevistadigital.com.ar\/blog\/wp-content\/uploads\/Captura-de-pantalla-2022-05-31-210157.png?fit=724%2C503&ssl=1&resize=350%2C200","width":350,"height":200,"srcset":"https:\/\/i0.wp.com\/larevistadigital.com.ar\/blog\/wp-content\/uploads\/Captura-de-pantalla-2022-05-31-210157.png?fit=724%2C503&ssl=1&resize=350%2C200 1x, https:\/\/i0.wp.com\/larevistadigital.com.ar\/blog\/wp-content\/uploads\/Captura-de-pantalla-2022-05-31-210157.png?fit=724%2C503&ssl=1&resize=525%2C300 1.5x, https:\/\/i0.wp.com\/larevistadigital.com.ar\/blog\/wp-content\/uploads\/Captura-de-pantalla-2022-05-31-210157.png?fit=724%2C503&ssl=1&resize=700%2C400 2x"},"classes":[]},{"id":32290,"url":"https:\/\/larevistadigital.com.ar\/blog\/beatriz-de-leon-aseguro-que-en-el-consejo-escolar-se-reparten-los-insumos-a-ojo\/","url_meta":{"origin":26113,"position":3},"title":"BEATRIZ DE LEON ASEGUR\u00d3 QUE \u00abEN EL CONSEJO ESCOLAR SE REPARTEN LOS INSUMOS A OJO\u00bb","author":"Alejandro Sosa Ruda","date":"5 julio, 2023","format":false,"excerpt":"Asegur\u00f3 que su espacio est\u00e1 sumamente preocupado por este tema, y que los chicos no pueden estudiar en las condiciones que se encuentran algunos colegios. 5 de julio de 2023 CHASCOM\u00daS -\u00a0 \u00a0La candidata a intendente por el partido Libres del Sur,\u00a0 Mar\u00eda Beatriz De Le\u00f3n, se comunic\u00f3 con nuestra\u2026","rel":"","context":"En \u00abINTERES GENERAL\u00bb","block_context":{"text":"INTERES GENERAL","link":"https:\/\/larevistadigital.com.ar\/blog\/category\/interes-general\/"},"img":{"alt_text":"","src":"https:\/\/i0.wp.com\/larevistadigital.com.ar\/blog\/wp-content\/uploads\/WhatsApp-Image-2023-07-04-at-00.44.58-e1688599208525.jpeg?fit=900%2C968&ssl=1&resize=350%2C200","width":350,"height":200,"srcset":"https:\/\/i0.wp.com\/larevistadigital.com.ar\/blog\/wp-content\/uploads\/WhatsApp-Image-2023-07-04-at-00.44.58-e1688599208525.jpeg?fit=900%2C968&ssl=1&resize=350%2C200 1x, https:\/\/i0.wp.com\/larevistadigital.com.ar\/blog\/wp-content\/uploads\/WhatsApp-Image-2023-07-04-at-00.44.58-e1688599208525.jpeg?fit=900%2C968&ssl=1&resize=525%2C300 1.5x, https:\/\/i0.wp.com\/larevistadigital.com.ar\/blog\/wp-content\/uploads\/WhatsApp-Image-2023-07-04-at-00.44.58-e1688599208525.jpeg?fit=900%2C968&ssl=1&resize=700%2C400 2x"},"classes":[]},{"id":8037,"url":"https:\/\/larevistadigital.com.ar\/blog\/chascomus-la-provincia-envio-fondos-que-fueron-entregados-al-concejo-escolar-y-se-utilizaran-para-acondicionar-los-sanitarios-de-la-escuela-normal\/","url_meta":{"origin":26113,"position":4},"title":"CHASCOM\u00daS: LA PROVINCIA ENVI\u00d3 FONDOS QUE FUERON ENTREGADOS AL CONCEJO ESCOLAR Y SE UTILIZAR\u00c1N PARA ACONDICIONAR LOS SANITARIOS DE LA ESCUELA NORMAL","author":"Alejandro Sosa Ruda","date":"29 enero, 2019","format":false,"excerpt":"As\u00ed lo anunci\u00f3 d\u00edas pasados el Intendente Municipal al entregar un subsidio de Provincia por un monto de $400.000 al Consejo Escolar de Chascom\u00fas para afrontar los gastos de la refacci\u00f3n de los sanitarios en las instalaciones de la Escuela Normal Superior \u201cManuel J. Almada\u201d. \u201cEs la cuarta intervenci\u00f3n que\u2026","rel":"","context":"En \u00abCHASCOM\u00daS\u00bb","block_context":{"text":"CHASCOM\u00daS","link":"https:\/\/larevistadigital.com.ar\/blog\/category\/chascomus\/"},"img":{"alt_text":"","src":"https:\/\/i0.wp.com\/larevistadigital.com.ar\/blog\/wp-content\/uploads\/2019\/01\/Screenshot_2-4.jpg?fit=792%2C486&ssl=1&resize=350%2C200","width":350,"height":200,"srcset":"https:\/\/i0.wp.com\/larevistadigital.com.ar\/blog\/wp-content\/uploads\/2019\/01\/Screenshot_2-4.jpg?fit=792%2C486&ssl=1&resize=350%2C200 1x, https:\/\/i0.wp.com\/larevistadigital.com.ar\/blog\/wp-content\/uploads\/2019\/01\/Screenshot_2-4.jpg?fit=792%2C486&ssl=1&resize=525%2C300 1.5x, https:\/\/i0.wp.com\/larevistadigital.com.ar\/blog\/wp-content\/uploads\/2019\/01\/Screenshot_2-4.jpg?fit=792%2C486&ssl=1&resize=700%2C400 2x"},"classes":[]},{"id":40031,"url":"https:\/\/larevistadigital.com.ar\/blog\/portal-provincial-del-agro-resalta-el-malestar-de-padres-por-la-falta-de-transporte-escolar-en-chascomus-denunciando-graves-errores-administrativos-en-el-consejo-escolar\/","url_meta":{"origin":26113,"position":5},"title":"Portal provincial del agro, resalta el malestar de padres por la falta de transporte escolar en Chascom\u00fas, denunciando graves errores administrativos en el Consejo Escolar","author":"Alejandro Sosa Ruda","date":"9 junio, 2025","format":false,"excerpt":"Se plantea como responsabilidad del Consejo Escolar de Chascom\u00fas, la falta de Transporte Escolar para las escuelas rurales. 09 de Junio de 2025 Un informe publicado en el portal AgroBonaerense puso en evidencia una situaci\u00f3n que genera creciente malestar entre muchas familias del distrito: las escuelas rurales de Chascom\u00fas est\u00e1n\u2026","rel":"","context":"En \u00abINTERES GENERAL\u00bb","block_context":{"text":"INTERES GENERAL","link":"https:\/\/larevistadigital.com.ar\/blog\/category\/interes-general\/"},"img":{"alt_text":"","src":"https:\/\/i0.wp.com\/larevistadigital.com.ar\/blog\/wp-content\/uploads\/20250609164300_471640799-1003779188458411-3580022856166445883-n.jpg?fit=880%2C512&ssl=1&resize=350%2C200","width":350,"height":200,"srcset":"https:\/\/i0.wp.com\/larevistadigital.com.ar\/blog\/wp-content\/uploads\/20250609164300_471640799-1003779188458411-3580022856166445883-n.jpg?fit=880%2C512&ssl=1&resize=350%2C200 1x, https:\/\/i0.wp.com\/larevistadigital.com.ar\/blog\/wp-content\/uploads\/20250609164300_471640799-1003779188458411-3580022856166445883-n.jpg?fit=880%2C512&ssl=1&resize=525%2C300 1.5x, https:\/\/i0.wp.com\/larevistadigital.com.ar\/blog\/wp-content\/uploads\/20250609164300_471640799-1003779188458411-3580022856166445883-n.jpg?fit=880%2C512&ssl=1&resize=700%2C400 2x"},"classes":[]}],"_links":{"self":[{"href":"https:\/\/larevistadigital.com.ar\/blog\/wp-json\/wp\/v2\/posts\/26113","targetHints":{"allow":["GET"]}}],"collection":[{"href":"https:\/\/larevistadigital.com.ar\/blog\/wp-json\/wp\/v2\/posts"}],"about":[{"href":"https:\/\/larevistadigital.com.ar\/blog\/wp-json\/wp\/v2\/types\/post"}],"author":[{"embeddable":true,"href":"https:\/\/larevistadigital.com.ar\/blog\/wp-json\/wp\/v2\/users\/3"}],"replies":[{"embeddable":true,"href":"https:\/\/larevistadigital.com.ar\/blog\/wp-json\/wp\/v2\/comments?post=26113"}],"version-history":[{"count":1,"href":"https:\/\/larevistadigital.com.ar\/blog\/wp-json\/wp\/v2\/posts\/26113\/revisions"}],"predecessor-version":[{"id":26117,"href":"https:\/\/larevistadigital.com.ar\/blog\/wp-json\/wp\/v2\/posts\/26113\/revisions\/26117"}],"wp:featuredmedia":[{"embeddable":true,"href":"https:\/\/larevistadigital.com.ar\/blog\/wp-json\/wp\/v2\/media\/26116"}],"wp:attachment":[{"href":"https:\/\/larevistadigital.com.ar\/blog\/wp-json\/wp\/v2\/media?parent=26113"}],"wp:term":[{"taxonomy":"category","embeddable":true,"href":"https:\/\/larevistadigital.com.ar\/blog\/wp-json\/wp\/v2\/categories?post=26113"},{"taxonomy":"post_tag","embeddable":true,"href":"https:\/\/larevistadigital.com.ar\/blog\/wp-json\/wp\/v2\/tags?post=26113"}],"curies":[{"name":"wp","href":"https:\/\/api.w.org\/{rel}","templated":true}]}}