{"id":26118,"date":"2022-06-26T21:17:51","date_gmt":"2022-06-26T21:17:51","guid":{"rendered":"https:\/\/larevistadigital.com.ar\/blog\/?p=26118"},"modified":"2022-06-26T21:17:51","modified_gmt":"2022-06-26T21:17:51","slug":"el-presidente-en-el-g7-reunion-bilateral-con-el-primer-ministro-de-india","status":"publish","type":"post","link":"https:\/\/larevistadigital.com.ar\/blog\/el-presidente-en-el-g7-reunion-bilateral-con-el-primer-ministro-de-india\/","title":{"rendered":"EL PRESIDENTE EN EL G7: REUNI\u00d3N BILATERAL CON EL PRIMER MINISTRO DE INDIA"},"content":{"rendered":"<h2 class=\"fparrafo ctext fz18 lh25\">El presidente Alberto Fern\u00e1ndez mantuvo este domingo una reuni\u00f3n bilateral con el primer ministro de la India, Narendra Modi, como parte de las actividades que se desarrollan en la cumbre del Grupo de los Siete (G7) que se realiza en la ciudad alemana de M\u00fanich.<\/h2>\n<p class=\"selectionShareable\">El encuentro se inici\u00f3 con puntualidad a las 18 hora local (13 de Argentina) y se extendi\u00f3 por casi una hora, momento en el que ambos debieron abandonar el edificio para dirigirse a la siguiente actividad, una recepci\u00f3n para los mandatarios invitados al G7 en el Teatro Cuvillli\u00e9s de M\u00fanich.<\/p>\n<blockquote>\n<h3 class=\"selectionShareable\">Seg\u00fan se inform\u00f3 oficialmente, en el aspecto econ\u00f3mico ambos destacaron el incremento rec\u00edproco del flujo comercial, en cuyo contexto India representa el cuarto socio comercial argentino a nivel global, a la vez que coincidieron en que existe todav\u00eda un \u00abamplio potencial de crecimiento\u00bb.<\/h3>\n<\/blockquote>\n<p class=\"selectionShareable\">De acuerdo con el despacho del periodista, <strong>Lucas Gonz\u00e1lez Monte<\/strong>, enviado especial de Telam, los mandatarios <em><strong>\u00absubrayaron la importancia de diversificar las exportaciones a trav\u00e9s del impulso de las negociaciones de acceso al mercado en curso\u00bb.<\/strong><\/em><\/p>\n<blockquote>\n<h3 class=\"selectionShareable\">Fern\u00e1ndez le agradeci\u00f3 a su par indio el apoyo del pa\u00eds asi\u00e1tico a la reanudaci\u00f3n de negociaciones bilaterales entre la Argentina y el Reino Unido a fin de encontrar una soluci\u00f3n negociada y pac\u00edfica a la disputa de soberan\u00eda relacionada con la Cuesti\u00f3n Malvinas.<\/h3>\n<\/blockquote>\n<p class=\"selectionShareable\">Por su parte, <strong>Modi<\/strong> destac\u00f3 desde sus redes sociales que con <strong>Fern\u00e1ndez<\/strong> discuti\u00f3 sobre <em><strong>\u00abformas de profundizar los v\u00ednculos comerciales y culturales entre India y Argentina\u00bb.<\/strong><\/em><\/p>\n<p class=\"selectionShareable\"><span style=\"color: #ff0000\"><b>El Canciller argentino<\/b><\/span><\/p>\n<p class=\"selectionShareable\">Tras la reuni\u00f3n, el canciller <strong>Santiago Cafiero<\/strong> destac\u00f3 la \u00abvoluntad\u00bb de ambos mandatarios de <em><strong>\u00abfortalecer la relaci\u00f3n bilateral, teniendo en cuenta que el a\u00f1o pasado fue r\u00e9cord el comercio bilateral con la India\u00bb.<\/strong><\/em><\/p>\n<blockquote>\n<h3 class=\"selectionShareable\"><em><strong>\u00abEl comercio con India sigue creciendo, vemos como diferentes productos se siguen instalando, como el aceite de girasol con exportaciones r\u00e9cord, la harina de soja con exportaciones r\u00e9cord. Pensamos que vamos a volver a superar la marca del a\u00f1o pasado\u00bb<\/strong><\/em>, dijo <strong>Cafiero<\/strong>, quien este a\u00f1o ya hab\u00eda visitado Nueva Delhi para reunirse con <strong>Modi.<\/strong><\/h3>\n<\/blockquote>\n<p class=\"selectionShareable\">El titular del Palacio San Mart\u00edn coment\u00f3 que la bilateral realizada hoy apuntal\u00f3 la <strong><em>\u00abgran vocaci\u00f3n de trabajar en la agenda del Sur Global, la voluntad de llevar una agenda distinta y de trabajar en el G20 (Grupo de los 20)\u00bb<\/em><\/strong>, la coalici\u00f3n de pa\u00edses industrializados y emergentes de todos los continentes.<\/p>\n<p class=\"selectionShareable\"><span style=\"color: #ff0000\"><b>Inter\u00e9s por los BRICS<\/b><\/span><\/p>\n<p class=\"selectionShareable\">En lo que respecta a los temas de inter\u00e9s argentino, Cafiero record\u00f3 que <strong>Fern\u00e1ndez y Modi <em>\u00abayer se hab\u00edan visto en un zoom de los Brics, y el presidente le manifest\u00f3 la vocaci\u00f3n de integrar ese bloque\u00bb<\/em><\/strong> que hoy contiene a Brasil, Rusia, India, China y Sud\u00e1frica.<\/p>\n<p class=\"selectionShareable\"><em><strong>\u00abTambi\u00e9n hay proyectos de mediano plazo. India es un gran comprador y favorece a los proyectos de inversi\u00f3n en nuestro pa\u00eds, en especial la incorporaci\u00f3n de biotecnolog\u00eda al agro, que fue un cap\u00edtulo de sumo inter\u00e9s. Argentina viene avanzando y tiene un prestigio alcanzado. Se destac\u00f3 adem\u00e1s el trabajo de la energ\u00eda nuclear con fines pac\u00edficos, con la instalaci\u00f3n de una planta de radiois\u00f3topos en Mumbai\u00bb<\/strong><\/em>, agreg\u00f3.<\/p>\n<p class=\"selectionShareable\"><span style=\"color: #ff0000\"><b>Invitado especial<\/b><\/span><\/p>\n<p class=\"selectionShareable\"><strong>Fern\u00e1ndez<\/strong> fue invitado especialmente por el canciller de Alemania, <strong>Olaf Scholz<\/strong>, para participar ma\u00f1ana de la cumbre de los Jefes de Estado y de Gobierno del G7 que tendr\u00e1 lugar en el Schloss Elmau, en el distrito b\u00e1varo de Garmisch-Partenkirchen.<\/p>\n<p class=\"selectionShareable\">El G7 es el foro que nuclea a las econom\u00edas m\u00e1s poderosas del mundo y en esta ocasi\u00f3n se prev\u00e9 un debate sobre los efectos de la guerra en Ucrania y la crisis alimentaria derivada del conflicto.<\/p>\n<p><span style=\"color: #ff0000\"><b>Comitiva<\/b><\/span><\/p>\n<blockquote>\n<h3 class=\"selectionShareable\">Fern\u00e1ndez arrib\u00f3 a las 15 hora local (10 de Argentina) al Aeropuerto Internacional de Munich-Franz Josef Strauss.<\/h3>\n<\/blockquote>\n<p class=\"selectionShareable\">Acompa\u00f1aron al Presidente en la reuni\u00f3n el canciller <strong>Santiago Cafiero<\/strong>; la secretaria Legal y T\u00e9cnica, <strong>Vilma Ibarra<\/strong>; los secretarios general de la Presidencia, J<strong>ulio Vitobello<\/strong>, y de Asuntos Estrat\u00e9gicos,<strong> Gustavo Beliz<\/strong>, y la portavoz de la Presidencia, <strong>Gabriela Cerruti<\/strong>, integrantes de la comitiva oficial. (<b>InfoGEI<\/b>)Jd<\/p>\n","protected":false},"excerpt":{"rendered":"<div class=\"mh-excerpt\"><p>El presidente Alberto Fern\u00e1ndez mantuvo este domingo una reuni\u00f3n bilateral con el primer ministro de la India, Narendra Modi, como parte de las actividades que se desarrollan en la cumbre del Grupo de los Siete <a class=\"mh-excerpt-more\" href=\"https:\/\/larevistadigital.com.ar\/blog\/el-presidente-en-el-g7-reunion-bilateral-con-el-primer-ministro-de-india\/\" title=\"EL PRESIDENTE EN EL G7: REUNI\u00d3N BILATERAL CON EL PRIMER MINISTRO DE INDIA\">[Leer M\u00e1s]<\/a><\/p>\n<\/div>","protected":false},"author":3,"featured_media":26119,"comment_status":"open","ping_status":"open","sticky":false,"template":"","format":"standard","meta":{"_jetpack_memberships_contains_paid_content":false,"footnotes":"","jetpack_publicize_message":"","jetpack_publicize_feature_enabled":true,"jetpack_social_post_already_shared":true,"jetpack_social_options":{"image_generator_settings":{"template":"highway","default_image_id":0,"font":"","enabled":false},"version":2}},"categories":[50,12],"tags":[],"class_list":{"0":"post-26118","1":"post","2":"type-post","3":"status-publish","4":"format-standard","5":"has-post-thumbnail","7":"category-interes-general","8":"category-politica"},"jetpack_publicize_connections":[],"jetpack_featured_media_url":"https:\/\/i0.wp.com\/larevistadigital.com.ar\/blog\/wp-content\/uploads\/20220626175810_recepcion-presidente-alberto-fernandez-g7-munich.jpg?fit=880%2C512&ssl=1","jetpack_sharing_enabled":true,"jetpack_shortlink":"https:\/\/wp.me\/p8qtrQ-6Ng","jetpack-related-posts":[{"id":36200,"url":"https:\/\/larevistadigital.com.ar\/blog\/bukele-estuvo-con-milei-luego-de-su-asuncion-presidencial-en-ecuador\/","url_meta":{"origin":26118,"position":0},"title":"BUKELE ESTUVO CON MILEI, LUEGO DE SU ASUNCI\u00d3N PRESIDENCIAL EN ECUADOR","author":"Alejandro Sosa Ruda","date":"2 junio, 2024","format":false,"excerpt":"SAN SALVADOR, \u2013 El presidente de El Salvador, Nayib Bukele, se reuni\u00f3 con su hom\u00f3logo argentino, Javier Milei, tras la ceremonia de investidura para su segundo mandato consecutivo de cinco a\u00f1os (2024-2029). La Casa Presidencial salvadore\u00f1a inform\u00f3 sobre el encuentro y comparti\u00f3 en X un corto video en el que\u2026","rel":"","context":"En \u00abPOLITICA\u00bb","block_context":{"text":"POLITICA","link":"https:\/\/larevistadigital.com.ar\/blog\/category\/politica\/"},"img":{"alt_text":"","src":"https:\/\/i0.wp.com\/larevistadigital.com.ar\/blog\/wp-content\/uploads\/Captura-de-pantalla-2024-06-02-194902.png?fit=795%2C487&ssl=1&resize=350%2C200","width":350,"height":200,"srcset":"https:\/\/i0.wp.com\/larevistadigital.com.ar\/blog\/wp-content\/uploads\/Captura-de-pantalla-2024-06-02-194902.png?fit=795%2C487&ssl=1&resize=350%2C200 1x, https:\/\/i0.wp.com\/larevistadigital.com.ar\/blog\/wp-content\/uploads\/Captura-de-pantalla-2024-06-02-194902.png?fit=795%2C487&ssl=1&resize=525%2C300 1.5x, https:\/\/i0.wp.com\/larevistadigital.com.ar\/blog\/wp-content\/uploads\/Captura-de-pantalla-2024-06-02-194902.png?fit=795%2C487&ssl=1&resize=700%2C400 2x"},"classes":[]},{"id":44286,"url":"https:\/\/larevistadigital.com.ar\/blog\/donald-trump-amenaza-con-cortar-el-comercio-con-espana-por-el-uso-de-bases-militares\/","url_meta":{"origin":26118,"position":1},"title":"Donald Trump amenaza con cortar el comercio con Espa\u00f1a por el uso de bases militares","author":"Alejandro Sosa Ruda","date":"4 marzo, 2026","format":false,"excerpt":"El presidente estadounidense cuestion\u00f3 la negativa del gobierno de Pedro S\u00e1nchez a autorizar el uso de las bases de Rota y Mor\u00f3n para ataques contra Ir\u00e1n y advirti\u00f3 sobre posibles represalias comerciales. Madrid respondi\u00f3 que actuar\u00e1 conforme a la legalidad internacional y sus compromisos con la OTAN. 03 de marzo\u2026","rel":"","context":"En \u00abINTERES GENERAL\u00bb","block_context":{"text":"INTERES GENERAL","link":"https:\/\/larevistadigital.com.ar\/blog\/category\/interes-general\/"},"img":{"alt_text":"","src":"https:\/\/i0.wp.com\/larevistadigital.com.ar\/blog\/wp-content\/uploads\/Captura-de-pantalla-2026-03-04-003939.jpg?fit=1200%2C453&ssl=1&resize=350%2C200","width":350,"height":200,"srcset":"https:\/\/i0.wp.com\/larevistadigital.com.ar\/blog\/wp-content\/uploads\/Captura-de-pantalla-2026-03-04-003939.jpg?fit=1200%2C453&ssl=1&resize=350%2C200 1x, https:\/\/i0.wp.com\/larevistadigital.com.ar\/blog\/wp-content\/uploads\/Captura-de-pantalla-2026-03-04-003939.jpg?fit=1200%2C453&ssl=1&resize=525%2C300 1.5x, https:\/\/i0.wp.com\/larevistadigital.com.ar\/blog\/wp-content\/uploads\/Captura-de-pantalla-2026-03-04-003939.jpg?fit=1200%2C453&ssl=1&resize=700%2C400 2x, https:\/\/i0.wp.com\/larevistadigital.com.ar\/blog\/wp-content\/uploads\/Captura-de-pantalla-2026-03-04-003939.jpg?fit=1200%2C453&ssl=1&resize=1050%2C600 3x"},"classes":[]},{"id":42498,"url":"https:\/\/larevistadigital.com.ar\/blog\/bianco-el-gobierno-nacional-le-debe-129-billones-a-la-provincia\/","url_meta":{"origin":26118,"position":2},"title":"Bianco: \u201cEl Gobierno nacional le debe $12,9 billones a la Provincia\u201d","author":"Alejandro Sosa Ruda","date":"17 noviembre, 2025","format":false,"excerpt":"El ministro de Gobierno, Carlos Bianco, llev\u00f3 a cabo una nueva conferencia de prensa junto al ministro de Infraestructura y Servicios P\u00fablicos, Gabriel Katopodis, y al presidente de AUBASA, Jos\u00e9 Arteaga. El ministro de Gobierno de la Provincia de Buenos Aires, Carlos Bianco, brind\u00f3 hoy la habitual conferencia de prensa\u2026","rel":"","context":"En \u00abDESTACADAS\u00bb","block_context":{"text":"DESTACADAS","link":"https:\/\/larevistadigital.com.ar\/blog\/category\/destacadas\/"},"img":{"alt_text":"","src":"https:\/\/i0.wp.com\/larevistadigital.com.ar\/blog\/wp-content\/uploads\/Screenshot_20251117_134850_Drive.jpg?fit=743%2C530&ssl=1&resize=350%2C200","width":350,"height":200,"srcset":"https:\/\/i0.wp.com\/larevistadigital.com.ar\/blog\/wp-content\/uploads\/Screenshot_20251117_134850_Drive.jpg?fit=743%2C530&ssl=1&resize=350%2C200 1x, https:\/\/i0.wp.com\/larevistadigital.com.ar\/blog\/wp-content\/uploads\/Screenshot_20251117_134850_Drive.jpg?fit=743%2C530&ssl=1&resize=525%2C300 1.5x, https:\/\/i0.wp.com\/larevistadigital.com.ar\/blog\/wp-content\/uploads\/Screenshot_20251117_134850_Drive.jpg?fit=743%2C530&ssl=1&resize=700%2C400 2x"},"classes":[]},{"id":17650,"url":"https:\/\/larevistadigital.com.ar\/blog\/ferraresi-anuncio-que-asumira-como-ministro-de-habitat-en-reemplazo-de-maria-eugenia-bielsa\/","url_meta":{"origin":26118,"position":3},"title":"FERRARESI ANUNCI\u00d3 QUE ASUMIR\u00c1 COMO MINISTRO DE H\u00c1BITAT, EN REEMPLAZO DE MAR\u00cdA EUGENIA BIELSA","author":"Alejandro Sosa Ruda","date":"12 noviembre, 2020","format":false,"excerpt":"El intendente de Avellaneda comunic\u00f3 en su cuenta de Twitter que fue convocado por\u00a0el presidente de la Naci\u00f3n\u00a0\"Alberto Fern\u00e1ndez\u00a0para trabajar en su gabinete\".\u00a0Su jefe de gabinete en el municipio,\u00a0Alejo Chornobroff, ser\u00e1 el pr\u00f3ximo titular\u00a0comunal del partido bonaerense. El hasta ahora Intendente de Avellandena,\u00a0Jorge Ferraresi, anunci\u00f3 este jueves oficialmente que\u00a0asumir\u00e1 como\u2026","rel":"","context":"En \u00abINTERES GENERAL\u00bb","block_context":{"text":"INTERES GENERAL","link":"https:\/\/larevistadigital.com.ar\/blog\/category\/interes-general\/"},"img":{"alt_text":"","src":"https:\/\/i0.wp.com\/larevistadigital.com.ar\/blog\/wp-content\/uploads\/ferraresi.jpg?fit=1200%2C668&ssl=1&resize=350%2C200","width":350,"height":200,"srcset":"https:\/\/i0.wp.com\/larevistadigital.com.ar\/blog\/wp-content\/uploads\/ferraresi.jpg?fit=1200%2C668&ssl=1&resize=350%2C200 1x, https:\/\/i0.wp.com\/larevistadigital.com.ar\/blog\/wp-content\/uploads\/ferraresi.jpg?fit=1200%2C668&ssl=1&resize=525%2C300 1.5x, https:\/\/i0.wp.com\/larevistadigital.com.ar\/blog\/wp-content\/uploads\/ferraresi.jpg?fit=1200%2C668&ssl=1&resize=700%2C400 2x, https:\/\/i0.wp.com\/larevistadigital.com.ar\/blog\/wp-content\/uploads\/ferraresi.jpg?fit=1200%2C668&ssl=1&resize=1050%2C600 3x"},"classes":[]},{"id":32623,"url":"https:\/\/larevistadigital.com.ar\/blog\/cafiero-y-el-gobernador-de-rio-grande-do-sul-destacaron-que-el-gasoducto-es-clave-para-el-autoabastecimiento-energetico\/","url_meta":{"origin":26118,"position":4},"title":"CAFIERO Y EL GOBERNADOR DE R\u00cdO GRANDE DO SUL DESTACARON QUE EL GASODUCTO ES CLAVE PARA EL AUTOABASTECIMIENTO ENERG\u00c9TICO","author":"Alejandro Sosa Ruda","date":"27 julio, 2023","format":false,"excerpt":"Junto al embajador argentino en Brasil, Daniel Scioli 27 de julio de 2023 El canciller\u00a0Santiago Cafiero\u00a0recibi\u00f3 hoy en su despacho de la Canciller\u00eda argentina al Gobernador de R\u00edo Grande do Sul,\u00a0Eduardo Leite,\u00a0junto al embajador argentino en Brasil,\u00a0Daniel Scioli,\u00a0con quienes analiz\u00f3 el comercio bilateral y diferentes aspectos referidos a temas energ\u00e9ticos.\u2026","rel":"","context":"En \u00abINTERES GENERAL\u00bb","block_context":{"text":"INTERES GENERAL","link":"https:\/\/larevistadigital.com.ar\/blog\/category\/interes-general\/"},"img":{"alt_text":"","src":"https:\/\/i0.wp.com\/larevistadigital.com.ar\/blog\/wp-content\/uploads\/cafiero_con_gobernador_de_rio_grande_do_sul.jpg?fit=1024%2C683&ssl=1&resize=350%2C200","width":350,"height":200,"srcset":"https:\/\/i0.wp.com\/larevistadigital.com.ar\/blog\/wp-content\/uploads\/cafiero_con_gobernador_de_rio_grande_do_sul.jpg?fit=1024%2C683&ssl=1&resize=350%2C200 1x, https:\/\/i0.wp.com\/larevistadigital.com.ar\/blog\/wp-content\/uploads\/cafiero_con_gobernador_de_rio_grande_do_sul.jpg?fit=1024%2C683&ssl=1&resize=525%2C300 1.5x, https:\/\/i0.wp.com\/larevistadigital.com.ar\/blog\/wp-content\/uploads\/cafiero_con_gobernador_de_rio_grande_do_sul.jpg?fit=1024%2C683&ssl=1&resize=700%2C400 2x"},"classes":[]},{"id":32750,"url":"https:\/\/larevistadigital.com.ar\/blog\/argentina-brasil-reunion-bilateral-para-avanzar-en-la-agenda-de-industrializacion\/","url_meta":{"origin":26118,"position":5},"title":"ARGENTINA \u2013 BRASIL: REUNI\u00d3N BILATERAL PARA AVANZAR EN LA AGENDA DE INDUSTRIALIZACI\u00d3N","author":"Alejandro Sosa Ruda","date":"4 agosto, 2023","format":false,"excerpt":"Se hizo especial hincapi\u00e9 en los desaf\u00edos futuros y encararlos en forma conjunta. 3 de agosto de 2023 La secretaria de Relaciones Econ\u00f3micas Internacionales de la Canciller\u00eda,\u00a0Cecilia Todesca Bocco, y el equipo de la embajada argentina en Brasil, se reunieron en la ciudad de Brasilia con el secretario de Desarrollo\u2026","rel":"","context":"En \u00abINTERES GENERAL\u00bb","block_context":{"text":"INTERES GENERAL","link":"https:\/\/larevistadigital.com.ar\/blog\/category\/interes-general\/"},"img":{"alt_text":"","src":"https:\/\/i0.wp.com\/larevistadigital.com.ar\/blog\/wp-content\/uploads\/sin_titulo_8.jpg?fit=1024%2C463&ssl=1&resize=350%2C200","width":350,"height":200,"srcset":"https:\/\/i0.wp.com\/larevistadigital.com.ar\/blog\/wp-content\/uploads\/sin_titulo_8.jpg?fit=1024%2C463&ssl=1&resize=350%2C200 1x, https:\/\/i0.wp.com\/larevistadigital.com.ar\/blog\/wp-content\/uploads\/sin_titulo_8.jpg?fit=1024%2C463&ssl=1&resize=525%2C300 1.5x, https:\/\/i0.wp.com\/larevistadigital.com.ar\/blog\/wp-content\/uploads\/sin_titulo_8.jpg?fit=1024%2C463&ssl=1&resize=700%2C400 2x"},"classes":[]}],"_links":{"self":[{"href":"https:\/\/larevistadigital.com.ar\/blog\/wp-json\/wp\/v2\/posts\/26118","targetHints":{"allow":["GET"]}}],"collection":[{"href":"https:\/\/larevistadigital.com.ar\/blog\/wp-json\/wp\/v2\/posts"}],"about":[{"href":"https:\/\/larevistadigital.com.ar\/blog\/wp-json\/wp\/v2\/types\/post"}],"author":[{"embeddable":true,"href":"https:\/\/larevistadigital.com.ar\/blog\/wp-json\/wp\/v2\/users\/3"}],"replies":[{"embeddable":true,"href":"https:\/\/larevistadigital.com.ar\/blog\/wp-json\/wp\/v2\/comments?post=26118"}],"version-history":[{"count":2,"href":"https:\/\/larevistadigital.com.ar\/blog\/wp-json\/wp\/v2\/posts\/26118\/revisions"}],"predecessor-version":[{"id":26144,"href":"https:\/\/larevistadigital.com.ar\/blog\/wp-json\/wp\/v2\/posts\/26118\/revisions\/26144"}],"wp:featuredmedia":[{"embeddable":true,"href":"https:\/\/larevistadigital.com.ar\/blog\/wp-json\/wp\/v2\/media\/26119"}],"wp:attachment":[{"href":"https:\/\/larevistadigital.com.ar\/blog\/wp-json\/wp\/v2\/media?parent=26118"}],"wp:term":[{"taxonomy":"category","embeddable":true,"href":"https:\/\/larevistadigital.com.ar\/blog\/wp-json\/wp\/v2\/categories?post=26118"},{"taxonomy":"post_tag","embeddable":true,"href":"https:\/\/larevistadigital.com.ar\/blog\/wp-json\/wp\/v2\/tags?post=26118"}],"curies":[{"name":"wp","href":"https:\/\/api.w.org\/{rel}","templated":true}]}}