{"id":26122,"date":"2022-06-26T21:22:57","date_gmt":"2022-06-26T21:22:57","guid":{"rendered":"https:\/\/larevistadigital.com.ar\/blog\/?p=26122"},"modified":"2022-06-26T21:22:57","modified_gmt":"2022-06-26T21:22:57","slug":"declaran-la-caducidad-de-partidos-politicos-y-agrupaciones","status":"publish","type":"post","link":"https:\/\/larevistadigital.com.ar\/blog\/declaran-la-caducidad-de-partidos-politicos-y-agrupaciones\/","title":{"rendered":"DECLARAN LA CADUCIDAD DE PARTIDOS POL\u00cdTICOS Y AGRUPACIONES"},"content":{"rendered":"<h2 class=\"fparrafo ctext fz18 lh25\">La Junta Electoral de la provincia de Buenos Aires declar\u00f3 la caducidad de la personer\u00eda pol\u00edtica de varios partidos pol\u00edticos que no superaron el umbral de votos en las \u00faltimas dos elecciones consecutivas, o por no haber participado; entre ellas, agrupaciones de Punta Indio, Berazategui, Pilar y Alberti.<\/h2>\n<p class=\"selectionShareable\">Las agrupaciones<b>\u00a0<\/b>pol\u00edticas cuya caducidad fueron publicadas en el Bolet\u00edn Oficial por la Junta Electoral bonaerense, son: <em><strong>\u00abCorriente de Unidad Social y Pol\u00edtica 6 de diciembre\u201d\u00a0<\/strong><\/em>del distrito\u00a0Punta Indio:\u00a0no haber participado en los comicios celebrados en los a\u00f1os 2019 y 2021, y <strong><em>\u00abFrente Patriota\u00bb<\/em><\/strong>: al no alcanzar, en dos elecciones sucesivas, el dos por ciento del respectivo del padr\u00f3n provincial o, en no menos de la cuarta parte de las Municipalidades.<\/p>\n<p class=\"selectionShareable\">Tambi\u00e9n fueron declarados caducos, el <em><strong>\u00abPartido Movimiento Organizaci\u00f3n Democr\u00e1tica\u201d<\/strong><\/em>, por no alcanzar, en dos elecciones sucesivas, el dos por ciento del respectivo del padr\u00f3n provincial o, en no menos de la cuarta parte de las Municipalidades.<\/p>\n<blockquote>\n<h3 class=\"selectionShareable\">En cuanto a las agrupaciones vecinales, quedaron caducas por no haber participado en los comicios celebrados en los a\u00f1os 2019 y 2021: \u00abElijo Berazategui\u00bb, y \u00abAcci\u00f3n por Pilar\u00bb, en tanto que \u00abPrimero Alberti\u00bb, caduc\u00f3 \u00a0por no convocar ni realizar elecci\u00f3n de autoridades partidarias.<\/h3>\n<\/blockquote>\n<p class=\"selectionShareable\">En abril y mayo pasado, la Junta tambi\u00e9n hab\u00eda declarado caducas a las agrupaciones distritales:\u00a0<strong>\u201cVecinalismo en Acci\u00f3n\u201d<\/strong>, de San Vicente; <strong>\u201cAgrupaci\u00f3n Vecinal Juntos\u201d<\/strong>, de la Capital bonaerense;<strong>\u00a0\u201cUna Nueva Oportunidad Suarense\u201d<\/strong>, de Coronel Su\u00e1rez; <strong>\u201cMarea Popular\u201d<\/strong>, de Luj\u00e1n; <strong>\u201cUnidos por Campana\u201d<\/strong>, y <strong>\u201cAgrupaci\u00f3n Acci\u00f3n Pol\u00edtica\u201d, de Chascom\u00fas.<\/strong><\/p>\n<p class=\"selectionShareable\">Tambi\u00e9n fueron caducadas, las agrupaciones vecinalistas:\u00a0<strong>Acci\u00f3n Vecinal por\u00a0Brandsen; Crear Villa Gesell; San Miguel\u00a0Somos Todos;\u00a0Ramallo Somos Todos;\u00a0Todos por Bah\u00eda; Podemos\u00a0Veinticinco de Mayo;\u00a0Uni\u00f3n del Pueblo de Moreno;\u00a0Uni\u00f3n Vecinal de\u00a0San Miguel; Uni\u00f3n Vecinal de\u00a0Balcarce; y\u00a0Mi Pueblo, de General Las Heras.<\/strong> (<b>InfoGEI<\/b>)Jd<\/p>\n<p>&nbsp;<\/p>\n","protected":false},"excerpt":{"rendered":"<div class=\"mh-excerpt\"><p>La Junta Electoral de la provincia de Buenos Aires declar\u00f3 la caducidad de la personer\u00eda pol\u00edtica de varios partidos pol\u00edticos que no superaron el umbral de votos en las \u00faltimas dos elecciones consecutivas, o por <a class=\"mh-excerpt-more\" href=\"https:\/\/larevistadigital.com.ar\/blog\/declaran-la-caducidad-de-partidos-politicos-y-agrupaciones\/\" title=\"DECLARAN LA CADUCIDAD DE PARTIDOS POL\u00cdTICOS Y AGRUPACIONES\">[Leer M\u00e1s]<\/a><\/p>\n<\/div>","protected":false},"author":3,"featured_media":26123,"comment_status":"open","ping_status":"open","sticky":false,"template":"","format":"standard","meta":{"_jetpack_memberships_contains_paid_content":false,"footnotes":"","jetpack_publicize_message":"","jetpack_publicize_feature_enabled":true,"jetpack_social_post_already_shared":true,"jetpack_social_options":{"image_generator_settings":{"template":"highway","default_image_id":0,"font":"","enabled":false},"version":2}},"categories":[50,12],"tags":[],"class_list":{"0":"post-26122","1":"post","2":"type-post","3":"status-publish","4":"format-standard","5":"has-post-thumbnail","7":"category-interes-general","8":"category-politica"},"jetpack_publicize_connections":[],"jetpack_featured_media_url":"https:\/\/i0.wp.com\/larevistadigital.com.ar\/blog\/wp-content\/uploads\/20220626193117_boleta-biondini.jpg?fit=880%2C512&ssl=1","jetpack_sharing_enabled":true,"jetpack_shortlink":"https:\/\/wp.me\/p8qtrQ-6Nk","jetpack-related-posts":[{"id":2049,"url":"https:\/\/larevistadigital.com.ar\/blog\/15-de-mayo-largada-oficial-camino-a-las-paso-y-a-las-elecciones-generales-2017\/","url_meta":{"origin":26122,"position":0},"title":"15 DE MAYO: LARGADA OFICIAL CAMINO A LAS PASO Y A LAS ELECCIONES GENERALES 2017","author":"Alejandro Sosa Ruda","date":"20 abril, 2017","format":false,"excerpt":"De acuerdo a la confirmaci\u00f3n del cronograma electoral por parte del Gobierno bonaerense, el 15 de mayo comenzar\u00e1 la cuenta regresiva de cara a las Primarias Abiertas Simult\u00e1neas y Obligatorias (PASO) y las elecciones generales, d\u00eda en que vencer\u00e1 el plazo para el reconocimiento de agrupaciones y partidos que se\u2026","rel":"","context":"En \u00abDESTACADAS\u00bb","block_context":{"text":"DESTACADAS","link":"https:\/\/larevistadigital.com.ar\/blog\/category\/destacadas\/"},"img":{"alt_text":"","src":"https:\/\/i0.wp.com\/larevistadigital.com.ar\/blog\/wp-content\/uploads\/2017\/04\/bbx_835270969_crono.jpg?fit=1200%2C544&ssl=1&resize=350%2C200","width":350,"height":200,"srcset":"https:\/\/i0.wp.com\/larevistadigital.com.ar\/blog\/wp-content\/uploads\/2017\/04\/bbx_835270969_crono.jpg?fit=1200%2C544&ssl=1&resize=350%2C200 1x, https:\/\/i0.wp.com\/larevistadigital.com.ar\/blog\/wp-content\/uploads\/2017\/04\/bbx_835270969_crono.jpg?fit=1200%2C544&ssl=1&resize=525%2C300 1.5x, https:\/\/i0.wp.com\/larevistadigital.com.ar\/blog\/wp-content\/uploads\/2017\/04\/bbx_835270969_crono.jpg?fit=1200%2C544&ssl=1&resize=700%2C400 2x, https:\/\/i0.wp.com\/larevistadigital.com.ar\/blog\/wp-content\/uploads\/2017\/04\/bbx_835270969_crono.jpg?fit=1200%2C544&ssl=1&resize=1050%2C600 3x"},"classes":[]},{"id":29628,"url":"https:\/\/larevistadigital.com.ar\/blog\/partidos-politicos-bonaerenses-perdieron-la-personeria-al-no-presentar-un-minimo-de-afiliados\/","url_meta":{"origin":26122,"position":1},"title":"PARTIDOS POL\u00cdTICOS BONAERENSES PERDIERON LA PERSONER\u00cdA AL NO PRESENTAR UN M\u00cdNIMO DE AFILIADOS.","author":"Alejandro Sosa Ruda","date":"26 diciembre, 2022","format":false,"excerpt":"En los fundamentos de las medidas se record\u00f3 que \u201ces causa de declaraci\u00f3n de caducidad de la personer\u00eda pol\u00edtica no mantener el n\u00famero m\u00ednimo de afiliados requeridos para el reconocimiento definitivo, circunstancia que ser\u00e1 verificada anualmente por el \u00f3rgano de aplicaci\u00f3n\u201d. 26 de diciembre de 2022 Se procedi\u00f3 a la\u2026","rel":"","context":"En \u00abINTERES GENERAL\u00bb","block_context":{"text":"INTERES GENERAL","link":"https:\/\/larevistadigital.com.ar\/blog\/category\/interes-general\/"},"img":{"alt_text":"","src":"https:\/\/i0.wp.com\/larevistadigital.com.ar\/blog\/wp-content\/uploads\/20221224161315_20221223104419-urna.jpg?fit=880%2C512&ssl=1&resize=350%2C200","width":350,"height":200,"srcset":"https:\/\/i0.wp.com\/larevistadigital.com.ar\/blog\/wp-content\/uploads\/20221224161315_20221223104419-urna.jpg?fit=880%2C512&ssl=1&resize=350%2C200 1x, https:\/\/i0.wp.com\/larevistadigital.com.ar\/blog\/wp-content\/uploads\/20221224161315_20221223104419-urna.jpg?fit=880%2C512&ssl=1&resize=525%2C300 1.5x, https:\/\/i0.wp.com\/larevistadigital.com.ar\/blog\/wp-content\/uploads\/20221224161315_20221223104419-urna.jpg?fit=880%2C512&ssl=1&resize=700%2C400 2x"},"classes":[]},{"id":40369,"url":"https:\/\/larevistadigital.com.ar\/blog\/40369-2\/","url_meta":{"origin":26122,"position":2},"title":"La Junta Electoral dej\u00f3 afuera de la elecci\u00f3n de Septiembre a Chascom\u00fas Primero. Los referentes podr\u00edan participar con otro sello partidario","author":"Alejandro Sosa Ruda","date":"8 julio, 2025","format":false,"excerpt":"La agrupaci\u00f3n vecinalista no cumpli\u00f3 con los requisitos exigidos por la Junta Electoral bonaerense y qued\u00f3 excluida del proceso electoral 2025. 08 de Julio de 2025 CHASCOM\u00daS -\u00a0 Un primer rev\u00e9s sufri\u00f3 el espacio vecinalista \"Chascom\u00fas Primero\", impulsado por Ramiro Ferrante y Valentino Redruello. La Junta Electoral de la Provincia\u2026","rel":"","context":"En \u00abDESTACADAS\u00bb","block_context":{"text":"DESTACADAS","link":"https:\/\/larevistadigital.com.ar\/blog\/category\/destacadas\/"},"img":{"alt_text":"","src":"https:\/\/i0.wp.com\/larevistadigital.com.ar\/blog\/wp-content\/uploads\/Captura-de-pantalla-2025-07-08-094155.jpg?fit=813%2C350&ssl=1&resize=350%2C200","width":350,"height":200,"srcset":"https:\/\/i0.wp.com\/larevistadigital.com.ar\/blog\/wp-content\/uploads\/Captura-de-pantalla-2025-07-08-094155.jpg?fit=813%2C350&ssl=1&resize=350%2C200 1x, https:\/\/i0.wp.com\/larevistadigital.com.ar\/blog\/wp-content\/uploads\/Captura-de-pantalla-2025-07-08-094155.jpg?fit=813%2C350&ssl=1&resize=525%2C300 1.5x, https:\/\/i0.wp.com\/larevistadigital.com.ar\/blog\/wp-content\/uploads\/Captura-de-pantalla-2025-07-08-094155.jpg?fit=813%2C350&ssl=1&resize=700%2C400 2x"},"classes":[]},{"id":40175,"url":"https:\/\/larevistadigital.com.ar\/blog\/peronismo-el-nombre-del-frente-que-conduciran-massa-y-maximo\/","url_meta":{"origin":26122,"position":3},"title":"\u00abPeronismo\u00bb: El nombre del frente que conducir\u00e1n Massa y M\u00e1ximo","author":"Alejandro Sosa Ruda","date":"24 junio, 2025","format":false,"excerpt":"De cara al calendario electoral bonaerense, los l\u00edderes del Frente Renovador y La C\u00e1mpora comenzaron a delinear un nuevo espacio pol\u00edtico, mientras el sector de Axel Kicillof observa con recelo desde la vereda de enfrente. 24 de Junio de 2025 Un nuevo reacomodamiento pol\u00edtico sacude al peronismo en la provincia\u2026","rel":"","context":"En \u00abINTERES GENERAL\u00bb","block_context":{"text":"INTERES GENERAL","link":"https:\/\/larevistadigital.com.ar\/blog\/category\/interes-general\/"},"img":{"alt_text":"","src":"https:\/\/i0.wp.com\/larevistadigital.com.ar\/blog\/wp-content\/uploads\/Captura-de-pantalla-2025-06-24-145554.jpg?fit=800%2C452&ssl=1&resize=350%2C200","width":350,"height":200,"srcset":"https:\/\/i0.wp.com\/larevistadigital.com.ar\/blog\/wp-content\/uploads\/Captura-de-pantalla-2025-06-24-145554.jpg?fit=800%2C452&ssl=1&resize=350%2C200 1x, https:\/\/i0.wp.com\/larevistadigital.com.ar\/blog\/wp-content\/uploads\/Captura-de-pantalla-2025-06-24-145554.jpg?fit=800%2C452&ssl=1&resize=525%2C300 1.5x, https:\/\/i0.wp.com\/larevistadigital.com.ar\/blog\/wp-content\/uploads\/Captura-de-pantalla-2025-06-24-145554.jpg?fit=800%2C452&ssl=1&resize=700%2C400 2x"},"classes":[]},{"id":32564,"url":"https:\/\/larevistadigital.com.ar\/blog\/dolores-denuncian-una-lista-fantasma-de-cara-a-las-paso\/","url_meta":{"origin":26122,"position":4},"title":"DOLORES: DENUNCIAN UNA \u00abLISTA FANTASMA\u00bb DE CARA A LAS PASO","author":"Alejandro Sosa Ruda","date":"24 julio, 2023","format":false,"excerpt":"S\u00f3lo cuatro personas ten\u00edan domicilio en Dolores y ante la consulta period\u00edstica dos de los dolorenses que figuran en la lista confirmaron que no hab\u00edan prestado su conformidad para integrar esa propuesta. 24 de julio de 2023 DOLORES -\u00a0 \u00a0La semana pasada la Junta Electoral oficializ\u00f3 las listas para las\u2026","rel":"","context":"En \u00abDOLORES\u00bb","block_context":{"text":"DOLORES","link":"https:\/\/larevistadigital.com.ar\/blog\/category\/dolores\/"},"img":{"alt_text":"","src":"https:\/\/i0.wp.com\/larevistadigital.com.ar\/blog\/wp-content\/uploads\/20230724174844_politica.jpg?fit=880%2C512&ssl=1&resize=350%2C200","width":350,"height":200,"srcset":"https:\/\/i0.wp.com\/larevistadigital.com.ar\/blog\/wp-content\/uploads\/20230724174844_politica.jpg?fit=880%2C512&ssl=1&resize=350%2C200 1x, https:\/\/i0.wp.com\/larevistadigital.com.ar\/blog\/wp-content\/uploads\/20230724174844_politica.jpg?fit=880%2C512&ssl=1&resize=525%2C300 1.5x, https:\/\/i0.wp.com\/larevistadigital.com.ar\/blog\/wp-content\/uploads\/20230724174844_politica.jpg?fit=880%2C512&ssl=1&resize=700%2C400 2x"},"classes":[]},{"id":13100,"url":"https:\/\/larevistadigital.com.ar\/blog\/maipu-se-rechazo-el-pedido-de-impugnacion-de-la-eleccion\/","url_meta":{"origin":26122,"position":5},"title":"MAIP\u00da: SE RECHAZ\u00d3 EL PEDIDO DE IMPUGNACI\u00d3N DE LA ELECCI\u00d3N","author":"Alejandro Sosa Ruda","date":"7 noviembre, 2019","format":false,"excerpt":"Finalmente, la Junta Electoral de la provincia de Buenos Aires no dio lugar al pedido de impugnaci\u00f3n de la elecciones en el partido de Maip\u00fa, que hab\u00eda sido pedida por los apoderados del Frente de Todos del mencionado distrito bonaerense. El propio Intendente en ejercicio y re-electo Mat\u00edas Rappallini dio\u2026","rel":"","context":"En \u00abPOLITICA PROVINCIAL\u00bb","block_context":{"text":"POLITICA PROVINCIAL","link":"https:\/\/larevistadigital.com.ar\/blog\/category\/politica\/politica-provincial\/"},"img":{"alt_text":"","src":"https:\/\/i0.wp.com\/larevistadigital.com.ar\/blog\/wp-content\/uploads\/Facundo-Coudannes.jpg?fit=855%2C458&ssl=1&resize=350%2C200","width":350,"height":200,"srcset":"https:\/\/i0.wp.com\/larevistadigital.com.ar\/blog\/wp-content\/uploads\/Facundo-Coudannes.jpg?fit=855%2C458&ssl=1&resize=350%2C200 1x, https:\/\/i0.wp.com\/larevistadigital.com.ar\/blog\/wp-content\/uploads\/Facundo-Coudannes.jpg?fit=855%2C458&ssl=1&resize=525%2C300 1.5x, https:\/\/i0.wp.com\/larevistadigital.com.ar\/blog\/wp-content\/uploads\/Facundo-Coudannes.jpg?fit=855%2C458&ssl=1&resize=700%2C400 2x"},"classes":[]}],"_links":{"self":[{"href":"https:\/\/larevistadigital.com.ar\/blog\/wp-json\/wp\/v2\/posts\/26122","targetHints":{"allow":["GET"]}}],"collection":[{"href":"https:\/\/larevistadigital.com.ar\/blog\/wp-json\/wp\/v2\/posts"}],"about":[{"href":"https:\/\/larevistadigital.com.ar\/blog\/wp-json\/wp\/v2\/types\/post"}],"author":[{"embeddable":true,"href":"https:\/\/larevistadigital.com.ar\/blog\/wp-json\/wp\/v2\/users\/3"}],"replies":[{"embeddable":true,"href":"https:\/\/larevistadigital.com.ar\/blog\/wp-json\/wp\/v2\/comments?post=26122"}],"version-history":[{"count":1,"href":"https:\/\/larevistadigital.com.ar\/blog\/wp-json\/wp\/v2\/posts\/26122\/revisions"}],"predecessor-version":[{"id":26124,"href":"https:\/\/larevistadigital.com.ar\/blog\/wp-json\/wp\/v2\/posts\/26122\/revisions\/26124"}],"wp:featuredmedia":[{"embeddable":true,"href":"https:\/\/larevistadigital.com.ar\/blog\/wp-json\/wp\/v2\/media\/26123"}],"wp:attachment":[{"href":"https:\/\/larevistadigital.com.ar\/blog\/wp-json\/wp\/v2\/media?parent=26122"}],"wp:term":[{"taxonomy":"category","embeddable":true,"href":"https:\/\/larevistadigital.com.ar\/blog\/wp-json\/wp\/v2\/categories?post=26122"},{"taxonomy":"post_tag","embeddable":true,"href":"https:\/\/larevistadigital.com.ar\/blog\/wp-json\/wp\/v2\/tags?post=26122"}],"curies":[{"name":"wp","href":"https:\/\/api.w.org\/{rel}","templated":true}]}}