{"id":26125,"date":"2022-06-26T21:36:07","date_gmt":"2022-06-26T21:36:07","guid":{"rendered":"https:\/\/larevistadigital.com.ar\/blog\/?p=26125"},"modified":"2022-06-26T21:36:07","modified_gmt":"2022-06-26T21:36:07","slug":"73-km-de-calzada-y-banquinas-inician-la-repavimentacion-de-la-ruta-29-entre-brandsen-y-belgrano","status":"publish","type":"post","link":"https:\/\/larevistadigital.com.ar\/blog\/73-km-de-calzada-y-banquinas-inician-la-repavimentacion-de-la-ruta-29-entre-brandsen-y-belgrano\/","title":{"rendered":"73 KM. DE CALZADA Y BANQUINAS: INICIAN LA REPAVIMENTACI\u00d3N DE LA RUTA 29 ENTRE BRANDSEN Y BELGRANO"},"content":{"rendered":"<h2 class=\"fparrafo ctext fz18 lh25\">La licitaci\u00f3n de esta obra, que tuvo lugar en septiembre de 2021 en la Direcci\u00f3n de Vialidad de la Provincia de Buenos Aires, con la apertura de sobres, consiste en la repavimentaci\u00f3n de 73 km de calzada y construcci\u00f3n de banquinas pavimentadas en la Ruta Provincial N\u00b0 29, desde Coronel Brandsen a General Belgrano, pasando por General Paz, en un plazo de 2 a\u00f1os, con una inversi\u00f3n de la Provincia superior a los 2.500 millones de pesos.<\/h2>\n<p class=\"selectionShareable\"><strong>BUENOS AIRES &#8211;<\/strong>\u00a0 Tras el comienzo de los trabajos en la Ruta 29, el intendente de Ranchos dio detalles de la obra a realizar y agradeci\u00f3 gobernador bonaerense Axel Kicillof \u201cpor hacer posible la concreci\u00f3n de una obra que impacta de lleno en la seguridad de los vecinos y vecinas que la transitan, como as\u00ed tambi\u00e9n en la econom\u00eda local siendo el principal corredor productivo de nuestro distrito\u201d.<\/p>\n<blockquote>\n<h3 class=\"selectionShareable\">Se trata de una obra de repavimentaci\u00f3n y ensanche con banquinas pavimentadas de la Ruta 29, que tiene un plazo de ejecuci\u00f3n de 2 a\u00f1os, con un presupuesto oficial de $2.643.400.029,94\u201c.<\/h3>\n<\/blockquote>\n<p class=\"selectionShareable\"><em><strong>\u201cUn avance sustancial para General Paz y para la regi\u00f3n, y una necesidad por lo que venimos trabajando desde hace mucho tiempo\u201d<\/strong><\/em>, se\u00f1al\u00f3 en su red social de Twitter, el Jefe comunal de Ranchos, <strong>Juan Manuel \u00c1lvarez.<\/strong><\/p>\n<blockquote>\n<h3 class=\"selectionShareable\">Seg\u00fan los datos relevados por InfoGEI, la Ruta 29 es una ruta en la circulan a diario muchos camiones de transporte de productos agr\u00edcolas y durante la temporada de verano, es el camino elegido por numerosos turistas que viajan a las ciudades de Chascom\u00fas, Necochea, Mar del Plata o Claromec\u00f3.<\/h3>\n<\/blockquote>\n<p class=\"selectionShareable\">La misma, recorre alrededor de 306 km entre las cercan\u00edas de la ciudad de Brandsen y el empalme con la Ruta Nacional 226, entre las localidades de Balcarce y Napaleof\u00fa. (<b>InfoGEI<\/b>)Ap\/Jd<\/p>\n","protected":false},"excerpt":{"rendered":"<div class=\"mh-excerpt\"><p>La licitaci\u00f3n de esta obra, que tuvo lugar en septiembre de 2021 en la Direcci\u00f3n de Vialidad de la Provincia de Buenos Aires, con la apertura de sobres, consiste en la repavimentaci\u00f3n de 73 km <a class=\"mh-excerpt-more\" href=\"https:\/\/larevistadigital.com.ar\/blog\/73-km-de-calzada-y-banquinas-inician-la-repavimentacion-de-la-ruta-29-entre-brandsen-y-belgrano\/\" title=\"73 KM. DE CALZADA Y BANQUINAS: INICIAN LA REPAVIMENTACI\u00d3N DE LA RUTA 29 ENTRE BRANDSEN Y BELGRANO\">[Leer M\u00e1s]<\/a><\/p>\n<\/div>","protected":false},"author":3,"featured_media":26126,"comment_status":"open","ping_status":"open","sticky":false,"template":"","format":"standard","meta":{"_jetpack_memberships_contains_paid_content":false,"footnotes":"","jetpack_publicize_message":"","jetpack_publicize_feature_enabled":true,"jetpack_social_post_already_shared":true,"jetpack_social_options":{"image_generator_settings":{"template":"highway","default_image_id":0,"font":"","enabled":false},"version":2}},"categories":[51],"tags":[],"class_list":{"0":"post-26125","1":"post","2":"type-post","3":"status-publish","4":"format-standard","5":"has-post-thumbnail","7":"category-regionales"},"jetpack_publicize_connections":[],"jetpack_featured_media_url":"https:\/\/i0.wp.com\/larevistadigital.com.ar\/blog\/wp-content\/uploads\/20220626165120_ruta-29-repavimentacion-ensanche-rachos.jpg?fit=880%2C512&ssl=1","jetpack_sharing_enabled":true,"jetpack_shortlink":"https:\/\/wp.me\/p8qtrQ-6Nn","jetpack-related-posts":[{"id":33286,"url":"https:\/\/larevistadigital.com.ar\/blog\/chascomus-y-otros-distritos-favorecidos-por-la-repavimentacion-de-la-ruta-provincial-2\/","url_meta":{"origin":26125,"position":0},"title":"CHASCOM\u00daS Y OTROS DISTRITOS FAVORECIDOS POR LA REPAVIMENTACI\u00d3N DE LA RUTA PROVINCIAL 2","author":"Alejandro Sosa Ruda","date":"5 septiembre, 2023","format":false,"excerpt":"La obra de 146 kil\u00f3metros atraviesa los municipios de La Plata, Brandsen, Chascom\u00fas, Lezama, Castelli y Dolores. 5 de Septiembre de 2023 CHASCOM\u00daS -\u00a0 La Direcci\u00f3n de Vialidad de la provincia de Buenos Aires, dependiente del Ministerio de Infraestructura y Servicios P\u00fablicos, avanza con los trabajos de repavimentaci\u00f3n de la\u2026","rel":"","context":"En \u00abINTERES GENERAL\u00bb","block_context":{"text":"INTERES GENERAL","link":"https:\/\/larevistadigital.com.ar\/blog\/category\/interes-general\/"},"img":{"alt_text":"","src":"https:\/\/i0.wp.com\/larevistadigital.com.ar\/blog\/wp-content\/uploads\/foto-1-1.jpg?fit=800%2C532&ssl=1&resize=350%2C200","width":350,"height":200,"srcset":"https:\/\/i0.wp.com\/larevistadigital.com.ar\/blog\/wp-content\/uploads\/foto-1-1.jpg?fit=800%2C532&ssl=1&resize=350%2C200 1x, https:\/\/i0.wp.com\/larevistadigital.com.ar\/blog\/wp-content\/uploads\/foto-1-1.jpg?fit=800%2C532&ssl=1&resize=525%2C300 1.5x, https:\/\/i0.wp.com\/larevistadigital.com.ar\/blog\/wp-content\/uploads\/foto-1-1.jpg?fit=800%2C532&ssl=1&resize=700%2C400 2x"},"classes":[]},{"id":29169,"url":"https:\/\/larevistadigital.com.ar\/blog\/era-hora-empezaron-con-las-tareas-de-repavimentacion-en-la-ruta-2-entre-chascomus-y-dolores\/","url_meta":{"origin":26125,"position":1},"title":"\u00a1ERA HORA!&#8230; EMPEZARON CON LAS TAREAS DE REPAVIMENTACI\u00d3N EN LA RUTA 2 ENTRE CHASCOM\u00daS Y DOLORES","author":"Alejandro Sosa Ruda","date":"29 noviembre, 2022","format":false,"excerpt":"La obra total alcanzar\u00e1 146 kil\u00f3metros, beneficiando 6 distritos bonaerenses. Para la ejecuci\u00f3n de los trabajos, se invirtieron m\u00e1s de 7.400 millones de pesos. 29 de noviembre de 2022 BUENOS AIRES -\u00a0 El Gobierno bonaerense inici\u00f3 las tareas preliminares a la repavimentaci\u00f3n de la Ruta 2. La obra consiste en\u2026","rel":"","context":"En \u00abPOLITICA PROVINCIAL\u00bb","block_context":{"text":"POLITICA PROVINCIAL","link":"https:\/\/larevistadigital.com.ar\/blog\/category\/politica\/politica-provincial\/"},"img":{"alt_text":"","src":"https:\/\/i0.wp.com\/larevistadigital.com.ar\/blog\/wp-content\/uploads\/823f34c08b703de5554c14c07d88d832ec20c5f0.jpg?fit=1140%2C762&ssl=1&resize=350%2C200","width":350,"height":200,"srcset":"https:\/\/i0.wp.com\/larevistadigital.com.ar\/blog\/wp-content\/uploads\/823f34c08b703de5554c14c07d88d832ec20c5f0.jpg?fit=1140%2C762&ssl=1&resize=350%2C200 1x, https:\/\/i0.wp.com\/larevistadigital.com.ar\/blog\/wp-content\/uploads\/823f34c08b703de5554c14c07d88d832ec20c5f0.jpg?fit=1140%2C762&ssl=1&resize=525%2C300 1.5x, https:\/\/i0.wp.com\/larevistadigital.com.ar\/blog\/wp-content\/uploads\/823f34c08b703de5554c14c07d88d832ec20c5f0.jpg?fit=1140%2C762&ssl=1&resize=700%2C400 2x, https:\/\/i0.wp.com\/larevistadigital.com.ar\/blog\/wp-content\/uploads\/823f34c08b703de5554c14c07d88d832ec20c5f0.jpg?fit=1140%2C762&ssl=1&resize=1050%2C600 3x"},"classes":[]},{"id":31211,"url":"https:\/\/larevistadigital.com.ar\/blog\/por-fin-comenzo-la-repavimentacion-de-la-ruta-2-en-el-tramo-que-pasa-por-chascomus-lezama-castelli-y-dolores\/","url_meta":{"origin":26125,"position":2},"title":"POR FIN: COMENZ\u00d3 LA REPAVIMENTACI\u00d3N DE LA RUTA 2 EN EL TRAMO QUE PASA POR CHASCOM\u00daS, LEZAMA, CASTELLI Y DOLORES","author":"Alejandro Sosa Ruda","date":"24 abril, 2023","format":false,"excerpt":"Los trabajos tambi\u00e9n incluyen la puesta en valor y bacheo del tramo entre Las Armas y Mar del Plata. Los detalles de la obra. 24 de abril de 2023 BUENOS AIRES -\u00a0\u00a0El Gobierno bonaerense comenz\u00f3 con la obra de\u00a0repavimentaci\u00f3n, bacheo y puesta en valor de la Ruta 2\u00a0en un importante\u2026","rel":"","context":"En \u00abPOLITICA PROVINCIAL\u00bb","block_context":{"text":"POLITICA PROVINCIAL","link":"https:\/\/larevistadigital.com.ar\/blog\/category\/politica\/politica-provincial\/"},"img":{"alt_text":"","src":"https:\/\/i0.wp.com\/larevistadigital.com.ar\/blog\/wp-content\/uploads\/31b55ced6ac1f674bfbbe9ff0e5bd01118c3d679.jpg?fit=1140%2C760&ssl=1&resize=350%2C200","width":350,"height":200,"srcset":"https:\/\/i0.wp.com\/larevistadigital.com.ar\/blog\/wp-content\/uploads\/31b55ced6ac1f674bfbbe9ff0e5bd01118c3d679.jpg?fit=1140%2C760&ssl=1&resize=350%2C200 1x, https:\/\/i0.wp.com\/larevistadigital.com.ar\/blog\/wp-content\/uploads\/31b55ced6ac1f674bfbbe9ff0e5bd01118c3d679.jpg?fit=1140%2C760&ssl=1&resize=525%2C300 1.5x, https:\/\/i0.wp.com\/larevistadigital.com.ar\/blog\/wp-content\/uploads\/31b55ced6ac1f674bfbbe9ff0e5bd01118c3d679.jpg?fit=1140%2C760&ssl=1&resize=700%2C400 2x, https:\/\/i0.wp.com\/larevistadigital.com.ar\/blog\/wp-content\/uploads\/31b55ced6ac1f674bfbbe9ff0e5bd01118c3d679.jpg?fit=1140%2C760&ssl=1&resize=1050%2C600 3x"},"classes":[]},{"id":28423,"url":"https:\/\/larevistadigital.com.ar\/blog\/la-gobernacion-realiza-obras-viales-en-6-rutas-bonaerenses\/","url_meta":{"origin":26125,"position":3},"title":"LA GOBERNACI\u00d3N REALIZA OBRAS VIALES EN 6 RUTAS BONAERENSES","author":"Alejandro Sosa Ruda","date":"14 octubre, 2022","format":false,"excerpt":"Se llevan a cabo tareas de repavimentaci\u00f3n en los corredores 215, 85, 51, 65, 11 y 21, que mejorar\u00e1n la seguridad, la conectividad y la producci\u00f3n en el territorio provincial. 13 de Octubre de 2022 La Direcci\u00f3n de Vialidad, dependiente del Ministerio de Infraestructura y Servicios P\u00fablicos, lleva adelante numerosas\u2026","rel":"","context":"En \u00abPOLITICA PROVINCIAL\u00bb","block_context":{"text":"POLITICA PROVINCIAL","link":"https:\/\/larevistadigital.com.ar\/blog\/category\/politica\/politica-provincial\/"},"img":{"alt_text":"","src":"https:\/\/i0.wp.com\/larevistadigital.com.ar\/blog\/wp-content\/uploads\/20221012171641_maquina.jpg?fit=880%2C512&ssl=1&resize=350%2C200","width":350,"height":200,"srcset":"https:\/\/i0.wp.com\/larevistadigital.com.ar\/blog\/wp-content\/uploads\/20221012171641_maquina.jpg?fit=880%2C512&ssl=1&resize=350%2C200 1x, https:\/\/i0.wp.com\/larevistadigital.com.ar\/blog\/wp-content\/uploads\/20221012171641_maquina.jpg?fit=880%2C512&ssl=1&resize=525%2C300 1.5x, https:\/\/i0.wp.com\/larevistadigital.com.ar\/blog\/wp-content\/uploads\/20221012171641_maquina.jpg?fit=880%2C512&ssl=1&resize=700%2C400 2x"},"classes":[]},{"id":39955,"url":"https:\/\/larevistadigital.com.ar\/blog\/kicillof-inauguro-la-obra-de-repavimentacion-de-la-ruta-provincial-n31\/","url_meta":{"origin":26125,"position":4},"title":"Kicillof inaugur\u00f3 la obra de repavimentaci\u00f3n de la Ruta Provincial N\u00b031","author":"Alejandro Sosa Ruda","date":"5 junio, 2025","format":false,"excerpt":"El gobernador de la provincia de Buenos Aires, Axel Kicillof, encabez\u00f3 este mi\u00e9rcoles en el municipio de Rojas la inauguraci\u00f3n de la obra de repavimentaci\u00f3n de 38 kil\u00f3metros de la Ruta Provincial N\u00b031, junto al ministro de Infraestructura y Servicios P\u00fablicos, Gabriel Katopodis; el administrador general de Vialidad, Roberto Caggiano;\u2026","rel":"","context":"En \u00abINTERES GENERAL\u00bb","block_context":{"text":"INTERES GENERAL","link":"https:\/\/larevistadigital.com.ar\/blog\/category\/interes-general\/"},"img":{"alt_text":"","src":"https:\/\/i0.wp.com\/larevistadigital.com.ar\/blog\/wp-content\/uploads\/Axel-Kicillof_110.jpg?fit=743%2C530&ssl=1&resize=350%2C200","width":350,"height":200,"srcset":"https:\/\/i0.wp.com\/larevistadigital.com.ar\/blog\/wp-content\/uploads\/Axel-Kicillof_110.jpg?fit=743%2C530&ssl=1&resize=350%2C200 1x, https:\/\/i0.wp.com\/larevistadigital.com.ar\/blog\/wp-content\/uploads\/Axel-Kicillof_110.jpg?fit=743%2C530&ssl=1&resize=525%2C300 1.5x, https:\/\/i0.wp.com\/larevistadigital.com.ar\/blog\/wp-content\/uploads\/Axel-Kicillof_110.jpg?fit=743%2C530&ssl=1&resize=700%2C400 2x"},"classes":[]},{"id":11395,"url":"https:\/\/larevistadigital.com.ar\/blog\/operativo-especial-en-las-rutas-a-la-costa-por-las-vacaciones-de-invierno\/","url_meta":{"origin":26125,"position":5},"title":"OPERATIVO ESPECIAL EN LAS RUTAS A LA COSTA POR LAS VACACIONES DE INVIERNO","author":"Alejandro Sosa Ruda","date":"20 julio, 2019","format":false,"excerpt":"Ante el comienzo de las vacaciones de invierno, AUBASA dispuso un operativo especial que incluye m\u00e1s m\u00f3viles de asistencia, puestos de atenci\u00f3n sanitaria y un cambio en el cronograma de trabajos para facilitar el tr\u00e1nsito a quienes viajen hacia la Costa Atl\u00e1ntica. As\u00ed es que la empresa destin\u00f3 a la\u2026","rel":"","context":"En \u00abINTERES GENERAL\u00bb","block_context":{"text":"INTERES GENERAL","link":"https:\/\/larevistadigital.com.ar\/blog\/category\/interes-general\/"},"img":{"alt_text":"","src":"https:\/\/i0.wp.com\/larevistadigital.com.ar\/blog\/wp-content\/uploads\/MG_2884.jpg?fit=1200%2C800&ssl=1&resize=350%2C200","width":350,"height":200,"srcset":"https:\/\/i0.wp.com\/larevistadigital.com.ar\/blog\/wp-content\/uploads\/MG_2884.jpg?fit=1200%2C800&ssl=1&resize=350%2C200 1x, https:\/\/i0.wp.com\/larevistadigital.com.ar\/blog\/wp-content\/uploads\/MG_2884.jpg?fit=1200%2C800&ssl=1&resize=525%2C300 1.5x, https:\/\/i0.wp.com\/larevistadigital.com.ar\/blog\/wp-content\/uploads\/MG_2884.jpg?fit=1200%2C800&ssl=1&resize=700%2C400 2x, https:\/\/i0.wp.com\/larevistadigital.com.ar\/blog\/wp-content\/uploads\/MG_2884.jpg?fit=1200%2C800&ssl=1&resize=1050%2C600 3x"},"classes":[]}],"_links":{"self":[{"href":"https:\/\/larevistadigital.com.ar\/blog\/wp-json\/wp\/v2\/posts\/26125","targetHints":{"allow":["GET"]}}],"collection":[{"href":"https:\/\/larevistadigital.com.ar\/blog\/wp-json\/wp\/v2\/posts"}],"about":[{"href":"https:\/\/larevistadigital.com.ar\/blog\/wp-json\/wp\/v2\/types\/post"}],"author":[{"embeddable":true,"href":"https:\/\/larevistadigital.com.ar\/blog\/wp-json\/wp\/v2\/users\/3"}],"replies":[{"embeddable":true,"href":"https:\/\/larevistadigital.com.ar\/blog\/wp-json\/wp\/v2\/comments?post=26125"}],"version-history":[{"count":2,"href":"https:\/\/larevistadigital.com.ar\/blog\/wp-json\/wp\/v2\/posts\/26125\/revisions"}],"predecessor-version":[{"id":26145,"href":"https:\/\/larevistadigital.com.ar\/blog\/wp-json\/wp\/v2\/posts\/26125\/revisions\/26145"}],"wp:featuredmedia":[{"embeddable":true,"href":"https:\/\/larevistadigital.com.ar\/blog\/wp-json\/wp\/v2\/media\/26126"}],"wp:attachment":[{"href":"https:\/\/larevistadigital.com.ar\/blog\/wp-json\/wp\/v2\/media?parent=26125"}],"wp:term":[{"taxonomy":"category","embeddable":true,"href":"https:\/\/larevistadigital.com.ar\/blog\/wp-json\/wp\/v2\/categories?post=26125"},{"taxonomy":"post_tag","embeddable":true,"href":"https:\/\/larevistadigital.com.ar\/blog\/wp-json\/wp\/v2\/tags?post=26125"}],"curies":[{"name":"wp","href":"https:\/\/api.w.org\/{rel}","templated":true}]}}