{"id":26129,"date":"2022-06-26T21:43:10","date_gmt":"2022-06-26T21:43:10","guid":{"rendered":"https:\/\/larevistadigital.com.ar\/blog\/?p=26129"},"modified":"2022-06-26T21:43:10","modified_gmt":"2022-06-26T21:43:10","slug":"muerte-en-comisaria-de-laprida","status":"publish","type":"post","link":"https:\/\/larevistadigital.com.ar\/blog\/muerte-en-comisaria-de-laprida\/","title":{"rendered":"MUERTE EN COMISAR\u00cdA DE LAPRIDA:"},"content":{"rendered":"<div class=\"pt3p pb3p col-offset-0 col-md-offset-1 col-12 col-md-11 nota-encabezado\">\n<h2 class=\"fparrafo ctext fz18 lh25\">La Comisi\u00f3n Provincial por la Memoria (CPM) solicit\u00f3 a la jueza de garant\u00edas Fabiana San Rom\u00e1n, que ordene la reautopsia sobre el cuerpo de Daiana Abreg\u00fa, la joven que muri\u00f3 en un calabozo de la comisar\u00eda de Laprida.<\/h2>\n<p class=\"selectionShareable\"><strong>LAPRIDA &#8211;\u00a0<\/strong> A pesar de esto y de otras pruebas en el expediente que obligan a profundizar la hip\u00f3tesis del homicidio, el nuevo fiscal de la causa <strong>Juan Ignacio Calonje<\/strong> rechaz\u00f3 el pedido de reautopsia. En calidad de Mecanismo Local de Prevenci\u00f3n de la Tortura, la CPM que interviene como particular damnificado institucional en la causa, denunci\u00f3 estas irregularidades y reclam\u00f3 a la justicia que se realice una investigaci\u00f3n adecuada, eficaz y r\u00e1pida para conocer la verdad de lo ocurrido.<\/p>\n<blockquote>\n<h3 class=\"selectionShareable\">En la madrugada del pasado 5 de junio, Daiana Abregu fue detenida por una contravenci\u00f3n menor de \u201calteraci\u00f3n del orden p\u00fablico\u201d y alojada en los calabozos de la comisar\u00eda de Laprida. Horas m\u00e1s tarde, estando bajo custodia estatal, la encontraron muerta en la celda con signos de ahorcamiento.<\/h3>\n<\/blockquote>\n<p class=\"selectionShareable\">Un d\u00eda despu\u00e9s de la muerte, el titular de la UFI 7 de Olavarr\u00eda, <strong>Cristian Urlezaga<\/strong>, orden\u00f3 la autopsia sobre el cuerpo de la joven sin controlar que se respeten los est\u00e1ndares m\u00ednimos, establecidos por la normativa internacional y la Constituci\u00f3n Nacional, con los que se debe realizar esta prueba. La causa penal qued\u00f3 luego a cargo del fiscal <strong>Juan Ignacio Calonje<\/strong> de la Fiscal\u00eda especializada en violencia institucional del Departamento Judicial de Azul. A pesar de tratarse de una muerte en contexto de encierro, y de ser titular de una unidad te\u00f3ricamente especializada en este tipo de delitos, <strong>Calonje<\/strong> sigui\u00f3 defendiendo la autopsia ordenada por el primer fiscal.<\/p>\n<p class=\"selectionShareable\"><span style=\"color: #ff0000\"><b>Medida inaceptable<\/b><\/span><\/p>\n<p class=\"selectionShareable\">En particular, la CPM se\u00f1al\u00f3 que la autopsia del 6 de junio se realiz\u00f3 sin aplicar el protocolo de Minnesota, una resoluci\u00f3n que resulta inaceptable en el marco de las disposiciones que emanan de la normativa vigente. Se trata, por lo tanto, de un examen incompleto, ya que no fue efectuado con las previsiones y perspectivas de una investigaci\u00f3n sobre una muerte violenta ocurrida en contexto de encierro y bajo custodia estatal.<\/p>\n<p class=\"selectionShareable\">En el escrito, la CPM se\u00f1ala una serie de falencias del examen de autopsia: el faltante de radiograf\u00edas, la ausencia de an\u00e1lisis para determinar si algunas marcas o heridas en el cuello de la joven fueron generadas con anterioridad o son posteriores a su muerte, el car\u00e1cter limitado del registro fotogr\u00e1fico y f\u00edlmico. Por \u00faltimo, tambi\u00e9n se remarca la falta de especialidad de la m\u00e9dica que realiz\u00f3 la autopsia; si bien est\u00e1 habilitada para realizar este tipo de ex\u00e1menes, el protocolo Minesotta obliga en estos casos que se constituya un equipo apto, con distintas especialidades para el an\u00e1lisis cient\u00edfico.<\/p>\n<p class=\"selectionShareable\"><span style=\"color: #ff0000\"><b>Rechazo sin fundamento<\/b><\/span><\/p>\n<p class=\"selectionShareable\">A pesar de todas estas falencias, el fiscal <strong>Calonje<\/strong> rechaz\u00f3 el pedido de reautopsia y defendi\u00f3 la primera autopsia bajo el argumento de que hab\u00eda sido realizada en la Asesor\u00eda Pericial de la Corte Bonaerense y que la m\u00e9dica autopsiante no pertenece a la fuerza de seguridad implicada en el hecho. Ninguno de los dos hechos alcanza, por s\u00ed solos, para que sean respetados los principios establecidos por el protocolo.<\/p>\n<p class=\"selectionShareable\">M\u00e1s grave a\u00fan, al momento de rechazar el pedido formulado por la CPM, el fiscal desconoce que en el expediente judicial hay nuevos testimonios y medidas de prueba que vincular\u00edan a funcionarios policiales en la muerte de la joven y que obligan a profundizar la hip\u00f3tesis del homicidio.<\/p>\n<p class=\"selectionShareable\"><span style=\"color: #ff0000\"><b>Pedido a la jueza<\/b><\/span><\/p>\n<p class=\"selectionShareable\">Ante la negativa del fiscal, la CPM le solicit\u00f3 a la jueza de garant\u00edas de Azul<strong> Fabiana San Rom\u00e1n<\/strong> que ordene con car\u00e1cter urgente la realizaci\u00f3n de una nueva autopsia, respetando los est\u00e1ndares internacionales para este tipo de casos y con la participaci\u00f3n de todas las partes. <strong><em>\u201cAplazar la realizaci\u00f3n de la misma puede devenir en un acto irreproducible, debido a que el paso del tiempo atenta contra la conservaci\u00f3n del cuerpo de la v\u00edctima y las posibilidades reales de encontrar en su an\u00e1lisis respuestas a lo sucedido\u201d<\/em><\/strong>, se advierte en el escrito.<\/p>\n<p class=\"selectionShareable\">Sobre la urgencia de esta medida, la CPM tambi\u00e9n expres\u00f3 la preocupaci\u00f3n por las condiciones endebles de preservaci\u00f3n en que se encuentra el cuerpo de la joven: un dep\u00f3sito del cementerio municipal sin ser preservado en c\u00e1mara de refrigeraci\u00f3n. Al mismo tiempo se le requiere a la familia una urgente sepultura por falta de espacio para mantenerlo all\u00ed.<\/p>\n<p class=\"selectionShareable\"><span style=\"color: #ff0000\"><b>Muertes en comisar\u00edas<\/b><\/span><\/p>\n<p class=\"selectionShareable\">En los \u00faltimos 10 a\u00f1os, 187 personas murieron en comisarias bonaerenses. En el 35 % de los casos se desconoce la causa de la muerte por los d\u00e9ficits en las investigaciones y la escasa decisi\u00f3n judicial de descubrir la verdad. El 2021 registraron 25 casos, el n\u00famero m\u00e1s alto de la d\u00e9cada. Por eso es indispensable una investigaci\u00f3n exhaustiva, eficaz y adecuada de estas muertes, ocurridas bajo cuidado de agentes estatales en establecimientos p\u00fablicos. Y para eso es indispensable hacerlo con los medios de prueba conducentes para tal fin.<\/p>\n<p class=\"selectionShareable\">En tal sentido, la presentaci\u00f3n de la CPM concluye se\u00f1alando que <strong><em>\u201cresulta ostensible el perjuicio irreparable que produce la no reproducci\u00f3n de la pr\u00e1ctica en tiempo oportuno y bajo los c\u00e1nones del mencionado Protocolo. De negarlo, se estar\u00e1 obstruyendo la posibilidad de nutrir, mejorar y profundizar un elemento de prueba fundamental para la b\u00fasqueda de la verdad, atento que nos encontramos ante un caso de muerte en custodia\u201d<\/em><\/strong>. (<b>InfoGEI<\/b>)Jd<\/p>\n<\/div>\n","protected":false},"excerpt":{"rendered":"<div class=\"mh-excerpt\"><p>La Comisi\u00f3n Provincial por la Memoria (CPM) solicit\u00f3 a la jueza de garant\u00edas Fabiana San Rom\u00e1n, que ordene la reautopsia sobre el cuerpo de Daiana Abreg\u00fa, la joven que muri\u00f3 en un calabozo de la <a class=\"mh-excerpt-more\" href=\"https:\/\/larevistadigital.com.ar\/blog\/muerte-en-comisaria-de-laprida\/\" title=\"MUERTE EN COMISAR\u00cdA DE LAPRIDA:\">[Leer M\u00e1s]<\/a><\/p>\n<\/div>","protected":false},"author":3,"featured_media":26130,"comment_status":"open","ping_status":"open","sticky":false,"template":"","format":"standard","meta":{"_jetpack_memberships_contains_paid_content":false,"footnotes":"","jetpack_publicize_message":"","jetpack_publicize_feature_enabled":true,"jetpack_social_post_already_shared":true,"jetpack_social_options":{"image_generator_settings":{"template":"highway","default_image_id":0,"font":"","enabled":false},"version":2}},"categories":[50,44],"tags":[],"class_list":{"0":"post-26129","1":"post","2":"type-post","3":"status-publish","4":"format-standard","5":"has-post-thumbnail","7":"category-interes-general","8":"category-policiales"},"jetpack_publicize_connections":[],"jetpack_featured_media_url":"https:\/\/i0.wp.com\/larevistadigital.com.ar\/blog\/wp-content\/uploads\/20220626163541_fiscalia-azul-daiana-autopsia.jpg?fit=880%2C512&ssl=1","jetpack_sharing_enabled":true,"jetpack_shortlink":"https:\/\/wp.me\/p8qtrQ-6Nr","jetpack-related-posts":[{"id":27297,"url":"https:\/\/larevistadigital.com.ar\/blog\/caso-daiana-abregu-laprida-dividida-por-la-muerte-en-la-comisaria\/","url_meta":{"origin":26129,"position":0},"title":"CASO DAIANA ABREG\u00da: LAPRIDA DIVIDIDA POR LA MUERTE EN LA COMISAR\u00cdA","author":"Alejandro Sosa Ruda","date":"25 agosto, 2022","format":false,"excerpt":"Hubo marchas y contramarchas. Represi\u00f3n y festejos. Todo en torno al caso de una joven que muri\u00f3 mientras se encontraba detenida. LAPRIDA -\u00a0 En la jornada del martes, la ciudad de Laprida se vio dividida ante las \u00faltimas novedades en el caso Daiana Abreg\u00fa, la joven que falleci\u00f3 en la\u2026","rel":"","context":"En \u00abPOLICIALES\u00bb","block_context":{"text":"POLICIALES","link":"https:\/\/larevistadigital.com.ar\/blog\/category\/policiales\/"},"img":{"alt_text":"","src":"https:\/\/i0.wp.com\/larevistadigital.com.ar\/blog\/wp-content\/uploads\/20220824160802_justicia-por-daiana-980x653-1.jpg?fit=880%2C512&ssl=1&resize=350%2C200","width":350,"height":200,"srcset":"https:\/\/i0.wp.com\/larevistadigital.com.ar\/blog\/wp-content\/uploads\/20220824160802_justicia-por-daiana-980x653-1.jpg?fit=880%2C512&ssl=1&resize=350%2C200 1x, https:\/\/i0.wp.com\/larevistadigital.com.ar\/blog\/wp-content\/uploads\/20220824160802_justicia-por-daiana-980x653-1.jpg?fit=880%2C512&ssl=1&resize=525%2C300 1.5x, https:\/\/i0.wp.com\/larevistadigital.com.ar\/blog\/wp-content\/uploads\/20220824160802_justicia-por-daiana-980x653-1.jpg?fit=880%2C512&ssl=1&resize=700%2C400 2x"},"classes":[]},{"id":25711,"url":"https:\/\/larevistadigital.com.ar\/blog\/la-encontraron-ahorcada-investigan-la-responsabilidad-policial-en-una-comisaria-de-laprida\/","url_meta":{"origin":26129,"position":1},"title":"LA ENCONTRARON AHORCADA: INVESTIGAN LA RESPONSABILIDAD POLICIAL EN UNA COMISAR\u00cdA DE LAPRIDA","author":"Alejandro Sosa Ruda","date":"9 junio, 2022","format":false,"excerpt":"Una joven de 25 a\u00f1os fue hallada ahorcada en el interior de una celda de una comisar\u00eda de la ciudad bonaerense de Laprida, y si bien las primeras pericias indican que se trat\u00f3 de un suicidio, su familia descree la versi\u00f3n policial. La Polic\u00eda bonaerense investigan la responsabilidad de cuatro\u2026","rel":"","context":"En \u00abINTERES GENERAL\u00bb","block_context":{"text":"INTERES GENERAL","link":"https:\/\/larevistadigital.com.ar\/blog\/category\/interes-general\/"},"img":{"alt_text":"","src":"https:\/\/i0.wp.com\/larevistadigital.com.ar\/blog\/wp-content\/uploads\/20220608160239_daiana-soledad-abregut.jpg?fit=880%2C512&ssl=1&resize=350%2C200","width":350,"height":200,"srcset":"https:\/\/i0.wp.com\/larevistadigital.com.ar\/blog\/wp-content\/uploads\/20220608160239_daiana-soledad-abregut.jpg?fit=880%2C512&ssl=1&resize=350%2C200 1x, https:\/\/i0.wp.com\/larevistadigital.com.ar\/blog\/wp-content\/uploads\/20220608160239_daiana-soledad-abregut.jpg?fit=880%2C512&ssl=1&resize=525%2C300 1.5x, https:\/\/i0.wp.com\/larevistadigital.com.ar\/blog\/wp-content\/uploads\/20220608160239_daiana-soledad-abregut.jpg?fit=880%2C512&ssl=1&resize=700%2C400 2x"},"classes":[]},{"id":32807,"url":"https:\/\/larevistadigital.com.ar\/blog\/laprida-buscan-a-un-muchacho-que-desaparecio-en-brasil\/","url_meta":{"origin":26129,"position":2},"title":"LAPRIDA: BUSCAN A UN MUCHACHO QUE DESAPARECI\u00d3 EN BRASIL","author":"Alejandro Sosa Ruda","date":"8 agosto, 2023","format":false,"excerpt":"Hace tres semanas que no hay noticias de Guillermo Landi de 30 a\u00f1os que es buscado intensamente por su familia. El joven parti\u00f3 de Laprida a Brasil el pasado mes de enero, pero desde hace tres semanas no se sabe nada sobre su paradero. 8 de agosto de 2023 LAPRIDA\u2026","rel":"","context":"En \u00abPOLICIALES\u00bb","block_context":{"text":"POLICIALES","link":"https:\/\/larevistadigital.com.ar\/blog\/category\/policiales\/"},"img":{"alt_text":"","src":"https:\/\/i0.wp.com\/larevistadigital.com.ar\/blog\/wp-content\/uploads\/20230807141920_guillermo-landi-laprida-desaparecido-brasil.jpg?fit=880%2C512&ssl=1&resize=350%2C200","width":350,"height":200,"srcset":"https:\/\/i0.wp.com\/larevistadigital.com.ar\/blog\/wp-content\/uploads\/20230807141920_guillermo-landi-laprida-desaparecido-brasil.jpg?fit=880%2C512&ssl=1&resize=350%2C200 1x, https:\/\/i0.wp.com\/larevistadigital.com.ar\/blog\/wp-content\/uploads\/20230807141920_guillermo-landi-laprida-desaparecido-brasil.jpg?fit=880%2C512&ssl=1&resize=525%2C300 1.5x, https:\/\/i0.wp.com\/larevistadigital.com.ar\/blog\/wp-content\/uploads\/20230807141920_guillermo-landi-laprida-desaparecido-brasil.jpg?fit=880%2C512&ssl=1&resize=700%2C400 2x"},"classes":[]},{"id":22273,"url":"https:\/\/larevistadigital.com.ar\/blog\/hicieron-un-asado-en-una-carpinteria-apagaron-mal-el-fuego-y-se-incendio-todo\/","url_meta":{"origin":26129,"position":3},"title":"HICIERON UN ASADO EN UNA CARPINTER\u00cdA, APAGARON MAL EL FUEGO Y SE INCENDI\u00d3 TODO","author":"Alejandro Sosa Ruda","date":"7 octubre, 2021","format":false,"excerpt":"El hecho ocurri\u00f3 en Laprida al 5100, este mi\u00e9rcoles a la madrugada. A pesar de la gravedad de lo ocurrido, no se registraron v\u00edctimas ni heridos pero los da\u00f1os fueron de consideraci\u00f3n. MAR DEL LATA - Una vivienda ubicada en Laprida al 5100 en la que adem\u00e1s funciona una carpinter\u00eda\u2026","rel":"","context":"En \u00abREGIONALES\u00bb","block_context":{"text":"REGIONALES","link":"https:\/\/larevistadigital.com.ar\/blog\/category\/regionales\/"},"img":{"alt_text":"","src":"https:\/\/i0.wp.com\/larevistadigital.com.ar\/blog\/wp-content\/uploads\/Captura-de-pantalla-2021-10-07-074209.jpg?fit=1012%2C532&ssl=1&resize=350%2C200","width":350,"height":200,"srcset":"https:\/\/i0.wp.com\/larevistadigital.com.ar\/blog\/wp-content\/uploads\/Captura-de-pantalla-2021-10-07-074209.jpg?fit=1012%2C532&ssl=1&resize=350%2C200 1x, https:\/\/i0.wp.com\/larevistadigital.com.ar\/blog\/wp-content\/uploads\/Captura-de-pantalla-2021-10-07-074209.jpg?fit=1012%2C532&ssl=1&resize=525%2C300 1.5x, https:\/\/i0.wp.com\/larevistadigital.com.ar\/blog\/wp-content\/uploads\/Captura-de-pantalla-2021-10-07-074209.jpg?fit=1012%2C532&ssl=1&resize=700%2C400 2x"},"classes":[]},{"id":14494,"url":"https:\/\/larevistadigital.com.ar\/blog\/intervienen-comisaria-de-la-tablada-por-denuncias-de-abuso-sexual-y-torturas\/","url_meta":{"origin":26129,"position":4},"title":"INTERVIENEN COMISAR\u00cdA DE LA TABLADA POR DENUNCIAS DE ABUSO SEXUAL Y TORTURAS","author":"Alejandro Sosa Ruda","date":"31 enero, 2020","format":false,"excerpt":"Una comisar\u00eda de La Tablada fue intervenida en las \u00faltimas horas por graves denuncias contra efectivos policiales de esa seccional por abusos sexuales y torturas. Seg\u00fan inform\u00f3 la Comisi\u00f3n por la Memoria (CPM), la intervenci\u00f3n realizada por el Ministerio de Seguridad bonaerense fue tras la\u00a0denuncia de mujeres alojadas en la\u2026","rel":"","context":"En \u00abPOLICIALES\u00bb","block_context":{"text":"POLICIALES","link":"https:\/\/larevistadigital.com.ar\/blog\/category\/policiales\/"},"img":{"alt_text":"","src":"https:\/\/i0.wp.com\/larevistadigital.com.ar\/blog\/wp-content\/uploads\/20200131_165907.jpg?fit=1080%2C636&ssl=1&resize=350%2C200","width":350,"height":200,"srcset":"https:\/\/i0.wp.com\/larevistadigital.com.ar\/blog\/wp-content\/uploads\/20200131_165907.jpg?fit=1080%2C636&ssl=1&resize=350%2C200 1x, https:\/\/i0.wp.com\/larevistadigital.com.ar\/blog\/wp-content\/uploads\/20200131_165907.jpg?fit=1080%2C636&ssl=1&resize=525%2C300 1.5x, https:\/\/i0.wp.com\/larevistadigital.com.ar\/blog\/wp-content\/uploads\/20200131_165907.jpg?fit=1080%2C636&ssl=1&resize=700%2C400 2x, https:\/\/i0.wp.com\/larevistadigital.com.ar\/blog\/wp-content\/uploads\/20200131_165907.jpg?fit=1080%2C636&ssl=1&resize=1050%2C600 3x"},"classes":[]},{"id":33170,"url":"https:\/\/larevistadigital.com.ar\/blog\/la-peor-noticia-encontraron-sin-vida-a-daiana-guldriz-la-joven-platense-que-era-buscada-en-bariloche\/","url_meta":{"origin":26129,"position":5},"title":"LA PEOR NOTICIA: ENCONTRARON SIN VIDA A DAIANA GULDRIZ, LA JOVEN PLATENSE QUE ERA BUSCADA EN BARILOCHE","author":"Alejandro Sosa Ruda","date":"31 agosto, 2023","format":false,"excerpt":"Fue encontrada en el R\u00edo Nahuel Huapi. Su madre estaba en el lugar de la b\u00fasqueda. 31 de agosto de 2023 Fue encontrada sin vida Daiana Guldriz, la joven de La Plata que era intensamente buscada en San Carlos de Bariloche desde el lunes pasado. El hallazgo fue en la\u2026","rel":"","context":"En \u00abINTERES GENERAL\u00bb","block_context":{"text":"INTERES GENERAL","link":"https:\/\/larevistadigital.com.ar\/blog\/category\/interes-general\/"},"img":{"alt_text":"","src":"https:\/\/i0.wp.com\/larevistadigital.com.ar\/blog\/wp-content\/uploads\/1693495905998.jpg?fit=1200%2C750&ssl=1&resize=350%2C200","width":350,"height":200,"srcset":"https:\/\/i0.wp.com\/larevistadigital.com.ar\/blog\/wp-content\/uploads\/1693495905998.jpg?fit=1200%2C750&ssl=1&resize=350%2C200 1x, https:\/\/i0.wp.com\/larevistadigital.com.ar\/blog\/wp-content\/uploads\/1693495905998.jpg?fit=1200%2C750&ssl=1&resize=525%2C300 1.5x, https:\/\/i0.wp.com\/larevistadigital.com.ar\/blog\/wp-content\/uploads\/1693495905998.jpg?fit=1200%2C750&ssl=1&resize=700%2C400 2x, https:\/\/i0.wp.com\/larevistadigital.com.ar\/blog\/wp-content\/uploads\/1693495905998.jpg?fit=1200%2C750&ssl=1&resize=1050%2C600 3x"},"classes":[]}],"_links":{"self":[{"href":"https:\/\/larevistadigital.com.ar\/blog\/wp-json\/wp\/v2\/posts\/26129","targetHints":{"allow":["GET"]}}],"collection":[{"href":"https:\/\/larevistadigital.com.ar\/blog\/wp-json\/wp\/v2\/posts"}],"about":[{"href":"https:\/\/larevistadigital.com.ar\/blog\/wp-json\/wp\/v2\/types\/post"}],"author":[{"embeddable":true,"href":"https:\/\/larevistadigital.com.ar\/blog\/wp-json\/wp\/v2\/users\/3"}],"replies":[{"embeddable":true,"href":"https:\/\/larevistadigital.com.ar\/blog\/wp-json\/wp\/v2\/comments?post=26129"}],"version-history":[{"count":1,"href":"https:\/\/larevistadigital.com.ar\/blog\/wp-json\/wp\/v2\/posts\/26129\/revisions"}],"predecessor-version":[{"id":26131,"href":"https:\/\/larevistadigital.com.ar\/blog\/wp-json\/wp\/v2\/posts\/26129\/revisions\/26131"}],"wp:featuredmedia":[{"embeddable":true,"href":"https:\/\/larevistadigital.com.ar\/blog\/wp-json\/wp\/v2\/media\/26130"}],"wp:attachment":[{"href":"https:\/\/larevistadigital.com.ar\/blog\/wp-json\/wp\/v2\/media?parent=26129"}],"wp:term":[{"taxonomy":"category","embeddable":true,"href":"https:\/\/larevistadigital.com.ar\/blog\/wp-json\/wp\/v2\/categories?post=26129"},{"taxonomy":"post_tag","embeddable":true,"href":"https:\/\/larevistadigital.com.ar\/blog\/wp-json\/wp\/v2\/tags?post=26129"}],"curies":[{"name":"wp","href":"https:\/\/api.w.org\/{rel}","templated":true}]}}