{"id":26132,"date":"2022-06-26T21:57:48","date_gmt":"2022-06-26T21:57:48","guid":{"rendered":"https:\/\/larevistadigital.com.ar\/blog\/?p=26132"},"modified":"2022-06-26T21:58:49","modified_gmt":"2022-06-26T21:58:49","slug":"chascomus-la-policia-evito-un-linchamiento-y-detuvo-a-un-individuo-con-frondosos-antecedentes","status":"publish","type":"post","link":"https:\/\/larevistadigital.com.ar\/blog\/chascomus-la-policia-evito-un-linchamiento-y-detuvo-a-un-individuo-con-frondosos-antecedentes\/","title":{"rendered":"CHASCOM\u00daS: LA POLIC\u00cdA EVIT\u00d3 UN LINCHAMIENTO Y DETUVO A UN INDIVIDUO CON FRONDOSOS ANTECEDENTES"},"content":{"rendered":"<p><strong>CHASCOM\u00daS &#8211;\u00a0<\/strong> Luego de ser alertados por vecinos, la Polic\u00eda Comunal, logr\u00f3 detener en el barrio San Cayetano a un sujeto que habr\u00eda cometido gran cantidad de il\u00edcitos. El hecho ocurri\u00f3 apenas pasadas las 14 hs.<\/p>\n<blockquote>\n<h3>Todo comenz\u00f3 con el robo de una moto marca \u00abGilera\u00bb lo que provoc\u00f3 que los vecinos dieran aviso a la polic\u00eda, que con rapidez pudo ubicar al delincuente sindicado como autor del hecho, en una vivienda ubicada en el barrio San Cayetano.<\/h3>\n<\/blockquote>\n<p>Al llegar los agentes del orden, el delincuente \u00abdescarta\u00bb la moto, e intentan escaparse con una moto \u00abenduro\u00bb pero fue interceptado y detenido.<\/p>\n<blockquote>\n<h3><img data-recalc-dims=\"1\" loading=\"lazy\" decoding=\"async\" class=\"alignnone size-full wp-image-26134\" src=\"https:\/\/i0.wp.com\/larevistadigital.com.ar\/blog\/wp-content\/uploads\/WhatsApp-Image-2022-06-26-at-4.28.01-PM.jpeg?resize=1280%2C719&#038;ssl=1\" alt=\"\" width=\"1280\" height=\"719\" srcset=\"https:\/\/i0.wp.com\/larevistadigital.com.ar\/blog\/wp-content\/uploads\/WhatsApp-Image-2022-06-26-at-4.28.01-PM.jpeg?w=1280&amp;ssl=1 1280w, https:\/\/i0.wp.com\/larevistadigital.com.ar\/blog\/wp-content\/uploads\/WhatsApp-Image-2022-06-26-at-4.28.01-PM.jpeg?resize=300%2C169&amp;ssl=1 300w, https:\/\/i0.wp.com\/larevistadigital.com.ar\/blog\/wp-content\/uploads\/WhatsApp-Image-2022-06-26-at-4.28.01-PM.jpeg?resize=1024%2C575&amp;ssl=1 1024w, https:\/\/i0.wp.com\/larevistadigital.com.ar\/blog\/wp-content\/uploads\/WhatsApp-Image-2022-06-26-at-4.28.01-PM.jpeg?resize=768%2C431&amp;ssl=1 768w, https:\/\/i0.wp.com\/larevistadigital.com.ar\/blog\/wp-content\/uploads\/WhatsApp-Image-2022-06-26-at-4.28.01-PM.jpeg?resize=678%2C381&amp;ssl=1 678w\" sizes=\"auto, (max-width: 1000px) 100vw, 1000px\" \/> <img data-recalc-dims=\"1\" loading=\"lazy\" decoding=\"async\" class=\"alignnone size-full wp-image-26133\" src=\"https:\/\/i0.wp.com\/larevistadigital.com.ar\/blog\/wp-content\/uploads\/WhatsApp-Image-2022-06-26-at-4.28.00-PM-1.jpeg?resize=808%2C1253&#038;ssl=1\" alt=\"\" width=\"808\" height=\"1253\" srcset=\"https:\/\/i0.wp.com\/larevistadigital.com.ar\/blog\/wp-content\/uploads\/WhatsApp-Image-2022-06-26-at-4.28.00-PM-1.jpeg?w=808&amp;ssl=1 808w, https:\/\/i0.wp.com\/larevistadigital.com.ar\/blog\/wp-content\/uploads\/WhatsApp-Image-2022-06-26-at-4.28.00-PM-1.jpeg?resize=193%2C300&amp;ssl=1 193w, https:\/\/i0.wp.com\/larevistadigital.com.ar\/blog\/wp-content\/uploads\/WhatsApp-Image-2022-06-26-at-4.28.00-PM-1.jpeg?resize=660%2C1024&amp;ssl=1 660w, https:\/\/i0.wp.com\/larevistadigital.com.ar\/blog\/wp-content\/uploads\/WhatsApp-Image-2022-06-26-at-4.28.00-PM-1.jpeg?resize=768%2C1191&amp;ssl=1 768w\" sizes=\"auto, (max-width: 808px) 100vw, 808px\" \/><\/h3>\n<h3>Los vecinos, furiosos con el individuo intentaron lincharlo, pero la polic\u00eda pudo evitarlo y trasladarlo a la comisar\u00eda local.<\/h3>\n<\/blockquote>\n","protected":false},"excerpt":{"rendered":"<div class=\"mh-excerpt\"><p>CHASCOM\u00daS &#8211;\u00a0 Luego de ser alertados por vecinos, la Polic\u00eda Comunal, logr\u00f3 detener en el barrio San Cayetano a un sujeto que habr\u00eda cometido gran cantidad de il\u00edcitos. El hecho ocurri\u00f3 apenas pasadas las 14 <a class=\"mh-excerpt-more\" href=\"https:\/\/larevistadigital.com.ar\/blog\/chascomus-la-policia-evito-un-linchamiento-y-detuvo-a-un-individuo-con-frondosos-antecedentes\/\" title=\"CHASCOM\u00daS: LA POLIC\u00cdA EVIT\u00d3 UN LINCHAMIENTO Y DETUVO A UN INDIVIDUO CON FRONDOSOS ANTECEDENTES\">[Leer M\u00e1s]<\/a><\/p>\n<\/div>","protected":false},"author":3,"featured_media":26135,"comment_status":"open","ping_status":"open","sticky":false,"template":"","format":"standard","meta":{"_jetpack_memberships_contains_paid_content":false,"footnotes":"","jetpack_publicize_message":"","jetpack_publicize_feature_enabled":true,"jetpack_social_post_already_shared":true,"jetpack_social_options":{"image_generator_settings":{"template":"highway","default_image_id":0,"font":"","enabled":false},"version":2}},"categories":[50,44],"tags":[],"class_list":{"0":"post-26132","1":"post","2":"type-post","3":"status-publish","4":"format-standard","5":"has-post-thumbnail","7":"category-interes-general","8":"category-policiales"},"jetpack_publicize_connections":[],"jetpack_featured_media_url":"https:\/\/i0.wp.com\/larevistadigital.com.ar\/blog\/wp-content\/uploads\/WhatsApp-Image-2022-06-26-at-4.28.00-PM.jpeg?fit=1599%2C899&ssl=1","jetpack_sharing_enabled":true,"jetpack_shortlink":"https:\/\/wp.me\/p8qtrQ-6Nu","jetpack-related-posts":[{"id":27999,"url":"https:\/\/larevistadigital.com.ar\/blog\/chascomus-sujeto-agrede-a-policia-vial-trata-de-huir-y-fue-aprehendido-con-colaboracion-de-los-vecinos\/","url_meta":{"origin":26132,"position":0},"title":"CHASCOM\u00daS: SUJETO AGREDE A POLIC\u00cdA VIAL, TRATA DE HUIR Y FUE APREHENDIDO CON COLABORACI\u00d3N DE LOS VECINOS","author":"Alejandro Sosa Ruda","date":"22 septiembre, 2022","format":false,"excerpt":"La polic\u00eda Vial estaba hablando con una persona que circulaba por la ruta, para que no corriera peligro, cuando un individuo apareci\u00f3 de golpe, insultando y agredi\u00f3 a un efectivo. Se pidi\u00f3 apoyo a la Polic\u00eda Comunal que lo detuvo en el Barrio San Cayetano. 22 de septiembre de 2022\u2026","rel":"","context":"En \u00abDESTACADAS\u00bb","block_context":{"text":"DESTACADAS","link":"https:\/\/larevistadigital.com.ar\/blog\/category\/destacadas\/"},"img":{"alt_text":"","src":"https:\/\/i0.wp.com\/larevistadigital.com.ar\/blog\/wp-content\/uploads\/2019\/05\/esposado.jpg?fit=1200%2C748&ssl=1&resize=350%2C200","width":350,"height":200,"srcset":"https:\/\/i0.wp.com\/larevistadigital.com.ar\/blog\/wp-content\/uploads\/2019\/05\/esposado.jpg?fit=1200%2C748&ssl=1&resize=350%2C200 1x, https:\/\/i0.wp.com\/larevistadigital.com.ar\/blog\/wp-content\/uploads\/2019\/05\/esposado.jpg?fit=1200%2C748&ssl=1&resize=525%2C300 1.5x, https:\/\/i0.wp.com\/larevistadigital.com.ar\/blog\/wp-content\/uploads\/2019\/05\/esposado.jpg?fit=1200%2C748&ssl=1&resize=700%2C400 2x, https:\/\/i0.wp.com\/larevistadigital.com.ar\/blog\/wp-content\/uploads\/2019\/05\/esposado.jpg?fit=1200%2C748&ssl=1&resize=1050%2C600 3x"},"classes":[]},{"id":16679,"url":"https:\/\/larevistadigital.com.ar\/blog\/hartos-de-la-inseguridad-vecinos-del-san-cayetano-dicen-basta-cortaran-el-acceso-a-chascomus-el-proximo-lunes\/","url_meta":{"origin":26132,"position":1},"title":"HARTOS DE LA INSEGURIDAD: VECINOS DEL SAN CAYETANO DICEN BASTA. CORTAR\u00c1N EL ACCESO A CHASCOM\u00daS EL PR\u00d3XIMO LUNES","author":"Alejandro Sosa Ruda","date":"2 octubre, 2020","format":false,"excerpt":"Los vecinos auto convocados del barrio San Cayetano, planean cortar el acceso a la ciudad el pr\u00f3ximo lunes 05 de octubre de 2020, cansados de sentirse ignorados por las autoridades, y ante la ola de robos en el barrio. Los reclamos son varios: Salita de emergencias, iluminaci\u00f3n, estado de las\u2026","rel":"","context":"En \u00abDESTACADAS\u00bb","block_context":{"text":"DESTACADAS","link":"https:\/\/larevistadigital.com.ar\/blog\/category\/destacadas\/"},"img":{"alt_text":"","src":"https:\/\/i0.wp.com\/larevistadigital.com.ar\/blog\/wp-content\/uploads\/SAN-CAYETANO.jpg?fit=1000%2C750&ssl=1&resize=350%2C200","width":350,"height":200,"srcset":"https:\/\/i0.wp.com\/larevistadigital.com.ar\/blog\/wp-content\/uploads\/SAN-CAYETANO.jpg?fit=1000%2C750&ssl=1&resize=350%2C200 1x, https:\/\/i0.wp.com\/larevistadigital.com.ar\/blog\/wp-content\/uploads\/SAN-CAYETANO.jpg?fit=1000%2C750&ssl=1&resize=525%2C300 1.5x, https:\/\/i0.wp.com\/larevistadigital.com.ar\/blog\/wp-content\/uploads\/SAN-CAYETANO.jpg?fit=1000%2C750&ssl=1&resize=700%2C400 2x"},"classes":[]},{"id":21318,"url":"https:\/\/larevistadigital.com.ar\/blog\/chascomus-allanamientos-en-los-barrios-el-algarrobo-y-san-luis\/","url_meta":{"origin":26132,"position":2},"title":"CHASCOM\u00daS: ALLANAMIENTOS EN LOS BARRIOS EL ALGARROBO Y SAN LUIS","author":"Alejandro Sosa Ruda","date":"30 julio, 2021","format":false,"excerpt":"CHASCOM\u00daS -\u00a0\u00a0Inform\u00f3 el diario El Fuerte que la polic\u00eda llev\u00f3 a cabo el mi\u00e9rcoles pasado dos allanamientos en nuestra ciudad, uno en el barrio San Luis y el otro en El Algarrobo. El primero tuvo resultado negativo, en tanto que el segundo, realizado en la calle Costa Rica entre Ameghino\u2026","rel":"","context":"En \u00abCHASCOM\u00daS\u00bb","block_context":{"text":"CHASCOM\u00daS","link":"https:\/\/larevistadigital.com.ar\/blog\/category\/chascomus\/"},"img":{"alt_text":"","src":"https:\/\/i0.wp.com\/larevistadigital.com.ar\/blog\/wp-content\/uploads\/Captura-de-pantalla-2021-07-30-111352.png?fit=697%2C526&ssl=1&resize=350%2C200","width":350,"height":200,"srcset":"https:\/\/i0.wp.com\/larevistadigital.com.ar\/blog\/wp-content\/uploads\/Captura-de-pantalla-2021-07-30-111352.png?fit=697%2C526&ssl=1&resize=350%2C200 1x, https:\/\/i0.wp.com\/larevistadigital.com.ar\/blog\/wp-content\/uploads\/Captura-de-pantalla-2021-07-30-111352.png?fit=697%2C526&ssl=1&resize=525%2C300 1.5x"},"classes":[]},{"id":16781,"url":"https:\/\/larevistadigital.com.ar\/blog\/vecinos-de-san-cayetano-ante-la-falta-de-respuestas-del-municipio-organizaron-un-cronograma-de-cortes-en-el-acceso\/","url_meta":{"origin":26132,"position":3},"title":"VECINOS DE SAN CAYETANO, ANTE LA FALTA DE RESPUESTAS DEL MUNICIPIO, ORGANIZARON UN CRONOGRAMA DE CORTES EN EL ACCESO","author":"Alejandro Sosa Ruda","date":"6 octubre, 2020","format":false,"excerpt":"Luego de haber llevado a cabo el corte parcial del acceso norte a Chascom\u00fas, los vecinos autoconvocados del Barrio San Cayetano armaron un cronograma de nuevos cortes, que ser\u00e1n cada vez m\u00e1s importantes, ante la inacci\u00f3n de las autoridades municipales, que salvo en la persona del sub secretario de seguridad,\u2026","rel":"","context":"En \u00abDESTACADAS\u00bb","block_context":{"text":"DESTACADAS","link":"https:\/\/larevistadigital.com.ar\/blog\/category\/destacadas\/"},"img":{"alt_text":"","src":"https:\/\/i0.wp.com\/larevistadigital.com.ar\/blog\/wp-content\/uploads\/Screenshot_1-155.jpg?fit=1000%2C588&ssl=1&resize=350%2C200","width":350,"height":200,"srcset":"https:\/\/i0.wp.com\/larevistadigital.com.ar\/blog\/wp-content\/uploads\/Screenshot_1-155.jpg?fit=1000%2C588&ssl=1&resize=350%2C200 1x, https:\/\/i0.wp.com\/larevistadigital.com.ar\/blog\/wp-content\/uploads\/Screenshot_1-155.jpg?fit=1000%2C588&ssl=1&resize=525%2C300 1.5x, https:\/\/i0.wp.com\/larevistadigital.com.ar\/blog\/wp-content\/uploads\/Screenshot_1-155.jpg?fit=1000%2C588&ssl=1&resize=700%2C400 2x"},"classes":[]},{"id":34319,"url":"https:\/\/larevistadigital.com.ar\/blog\/la-policia-comunal-recupero-una-moto-robada\/","url_meta":{"origin":26132,"position":4},"title":"LA POLIC\u00cdA COMUNAL RECUPER\u00d3 UNA MOTO ROBADA","author":"Alejandro Sosa Ruda","date":"31 octubre, 2023","format":false,"excerpt":"Las investigaciones permitieron dar r\u00e1pidamente con el culpable y recuperar el motoveh\u00edculo. La polic\u00eda est\u00e1 tras las huellas del delincuente. 31 de octubre de 2023 CHASCOM\u00daS -\u00a0 En la fecha y en horas de la tarde noche, personal policial de la estaci\u00f3n de Polic\u00eda Comunal Chascom\u00fas primera, realizaron diferentes operativos\u2026","rel":"","context":"En \u00abDESTACADAS\u00bb","block_context":{"text":"DESTACADAS","link":"https:\/\/larevistadigital.com.ar\/blog\/category\/destacadas\/"},"img":{"alt_text":"","src":"https:\/\/i0.wp.com\/larevistadigital.com.ar\/blog\/wp-content\/uploads\/WhatsApp-Image-2023-10-31-at-21.15.43.jpeg?fit=1054%2C1200&ssl=1&resize=350%2C200","width":350,"height":200,"srcset":"https:\/\/i0.wp.com\/larevistadigital.com.ar\/blog\/wp-content\/uploads\/WhatsApp-Image-2023-10-31-at-21.15.43.jpeg?fit=1054%2C1200&ssl=1&resize=350%2C200 1x, https:\/\/i0.wp.com\/larevistadigital.com.ar\/blog\/wp-content\/uploads\/WhatsApp-Image-2023-10-31-at-21.15.43.jpeg?fit=1054%2C1200&ssl=1&resize=525%2C300 1.5x, https:\/\/i0.wp.com\/larevistadigital.com.ar\/blog\/wp-content\/uploads\/WhatsApp-Image-2023-10-31-at-21.15.43.jpeg?fit=1054%2C1200&ssl=1&resize=700%2C400 2x, https:\/\/i0.wp.com\/larevistadigital.com.ar\/blog\/wp-content\/uploads\/WhatsApp-Image-2023-10-31-at-21.15.43.jpeg?fit=1054%2C1200&ssl=1&resize=1050%2C600 3x"},"classes":[]},{"id":25082,"url":"https:\/\/larevistadigital.com.ar\/blog\/hace-instantes-detienen-en-el-barrio-30-de-mayo-a-delincuente-que-tenia-a-mal-traer-con-robos-en-el-acceso-norte\/","url_meta":{"origin":26132,"position":5},"title":"\u00a1HACE INSTANTES! DETIENEN EN EL BARRIO 30 DE MAYO A DELINCUENTE QUE TEN\u00cdA A MAL TRAER CON ROBOS EN EL ACCESO NORTE","author":"Alejandro Sosa Ruda","date":"15 abril, 2022","format":false,"excerpt":"CHASCOM\u00daS -\u00a0\u00a0En horas del mediod\u00eda de hoy, viernes 15\/4 y tras la alerta de vecinos que dieron cuenta que un individuo estaba saltando por los fondos de las casas, la polic\u00eda concurri\u00f3 al lugar en menos de cinco minutos, y pudo apresar al sujeto que intentaba escapar. Los vecinos gritaban\u2026","rel":"","context":"En \u00abINTERES GENERAL\u00bb","block_context":{"text":"INTERES GENERAL","link":"https:\/\/larevistadigital.com.ar\/blog\/category\/interes-general\/"},"img":{"alt_text":"","src":"https:\/\/i0.wp.com\/larevistadigital.com.ar\/blog\/wp-content\/uploads\/WhatsApp-Image-2022-04-15-at-2.52.56-PM.jpeg?fit=675%2C1200&ssl=1&resize=350%2C200","width":350,"height":200,"srcset":"https:\/\/i0.wp.com\/larevistadigital.com.ar\/blog\/wp-content\/uploads\/WhatsApp-Image-2022-04-15-at-2.52.56-PM.jpeg?fit=675%2C1200&ssl=1&resize=350%2C200 1x, https:\/\/i0.wp.com\/larevistadigital.com.ar\/blog\/wp-content\/uploads\/WhatsApp-Image-2022-04-15-at-2.52.56-PM.jpeg?fit=675%2C1200&ssl=1&resize=525%2C300 1.5x"},"classes":[]}],"_links":{"self":[{"href":"https:\/\/larevistadigital.com.ar\/blog\/wp-json\/wp\/v2\/posts\/26132","targetHints":{"allow":["GET"]}}],"collection":[{"href":"https:\/\/larevistadigital.com.ar\/blog\/wp-json\/wp\/v2\/posts"}],"about":[{"href":"https:\/\/larevistadigital.com.ar\/blog\/wp-json\/wp\/v2\/types\/post"}],"author":[{"embeddable":true,"href":"https:\/\/larevistadigital.com.ar\/blog\/wp-json\/wp\/v2\/users\/3"}],"replies":[{"embeddable":true,"href":"https:\/\/larevistadigital.com.ar\/blog\/wp-json\/wp\/v2\/comments?post=26132"}],"version-history":[{"count":4,"href":"https:\/\/larevistadigital.com.ar\/blog\/wp-json\/wp\/v2\/posts\/26132\/revisions"}],"predecessor-version":[{"id":26139,"href":"https:\/\/larevistadigital.com.ar\/blog\/wp-json\/wp\/v2\/posts\/26132\/revisions\/26139"}],"wp:featuredmedia":[{"embeddable":true,"href":"https:\/\/larevistadigital.com.ar\/blog\/wp-json\/wp\/v2\/media\/26135"}],"wp:attachment":[{"href":"https:\/\/larevistadigital.com.ar\/blog\/wp-json\/wp\/v2\/media?parent=26132"}],"wp:term":[{"taxonomy":"category","embeddable":true,"href":"https:\/\/larevistadigital.com.ar\/blog\/wp-json\/wp\/v2\/categories?post=26132"},{"taxonomy":"post_tag","embeddable":true,"href":"https:\/\/larevistadigital.com.ar\/blog\/wp-json\/wp\/v2\/tags?post=26132"}],"curies":[{"name":"wp","href":"https:\/\/api.w.org\/{rel}","templated":true}]}}