{"id":26141,"date":"2022-06-26T22:19:18","date_gmt":"2022-06-26T22:19:18","guid":{"rendered":"https:\/\/larevistadigital.com.ar\/blog\/?p=26141"},"modified":"2022-06-26T22:19:18","modified_gmt":"2022-06-26T22:19:18","slug":"conflicto-entre-madariaga-y-pinamar-por-el-volcado-de-efluentes-cloacales","status":"publish","type":"post","link":"https:\/\/larevistadigital.com.ar\/blog\/conflicto-entre-madariaga-y-pinamar-por-el-volcado-de-efluentes-cloacales\/","title":{"rendered":"CONFLICTO ENTRE MADARIAGA Y PINAMAR POR EL VOLCADO DE EFLUENTES CLOACALES"},"content":{"rendered":"<h2 class=\"fparrafo ctext fz18 lh25\">El Municipio de General Madariaga, encabezado por el radical Esteban Santoro, realiz\u00f3 un descargo en la p\u00e1gina oficial del municipio, donde nuevamente presenta un pedido de regularizaci\u00f3n ambiental en la Municipalidad de Pinamar, por el volcado de efluentes cloacales. \u201cEl motivo surge de los problemas de contaminaci\u00f3n que sufre el partido de General Madariaga a causa de la falta de pol\u00edticas ambientales del municipio de Pinamar\u201d, indicaron.<\/h2>\n<p class=\"selectionShareable\">A trav\u00e9s del comunicado, la comuna madariaguense inform\u00f3 que <strong><em>\u201cno se han registrado hasta el momento medidas ambientales claras de parte del municipio de Pinamar para solucionar dicha problem\u00e1tica\u201d.<\/em><\/strong><\/p>\n<p class=\"selectionShareable\">Seg\u00fan pudo saber la agencia de noticias InfoGEI, en el mes de octubre del a\u00f1o 2021 funcionarios del gobierno local mantuvieron una reuni\u00f3n con las autoridades de Pinamar, donde se solicit\u00f3 programar una serie de medidas en funci\u00f3n de garantizar un saneamiento b\u00e1sico con el objetivo de alcanzar niveles de salubridad en la calidad de sus efluentes, a trav\u00e9s de un Plan de Gesti\u00f3n Ambiental en conjunto con la CALP.<\/p>\n<blockquote>\n<h3 class=\"selectionShareable\">Sin embargo, advirtieron que<em><strong> \u201cdicho Plan nunca fue iniciado por el municipio costero (comandado por el dirigente del PRO, Mart\u00edn Yeza) y hasta el d\u00eda de la fecha parte de los efluentes cloacales del partido de Pinamar contin\u00faan volc\u00e1ndose en las tierras de Madariaga, con el agravante que se ha realizado un canal dirigido a la alcantarilla que cruza la ruta hacia nuestro distrito\u201d.<\/strong><\/em><\/h3>\n<\/blockquote>\n<p class=\"selectionShareable\">Asimismo, desde Madariaga informaron que este viernes autoridades del Organismo Provincial para el Desarrollo Sostenible (OPDS), Autoridad del Agua (ADA) y Polic\u00eda Ecol\u00f3gica junto a funcionarios del ejecutivo local, estuvieron en el Frente de Ruta realizando un relevamiento de la situaci\u00f3n actual <strong><em>\u00abque est\u00e1 generando importantes da\u00f1os de contaminaci\u00f3n ambiental, producto del mal tratamiento de los efluentes cloacales de la Municipalidad de Pinamar, los cuales tienen como destino final al partido de Madariaga\u00bb.<\/em><\/strong><\/p>\n<p class=\"selectionShareable\">Pasada la inspecci\u00f3n, se acord\u00f3 elevar un informe al Ministerio de Ambiente de la provincia denotando la situaci\u00f3n actual en busca de regularizar el tratamiento que realiza Pinamar de sus efluentes clocales, los cuales est\u00e1n conectados a los desag\u00fces pluviales que cruzan la Ruta 11 y son depositados en tierras madariaguenses. (<b>InfoGEI<\/b>)Ap\/Jd<\/p>\n","protected":false},"excerpt":{"rendered":"<div class=\"mh-excerpt\"><p>El Municipio de General Madariaga, encabezado por el radical Esteban Santoro, realiz\u00f3 un descargo en la p\u00e1gina oficial del municipio, donde nuevamente presenta un pedido de regularizaci\u00f3n ambiental en la Municipalidad de Pinamar, por el <a class=\"mh-excerpt-more\" href=\"https:\/\/larevistadigital.com.ar\/blog\/conflicto-entre-madariaga-y-pinamar-por-el-volcado-de-efluentes-cloacales\/\" title=\"CONFLICTO ENTRE MADARIAGA Y PINAMAR POR EL VOLCADO DE EFLUENTES CLOACALES\">[Leer M\u00e1s]<\/a><\/p>\n<\/div>","protected":false},"author":3,"featured_media":26142,"comment_status":"open","ping_status":"open","sticky":false,"template":"","format":"standard","meta":{"_jetpack_memberships_contains_paid_content":false,"footnotes":"","jetpack_publicize_message":"","jetpack_publicize_feature_enabled":true,"jetpack_social_post_already_shared":true,"jetpack_social_options":{"image_generator_settings":{"template":"highway","default_image_id":0,"font":"","enabled":false},"version":2}},"categories":[51],"tags":[],"class_list":{"0":"post-26141","1":"post","2":"type-post","3":"status-publish","4":"format-standard","5":"has-post-thumbnail","7":"category-regionales"},"jetpack_publicize_connections":[],"jetpack_featured_media_url":"https:\/\/i0.wp.com\/larevistadigital.com.ar\/blog\/wp-content\/uploads\/20220625175348_madariaga-pinamar-contaminacion-ambiental.jpg?fit=880%2C512&ssl=1","jetpack_sharing_enabled":true,"jetpack_shortlink":"https:\/\/wp.me\/p8qtrQ-6ND","jetpack-related-posts":[{"id":26438,"url":"https:\/\/larevistadigital.com.ar\/blog\/la-provincia-intervendra-en-el-conflicto-por-efluentes-cloacales-entre-pinamar-y-gral-madariaga\/","url_meta":{"origin":26141,"position":0},"title":"LA PROVINCIA INTERVENDR\u00c1 EN EL CONFLICTO POR EFLUENTES CLOACALES ENTRE PINAMAR Y GRAL. MADARIAGA","author":"Alejandro Sosa Ruda","date":"7 julio, 2022","format":false,"excerpt":"Funcionarios municipales se cruzaron por los desbordes que se generaron en las \u00faltimas semanas sobre la ruta 11. Los Municipios de\u00a0Pinamar y General Madariaga\u00a0se encuentran en medio de un conflicto por el volcado de\u00a0efluentes cloacales\u00a0a la vera de la ruta 11. Ante el cruce de acusaciones,\u00a0tom\u00f3 intervenci\u00f3n la provincia de\u2026","rel":"","context":"En \u00abREGIONALES\u00bb","block_context":{"text":"REGIONALES","link":"https:\/\/larevistadigital.com.ar\/blog\/category\/regionales\/"},"img":{"alt_text":"","src":"https:\/\/i0.wp.com\/larevistadigital.com.ar\/blog\/wp-content\/uploads\/166f5bb73231621c06cf83f2f67b6cf2dd2b32c7.jpg?fit=1140%2C627&ssl=1&resize=350%2C200","width":350,"height":200,"srcset":"https:\/\/i0.wp.com\/larevistadigital.com.ar\/blog\/wp-content\/uploads\/166f5bb73231621c06cf83f2f67b6cf2dd2b32c7.jpg?fit=1140%2C627&ssl=1&resize=350%2C200 1x, https:\/\/i0.wp.com\/larevistadigital.com.ar\/blog\/wp-content\/uploads\/166f5bb73231621c06cf83f2f67b6cf2dd2b32c7.jpg?fit=1140%2C627&ssl=1&resize=525%2C300 1.5x, https:\/\/i0.wp.com\/larevistadigital.com.ar\/blog\/wp-content\/uploads\/166f5bb73231621c06cf83f2f67b6cf2dd2b32c7.jpg?fit=1140%2C627&ssl=1&resize=700%2C400 2x, https:\/\/i0.wp.com\/larevistadigital.com.ar\/blog\/wp-content\/uploads\/166f5bb73231621c06cf83f2f67b6cf2dd2b32c7.jpg?fit=1140%2C627&ssl=1&resize=1050%2C600 3x"},"classes":[]},{"id":44097,"url":"https:\/\/larevistadigital.com.ar\/blog\/madariaga-afirma-que-villa-gesell-contamina-su-territorio-con-derrames-cloacales\/","url_meta":{"origin":26141,"position":1},"title":"Madariaga afirma que Villa Gesell contamina su territorio con derrames cloacales","author":"Alejandro Sosa Ruda","date":"20 febrero, 2026","format":false,"excerpt":"Inspecciones con drones detectaron canales que llevar\u00edan efluentes sin tratamientos de la planta depuradora de Villa Gesell hacia predios de General Madariaga. 20 De Febrero de 2026 El Municipio de General\u00a0Madariaga\u00a0analiza iniciar acciones judiciales contra el vecino partido de Villa Gesell ya que \u00e9ste derramar\u00eda reiteradamente efluentes cloacales sin tratamiento\u2026","rel":"","context":"En \u00abREGIONALES\u00bb","block_context":{"text":"REGIONALES","link":"https:\/\/larevistadigital.com.ar\/blog\/category\/regionales\/"},"img":{"alt_text":"","src":"https:\/\/i0.wp.com\/larevistadigital.com.ar\/blog\/wp-content\/uploads\/Captura-de-pantalla-2026-02-20-220307.jpg?fit=628%2C381&ssl=1&resize=350%2C200","width":350,"height":200,"srcset":"https:\/\/i0.wp.com\/larevistadigital.com.ar\/blog\/wp-content\/uploads\/Captura-de-pantalla-2026-02-20-220307.jpg?fit=628%2C381&ssl=1&resize=350%2C200 1x, https:\/\/i0.wp.com\/larevistadigital.com.ar\/blog\/wp-content\/uploads\/Captura-de-pantalla-2026-02-20-220307.jpg?fit=628%2C381&ssl=1&resize=525%2C300 1.5x"},"classes":[]},{"id":27556,"url":"https:\/\/larevistadigital.com.ar\/blog\/pinamar-nuevo-choque-en-los-medanos-con-el-saldo-de-un-nativo-de-madariaga-en-estado-grave\/","url_meta":{"origin":26141,"position":2},"title":"PINAMAR: NUEVO CHOQUE EN LOS M\u00c9DANOS CON EL SALDO DE UN NATIVO DE MADARIAGA EN ESTADO GRAVE","author":"Alejandro Sosa Ruda","date":"4 septiembre, 2022","format":false,"excerpt":"El fuerte choque fue protagonizado por un cuatriciclo y una moto. Los detalles. 04 de septiembre de 2022 PINAMAR -\u00a0 Un fuerte choque entre una moto y un cuatriciclo se produjo en la zona de los m\u00e9danos de Pinamar, m\u00e1s precisamente a la altura del supermercado Coto. Un hombre de\u2026","rel":"","context":"En \u00abINTERES GENERAL\u00bb","block_context":{"text":"INTERES GENERAL","link":"https:\/\/larevistadigital.com.ar\/blog\/category\/interes-general\/"},"img":{"alt_text":"","src":"https:\/\/i0.wp.com\/larevistadigital.com.ar\/blog\/wp-content\/uploads\/f2bb462b65caa6ca30420e0367c478c41c76f337.jpg?fit=1140%2C615&ssl=1&resize=350%2C200","width":350,"height":200,"srcset":"https:\/\/i0.wp.com\/larevistadigital.com.ar\/blog\/wp-content\/uploads\/f2bb462b65caa6ca30420e0367c478c41c76f337.jpg?fit=1140%2C615&ssl=1&resize=350%2C200 1x, https:\/\/i0.wp.com\/larevistadigital.com.ar\/blog\/wp-content\/uploads\/f2bb462b65caa6ca30420e0367c478c41c76f337.jpg?fit=1140%2C615&ssl=1&resize=525%2C300 1.5x, https:\/\/i0.wp.com\/larevistadigital.com.ar\/blog\/wp-content\/uploads\/f2bb462b65caa6ca30420e0367c478c41c76f337.jpg?fit=1140%2C615&ssl=1&resize=700%2C400 2x, https:\/\/i0.wp.com\/larevistadigital.com.ar\/blog\/wp-content\/uploads\/f2bb462b65caa6ca30420e0367c478c41c76f337.jpg?fit=1140%2C615&ssl=1&resize=1050%2C600 3x"},"classes":[]},{"id":38640,"url":"https:\/\/larevistadigital.com.ar\/blog\/pinamar-denuncian-a-empleada-del-municipio-por-una-estafa-multimillonaria\/","url_meta":{"origin":26141,"position":3},"title":"Pinamar: denuncian a empleada del municipio por una estafa multimillonaria","author":"Alejandro Sosa Ruda","date":"8 febrero, 2025","format":false,"excerpt":"Luego de la denuncia, pudieron grabar a la mujer con las c\u00e1maras de seguridad. 08 de Febrero de 2025 PINAMAR -\u00a0 Una empleada de la municipalidad de Pinamar, est\u00e1 siendo investigada por \u00a0presuntas maniobras fraudulentas. Se hicieron arqueos de caja, que arrojaron diferencias de unos 2.000.000 diarios, aunque a\u00fan deben\u2026","rel":"","context":"En \u00abPOLICIALES\u00bb","block_context":{"text":"POLICIALES","link":"https:\/\/larevistadigital.com.ar\/blog\/category\/policiales\/"},"img":{"alt_text":"","src":"https:\/\/i0.wp.com\/larevistadigital.com.ar\/blog\/wp-content\/uploads\/689ffa79eb214db487dd6c140f06aafa88fcfd5d.jpg?fit=1140%2C641&ssl=1&resize=350%2C200","width":350,"height":200,"srcset":"https:\/\/i0.wp.com\/larevistadigital.com.ar\/blog\/wp-content\/uploads\/689ffa79eb214db487dd6c140f06aafa88fcfd5d.jpg?fit=1140%2C641&ssl=1&resize=350%2C200 1x, https:\/\/i0.wp.com\/larevistadigital.com.ar\/blog\/wp-content\/uploads\/689ffa79eb214db487dd6c140f06aafa88fcfd5d.jpg?fit=1140%2C641&ssl=1&resize=525%2C300 1.5x, https:\/\/i0.wp.com\/larevistadigital.com.ar\/blog\/wp-content\/uploads\/689ffa79eb214db487dd6c140f06aafa88fcfd5d.jpg?fit=1140%2C641&ssl=1&resize=700%2C400 2x, https:\/\/i0.wp.com\/larevistadigital.com.ar\/blog\/wp-content\/uploads\/689ffa79eb214db487dd6c140f06aafa88fcfd5d.jpg?fit=1140%2C641&ssl=1&resize=1050%2C600 3x"},"classes":[]},{"id":41110,"url":"https:\/\/larevistadigital.com.ar\/blog\/general-madariaga-detienen-a-dos-sujetos-por-un-violento-hecho-de-robo-en-pinamar\/","url_meta":{"origin":26141,"position":4},"title":"General Madariaga: Detienen a dos sujetos por un violento  hecho de robo en Pinamar","author":"Alejandro Sosa Ruda","date":"26 agosto, 2025","format":false,"excerpt":"La investigaci\u00f3n permiti\u00f3 dar con los sospechosos en General Madariaga. La v\u00edctima hab\u00eda sido reducida y golpeada en su vivienda. 26 de agosto de 2025 GENERAL MADARIAGA\u00a0 -\u00a0 \u00a0Un operativo policial desarrollado en General Madariaga culmin\u00f3 con la aprehensi\u00f3n de dos hombres acusados de participar en un violento robo ocurrido\u2026","rel":"","context":"En \u00abPOLICIALES\u00bb","block_context":{"text":"POLICIALES","link":"https:\/\/larevistadigital.com.ar\/blog\/category\/policiales\/"},"img":{"alt_text":"","src":"https:\/\/i0.wp.com\/larevistadigital.com.ar\/blog\/wp-content\/uploads\/539384492_18053244758449331_7543124158828652225_n.jpg?fit=700%2C700&ssl=1&resize=350%2C200","width":350,"height":200,"srcset":"https:\/\/i0.wp.com\/larevistadigital.com.ar\/blog\/wp-content\/uploads\/539384492_18053244758449331_7543124158828652225_n.jpg?fit=700%2C700&ssl=1&resize=350%2C200 1x, https:\/\/i0.wp.com\/larevistadigital.com.ar\/blog\/wp-content\/uploads\/539384492_18053244758449331_7543124158828652225_n.jpg?fit=700%2C700&ssl=1&resize=525%2C300 1.5x, https:\/\/i0.wp.com\/larevistadigital.com.ar\/blog\/wp-content\/uploads\/539384492_18053244758449331_7543124158828652225_n.jpg?fit=700%2C700&ssl=1&resize=700%2C400 2x"},"classes":[]},{"id":38008,"url":"https:\/\/larevistadigital.com.ar\/blog\/alerta-amarilla-en-la-region-general-guido-maipu-coronel-vidal-ayacucho-general-madariaga-villa-gesell-y-pinamar\/","url_meta":{"origin":26141,"position":5},"title":"Alerta amarilla en la regi\u00f3n: Chascom\u00fas, Lezama, Castelli, Dolores,  General Guido, Maip\u00fa, Coronel Vidal, Ayacucho, General Madariaga, Villa Gesell y  Pinamar.","author":"Alejandro Sosa Ruda","date":"24 noviembre, 2024","format":false,"excerpt":"Tambi\u00e9n hay alerta naranja para Tandil, Rauch y Balcarce. 24 de Noviembre de 2024 El Servicio Meteorol\u00f3gico Nacional emiti\u00f3 un\u00a0alerta, amarillo que rige para este domingo,\u00a0por posibles tormentas fuertes, intensas r\u00e1fagas de viento y actividad el\u00e9ctrica con posible ca\u00edda de granizo. El alerta alcanza a varios distritos de la regi\u00f3n\u2026","rel":"","context":"En \u00abDESTACADAS\u00bb","block_context":{"text":"DESTACADAS","link":"https:\/\/larevistadigital.com.ar\/blog\/category\/destacadas\/"},"img":{"alt_text":"","src":"https:\/\/i0.wp.com\/larevistadigital.com.ar\/blog\/wp-content\/uploads\/ALERTA-METEOROLOGICO.jpg?fit=1140%2C758&ssl=1&resize=350%2C200","width":350,"height":200,"srcset":"https:\/\/i0.wp.com\/larevistadigital.com.ar\/blog\/wp-content\/uploads\/ALERTA-METEOROLOGICO.jpg?fit=1140%2C758&ssl=1&resize=350%2C200 1x, https:\/\/i0.wp.com\/larevistadigital.com.ar\/blog\/wp-content\/uploads\/ALERTA-METEOROLOGICO.jpg?fit=1140%2C758&ssl=1&resize=525%2C300 1.5x, https:\/\/i0.wp.com\/larevistadigital.com.ar\/blog\/wp-content\/uploads\/ALERTA-METEOROLOGICO.jpg?fit=1140%2C758&ssl=1&resize=700%2C400 2x, https:\/\/i0.wp.com\/larevistadigital.com.ar\/blog\/wp-content\/uploads\/ALERTA-METEOROLOGICO.jpg?fit=1140%2C758&ssl=1&resize=1050%2C600 3x"},"classes":[]}],"_links":{"self":[{"href":"https:\/\/larevistadigital.com.ar\/blog\/wp-json\/wp\/v2\/posts\/26141","targetHints":{"allow":["GET"]}}],"collection":[{"href":"https:\/\/larevistadigital.com.ar\/blog\/wp-json\/wp\/v2\/posts"}],"about":[{"href":"https:\/\/larevistadigital.com.ar\/blog\/wp-json\/wp\/v2\/types\/post"}],"author":[{"embeddable":true,"href":"https:\/\/larevistadigital.com.ar\/blog\/wp-json\/wp\/v2\/users\/3"}],"replies":[{"embeddable":true,"href":"https:\/\/larevistadigital.com.ar\/blog\/wp-json\/wp\/v2\/comments?post=26141"}],"version-history":[{"count":1,"href":"https:\/\/larevistadigital.com.ar\/blog\/wp-json\/wp\/v2\/posts\/26141\/revisions"}],"predecessor-version":[{"id":26143,"href":"https:\/\/larevistadigital.com.ar\/blog\/wp-json\/wp\/v2\/posts\/26141\/revisions\/26143"}],"wp:featuredmedia":[{"embeddable":true,"href":"https:\/\/larevistadigital.com.ar\/blog\/wp-json\/wp\/v2\/media\/26142"}],"wp:attachment":[{"href":"https:\/\/larevistadigital.com.ar\/blog\/wp-json\/wp\/v2\/media?parent=26141"}],"wp:term":[{"taxonomy":"category","embeddable":true,"href":"https:\/\/larevistadigital.com.ar\/blog\/wp-json\/wp\/v2\/categories?post=26141"},{"taxonomy":"post_tag","embeddable":true,"href":"https:\/\/larevistadigital.com.ar\/blog\/wp-json\/wp\/v2\/tags?post=26141"}],"curies":[{"name":"wp","href":"https:\/\/api.w.org\/{rel}","templated":true}]}}