{"id":26150,"date":"2022-06-27T19:55:05","date_gmt":"2022-06-27T19:55:05","guid":{"rendered":"https:\/\/larevistadigital.com.ar\/blog\/?p=26150"},"modified":"2022-06-27T19:55:34","modified_gmt":"2022-06-27T19:55:34","slug":"malas-noticias-desde-agosto-la-provincia-autoriza-un-9-de-aumento-en-los-colegios-privados","status":"publish","type":"post","link":"https:\/\/larevistadigital.com.ar\/blog\/malas-noticias-desde-agosto-la-provincia-autoriza-un-9-de-aumento-en-los-colegios-privados\/","title":{"rendered":"MALAS NOTICIAS: DESDE AGOSTO LA PROVINCIA AUTORIZA UN 9% DE AUMENTO EN LOS COLEGIOS PRIVADOS"},"content":{"rendered":"<h2 class=\"fparrafo ctext fz18 lh25\">Con este nuevo incremento que inform\u00f3 el Gobierno bonaerense, una escuela que dicta el Nivel Inicial y Primario podr\u00e1 cobrar desde 3.230 pesos (100% de subvenci\u00f3n) hasta 14.600 (40% de aporte estatal para sueldos) y, un colegio secundario tendr\u00e1 un valor desde 3.560 pesos hasta 18.900. La nueva medida comenzar\u00e1 a regir a partir de agosto.<\/h2>\n<p class=\"selectionShareable\"><strong>BUENOS AIRES &#8211;<\/strong>\u00a0 El Gobierno bonaerense autoriz\u00f3 un aumento promedio del 9% en los aranceles que cobran los colegios privados, que podr\u00e1 aplicarse a partir de agosto.<\/p>\n<p class=\"selectionShareable\">Seg\u00fan informa el Diario Norte, la administraci\u00f3n de <strong>Axel Kicillof<\/strong> indic\u00f3 en un comunicado que<em><strong> \u201cel aumento se fundamenta en la necesidad de hacer frente a parte de los incrementos de salarios de los docentes y se aplica en todos los establecimientos educativos no estatales que reciben una subvenci\u00f3n\u201d.<\/strong><\/em><\/p>\n<blockquote>\n<h3 class=\"selectionShareable\">Durante la \u00faltima reapertura de las paritarias, la Provincia acord\u00f3 subir un 10% m\u00e1s en las remuneraciones de los docentes para alcanzar una mejora anual por encima del 60%.<\/h3>\n<\/blockquote>\n<p class=\"selectionShareable\">En el territorio bonaerense concurren aproximadamente 1,2 millones de estudiantes a 4.280 establecimientos privados. Particularmente, un colegio que dicta jard\u00edn y primaria podr\u00e1 cobrar desde 3.230 pesos (100% de subvenci\u00f3n) hasta 14.600 (40% de aporte estatal para sueldos) y una secundaria tendr\u00e1 un valor desde 3.560 pesos hasta 18.900. (<b>InfoGEI<\/b>)Ap<\/p>\n","protected":false},"excerpt":{"rendered":"<div class=\"mh-excerpt\"><p>Con este nuevo incremento que inform\u00f3 el Gobierno bonaerense, una escuela que dicta el Nivel Inicial y Primario podr\u00e1 cobrar desde 3.230 pesos (100% de subvenci\u00f3n) hasta 14.600 (40% de aporte estatal para sueldos) y, <a class=\"mh-excerpt-more\" href=\"https:\/\/larevistadigital.com.ar\/blog\/malas-noticias-desde-agosto-la-provincia-autoriza-un-9-de-aumento-en-los-colegios-privados\/\" title=\"MALAS NOTICIAS: DESDE AGOSTO LA PROVINCIA AUTORIZA UN 9% DE AUMENTO EN LOS COLEGIOS PRIVADOS\">[Leer M\u00e1s]<\/a><\/p>\n<\/div>","protected":false},"author":3,"featured_media":26151,"comment_status":"open","ping_status":"open","sticky":false,"template":"","format":"standard","meta":{"_jetpack_memberships_contains_paid_content":false,"footnotes":"","jetpack_publicize_message":"","jetpack_publicize_feature_enabled":true,"jetpack_social_post_already_shared":true,"jetpack_social_options":{"image_generator_settings":{"template":"highway","default_image_id":0,"font":"","enabled":false},"version":2}},"categories":[41],"tags":[],"class_list":{"0":"post-26150","1":"post","2":"type-post","3":"status-publish","4":"format-standard","5":"has-post-thumbnail","7":"category-destacadas"},"jetpack_publicize_connections":[],"jetpack_featured_media_url":"https:\/\/i0.wp.com\/larevistadigital.com.ar\/blog\/wp-content\/uploads\/20220627160307_la-provincia-autoriza-el-aumento-del-9-en-las-cuotas-de-los-colegios-privados.jpg?fit=880%2C512&ssl=1","jetpack_sharing_enabled":true,"jetpack_shortlink":"https:\/\/wp.me\/p8qtrQ-6NM","jetpack-related-posts":[{"id":22113,"url":"https:\/\/larevistadigital.com.ar\/blog\/el-gobierno-aumento-a-175-000-el-piso-salarial-del-impuesto-a-las-ganancias\/","url_meta":{"origin":26150,"position":0},"title":"EL GOBIERNO AUMENT\u00d3 A $175.000.- EL PISO SALARIAL DEL IMPUESTO A LAS GANANCIAS","author":"Alejandro Sosa Ruda","date":"23 septiembre, 2021","format":false,"excerpt":"Hasta ahora lo pagaban quienes ganaban m\u00e1s de $150.000.- brutos por mes. Aseguran que impactar\u00e1 en m\u00e1s de 1.200.000 trabajadores. La modificaci\u00f3n fue publicada este jueves en el Bolet\u00edn Oficial y rige desde septiembre. Tras la dura derrota electoral, el Gobierno\u00a0aument\u00f3\u00a0a $ 175 mil el piso salarial\u00a0del Impuesto\u00a0a las Ganancias.\u2026","rel":"","context":"En \u00abINTERES GENERAL\u00bb","block_context":{"text":"INTERES GENERAL","link":"https:\/\/larevistadigital.com.ar\/blog\/category\/interes-general\/"},"img":{"alt_text":"","src":"https:\/\/i0.wp.com\/larevistadigital.com.ar\/blog\/wp-content\/uploads\/WhatsApp-Image-2021-04-30-at-09.36.03.jpeg?fit=1200%2C801&ssl=1&resize=350%2C200","width":350,"height":200,"srcset":"https:\/\/i0.wp.com\/larevistadigital.com.ar\/blog\/wp-content\/uploads\/WhatsApp-Image-2021-04-30-at-09.36.03.jpeg?fit=1200%2C801&ssl=1&resize=350%2C200 1x, https:\/\/i0.wp.com\/larevistadigital.com.ar\/blog\/wp-content\/uploads\/WhatsApp-Image-2021-04-30-at-09.36.03.jpeg?fit=1200%2C801&ssl=1&resize=525%2C300 1.5x, https:\/\/i0.wp.com\/larevistadigital.com.ar\/blog\/wp-content\/uploads\/WhatsApp-Image-2021-04-30-at-09.36.03.jpeg?fit=1200%2C801&ssl=1&resize=700%2C400 2x, https:\/\/i0.wp.com\/larevistadigital.com.ar\/blog\/wp-content\/uploads\/WhatsApp-Image-2021-04-30-at-09.36.03.jpeg?fit=1200%2C801&ssl=1&resize=1050%2C600 3x"},"classes":[]},{"id":44364,"url":"https:\/\/larevistadigital.com.ar\/blog\/la-provincia-otorgo-un-nuevo-aumento-salarial-a-la-policia-bonaerense\/","url_meta":{"origin":26150,"position":1},"title":"La Provincia otorg\u00f3 un nuevo aumento salarial a la Polic\u00eda Bonaerense","author":"Alejandro Sosa Ruda","date":"6 marzo, 2026","format":false,"excerpt":"El incremento se aplicar\u00e1 en dos tramos y llevar\u00e1 la suba acumulada en lo que va del a\u00f1o a m\u00e1s del 11%. 06 de marzo de 2026 BUENOS AIRES -\u00a0 \u00a0El gobierno de la Provincia de Buenos Aires confirm\u00f3 un nuevo aumento salarial para los efectivos de la Polic\u00eda de\u2026","rel":"","context":"En \u00abINTERES GENERAL\u00bb","block_context":{"text":"INTERES GENERAL","link":"https:\/\/larevistadigital.com.ar\/blog\/category\/interes-general\/"},"img":{"alt_text":"","src":"https:\/\/i0.wp.com\/larevistadigital.com.ar\/blog\/wp-content\/uploads\/Captura-de-pantalla-2026-03-06-203850.jpg?fit=884%2C493&ssl=1&resize=350%2C200","width":350,"height":200,"srcset":"https:\/\/i0.wp.com\/larevistadigital.com.ar\/blog\/wp-content\/uploads\/Captura-de-pantalla-2026-03-06-203850.jpg?fit=884%2C493&ssl=1&resize=350%2C200 1x, https:\/\/i0.wp.com\/larevistadigital.com.ar\/blog\/wp-content\/uploads\/Captura-de-pantalla-2026-03-06-203850.jpg?fit=884%2C493&ssl=1&resize=525%2C300 1.5x, https:\/\/i0.wp.com\/larevistadigital.com.ar\/blog\/wp-content\/uploads\/Captura-de-pantalla-2026-03-06-203850.jpg?fit=884%2C493&ssl=1&resize=700%2C400 2x"},"classes":[]},{"id":24220,"url":"https:\/\/larevistadigital.com.ar\/blog\/desde-marzo-aumentan-las-multas-de-transito-en-el-territorio-bonaerense\/","url_meta":{"origin":26150,"position":2},"title":"DESDE MARZO AUMENTAN LAS MULTAS DE TR\u00c1NSITO EN EL TERRITORIO BONAERENSE","author":"Alejandro Sosa Ruda","date":"26 febrero, 2022","format":false,"excerpt":"Para el bimestre comprendido entre los meses de marzo y abril del mismo a\u00f1o, el valor de 1 (una) UF (unidad fija) es la suma de pesos ciento veintitr\u00e9s con cuarenta centavos ($ 123,40.-), seg\u00fan lo informado oportunamente por el Autom\u00f3vil Club Argentino. Mediante un decreto publicado en el Bolet\u00edn\u2026","rel":"","context":"En \u00abPOLITICA PROVINCIAL\u00bb","block_context":{"text":"POLITICA PROVINCIAL","link":"https:\/\/larevistadigital.com.ar\/blog\/category\/politica\/politica-provincial\/"},"img":{"alt_text":"","src":"https:\/\/i0.wp.com\/larevistadigital.com.ar\/blog\/wp-content\/uploads\/20220225195226_mult.jpg?fit=880%2C512&ssl=1&resize=350%2C200","width":350,"height":200,"srcset":"https:\/\/i0.wp.com\/larevistadigital.com.ar\/blog\/wp-content\/uploads\/20220225195226_mult.jpg?fit=880%2C512&ssl=1&resize=350%2C200 1x, https:\/\/i0.wp.com\/larevistadigital.com.ar\/blog\/wp-content\/uploads\/20220225195226_mult.jpg?fit=880%2C512&ssl=1&resize=525%2C300 1.5x, https:\/\/i0.wp.com\/larevistadigital.com.ar\/blog\/wp-content\/uploads\/20220225195226_mult.jpg?fit=880%2C512&ssl=1&resize=700%2C400 2x"},"classes":[]},{"id":38028,"url":"https:\/\/larevistadigital.com.ar\/blog\/la-vtv-vuelve-a-aumentar-en-diciembre-a-casi-54-mil-pesos\/","url_meta":{"origin":26150,"position":3},"title":"La VTV vuelve a aumentar en diciembre a casi 54 mil pesos","author":"Alejandro Sosa Ruda","date":"30 noviembre, 2024","format":false,"excerpt":"La Verificaci\u00f3n T\u00e9cnica Vehicular tendr\u00e1 otro incremento desde febrero del 2025. C\u00f3mo quedaron las tarifas. El siguiente aumento ser\u00e1 en febrero de 2025, 30 de Noviembre de 2024 El costo del tr\u00e1mite por la Verificaci\u00f3n T\u00e9cnica Vehicular (VTV) vuelve a aumentar desde el 1\u00b0 de diciembre un 21,83% y el\u2026","rel":"","context":"En \u00abINTERES GENERAL\u00bb","block_context":{"text":"INTERES GENERAL","link":"https:\/\/larevistadigital.com.ar\/blog\/category\/interes-general\/"},"img":{"alt_text":"","src":"https:\/\/i0.wp.com\/larevistadigital.com.ar\/blog\/wp-content\/uploads\/20241129200132_vtv-en-la-provincia-de-buenos-aires.jpg?fit=880%2C512&ssl=1&resize=350%2C200","width":350,"height":200,"srcset":"https:\/\/i0.wp.com\/larevistadigital.com.ar\/blog\/wp-content\/uploads\/20241129200132_vtv-en-la-provincia-de-buenos-aires.jpg?fit=880%2C512&ssl=1&resize=350%2C200 1x, https:\/\/i0.wp.com\/larevistadigital.com.ar\/blog\/wp-content\/uploads\/20241129200132_vtv-en-la-provincia-de-buenos-aires.jpg?fit=880%2C512&ssl=1&resize=525%2C300 1.5x, https:\/\/i0.wp.com\/larevistadigital.com.ar\/blog\/wp-content\/uploads\/20241129200132_vtv-en-la-provincia-de-buenos-aires.jpg?fit=880%2C512&ssl=1&resize=700%2C400 2x"},"classes":[]},{"id":29607,"url":"https:\/\/larevistadigital.com.ar\/blog\/mar-del-plata-a-partir-de-enero-aumenta-un-21\/","url_meta":{"origin":26150,"position":4},"title":"MAR DEL PLATA: A PARTIR DE ENERO AUMENTA UN 21","author":"Alejandro Sosa Ruda","date":"24 diciembre, 2022","format":false,"excerpt":"\u00a0As\u00ed surge del decreto 3002\/22 que fue publicado en el Bolet\u00edn Oficial con la firma del jefe comunal y el secretario de Gobierno, Santiago Bonifatti. 23 de diciembre de 2022 MAR DEL PLATA -\u00a0 El decreto establece \"fijar a partir de la cero hora del d\u00eda 6 de enero de\u2026","rel":"","context":"En \u00abECONOMIA\u00bb","block_context":{"text":"ECONOMIA","link":"https:\/\/larevistadigital.com.ar\/blog\/category\/economia\/"},"img":{"alt_text":"","src":"https:\/\/i0.wp.com\/larevistadigital.com.ar\/blog\/wp-content\/uploads\/20221223190743_2.png?fit=880%2C512&ssl=1&resize=350%2C200","width":350,"height":200,"srcset":"https:\/\/i0.wp.com\/larevistadigital.com.ar\/blog\/wp-content\/uploads\/20221223190743_2.png?fit=880%2C512&ssl=1&resize=350%2C200 1x, https:\/\/i0.wp.com\/larevistadigital.com.ar\/blog\/wp-content\/uploads\/20221223190743_2.png?fit=880%2C512&ssl=1&resize=525%2C300 1.5x, https:\/\/i0.wp.com\/larevistadigital.com.ar\/blog\/wp-content\/uploads\/20221223190743_2.png?fit=880%2C512&ssl=1&resize=700%2C400 2x"},"classes":[]},{"id":26063,"url":"https:\/\/larevistadigital.com.ar\/blog\/nueva-edicion-de-los-viajes-de-egresados-gratuitos-para-alumnos-bonaerenses\/","url_meta":{"origin":26150,"position":5},"title":"NUEVA EDICI\u00d3N DE LOS VIAJES DE EGRESADOS GRATUITOS PARA ALUMNOS BONAERENSES","author":"Alejandro Sosa Ruda","date":"24 junio, 2022","format":false,"excerpt":"Los viajes de fin de curso duran 4 d\u00edas y 3 noches, cuentan con dos excursiones diarias y una noctura, tienen todos los gastos incluidos -traslados, hoteler\u00eda, gastronom\u00eda y seguros. Visitan localidades de la provincia. Alumnas y alumnos del \u00faltimo a\u00f1o de colegios secundarios p\u00fablicos y privados de la provincia\u2026","rel":"","context":"En \u00abINTERES GENERAL\u00bb","block_context":{"text":"INTERES GENERAL","link":"https:\/\/larevistadigital.com.ar\/blog\/category\/interes-general\/"},"img":{"alt_text":"","src":"https:\/\/i0.wp.com\/larevistadigital.com.ar\/blog\/wp-content\/uploads\/VIAJES-EGRESADOS.png?fit=784%2C431&ssl=1&resize=350%2C200","width":350,"height":200,"srcset":"https:\/\/i0.wp.com\/larevistadigital.com.ar\/blog\/wp-content\/uploads\/VIAJES-EGRESADOS.png?fit=784%2C431&ssl=1&resize=350%2C200 1x, https:\/\/i0.wp.com\/larevistadigital.com.ar\/blog\/wp-content\/uploads\/VIAJES-EGRESADOS.png?fit=784%2C431&ssl=1&resize=525%2C300 1.5x, https:\/\/i0.wp.com\/larevistadigital.com.ar\/blog\/wp-content\/uploads\/VIAJES-EGRESADOS.png?fit=784%2C431&ssl=1&resize=700%2C400 2x"},"classes":[]}],"_links":{"self":[{"href":"https:\/\/larevistadigital.com.ar\/blog\/wp-json\/wp\/v2\/posts\/26150","targetHints":{"allow":["GET"]}}],"collection":[{"href":"https:\/\/larevistadigital.com.ar\/blog\/wp-json\/wp\/v2\/posts"}],"about":[{"href":"https:\/\/larevistadigital.com.ar\/blog\/wp-json\/wp\/v2\/types\/post"}],"author":[{"embeddable":true,"href":"https:\/\/larevistadigital.com.ar\/blog\/wp-json\/wp\/v2\/users\/3"}],"replies":[{"embeddable":true,"href":"https:\/\/larevistadigital.com.ar\/blog\/wp-json\/wp\/v2\/comments?post=26150"}],"version-history":[{"count":1,"href":"https:\/\/larevistadigital.com.ar\/blog\/wp-json\/wp\/v2\/posts\/26150\/revisions"}],"predecessor-version":[{"id":26152,"href":"https:\/\/larevistadigital.com.ar\/blog\/wp-json\/wp\/v2\/posts\/26150\/revisions\/26152"}],"wp:featuredmedia":[{"embeddable":true,"href":"https:\/\/larevistadigital.com.ar\/blog\/wp-json\/wp\/v2\/media\/26151"}],"wp:attachment":[{"href":"https:\/\/larevistadigital.com.ar\/blog\/wp-json\/wp\/v2\/media?parent=26150"}],"wp:term":[{"taxonomy":"category","embeddable":true,"href":"https:\/\/larevistadigital.com.ar\/blog\/wp-json\/wp\/v2\/categories?post=26150"},{"taxonomy":"post_tag","embeddable":true,"href":"https:\/\/larevistadigital.com.ar\/blog\/wp-json\/wp\/v2\/tags?post=26150"}],"curies":[{"name":"wp","href":"https:\/\/api.w.org\/{rel}","templated":true}]}}