{"id":26153,"date":"2022-06-27T20:01:55","date_gmt":"2022-06-27T20:01:55","guid":{"rendered":"https:\/\/larevistadigital.com.ar\/blog\/?p=26153"},"modified":"2022-06-27T20:01:55","modified_gmt":"2022-06-27T20:01:55","slug":"en-la-camara-impulsan-la-inclusion-de-villarino-puan-saavedra-y-tornquist-como-zona-austral-desfavorable","status":"publish","type":"post","link":"https:\/\/larevistadigital.com.ar\/blog\/en-la-camara-impulsan-la-inclusion-de-villarino-puan-saavedra-y-tornquist-como-zona-austral-desfavorable\/","title":{"rendered":"EN LA C\u00c1MARA: IMPULSAN LA INCLUSI\u00d3N DE VILLARINO, PUAN, SAAVEDRA Y TORNQUIST COMO ZONA AUSTRAL DESFAVORABLE"},"content":{"rendered":"<h2 class=\"fparrafo ctext fz18 lh25\">La iniciativa del jefe comunal de Villarino, propone que los vecinos de ese distrito del sur bonaerense, obtengan alivios fiscales que ayuden a trabajadores, jubilados y pensionados. Lo que se busca es el incentivo y la promoci\u00f3n del distrito a trav\u00e9s de beneficios tributarios, como un acto de justicia por tener las mismas condiciones que el resto de las zonas patag\u00f3nicas. El proyecto, incluye adem\u00e1s a los cuarteles V, VI, VII, VIII, IX, X y XI de Puan; VIII, IX, X y XI de Saavedra, y III, IV y V del partido de Tornquist.<\/h2>\n<p class=\"selectionShareable\">La C\u00e1mara de Diputados de la Naci\u00f3n tratar\u00e1 la inclusi\u00f3n de Villarino y cuarteles del sur de Pu\u00e1n, Saavedra y Tornquist como Zona Austral Desfavorable lo que beneficiar\u00eda a los productores y vecinos de la regi\u00f3n. <em><strong>\u201cEs una reparaci\u00f3n hist\u00f3rica para nuestros vecinos y productores\u201d<\/strong><\/em>, se\u00f1ala el intendente de Villarino, <strong>Carlos Bevilacqua<\/strong>, <strong><em>\u201cy voy a seguir peleando para que Villarino sea considerada Zona Austral Desfavorable\u201d.<\/em><\/strong><\/p>\n<p class=\"selectionShareable\">Seg\u00fan inform\u00f3 Prensa de la Municipalidad de Villarino, despu\u00e9s de que la diputada Provincial <strong>Fernanda Bevilacqua<\/strong> consiguiera en La Plata que el legislativo bonaerense aprobara la ampliaci\u00f3n por un plazo de cinco a\u00f1os de la <strong>\u201cZona Austral Desfavorable\u201d<\/strong>, ahora <strong>Carlos Bevilacqua<\/strong> va m\u00e1s all\u00e1 y retoma la iniciativa para que esta denominaci\u00f3n sea tambi\u00e9n refrendada desde el poder legislativo nacional. Los beneficios, despu\u00e9s, ser\u00e1n decididos por los y las legisladoras a la hora de debatir en el Congreso.<\/p>\n<p class=\"selectionShareable\"><span style=\"color: #ff0000\"><b>\u00c1rea Patag\u00f3nica Bonaerense<\/b><\/span><\/p>\n<p class=\"selectionShareable\"><em><strong>\u201cLos criterios clim\u00e1ticos, hist\u00f3ricos, econ\u00f3micos y geogr\u00e1ficos de Villarino establecen que se encuentra en una zona desfavorable y marginal de la provincia de Buenos Aires por lo que requiere ser considerada Zona Austral Desfavorable\u201d<\/strong><\/em> comenta el intendente.<em><strong> \u201cPor eso llevamos contactos con todos los partidos pol\u00edticos para que Villarino sea incluido en la ley nacional.\u201d<\/strong><\/em><\/p>\n<p class=\"selectionShareable\">Con esta modificaci\u00f3n, comunas tales como Villarino pasar\u00edan a ser reconocidos como parte del \u00c1rea Patag\u00f3nica Bonaerense, lo que le otorga al municipio el estatus de una zona productiva y comercialmente marginal. As\u00ed, por un plazo de cinco a\u00f1os, Villarino ser\u00eda considerada como una \u201cZona Austral Desfavorable\u201d. (<b>InfoGEI<\/b>)Ap<\/p>\n","protected":false},"excerpt":{"rendered":"<div class=\"mh-excerpt\"><p>La iniciativa del jefe comunal de Villarino, propone que los vecinos de ese distrito del sur bonaerense, obtengan alivios fiscales que ayuden a trabajadores, jubilados y pensionados. Lo que se busca es el incentivo y <a class=\"mh-excerpt-more\" href=\"https:\/\/larevistadigital.com.ar\/blog\/en-la-camara-impulsan-la-inclusion-de-villarino-puan-saavedra-y-tornquist-como-zona-austral-desfavorable\/\" title=\"EN LA C\u00c1MARA: IMPULSAN LA INCLUSI\u00d3N DE VILLARINO, PUAN, SAAVEDRA Y TORNQUIST COMO ZONA AUSTRAL DESFAVORABLE\">[Leer M\u00e1s]<\/a><\/p>\n<\/div>","protected":false},"author":3,"featured_media":26154,"comment_status":"open","ping_status":"open","sticky":false,"template":"","format":"standard","meta":{"_jetpack_memberships_contains_paid_content":false,"footnotes":"","jetpack_publicize_message":"","jetpack_publicize_feature_enabled":true,"jetpack_social_post_already_shared":true,"jetpack_social_options":{"image_generator_settings":{"template":"highway","default_image_id":0,"font":"","enabled":false},"version":2}},"categories":[51],"tags":[],"class_list":{"0":"post-26153","1":"post","2":"type-post","3":"status-publish","4":"format-standard","5":"has-post-thumbnail","7":"category-regionales"},"jetpack_publicize_connections":[],"jetpack_featured_media_url":"https:\/\/i0.wp.com\/larevistadigital.com.ar\/blog\/wp-content\/uploads\/20220627151841_impulsan-la-inclusion-de-villarino-puan-saavedra-y-tornquist-como-zona-austral-desfavorable.png?fit=880%2C512&ssl=1","jetpack_sharing_enabled":true,"jetpack_shortlink":"https:\/\/wp.me\/p8qtrQ-6NP","jetpack-related-posts":[{"id":34183,"url":"https:\/\/larevistadigital.com.ar\/blog\/cual-fue-la-unica-seccion-electoral-bonaerense-en-la-que-no-ganaron-massa-y-kicillof\/","url_meta":{"origin":26153,"position":0},"title":"CUAL FUE LA \u00daNICA SECCI\u00d3N ELECTORAL BONAERENSE EN LA QUE NO GANARON MASSA Y KICILLOF","author":"Alejandro Sosa Ruda","date":"25 octubre, 2023","format":false,"excerpt":"Ambos candidatos perdieron tan solo en una de las ochos secciones en que se divide pol\u00edticamente el territorio bonaerense. 25 de Octubre de 2023 BUENOS AIRES -\u00a0 Axel Kicillof y Sergio Massa hicieron una hist\u00f3rica elecci\u00f3n este domingo ganando por amplio margen en el territorio bonaerense. Sin embargo, ambos perdieron\u2026","rel":"","context":"En \u00abREGIONALES\u00bb","block_context":{"text":"REGIONALES","link":"https:\/\/larevistadigital.com.ar\/blog\/category\/regionales\/"},"img":{"alt_text":"","src":"https:\/\/i0.wp.com\/larevistadigital.com.ar\/blog\/wp-content\/uploads\/20231023183327_ambos.jpg?fit=880%2C512&ssl=1&resize=350%2C200","width":350,"height":200,"srcset":"https:\/\/i0.wp.com\/larevistadigital.com.ar\/blog\/wp-content\/uploads\/20231023183327_ambos.jpg?fit=880%2C512&ssl=1&resize=350%2C200 1x, https:\/\/i0.wp.com\/larevistadigital.com.ar\/blog\/wp-content\/uploads\/20231023183327_ambos.jpg?fit=880%2C512&ssl=1&resize=525%2C300 1.5x, https:\/\/i0.wp.com\/larevistadigital.com.ar\/blog\/wp-content\/uploads\/20231023183327_ambos.jpg?fit=880%2C512&ssl=1&resize=700%2C400 2x"},"classes":[]},{"id":20710,"url":"https:\/\/larevistadigital.com.ar\/blog\/diputados-aprobaron-el-proyecto-que-declara-a-mar-del-plata-como-zona-fria\/","url_meta":{"origin":26153,"position":1},"title":"DIPUTADOS APROBARON EL PROYECTO QUE DECLARA A MAR DEL PLATA COMO ZONA FR\u00cdA","author":"Alejandro Sosa Ruda","date":"11 junio, 2021","format":false,"excerpt":"La C\u00e1mara baja le dio media sanci\u00f3n a la iniciativa que representa un alivio de entre el 30% y 50%. \u201cLos vecinos de Mar del Plata y Bat\u00e1n podr\u00e1n contar con un cuadro tarifario acorde con su realidad\u201d, destac\u00f3 el marplatense\u00a0Juan Manuel Cheppi. Ahora resta el aval del Senado. Con\u2026","rel":"","context":"En \u00abPOLITICA PROVINCIAL\u00bb","block_context":{"text":"POLITICA PROVINCIAL","link":"https:\/\/larevistadigital.com.ar\/blog\/category\/politica\/politica-provincial\/"},"img":{"alt_text":"","src":"https:\/\/i0.wp.com\/larevistadigital.com.ar\/blog\/wp-content\/uploads\/ZONA-FRIA-1.png?fit=1002%2C562&ssl=1&resize=350%2C200","width":350,"height":200,"srcset":"https:\/\/i0.wp.com\/larevistadigital.com.ar\/blog\/wp-content\/uploads\/ZONA-FRIA-1.png?fit=1002%2C562&ssl=1&resize=350%2C200 1x, https:\/\/i0.wp.com\/larevistadigital.com.ar\/blog\/wp-content\/uploads\/ZONA-FRIA-1.png?fit=1002%2C562&ssl=1&resize=525%2C300 1.5x, https:\/\/i0.wp.com\/larevistadigital.com.ar\/blog\/wp-content\/uploads\/ZONA-FRIA-1.png?fit=1002%2C562&ssl=1&resize=700%2C400 2x"},"classes":[]},{"id":20906,"url":"https:\/\/larevistadigital.com.ar\/blog\/chascomus-zona-caliente-casi-caribena-los-vecinos-agradecidos\/","url_meta":{"origin":26153,"position":2},"title":"CHASCOM\u00daS: ZONA CALIENTE&#8230; CASI CARIBE\u00d1A. LOS VECINOS, AGRADECIDOS.","author":"Alejandro Sosa Ruda","date":"25 junio, 2021","format":false,"excerpt":"De manera incre\u00edble, Chascom\u00fas qued\u00f3 afuera del listado de municipios alcanzados por el beneficio de ser considerados \"ZONA FRIA\" y recibir con la nueva ley distintos descuentos. Esto sucede aunque hay otros municipios que s\u00ed, han sido incluidos con clima similar (pero evidentemente con intendentes distintos) El proyecto de \"Zonas\u2026","rel":"","context":"En \u00abDESTACADAS\u00bb","block_context":{"text":"DESTACADAS","link":"https:\/\/larevistadigital.com.ar\/blog\/category\/destacadas\/"},"img":{"alt_text":"","src":"https:\/\/i0.wp.com\/larevistadigital.com.ar\/blog\/wp-content\/uploads\/CHASCOMUS-ZONA-NO-TAN-FRIA.jpg?fit=1200%2C684&ssl=1&resize=350%2C200","width":350,"height":200,"srcset":"https:\/\/i0.wp.com\/larevistadigital.com.ar\/blog\/wp-content\/uploads\/CHASCOMUS-ZONA-NO-TAN-FRIA.jpg?fit=1200%2C684&ssl=1&resize=350%2C200 1x, https:\/\/i0.wp.com\/larevistadigital.com.ar\/blog\/wp-content\/uploads\/CHASCOMUS-ZONA-NO-TAN-FRIA.jpg?fit=1200%2C684&ssl=1&resize=525%2C300 1.5x, https:\/\/i0.wp.com\/larevistadigital.com.ar\/blog\/wp-content\/uploads\/CHASCOMUS-ZONA-NO-TAN-FRIA.jpg?fit=1200%2C684&ssl=1&resize=700%2C400 2x, https:\/\/i0.wp.com\/larevistadigital.com.ar\/blog\/wp-content\/uploads\/CHASCOMUS-ZONA-NO-TAN-FRIA.jpg?fit=1200%2C684&ssl=1&resize=1050%2C600 3x"},"classes":[]},{"id":40132,"url":"https:\/\/larevistadigital.com.ar\/blog\/comarca-serrana-nevadas-en-villa-ventana-y-el-parque-tornquist\/","url_meta":{"origin":26153,"position":3},"title":"Comarca serrana: Nevadas en Villa Ventana y el Parque Tornquist","author":"Alejandro Sosa Ruda","date":"23 junio, 2025","format":false,"excerpt":"Desde las 13 hs de este domingo, comenz\u00f3 a nevar en la comarca serrana del suroeste bonaerense. Los primeros copos cayeron en el sector del Parque Provincial Ernesto Tornquist y en la zona urbana de Villa Ventana. 23 de Junio de 2025 BUENOS AIRES -\u00a0 \u00a0Este domingo a partir de\u2026","rel":"","context":"En \u00abREGIONALES\u00bb","block_context":{"text":"REGIONALES","link":"https:\/\/larevistadigital.com.ar\/blog\/category\/regionales\/"},"img":{"alt_text":"","src":"https:\/\/i0.wp.com\/larevistadigital.com.ar\/blog\/wp-content\/uploads\/20250623155158_nevadas-villa-ventana-parque-tornquist.jpg?fit=880%2C512&ssl=1&resize=350%2C200","width":350,"height":200,"srcset":"https:\/\/i0.wp.com\/larevistadigital.com.ar\/blog\/wp-content\/uploads\/20250623155158_nevadas-villa-ventana-parque-tornquist.jpg?fit=880%2C512&ssl=1&resize=350%2C200 1x, https:\/\/i0.wp.com\/larevistadigital.com.ar\/blog\/wp-content\/uploads\/20250623155158_nevadas-villa-ventana-parque-tornquist.jpg?fit=880%2C512&ssl=1&resize=525%2C300 1.5x, https:\/\/i0.wp.com\/larevistadigital.com.ar\/blog\/wp-content\/uploads\/20250623155158_nevadas-villa-ventana-parque-tornquist.jpg?fit=880%2C512&ssl=1&resize=700%2C400 2x"},"classes":[]},{"id":43829,"url":"https:\/\/larevistadigital.com.ar\/blog\/la-provincia-entrego-escrituras-gratuitas-a-familias-de-villarino\/","url_meta":{"origin":26153,"position":4},"title":"La Provincia entreg\u00f3 escrituras gratuitas a familias de Villarino","author":"Alejandro Sosa Ruda","date":"6 febrero, 2026","format":false,"excerpt":"En el marco del programa \u201cMi Escritura, Mi Casa\u201d, el Gobierno de la provincia de Buenos Aires realiz\u00f3 este jueves la entrega de 109 t\u00edtulos de propiedad gratuitos a familias del municipio de Villarino. El acto se llev\u00f3 a cabo en el Centro Educativo y Cultural Mayor Buratovich, con la\u2026","rel":"","context":"En \u00abPOLITICA PROVINCIAL\u00bb","block_context":{"text":"POLITICA PROVINCIAL","link":"https:\/\/larevistadigital.com.ar\/blog\/category\/politica\/politica-provincial\/"},"img":{"alt_text":"","src":"https:\/\/i0.wp.com\/larevistadigital.com.ar\/blog\/wp-content\/uploads\/Villarino-Escrituras-1.jpg?fit=1200%2C800&ssl=1&resize=350%2C200","width":350,"height":200,"srcset":"https:\/\/i0.wp.com\/larevistadigital.com.ar\/blog\/wp-content\/uploads\/Villarino-Escrituras-1.jpg?fit=1200%2C800&ssl=1&resize=350%2C200 1x, https:\/\/i0.wp.com\/larevistadigital.com.ar\/blog\/wp-content\/uploads\/Villarino-Escrituras-1.jpg?fit=1200%2C800&ssl=1&resize=525%2C300 1.5x, https:\/\/i0.wp.com\/larevistadigital.com.ar\/blog\/wp-content\/uploads\/Villarino-Escrituras-1.jpg?fit=1200%2C800&ssl=1&resize=700%2C400 2x, https:\/\/i0.wp.com\/larevistadigital.com.ar\/blog\/wp-content\/uploads\/Villarino-Escrituras-1.jpg?fit=1200%2C800&ssl=1&resize=1050%2C600 3x"},"classes":[]},{"id":39930,"url":"https:\/\/larevistadigital.com.ar\/blog\/bahia-blanca-tres-condenados-por-intento-de-robo-de-cables-en-tornquist-que-termino-con-cuatro-muertos\/","url_meta":{"origin":26153,"position":5},"title":"Bah\u00eda Blanca: Tres condenados por intento de robo de cables en Tornquist que termin\u00f3 con cuatro muertos","author":"Alejandro Sosa Ruda","date":"29 mayo, 2025","format":false,"excerpt":"El Tribunal en lo Criminal N.\u00ba 1 de Bah\u00eda Blanca conden\u00f3, a trav\u00e9s del procedimiento de juicio abreviado, a tres implicados en un intento de robo de cables ocurrido en Tornquist. Cada uno recibi\u00f3 una pena de tres a\u00f1os de prisi\u00f3n en suspenso, adem\u00e1s de otras sanciones legales, costas del\u2026","rel":"","context":"En \u00abPOLICIALES\u00bb","block_context":{"text":"POLICIALES","link":"https:\/\/larevistadigital.com.ar\/blog\/category\/policiales\/"},"img":{"alt_text":"","src":"https:\/\/i0.wp.com\/larevistadigital.com.ar\/blog\/wp-content\/uploads\/20250528155838_condenas-robo-cables-bahia-blanca.jpg?fit=880%2C512&ssl=1&resize=350%2C200","width":350,"height":200,"srcset":"https:\/\/i0.wp.com\/larevistadigital.com.ar\/blog\/wp-content\/uploads\/20250528155838_condenas-robo-cables-bahia-blanca.jpg?fit=880%2C512&ssl=1&resize=350%2C200 1x, https:\/\/i0.wp.com\/larevistadigital.com.ar\/blog\/wp-content\/uploads\/20250528155838_condenas-robo-cables-bahia-blanca.jpg?fit=880%2C512&ssl=1&resize=525%2C300 1.5x, https:\/\/i0.wp.com\/larevistadigital.com.ar\/blog\/wp-content\/uploads\/20250528155838_condenas-robo-cables-bahia-blanca.jpg?fit=880%2C512&ssl=1&resize=700%2C400 2x"},"classes":[]}],"_links":{"self":[{"href":"https:\/\/larevistadigital.com.ar\/blog\/wp-json\/wp\/v2\/posts\/26153","targetHints":{"allow":["GET"]}}],"collection":[{"href":"https:\/\/larevistadigital.com.ar\/blog\/wp-json\/wp\/v2\/posts"}],"about":[{"href":"https:\/\/larevistadigital.com.ar\/blog\/wp-json\/wp\/v2\/types\/post"}],"author":[{"embeddable":true,"href":"https:\/\/larevistadigital.com.ar\/blog\/wp-json\/wp\/v2\/users\/3"}],"replies":[{"embeddable":true,"href":"https:\/\/larevistadigital.com.ar\/blog\/wp-json\/wp\/v2\/comments?post=26153"}],"version-history":[{"count":2,"href":"https:\/\/larevistadigital.com.ar\/blog\/wp-json\/wp\/v2\/posts\/26153\/revisions"}],"predecessor-version":[{"id":26165,"href":"https:\/\/larevistadigital.com.ar\/blog\/wp-json\/wp\/v2\/posts\/26153\/revisions\/26165"}],"wp:featuredmedia":[{"embeddable":true,"href":"https:\/\/larevistadigital.com.ar\/blog\/wp-json\/wp\/v2\/media\/26154"}],"wp:attachment":[{"href":"https:\/\/larevistadigital.com.ar\/blog\/wp-json\/wp\/v2\/media?parent=26153"}],"wp:term":[{"taxonomy":"category","embeddable":true,"href":"https:\/\/larevistadigital.com.ar\/blog\/wp-json\/wp\/v2\/categories?post=26153"},{"taxonomy":"post_tag","embeddable":true,"href":"https:\/\/larevistadigital.com.ar\/blog\/wp-json\/wp\/v2\/tags?post=26153"}],"curies":[{"name":"wp","href":"https:\/\/api.w.org\/{rel}","templated":true}]}}