{"id":26156,"date":"2022-06-27T20:18:54","date_gmt":"2022-06-27T20:18:54","guid":{"rendered":"https:\/\/larevistadigital.com.ar\/blog\/?p=26156"},"modified":"2022-06-27T20:18:54","modified_gmt":"2022-06-27T20:18:54","slug":"advierten-que-ioma-se-niega-a-reconocer-el-rol-de-los-profesionales-de-nutricion","status":"publish","type":"post","link":"https:\/\/larevistadigital.com.ar\/blog\/advierten-que-ioma-se-niega-a-reconocer-el-rol-de-los-profesionales-de-nutricion\/","title":{"rendered":"ADVIERTEN QUE IOMA SE NIEGA A RECONOCER EL ROL DE LOS PROFESIONALES DE NUTRICI\u00d3N"},"content":{"rendered":"<h2 class=\"fparrafo ctext fz18 lh25\">Tras varios intentos de generar acuerdo con el Instituto de Obra M\u00e9dico Asistencial (IOMA), a fin de que la obra social bonaerense incorpore a la disciplina de la nutrici\u00f3n en la atenci\u00f3n de sus pacientes, el Consejo Directivo del Colegio de Nutricionistas de la Provincia de Buenos Aires decidi\u00f3 no continuar con ning\u00fan tipo de negociaci\u00f3n.<\/h2>\n<p class=\"selectionShareable\">Desde 2006 fueron varios los intentos de acercamiento a la obra social, ya que, como vienen sosteniendo las autoridades del Colegio de Nutricionistas \u201ces fundamental la incorporaci\u00f3n del licenciado en nutrici\u00f3n en los equipos de salud, con el objetivo de contribuir a garantizar el derecho a la salud y a la alimentaci\u00f3n saludable de la poblaci\u00f3n, mediante acciones de capacitaci\u00f3n, educaci\u00f3n, promoci\u00f3n y prevenci\u00f3n, tratamiento y rehabilitaci\u00f3n de la salud\u201d.<\/p>\n<p class=\"selectionShareable\">Entre las \u00faltimas acciones realizadas, se inform\u00f3 que en enero del 2020 se iniciaron conversaciones con la nueva gesti\u00f3n presidida por Homero Giles. En esa oportunidad se solicit\u00f3 la inclusi\u00f3n de los licenciados y licenciadas para la atenci\u00f3n de pacientes, como as\u00ed tambi\u00e9n contemplar un abanico de prestaciones centradas en\u00a0 la promoci\u00f3n y la prevenci\u00f3n de la salud en los diferentes ciclos de vida. En este marco se realiz\u00f3 una propuesta prestacional para la atenci\u00f3n de Embarazo, Lactancia y Primera Infancia, Diabetes, Oncolog\u00eda y Celiaqu\u00eda.<\/p>\n<blockquote>\n<h3 class=\"selectionShareable\">A mediados del 2020, y en contexto de pandemia, se reiter\u00f3 la propuesta en esta oportunidad adaptada a la atenci\u00f3n virtual. Ambas instancias no recibieron respuesta.<\/h3>\n<\/blockquote>\n<p class=\"selectionShareable\">En septiembre de 2021, el IOMA inform\u00f3 que el organismo no firmar\u00e1 m\u00e1s convenios con entidades profesionales que intermedien en las prestaci\u00f3n con los afiliados y los profesionales, por lo que el Colegio bonaerense de Nutricionistas solicit\u00f3 la modalidad de Acta Acuerdo con la cual se podr\u00edan desarrollar acciones conjuntas, permitir la participaci\u00f3n en programas ya vigentes, y participar en campa\u00f1as preventivas vinculadas, reconociendo a los licenciados y licenciadas en nutrici\u00f3n como profesionales esenciales en la atenci\u00f3n nutricional.<\/p>\n<p class=\"selectionShareable\">Nuevamente, y a partir de que la obra social cuestionara las cl\u00e1usulas que hacen referencia al reconocimiento de la disciplina en el marco del dise\u00f1o e implementaci\u00f3n de las acciones pautadas, las instituciones contin\u00faan sin poder establecer un acuerdo que le permita a los beneficiarios acceder a un servicio de salud integral. (<b>InfoGEI<\/b>)Jd<\/p>\n","protected":false},"excerpt":{"rendered":"<div class=\"mh-excerpt\"><p>Tras varios intentos de generar acuerdo con el Instituto de Obra M\u00e9dico Asistencial (IOMA), a fin de que la obra social bonaerense incorpore a la disciplina de la nutrici\u00f3n en la atenci\u00f3n de sus pacientes, <a class=\"mh-excerpt-more\" href=\"https:\/\/larevistadigital.com.ar\/blog\/advierten-que-ioma-se-niega-a-reconocer-el-rol-de-los-profesionales-de-nutricion\/\" title=\"ADVIERTEN QUE IOMA SE NIEGA A RECONOCER EL ROL DE LOS PROFESIONALES DE NUTRICI\u00d3N\">[Leer M\u00e1s]<\/a><\/p>\n<\/div>","protected":false},"author":3,"featured_media":26157,"comment_status":"open","ping_status":"open","sticky":false,"template":"","format":"standard","meta":{"_jetpack_memberships_contains_paid_content":false,"footnotes":"","jetpack_publicize_message":"","jetpack_publicize_feature_enabled":true,"jetpack_social_post_already_shared":true,"jetpack_social_options":{"image_generator_settings":{"template":"highway","default_image_id":0,"font":"","enabled":false},"version":2}},"categories":[50],"tags":[],"class_list":{"0":"post-26156","1":"post","2":"type-post","3":"status-publish","4":"format-standard","5":"has-post-thumbnail","7":"category-interes-general"},"jetpack_publicize_connections":[],"jetpack_featured_media_url":"https:\/\/i0.wp.com\/larevistadigital.com.ar\/blog\/wp-content\/uploads\/20220627143423_ioma-colegio-nutricionistas.jpg?fit=880%2C512&ssl=1","jetpack_sharing_enabled":true,"jetpack_shortlink":"https:\/\/wp.me\/p8qtrQ-6NS","jetpack-related-posts":[{"id":26618,"url":"https:\/\/larevistadigital.com.ar\/blog\/cuidado-con-la-salud-desde-el-colegio-de-nutricionistas-advierten-sobre-las-dietas-magicas-y-el-mal-ejercicio-de-la-profesion\/","url_meta":{"origin":26156,"position":0},"title":"CUIDADO CON LA SALUD: DESDE EL COLEGIO DE NUTRICIONISTAS ADVIERTEN SOBRE LAS \u00abDIETAS M\u00c1GICAS\u00bb Y EL MAL EJERCICIO DE LA PROFESI\u00d3N","author":"Alejandro Sosa Ruda","date":"15 julio, 2022","format":false,"excerpt":"El Colegio de Nutricionistas bonaerense advirti\u00f3 hoy sobre la pr\u00e1ctica ilegal de la profesi\u00f3n y la oferta de \"dietas m\u00e1gicas\" u otras supuestas soluciones alimentarias que pueden afectar gravemente a la salud de la poblaci\u00f3n y alert\u00f3 al Ministerio de Salud bonaerense para que intervenga en los casos m\u00e1s graves.\u2026","rel":"","context":"En \u00abINTERES GENERAL\u00bb","block_context":{"text":"INTERES GENERAL","link":"https:\/\/larevistadigital.com.ar\/blog\/category\/interes-general\/"},"img":{"alt_text":"","src":"https:\/\/i0.wp.com\/larevistadigital.com.ar\/blog\/wp-content\/uploads\/20220713130207_dietas-nutricionistas.jpg?fit=880%2C512&ssl=1&resize=350%2C200","width":350,"height":200,"srcset":"https:\/\/i0.wp.com\/larevistadigital.com.ar\/blog\/wp-content\/uploads\/20220713130207_dietas-nutricionistas.jpg?fit=880%2C512&ssl=1&resize=350%2C200 1x, https:\/\/i0.wp.com\/larevistadigital.com.ar\/blog\/wp-content\/uploads\/20220713130207_dietas-nutricionistas.jpg?fit=880%2C512&ssl=1&resize=525%2C300 1.5x, https:\/\/i0.wp.com\/larevistadigital.com.ar\/blog\/wp-content\/uploads\/20220713130207_dietas-nutricionistas.jpg?fit=880%2C512&ssl=1&resize=700%2C400 2x"},"classes":[]},{"id":26357,"url":"https:\/\/larevistadigital.com.ar\/blog\/en-la-provincia-ioma-denunciara-a-medicos-que-cobren-un-plus-por-gastos-de-consultorio\/","url_meta":{"origin":26156,"position":1},"title":"EN LA PROVINCIA: IOMA DENUNCIAR\u00c1 A M\u00c9DICOS QUE COBREN UN PLUS POR \u00abGASTOS DE CONSULTORIO\u00bb","author":"Alejandro Sosa Ruda","date":"5 julio, 2022","format":false,"excerpt":"Ante el anuncio realizado por el Colegio de M\u00e9dicos de la Provincia de Buenos Aires, respecto al cobro de hasta $1000,00 en concepto de \u201cgastos operativos de consultorio\u201d, IOMA informa que esa exigencia de dinero es \u201cirregular e il\u00edcita\u201d por encontrarse fuera del convenio existente entre las personas afiliadas a\u2026","rel":"","context":"En \u00abREGIONALES\u00bb","block_context":{"text":"REGIONALES","link":"https:\/\/larevistadigital.com.ar\/blog\/category\/regionales\/"},"img":{"alt_text":"","src":"https:\/\/i0.wp.com\/larevistadigital.com.ar\/blog\/wp-content\/uploads\/20220704165019_ioma-denunciara-a-medicos-que-cobren-plus-por-gastos-de-consultorio.jpg?fit=880%2C512&ssl=1&resize=350%2C200","width":350,"height":200,"srcset":"https:\/\/i0.wp.com\/larevistadigital.com.ar\/blog\/wp-content\/uploads\/20220704165019_ioma-denunciara-a-medicos-que-cobren-plus-por-gastos-de-consultorio.jpg?fit=880%2C512&ssl=1&resize=350%2C200 1x, https:\/\/i0.wp.com\/larevistadigital.com.ar\/blog\/wp-content\/uploads\/20220704165019_ioma-denunciara-a-medicos-que-cobren-plus-por-gastos-de-consultorio.jpg?fit=880%2C512&ssl=1&resize=525%2C300 1.5x, https:\/\/i0.wp.com\/larevistadigital.com.ar\/blog\/wp-content\/uploads\/20220704165019_ioma-denunciara-a-medicos-que-cobren-plus-por-gastos-de-consultorio.jpg?fit=880%2C512&ssl=1&resize=700%2C400 2x"},"classes":[]},{"id":21921,"url":"https:\/\/larevistadigital.com.ar\/blog\/tandil-mas-de-24-000-afiliados-de-ioma-sin-cobertura-por-un-conflicto-con-los-medicos\/","url_meta":{"origin":26156,"position":2},"title":"TANDIL: MAS DE 24.000 AFILIADOS DE IOMA SIN COBERTURA POR UN CONFLICTO CON LOS M\u00c9DICOS","author":"Alejandro Sosa Ruda","date":"8 septiembre, 2021","format":false,"excerpt":"La Defensor\u00eda del Pueblo bonaerense convoc\u00f3 a una mediaci\u00f3n a las partes este martes, pero no se lleg\u00f3 a un acuerdo. TANDIL - M\u00e1s de 24 mil afiliados de IOMA en Tandil se ven afectados por un conflicto entre el C\u00edrculo M\u00e9dico del distrito y la obra social bonaerense que\u2026","rel":"","context":"En \u00abREGIONALES\u00bb","block_context":{"text":"REGIONALES","link":"https:\/\/larevistadigital.com.ar\/blog\/category\/regionales\/"},"img":{"alt_text":"","src":"https:\/\/i0.wp.com\/larevistadigital.com.ar\/blog\/wp-content\/uploads\/374677bca7339f6b19fe221e600a596da308f652.jpg?fit=1140%2C744&ssl=1&resize=350%2C200","width":350,"height":200,"srcset":"https:\/\/i0.wp.com\/larevistadigital.com.ar\/blog\/wp-content\/uploads\/374677bca7339f6b19fe221e600a596da308f652.jpg?fit=1140%2C744&ssl=1&resize=350%2C200 1x, https:\/\/i0.wp.com\/larevistadigital.com.ar\/blog\/wp-content\/uploads\/374677bca7339f6b19fe221e600a596da308f652.jpg?fit=1140%2C744&ssl=1&resize=525%2C300 1.5x, https:\/\/i0.wp.com\/larevistadigital.com.ar\/blog\/wp-content\/uploads\/374677bca7339f6b19fe221e600a596da308f652.jpg?fit=1140%2C744&ssl=1&resize=700%2C400 2x, https:\/\/i0.wp.com\/larevistadigital.com.ar\/blog\/wp-content\/uploads\/374677bca7339f6b19fe221e600a596da308f652.jpg?fit=1140%2C744&ssl=1&resize=1050%2C600 3x"},"classes":[]},{"id":5109,"url":"https:\/\/larevistadigital.com.ar\/blog\/paro-los-medicos-ante-atraso-ioma\/","url_meta":{"origin":26156,"position":3},"title":"Paro de los m\u00e9dicos ante el atraso de IOMA","author":"admin","date":"1 marzo, 2018","format":false,"excerpt":"Malas noticias Los m\u00e9dicos nucleados en el CEMIBO confirmaron hoy al mediod\u00eda que, dada la falta de respuesta por parte del IOMA frente a los reiterados reclamos por pagos adeudados, a partir de ma\u00f1ana jueves 1\u00ba de marzo y hasta el s\u00e1bado 3 inclusive, no se atender\u00e1 a los afiliados\u2026","rel":"","context":"En \u00abGREMIALES\u00bb","block_context":{"text":"GREMIALES","link":"https:\/\/larevistadigital.com.ar\/blog\/category\/gremiales\/"},"img":{"alt_text":"","src":"https:\/\/i0.wp.com\/larevistadigital.com.ar\/blog\/wp-content\/uploads\/2018\/03\/ioma_20deenerode2108_elfuerte.jpg?fit=737%2C415&ssl=1&resize=350%2C200","width":350,"height":200,"srcset":"https:\/\/i0.wp.com\/larevistadigital.com.ar\/blog\/wp-content\/uploads\/2018\/03\/ioma_20deenerode2108_elfuerte.jpg?fit=737%2C415&ssl=1&resize=350%2C200 1x, https:\/\/i0.wp.com\/larevistadigital.com.ar\/blog\/wp-content\/uploads\/2018\/03\/ioma_20deenerode2108_elfuerte.jpg?fit=737%2C415&ssl=1&resize=525%2C300 1.5x, https:\/\/i0.wp.com\/larevistadigital.com.ar\/blog\/wp-content\/uploads\/2018\/03\/ioma_20deenerode2108_elfuerte.jpg?fit=737%2C415&ssl=1&resize=700%2C400 2x"},"classes":[]},{"id":38353,"url":"https:\/\/larevistadigital.com.ar\/blog\/con-un-nuevo-convenio-ioma-elimina-la-intermediacion-economica-de-femeba\/","url_meta":{"origin":26156,"position":4},"title":"Con un nuevo convenio IOMA elimina la intermediaci\u00f3n econ\u00f3mica de FEMEBA","author":"Alejandro Sosa Ruda","date":"19 diciembre, 2024","format":false,"excerpt":"A partir del 1 de enero de 2025, entrar\u00e1 en vigencia un nuevo acuerdo entre IOMA y la Federaci\u00f3n M\u00e9dica de la Provincia de Buenos Aires (FEMEBA), firmado por el presidente de IOMA, Homero Giles, y el vicepresidente de FEMEBA, Sandro Scafatti. 19 de diciembre de 2024 El nuevo acuerdo\u2026","rel":"","context":"En \u00abINTERES GENERAL\u00bb","block_context":{"text":"INTERES GENERAL","link":"https:\/\/larevistadigital.com.ar\/blog\/category\/interes-general\/"},"img":{"alt_text":"","src":"https:\/\/i0.wp.com\/larevistadigital.com.ar\/blog\/wp-content\/uploads\/20241219161354_ioma-convenio-femeba.jpg?fit=880%2C512&ssl=1&resize=350%2C200","width":350,"height":200,"srcset":"https:\/\/i0.wp.com\/larevistadigital.com.ar\/blog\/wp-content\/uploads\/20241219161354_ioma-convenio-femeba.jpg?fit=880%2C512&ssl=1&resize=350%2C200 1x, https:\/\/i0.wp.com\/larevistadigital.com.ar\/blog\/wp-content\/uploads\/20241219161354_ioma-convenio-femeba.jpg?fit=880%2C512&ssl=1&resize=525%2C300 1.5x, https:\/\/i0.wp.com\/larevistadigital.com.ar\/blog\/wp-content\/uploads\/20241219161354_ioma-convenio-femeba.jpg?fit=880%2C512&ssl=1&resize=700%2C400 2x"},"classes":[]},{"id":5191,"url":"https:\/\/larevistadigital.com.ar\/blog\/chascomus-colegio-farmacpeuticos-confirma-pago-ioma-aunque-aun-atraso\/","url_meta":{"origin":26156,"position":5},"title":"CHASCOM\u00daS: EL COLEGIO DE FARMAC\u00c9UTICOS CONFIRMA PAGO DE IOMA, AUNQUE A\u00daN HAY ATRASO","author":"Alejandro Sosa Ruda","date":"7 marzo, 2018","format":false,"excerpt":"As\u00ed lo afirm\u00f3 el presidente del Col\u00e9gio de Farmac\u00e9uticos, Luis Ferrari\u00a0durante una entrevista radial en el programa \"La Primera Ma\u00f1ana\" que se emite por FM Volver 95.3 mhtz. Ferrari, en di\u00e1logo con Julio Giribaldi, conductor del ciclo radial,\u00a0asegur\u00f3 que la Obra Social IOMA, hab\u00eda venido \"pagando regularmente\", hasta que se\u2026","rel":"","context":"En \u00abGREMIALES\u00bb","block_context":{"text":"GREMIALES","link":"https:\/\/larevistadigital.com.ar\/blog\/category\/gremiales\/"},"img":{"alt_text":"","src":"https:\/\/i0.wp.com\/larevistadigital.com.ar\/blog\/wp-content\/uploads\/2018\/03\/ferrari_06demarzode2108_elfuerte.jpg?fit=737%2C415&ssl=1&resize=350%2C200","width":350,"height":200,"srcset":"https:\/\/i0.wp.com\/larevistadigital.com.ar\/blog\/wp-content\/uploads\/2018\/03\/ferrari_06demarzode2108_elfuerte.jpg?fit=737%2C415&ssl=1&resize=350%2C200 1x, https:\/\/i0.wp.com\/larevistadigital.com.ar\/blog\/wp-content\/uploads\/2018\/03\/ferrari_06demarzode2108_elfuerte.jpg?fit=737%2C415&ssl=1&resize=525%2C300 1.5x, https:\/\/i0.wp.com\/larevistadigital.com.ar\/blog\/wp-content\/uploads\/2018\/03\/ferrari_06demarzode2108_elfuerte.jpg?fit=737%2C415&ssl=1&resize=700%2C400 2x"},"classes":[]}],"_links":{"self":[{"href":"https:\/\/larevistadigital.com.ar\/blog\/wp-json\/wp\/v2\/posts\/26156","targetHints":{"allow":["GET"]}}],"collection":[{"href":"https:\/\/larevistadigital.com.ar\/blog\/wp-json\/wp\/v2\/posts"}],"about":[{"href":"https:\/\/larevistadigital.com.ar\/blog\/wp-json\/wp\/v2\/types\/post"}],"author":[{"embeddable":true,"href":"https:\/\/larevistadigital.com.ar\/blog\/wp-json\/wp\/v2\/users\/3"}],"replies":[{"embeddable":true,"href":"https:\/\/larevistadigital.com.ar\/blog\/wp-json\/wp\/v2\/comments?post=26156"}],"version-history":[{"count":2,"href":"https:\/\/larevistadigital.com.ar\/blog\/wp-json\/wp\/v2\/posts\/26156\/revisions"}],"predecessor-version":[{"id":26166,"href":"https:\/\/larevistadigital.com.ar\/blog\/wp-json\/wp\/v2\/posts\/26156\/revisions\/26166"}],"wp:featuredmedia":[{"embeddable":true,"href":"https:\/\/larevistadigital.com.ar\/blog\/wp-json\/wp\/v2\/media\/26157"}],"wp:attachment":[{"href":"https:\/\/larevistadigital.com.ar\/blog\/wp-json\/wp\/v2\/media?parent=26156"}],"wp:term":[{"taxonomy":"category","embeddable":true,"href":"https:\/\/larevistadigital.com.ar\/blog\/wp-json\/wp\/v2\/categories?post=26156"},{"taxonomy":"post_tag","embeddable":true,"href":"https:\/\/larevistadigital.com.ar\/blog\/wp-json\/wp\/v2\/tags?post=26156"}],"curies":[{"name":"wp","href":"https:\/\/api.w.org\/{rel}","templated":true}]}}