{"id":26159,"date":"2022-06-27T20:42:41","date_gmt":"2022-06-27T20:42:41","guid":{"rendered":"https:\/\/larevistadigital.com.ar\/blog\/?p=26159"},"modified":"2022-06-27T20:42:41","modified_gmt":"2022-06-27T20:42:41","slug":"con-financiamiento-del-banco-mundial-la-provincia-construira-120-viviendas-en-platanos","status":"publish","type":"post","link":"https:\/\/larevistadigital.com.ar\/blog\/con-financiamiento-del-banco-mundial-la-provincia-construira-120-viviendas-en-platanos\/","title":{"rendered":"CON FINANCIAMIENTO DEL BANCO MUNDIAL, LA PROVINCIA CONSTRUIR\u00c1 120 VIVIENDAS EN PL\u00c1TANOS"},"content":{"rendered":"<h2 class=\"fparrafo ctext fz18 lh25\">El gobernador de la provincia de Buenos Aires, Axel Kicillof, encabez\u00f3 este lunes junto al vicepresidente del Banco Mundial para Am\u00e9rica Latina y el Caribe, Carlos Felipe Jaramillo, la presentaci\u00f3n del proyecto de construcci\u00f3n de 120 viviendas en el barrio 3 de Junio de la localidad de Pl\u00e1tanos, Berazategui, donde con financiamiento del organismo internacional se invertir\u00e1n 1.597 millones de pesos para sumar tambi\u00e9n equipamiento e infraestructura social b\u00e1sica.<\/h2>\n<p class=\"selectionShareable\">Fue junto al ministro de H\u00e1bitat y Desarrollo Urbano, <strong>Agust\u00edn Simone<\/strong>; el intendente local, <strong>Juan Jos\u00e9 Mussi<\/strong>; y la directora ejecutiva alterna por Argentina y el Cono Sur en el Banco Mundial,<strong> Cecilia Nah\u00f3n.<\/strong><\/p>\n<p class=\"selectionShareable\">Las obras de viviendas se construir\u00e1n en el Barrio 3 de Junio y contar\u00e1n con financiamiento del Banco Mundial. Se invertir\u00e1n 1.597 millones de pesos y servir\u00e1 para relocalizar a familias que viven a la vera de un arroyo.<\/p>\n<blockquote>\n<h3 class=\"selectionShareable\"><em><strong>\u201cEsta es una obra muy costosa que requiere del trabajo conjunto con el municipio y con la comunidad. Despu\u00e9s de una etapa de deterioro de la confianza por los proyectos que quedaron en promesas, hoy contamos con la colaboraci\u00f3n que surge al ver que las cosas que se dicen tambi\u00e9n se hacen\u201d<\/strong><\/em>, asegur\u00f3 <strong>Kicillof<\/strong>, quien recorri\u00f3 la zona junto al resto de las autoridades y vecinos del barrio.<\/h3>\n<\/blockquote>\n<p class=\"selectionShareable\">Las obras permitir\u00e1n la relocalizaci\u00f3n de familias que viven en un terreno lindero al nuevo predio, bajo un electroducto y a la vera del Arroyo Las Conchitas. Con el objeto de garantizar el acceso a una vivienda segura y un h\u00e1bitat sostenible, se llev\u00f3 a cabo un censo en la zona y se conformaron mesas de trabajo que incluyeron a todas las partes involucradas. El proceso de relocalizaci\u00f3n se realiza de manera participativa y habilitando instancias colectivas e individuales para el acompa\u00f1amiento de las familias.<\/p>\n<p class=\"selectionShareable\"><span style=\"color: #ff0000\"><b>Financiamiento internacional<\/b><\/span><\/p>\n<p class=\"selectionShareable\">El Gobernador explic\u00f3 que <em><strong>\u201cla Provincia posee financiamiento del Banco Mundial y de organismos internacionales para grandes obras de infraestructura que fueron esperadas durante mucho tiempo\u201d. \u201cTenemos un plan de reconstrucci\u00f3n de la Provincia que en los pr\u00f3ximos seis a\u00f1os permitir\u00e1 seguir atendiendo las necesidades concretas de los y las bonaerenses\u201d<\/strong><\/em>, remarc\u00f3.<\/p>\n<p class=\"selectionShareable\">En tanto, <strong>Simone<\/strong> destac\u00f3 que <em><strong>\u201ceste es uno de los proyectos m\u00e1s desafiantes que tenemos junto al Banco Mundial y estamos ya a un mes de realizar el llamado a licitaci\u00f3n\u201d<\/strong><\/em>. Adem\u00e1s, hizo hincapi\u00e9 en que <em><strong>\u201cse trabaj\u00f3 mucho con las vecinas y los vecinos del barrio, que hoy est\u00e1n muy contentos al ver que estamos dando los pasos necesarios junto al municipio para llevar adelante las obras\u201d.<\/strong><\/em><\/p>\n<p class=\"selectionShareable\"><span style=\"color: #ff0000\"><b>Llamado a licitaci\u00f3n<\/b><\/span><\/p>\n<p class=\"selectionShareable\">En el llamado a licitaci\u00f3n previsto para fines de julio, se contemplar\u00e1 la construcci\u00f3n de 120 casas de entre 49 y 98 metros cuadrados, as\u00ed como el saneamiento del lugar y la puesta en marcha del sistema de desag\u00fces cloacales, redes de agua potable, gas y alumbrado p\u00fablico. Tambi\u00e9n se realizar\u00e1 la pavimentaci\u00f3n de calles, construcci\u00f3n de veredas y conformaci\u00f3n de espacio p\u00fablico.<\/p>\n<p class=\"selectionShareable\"><em><strong>\u201cPara nosotros es muy importante poder visitar hoy este predio y ver c\u00f3mo el apoyo del Banco Mundial servir\u00e1 para mejorar la calidad de vida de la gente a trav\u00e9s de la construcci\u00f3n de viviendas\u201d<\/strong><\/em>, sostuvo <strong>Jaramillo.<\/strong><\/p>\n<p class=\"selectionShareable\"><span style=\"color: #ff0000\"><b>Intendente Mussi<\/b><\/span><\/p>\n<p class=\"selectionShareable\">Por su parte, el intendente<strong> Mussi<\/strong> se\u00f1al\u00f3 que <em><strong>\u201cpara nuestro municipio es muy importante que podamos terminar las obras sobre este barrio\u201d. \u201cHoy lo podemos hacer porque contamos con autoridades de la Provincia que se dedica a resolver los problemas de nuestros vecinos\u201d<\/strong><\/em>, dijo.<\/p>\n<p class=\"selectionShareable\">El proyecto prev\u00e9 una segunda etapa para la creaci\u00f3n de otras 239 soluciones habitacionales, tres locales comerciales, tres espacios para prestaci\u00f3n de servicios municipales y un parque p\u00fablico ribere\u00f1o.<\/p>\n<p class=\"selectionShareable\"><span style=\"color: #ff0000\"><b>Participantes<\/b><\/span><\/p>\n<p class=\"selectionShareable\">Estuvieron presentes el jefe de Asesores del Gobernador, <strong>Carlos Bianco<\/strong>; la subsecretaria de Coordinaci\u00f3n y Ejecuci\u00f3n de Financiamiento Internacional,<strong> Nayla Siancha<\/strong>; la directora ejecutiva del OPISU, <strong>Romina Barrios<\/strong>; en tanto que de parte del Banco Mundial participaron el gerente de Operaciones del Banco Mundial en la Argentina,<strong> Paul Procee<\/strong>; el l\u00edder del programa, <strong>Frank Fragano<\/strong>; la oficial de Asuntos P\u00fablicos senior, <strong>Yanina Budkin<\/strong>; el especialista en Manejo de Recursos H\u00eddricos, <strong>Klaas de Groot<\/strong>; y el especialista urbano <strong>Santiago Arias<\/strong>. (<b>InfoGEI<\/b>)Jd<\/p>\n","protected":false},"excerpt":{"rendered":"<div class=\"mh-excerpt\"><p>El gobernador de la provincia de Buenos Aires, Axel Kicillof, encabez\u00f3 este lunes junto al vicepresidente del Banco Mundial para Am\u00e9rica Latina y el Caribe, Carlos Felipe Jaramillo, la presentaci\u00f3n del proyecto de construcci\u00f3n de <a class=\"mh-excerpt-more\" href=\"https:\/\/larevistadigital.com.ar\/blog\/con-financiamiento-del-banco-mundial-la-provincia-construira-120-viviendas-en-platanos\/\" title=\"CON FINANCIAMIENTO DEL BANCO MUNDIAL, LA PROVINCIA CONSTRUIR\u00c1 120 VIVIENDAS EN PL\u00c1TANOS\">[Leer M\u00e1s]<\/a><\/p>\n<\/div>","protected":false},"author":3,"featured_media":26160,"comment_status":"open","ping_status":"open","sticky":false,"template":"","format":"standard","meta":{"_jetpack_memberships_contains_paid_content":false,"footnotes":"","jetpack_publicize_message":"","jetpack_publicize_feature_enabled":true,"jetpack_social_post_already_shared":true,"jetpack_social_options":{"image_generator_settings":{"template":"highway","default_image_id":0,"font":"","enabled":false},"version":2}},"categories":[12,24,51],"tags":[],"class_list":{"0":"post-26159","1":"post","2":"type-post","3":"status-publish","4":"format-standard","5":"has-post-thumbnail","7":"category-politica","8":"category-politica-provincial","9":"category-regionales"},"jetpack_publicize_connections":[],"jetpack_featured_media_url":"https:\/\/i0.wp.com\/larevistadigital.com.ar\/blog\/wp-content\/uploads\/20220627172321_kicillof-mussi-viviends-berazategui-banco-mundial-2.jpg?fit=880%2C512&ssl=1","jetpack_sharing_enabled":true,"jetpack_shortlink":"https:\/\/wp.me\/p8qtrQ-6NV","jetpack-related-posts":[{"id":37891,"url":"https:\/\/larevistadigital.com.ar\/blog\/prestadores-turisticos-y-comerciantes-recibieron-informacion-sobre-financiamiento-y-desarrollo-productivo\/","url_meta":{"origin":26159,"position":0},"title":"Prestadores tur\u00edsticos y comerciantes recibieron informaci\u00f3n sobre financiamiento y desarrollo productivo","author":"Alejandro Sosa Ruda","date":"15 noviembre, 2024","format":false,"excerpt":"En un desayuno de trabajo realizado en la sede de la UTHGRA, prestadores tur\u00edsticos y comerciantes locales fueron asesorados sobre nuevas l\u00edneas de financiamiento y productos para el fortalecimiento de la econom\u00eda local. 15 de Noviembre de 2024 CHASCOM\u00daS -\u00a0 La reuni\u00f3n fue impulsada conjuntamente por la Municipalidad de Chascom\u00fas,\u2026","rel":"","context":"En \u00abCHASCOM\u00daS\u00bb","block_context":{"text":"CHASCOM\u00daS","link":"https:\/\/larevistadigital.com.ar\/blog\/category\/chascomus\/"},"img":{"alt_text":"","src":"https:\/\/i0.wp.com\/larevistadigital.com.ar\/blog\/wp-content\/uploads\/6736306b38824.png?fit=668%2C445&ssl=1&resize=350%2C200","width":350,"height":200,"srcset":"https:\/\/i0.wp.com\/larevistadigital.com.ar\/blog\/wp-content\/uploads\/6736306b38824.png?fit=668%2C445&ssl=1&resize=350%2C200 1x, https:\/\/i0.wp.com\/larevistadigital.com.ar\/blog\/wp-content\/uploads\/6736306b38824.png?fit=668%2C445&ssl=1&resize=525%2C300 1.5x"},"classes":[]},{"id":42413,"url":"https:\/\/larevistadigital.com.ar\/blog\/banco-provincia-lanza-beneficios-y-financiamiento-para-respaldar-la-temporada-bonaerense\/","url_meta":{"origin":26159,"position":1},"title":"Banco Provincia lanza beneficios y financiamiento para respaldar la temporada bonaerense","author":"Alejandro Sosa Ruda","date":"5 noviembre, 2025","format":false,"excerpt":"La banca p\u00fablica lanz\u00f3 una l\u00ednea de cr\u00e9ditos y diversas promociones destinadas a fortalecer el consumo y la actividad tur\u00edstica en la Costa Atl\u00e1ntica de cara a la pr\u00f3xima temporada. 05 de Noviembre de 2025 BUENOS AIRES -\u00a0 \u00a0Banco Provincia\u00a0lanz\u00f3 una l\u00ednea de cr\u00e9ditos y diversas promociones para fortalecer el\u2026","rel":"","context":"En \u00abREGIONALES\u00bb","block_context":{"text":"REGIONALES","link":"https:\/\/larevistadigital.com.ar\/blog\/category\/regionales\/"},"img":{"alt_text":"","src":"https:\/\/i0.wp.com\/larevistadigital.com.ar\/blog\/wp-content\/uploads\/Captura-de-pantalla-2025-11-05-232730.jpg?fit=794%2C459&ssl=1&resize=350%2C200","width":350,"height":200,"srcset":"https:\/\/i0.wp.com\/larevistadigital.com.ar\/blog\/wp-content\/uploads\/Captura-de-pantalla-2025-11-05-232730.jpg?fit=794%2C459&ssl=1&resize=350%2C200 1x, https:\/\/i0.wp.com\/larevistadigital.com.ar\/blog\/wp-content\/uploads\/Captura-de-pantalla-2025-11-05-232730.jpg?fit=794%2C459&ssl=1&resize=525%2C300 1.5x, https:\/\/i0.wp.com\/larevistadigital.com.ar\/blog\/wp-content\/uploads\/Captura-de-pantalla-2025-11-05-232730.jpg?fit=794%2C459&ssl=1&resize=700%2C400 2x"},"classes":[]},{"id":36150,"url":"https:\/\/larevistadigital.com.ar\/blog\/cnel-pringles-kicillof-entrego-viviendas-e-inauguro-un-centro-de-estudios-superiores\/","url_meta":{"origin":26159,"position":2},"title":"CNEL. PR\u00cdNGLES: KICILLOF ENTREG\u00d3 VIVIENDAS, E INAUGUR\u00d3 UN CENTRO DE ESTUDIOS SUPERIORES","author":"Alejandro Sosa Ruda","date":"27 mayo, 2024","format":false,"excerpt":"Se entregaron 20 viviendas en el barrio Colectividades II, el proyecto cont\u00f3\u00a0con una inversi\u00f3n de $252 millones. 27 de Mayo de 2024 CORONEL PR\u00cdNGLES -\u00a0 El gobernador de la provincia de Buenos Aires, Axel Kicillof, visit\u00f3 este viernes el municipio de Coronel Pringles, donde encabez\u00f3 la entrega de viviendas e\u2026","rel":"","context":"En \u00abPOLITICA PROVINCIAL\u00bb","block_context":{"text":"POLITICA PROVINCIAL","link":"https:\/\/larevistadigital.com.ar\/blog\/category\/politica\/politica-provincial\/"},"img":{"alt_text":"","src":"https:\/\/i0.wp.com\/larevistadigital.com.ar\/blog\/wp-content\/uploads\/GBA0181.jpg?fit=743%2C530&ssl=1&resize=350%2C200","width":350,"height":200,"srcset":"https:\/\/i0.wp.com\/larevistadigital.com.ar\/blog\/wp-content\/uploads\/GBA0181.jpg?fit=743%2C530&ssl=1&resize=350%2C200 1x, https:\/\/i0.wp.com\/larevistadigital.com.ar\/blog\/wp-content\/uploads\/GBA0181.jpg?fit=743%2C530&ssl=1&resize=525%2C300 1.5x, https:\/\/i0.wp.com\/larevistadigital.com.ar\/blog\/wp-content\/uploads\/GBA0181.jpg?fit=743%2C530&ssl=1&resize=700%2C400 2x"},"classes":[]},{"id":25660,"url":"https:\/\/larevistadigital.com.ar\/blog\/punta-alta-llaman-a-licitacion-para-la-construccion-de-154-viviendas\/","url_meta":{"origin":26159,"position":3},"title":"PUNTA ALTA: LLAMAN A LICITACI\u00d3N PARA LA CONSTRUCCI\u00d3N DE 154 VIVIENDAS","author":"Alejandro Sosa Ruda","date":"7 junio, 2022","format":false,"excerpt":"El Instituto de la Vivienda, dependiente del Ministerio de H\u00e1bitat y Desarrollo Urbano provincial, public\u00f3 el llamado a licitaci\u00f3n para la construcci\u00f3n de viviendas en Punta Alta, partido de Coronel Rosales. El presupuesto oficial significa una inversi\u00f3n del gobierno provincial de m\u00e1s de $1.119 millones, actualizable por UVIs. PUNTA ALTA\u2026","rel":"","context":"En \u00abREGIONALES\u00bb","block_context":{"text":"REGIONALES","link":"https:\/\/larevistadigital.com.ar\/blog\/category\/regionales\/"},"img":{"alt_text":"","src":"https:\/\/i0.wp.com\/larevistadigital.com.ar\/blog\/wp-content\/uploads\/20220607081046_licitan-154-viviendas-coronel-rosales.jpg?fit=880%2C512&ssl=1&resize=350%2C200","width":350,"height":200,"srcset":"https:\/\/i0.wp.com\/larevistadigital.com.ar\/blog\/wp-content\/uploads\/20220607081046_licitan-154-viviendas-coronel-rosales.jpg?fit=880%2C512&ssl=1&resize=350%2C200 1x, https:\/\/i0.wp.com\/larevistadigital.com.ar\/blog\/wp-content\/uploads\/20220607081046_licitan-154-viviendas-coronel-rosales.jpg?fit=880%2C512&ssl=1&resize=525%2C300 1.5x, https:\/\/i0.wp.com\/larevistadigital.com.ar\/blog\/wp-content\/uploads\/20220607081046_licitan-154-viviendas-coronel-rosales.jpg?fit=880%2C512&ssl=1&resize=700%2C400 2x"},"classes":[]},{"id":39949,"url":"https:\/\/larevistadigital.com.ar\/blog\/kicillof-y-cuattromo-firmaron-convenios-de-leasing-con-municipios-para-la-compra-de-bienes-de-capital\/","url_meta":{"origin":26159,"position":4},"title":"Kicillof y Cuattromo firmaron convenios de leasing con municipios para la compra de bienes de capital","author":"Alejandro Sosa Ruda","date":"5 junio, 2025","format":false,"excerpt":"Adem\u00e1s, a trav\u00e9s de Provincia Microcr\u00e9ditos se otorg\u00f3 financiamiento a emprendedores y emprendedoras locales. 05 de Junio de 2025 BUENOS AIRES -\u00a0 El gobernador de la provincia de Buenos Aires, Axel Kicillof, encabez\u00f3 este jueves junto al presidente del Banco Provincia, Juan Cuattromo, una reuni\u00f3n con intendentes bonaerenses que suscribieron\u2026","rel":"","context":"En \u00abDESTACADAS\u00bb","block_context":{"text":"DESTACADAS","link":"https:\/\/larevistadigital.com.ar\/blog\/category\/destacadas\/"},"img":{"alt_text":"","src":"https:\/\/i0.wp.com\/larevistadigital.com.ar\/blog\/wp-content\/uploads\/leasing.jpg?fit=743%2C530&ssl=1&resize=350%2C200","width":350,"height":200,"srcset":"https:\/\/i0.wp.com\/larevistadigital.com.ar\/blog\/wp-content\/uploads\/leasing.jpg?fit=743%2C530&ssl=1&resize=350%2C200 1x, https:\/\/i0.wp.com\/larevistadigital.com.ar\/blog\/wp-content\/uploads\/leasing.jpg?fit=743%2C530&ssl=1&resize=525%2C300 1.5x, https:\/\/i0.wp.com\/larevistadigital.com.ar\/blog\/wp-content\/uploads\/leasing.jpg?fit=743%2C530&ssl=1&resize=700%2C400 2x"},"classes":[]},{"id":33180,"url":"https:\/\/larevistadigital.com.ar\/blog\/ips-y-la-fundacion-banco-provincia-entregaron-anteojos-a-jubilados-y-pensionados-con-haberes-minimos\/","url_meta":{"origin":26159,"position":5},"title":"IPS Y LA FUNDACI\u00d3N BANCO PROVINCIA ENTREGARON ANTEOJOS A JUBILADOS Y PENSIONADOS CON HABERES M\u00cdNIMOS","author":"Alejandro Sosa Ruda","date":"1 septiembre, 2023","format":false,"excerpt":"1 de septiembre de 2023 El pasado mi\u00e9rcoles 30 de agosto, IPS y Fundaci\u00f3n Banco Provincia llevaron a cabo la jornada \u201cVer para seguir aprendiendo\u201d, en la localidad de Mor\u00f3n. Se trata de un programa que tiene como objetivo proveer anteojos oftalmol\u00f3gicos a las personas jubiladas y pensionadas con haberes\u2026","rel":"","context":"En \u00abPOLITICA PROVINCIAL\u00bb","block_context":{"text":"POLITICA PROVINCIAL","link":"https:\/\/larevistadigital.com.ar\/blog\/category\/politica\/politica-provincial\/"},"img":{"alt_text":"","src":"https:\/\/i0.wp.com\/larevistadigital.com.ar\/blog\/wp-content\/uploads\/1moronanteojos.jpg?fit=900%2C600&ssl=1&resize=350%2C200","width":350,"height":200,"srcset":"https:\/\/i0.wp.com\/larevistadigital.com.ar\/blog\/wp-content\/uploads\/1moronanteojos.jpg?fit=900%2C600&ssl=1&resize=350%2C200 1x, https:\/\/i0.wp.com\/larevistadigital.com.ar\/blog\/wp-content\/uploads\/1moronanteojos.jpg?fit=900%2C600&ssl=1&resize=525%2C300 1.5x, https:\/\/i0.wp.com\/larevistadigital.com.ar\/blog\/wp-content\/uploads\/1moronanteojos.jpg?fit=900%2C600&ssl=1&resize=700%2C400 2x"},"classes":[]}],"_links":{"self":[{"href":"https:\/\/larevistadigital.com.ar\/blog\/wp-json\/wp\/v2\/posts\/26159","targetHints":{"allow":["GET"]}}],"collection":[{"href":"https:\/\/larevistadigital.com.ar\/blog\/wp-json\/wp\/v2\/posts"}],"about":[{"href":"https:\/\/larevistadigital.com.ar\/blog\/wp-json\/wp\/v2\/types\/post"}],"author":[{"embeddable":true,"href":"https:\/\/larevistadigital.com.ar\/blog\/wp-json\/wp\/v2\/users\/3"}],"replies":[{"embeddable":true,"href":"https:\/\/larevistadigital.com.ar\/blog\/wp-json\/wp\/v2\/comments?post=26159"}],"version-history":[{"count":1,"href":"https:\/\/larevistadigital.com.ar\/blog\/wp-json\/wp\/v2\/posts\/26159\/revisions"}],"predecessor-version":[{"id":26161,"href":"https:\/\/larevistadigital.com.ar\/blog\/wp-json\/wp\/v2\/posts\/26159\/revisions\/26161"}],"wp:featuredmedia":[{"embeddable":true,"href":"https:\/\/larevistadigital.com.ar\/blog\/wp-json\/wp\/v2\/media\/26160"}],"wp:attachment":[{"href":"https:\/\/larevistadigital.com.ar\/blog\/wp-json\/wp\/v2\/media?parent=26159"}],"wp:term":[{"taxonomy":"category","embeddable":true,"href":"https:\/\/larevistadigital.com.ar\/blog\/wp-json\/wp\/v2\/categories?post=26159"},{"taxonomy":"post_tag","embeddable":true,"href":"https:\/\/larevistadigital.com.ar\/blog\/wp-json\/wp\/v2\/tags?post=26159"}],"curies":[{"name":"wp","href":"https:\/\/api.w.org\/{rel}","templated":true}]}}