{"id":26162,"date":"2022-06-27T20:54:08","date_gmt":"2022-06-27T20:54:08","guid":{"rendered":"https:\/\/larevistadigital.com.ar\/blog\/?p=26162"},"modified":"2022-06-27T20:54:08","modified_gmt":"2022-06-27T20:54:08","slug":"declaran-la-emergencia-agropecuaria-para-chascomus-y-general-paz","status":"publish","type":"post","link":"https:\/\/larevistadigital.com.ar\/blog\/declaran-la-emergencia-agropecuaria-para-chascomus-y-general-paz\/","title":{"rendered":"DECLARAN LA EMERGENCIA AGROPECUARIA PARA CHASCOM\u00daS Y GENERAL PAZ"},"content":{"rendered":"<h2 class=\"fparrafo ctext fz18 lh25\">El Gobierno bonaerense decret\u00f3 el estado de emergencia y\/o desastre agropecuario en otros dos distritos de la provincia de Buenos Aires afectados por las sequ\u00edas. Es de car\u00e1cter individual y tendr\u00e1 beneficios tributarios y crediticios bancarios.<\/h2>\n<div class=\"wysiwyg mb15\">\n<p class=\"selectionShareable\">Mediante las resoluciones N\u00ba 202-MDAGP-2022 y N\u00ba 199-MDAGP-2022 firmadas por el ministro de Desarrollo Agrario bonaerense,\u00a0Javier Rodr\u00edguez, la Provincia decret\u00f3 la emergencia en Chascom\u00fas \u00a0y\u00a0General Paz.<\/p>\n<p class=\"selectionShareable\">Las normativas aclaran que la \u201csituaci\u00f3n fue evaluada por la Comisi\u00f3n Local de Emergencia y por el \u00e1rea t\u00e9cnica espec\u00edfica del\u00a0Ministerio de Desarrollo Agrario\u00a0mediante el an\u00e1lisis de informaci\u00f3n ed\u00e1fica, meteorol\u00f3gica y satelital\u201d.<\/p>\n<blockquote>\n<h3 class=\"selectionShareable\">En los fundamentos se aclara que \u201cel\u00a0fen\u00f3meno clim\u00e1tico, por sus caracter\u00edsticas y magnitud, afecta a las productoras y productores que desarrollan como actividad principal la\u00a0explotaci\u00f3n agropecuaria\u201d.<\/h3>\n<\/blockquote>\n<p class=\"selectionShareable\">En ambos casos, la declaraci\u00f3n del\u00a0estado de emergencia y\/o desastre agropecuario\u00a0fue solicitada por las municipalidades de\u00a0Chascom\u00fas\u00a0y de\u00a0General Paz.<\/p>\n<blockquote>\n<h3 class=\"selectionShareable\">Una particularidad que tiene el\u00a0estado de emergencia y\/o desastre agropecuario\u00a0para los dos partidos bonaerenses es que son de\u00a0car\u00e1cter individual\u00a0\u201cseg\u00fan los listados de productores\u201d que incluye el\u00a0Bolet\u00edn Oficial.<\/h3>\n<\/blockquote>\n<p class=\"selectionShareable\">Las resoluciones publicadas este viernes aclaran que\u00a0\u201cse promover\u00e1 el beneficio en favor de los sujetos detallados respecto del\u00a0Impuesto Inmobiliario Rural\u00a0correspondiente al inmueble destinado al desarrollo de la actividad principal\u201d.<\/p>\n<blockquote>\n<h3 class=\"selectionShareable\">Por otro lado, las normativas dan intervenci\u00f3n a la\u00a0Agencia de Recaudaci\u00f3n de la Provincia de Buenos Aires\u00a0(ARBA) para\u00a0\u201cla efectivizaci\u00f3n de los beneficios tributarios\u201d contemplados en la\u00a0emergencia agropecuaria.<\/h3>\n<\/blockquote>\n<p class=\"selectionShareable\">Asimismo, se da intervenci\u00f3n al\u00a0Banco de la Provincia de Buenos Aires\u00a0a fin de que dicha entidad adopte las medidas necesarias para \u201cla efectivizaci\u00f3n de los beneficios crediticios previstos en la Ley N\u00b0 10.390\u201c. (<b>InfoGEI<\/b>)Jd<\/p>\n<\/div>\n<div id=\"modulo_banners_bajo_noticia\" class=\"\"><\/div>\n","protected":false},"excerpt":{"rendered":"<div class=\"mh-excerpt\"><p>El Gobierno bonaerense decret\u00f3 el estado de emergencia y\/o desastre agropecuario en otros dos distritos de la provincia de Buenos Aires afectados por las sequ\u00edas. Es de car\u00e1cter individual y tendr\u00e1 beneficios tributarios y crediticios <a class=\"mh-excerpt-more\" href=\"https:\/\/larevistadigital.com.ar\/blog\/declaran-la-emergencia-agropecuaria-para-chascomus-y-general-paz\/\" title=\"DECLARAN LA EMERGENCIA AGROPECUARIA PARA CHASCOM\u00daS Y GENERAL PAZ\">[Leer M\u00e1s]<\/a><\/p>\n<\/div>","protected":false},"author":3,"featured_media":26163,"comment_status":"open","ping_status":"open","sticky":false,"template":"","format":"standard","meta":{"_jetpack_memberships_contains_paid_content":false,"footnotes":"","jetpack_publicize_message":"","jetpack_publicize_feature_enabled":true,"jetpack_social_post_already_shared":true,"jetpack_social_options":{"image_generator_settings":{"template":"highway","default_image_id":0,"font":"","enabled":false},"version":2}},"categories":[50],"tags":[],"class_list":{"0":"post-26162","1":"post","2":"type-post","3":"status-publish","4":"format-standard","5":"has-post-thumbnail","7":"category-interes-general"},"jetpack_publicize_connections":[],"jetpack_featured_media_url":"https:\/\/i0.wp.com\/larevistadigital.com.ar\/blog\/wp-content\/uploads\/20220627170046_declaran-la-emergencia-agropecuaria-para-productores-de-chascomus-y-general-paz.png?fit=880%2C512&ssl=1","jetpack_sharing_enabled":true,"jetpack_shortlink":"https:\/\/wp.me\/p8qtrQ-6NY","jetpack-related-posts":[{"id":23519,"url":"https:\/\/larevistadigital.com.ar\/blog\/patagones-declaran-la-emergencia-y-desastre-agropecuario\/","url_meta":{"origin":26162,"position":0},"title":"PATAGONES: DECLARAN LA EMERGENCIA Y DESASTRE AGROPECUARIO","author":"Alejandro Sosa Ruda","date":"22 enero, 2022","format":false,"excerpt":"El gobierno bonaerense declar\u00f3 el estado de emergencia y desastre agropecuario por sequ\u00eda en el partido de Patagones, con excepci\u00f3n de las zonas bajo riego, entre el 1\u00b0 de enero y el 31 de diciembre del 2021. PATAGONES -\u00a0 Lo hizo mediante el decreto 22 publicado hoy en el Bolet\u00edn\u2026","rel":"","context":"En \u00abREGIONALES\u00bb","block_context":{"text":"REGIONALES","link":"https:\/\/larevistadigital.com.ar\/blog\/category\/regionales\/"},"img":{"alt_text":"","src":"https:\/\/i0.wp.com\/larevistadigital.com.ar\/blog\/wp-content\/uploads\/20220122084111_sequia-patagones-emergencia-agropecuaria.jpg?fit=880%2C512&ssl=1&resize=350%2C200","width":350,"height":200,"srcset":"https:\/\/i0.wp.com\/larevistadigital.com.ar\/blog\/wp-content\/uploads\/20220122084111_sequia-patagones-emergencia-agropecuaria.jpg?fit=880%2C512&ssl=1&resize=350%2C200 1x, https:\/\/i0.wp.com\/larevistadigital.com.ar\/blog\/wp-content\/uploads\/20220122084111_sequia-patagones-emergencia-agropecuaria.jpg?fit=880%2C512&ssl=1&resize=525%2C300 1.5x, https:\/\/i0.wp.com\/larevistadigital.com.ar\/blog\/wp-content\/uploads\/20220122084111_sequia-patagones-emergencia-agropecuaria.jpg?fit=880%2C512&ssl=1&resize=700%2C400 2x"},"classes":[]},{"id":24606,"url":"https:\/\/larevistadigital.com.ar\/blog\/dolores-el-gobierno-bonaerense-declaro-la-emergencia-y-desastre-para-campos-inundados\/","url_meta":{"origin":26162,"position":1},"title":"DOLORES: EL GOBIERNO BONAERENSE DECLAR\u00d3 LA EMERGENCIA Y DESASTRE PARA CAMPOS INUNDADOS","author":"Alejandro Sosa Ruda","date":"16 marzo, 2022","format":false,"excerpt":"El Gobierno bonaerense declar\u00f3 este martes el estado de emergencia y desastre agropecuario con car\u00e1cter individual, para las explotaciones rurales afectadas por inundaci\u00f3n en el partido de Dolores. DOLORES -\u00a0 Mediante la resoluci\u00f3n 58 publicada hoy en el Bolet\u00edn Oficial del distrito, se dispuso que las productoras y productores rurales\u2026","rel":"","context":"En \u00abDOLORES\u00bb","block_context":{"text":"DOLORES","link":"https:\/\/larevistadigital.com.ar\/blog\/category\/dolores\/"},"img":{"alt_text":"","src":"https:\/\/i0.wp.com\/larevistadigital.com.ar\/blog\/wp-content\/uploads\/20220316091150_campo-inundado.jpg?fit=880%2C512&ssl=1&resize=350%2C200","width":350,"height":200,"srcset":"https:\/\/i0.wp.com\/larevistadigital.com.ar\/blog\/wp-content\/uploads\/20220316091150_campo-inundado.jpg?fit=880%2C512&ssl=1&resize=350%2C200 1x, https:\/\/i0.wp.com\/larevistadigital.com.ar\/blog\/wp-content\/uploads\/20220316091150_campo-inundado.jpg?fit=880%2C512&ssl=1&resize=525%2C300 1.5x, https:\/\/i0.wp.com\/larevistadigital.com.ar\/blog\/wp-content\/uploads\/20220316091150_campo-inundado.jpg?fit=880%2C512&ssl=1&resize=700%2C400 2x"},"classes":[]},{"id":33427,"url":"https:\/\/larevistadigital.com.ar\/blog\/chascomus-el-ministerio-de-desarrollo-agrario-organiza-el-proximo-sabado-la-feria-de-sabores-bonaerenses\/","url_meta":{"origin":26162,"position":2},"title":"CHASCOM\u00daS: EL MINISTERIO DE DESARROLLO AGRARIO ORGANIZA EL PR\u00d3XIMO S\u00c1BADO LA FERIA DE SABORES BONAERENSES.","author":"Alejandro Sosa Ruda","date":"11 septiembre, 2023","format":false,"excerpt":"El evento, que se llevar\u00e1 a cabo el s\u00e1bado 16 de septiembre de 11 a 19 horas en la Estaci\u00f3n Hidrobiol\u00f3gica de Chascom\u00fas, ofrece la oportunidad de disfrutar y adquirir productos aut\u00e9nticos de la regi\u00f3n. 11 De Septiembre de 2023 CHASCOM\u00daS -\u00a0 El gobierno de la Provincia de Buenos aires,\u2026","rel":"","context":"En \u00abINTERES GENERAL\u00bb","block_context":{"text":"INTERES GENERAL","link":"https:\/\/larevistadigital.com.ar\/blog\/category\/interes-general\/"},"img":{"alt_text":"","src":"https:\/\/i0.wp.com\/larevistadigital.com.ar\/blog\/wp-content\/uploads\/03528deb90b1a477092d1b20a096cb5e9a9a43ce.jpeg?fit=1140%2C642&ssl=1&resize=350%2C200","width":350,"height":200,"srcset":"https:\/\/i0.wp.com\/larevistadigital.com.ar\/blog\/wp-content\/uploads\/03528deb90b1a477092d1b20a096cb5e9a9a43ce.jpeg?fit=1140%2C642&ssl=1&resize=350%2C200 1x, https:\/\/i0.wp.com\/larevistadigital.com.ar\/blog\/wp-content\/uploads\/03528deb90b1a477092d1b20a096cb5e9a9a43ce.jpeg?fit=1140%2C642&ssl=1&resize=525%2C300 1.5x, https:\/\/i0.wp.com\/larevistadigital.com.ar\/blog\/wp-content\/uploads\/03528deb90b1a477092d1b20a096cb5e9a9a43ce.jpeg?fit=1140%2C642&ssl=1&resize=700%2C400 2x, https:\/\/i0.wp.com\/larevistadigital.com.ar\/blog\/wp-content\/uploads\/03528deb90b1a477092d1b20a096cb5e9a9a43ce.jpeg?fit=1140%2C642&ssl=1&resize=1050%2C600 3x"},"classes":[]},{"id":35696,"url":"https:\/\/larevistadigital.com.ar\/blog\/importante-asistencia-del-gobierno-de-kicillof-a-municipios-afectados-por-los-fuertes-temporales\/","url_meta":{"origin":26162,"position":3},"title":"IMPORTANTE ASISTENCIA DEL GOBIERNO DE KICILLOF A MUNICIPIOS AFECTADOS POR LOS FUERTES TEMPORALES","author":"Alejandro Sosa Ruda","date":"23 marzo, 2024","format":false,"excerpt":"Una importante medida para los municipios que fueron seriamente afectados por el temporal que provoc\u00f3 da\u00f1os y destrozos. 23 de marzo de 2024 BUENOS AIRES -\u00a0 El Ministerio de Desarrollo de la Comunidad est\u00e1 en contacto con los distritos para atender las necesidades provocadas por el fen\u00f3meno clim\u00e1tico, que contin\u00faa\u2026","rel":"","context":"En \u00abDESTACADAS\u00bb","block_context":{"text":"DESTACADAS","link":"https:\/\/larevistadigital.com.ar\/blog\/category\/destacadas\/"},"img":{"alt_text":"","src":"https:\/\/i0.wp.com\/larevistadigital.com.ar\/blog\/wp-content\/uploads\/WhatsApp-Image-2024-03-20-at-13.54.59.jpeg?fit=700%2C466&ssl=1&resize=350%2C200","width":350,"height":200,"srcset":"https:\/\/i0.wp.com\/larevistadigital.com.ar\/blog\/wp-content\/uploads\/WhatsApp-Image-2024-03-20-at-13.54.59.jpeg?fit=700%2C466&ssl=1&resize=350%2C200 1x, https:\/\/i0.wp.com\/larevistadigital.com.ar\/blog\/wp-content\/uploads\/WhatsApp-Image-2024-03-20-at-13.54.59.jpeg?fit=700%2C466&ssl=1&resize=525%2C300 1.5x, https:\/\/i0.wp.com\/larevistadigital.com.ar\/blog\/wp-content\/uploads\/WhatsApp-Image-2024-03-20-at-13.54.59.jpeg?fit=700%2C466&ssl=1&resize=700%2C400 2x"},"classes":[]},{"id":36162,"url":"https:\/\/larevistadigital.com.ar\/blog\/este-jueves-30-de-mayo-es-dia-no-laborable-para-la-administracion-publica\/","url_meta":{"origin":26162,"position":4},"title":"ESTE JUEVES 30 DE MAYO ES D\u00cdA NO LABORABLE PARA LA ADMINISTRACI\u00d3N P\u00daBLICA","author":"Alejandro Sosa Ruda","date":"28 mayo, 2024","format":false,"excerpt":"Con motivo de la celebraci\u00f3n del 245\u00ba aniversario de la fundaci\u00f3n de Chascom\u00fas, y mediante el Decreto N\u00b0381\/2024 se declara d\u00eda no laborable para la administraci\u00f3n p\u00fablica y el Banco de la Provincia de Buenos Aires y, feriado optativo para la industria, el comercio y restantes actividades. 24 de Mayo\u2026","rel":"","context":"En \u00abINTERES GENERAL\u00bb","block_context":{"text":"INTERES GENERAL","link":"https:\/\/larevistadigital.com.ar\/blog\/category\/interes-general\/"},"img":{"alt_text":"","src":"https:\/\/i0.wp.com\/larevistadigital.com.ar\/blog\/wp-content\/uploads\/2024_05_29_01_46_47_8351575.jpg?fit=600%2C401&ssl=1&resize=350%2C200","width":350,"height":200,"srcset":"https:\/\/i0.wp.com\/larevistadigital.com.ar\/blog\/wp-content\/uploads\/2024_05_29_01_46_47_8351575.jpg?fit=600%2C401&ssl=1&resize=350%2C200 1x, https:\/\/i0.wp.com\/larevistadigital.com.ar\/blog\/wp-content\/uploads\/2024_05_29_01_46_47_8351575.jpg?fit=600%2C401&ssl=1&resize=525%2C300 1.5x"},"classes":[]},{"id":40507,"url":"https:\/\/larevistadigital.com.ar\/blog\/chascomus-presente-en-el-congreso-productivo-bonaerense\/","url_meta":{"origin":26162,"position":5},"title":"Chascom\u00fas presente en el Congreso Productivo Bonaerense","author":"Alejandro Sosa Ruda","date":"18 julio, 2025","format":false,"excerpt":"Se abordaron pol\u00edticas p\u00fablicas fundamentales para el fortalecimiento de las econom\u00edas locales y regionales 18 De Julio de 2025 CHASCOM\u00daS\u00a0 -\u00a0 \u00a0La Municipalidad de Chascom\u00fas particip\u00f3 activamente del Congreso Productivo Bonaerense, realizado en la ciudad de Mar del Plata, un espacio clave de articulaci\u00f3n entre el Estado provincial, los municipios,\u2026","rel":"","context":"En \u00abCHASCOM\u00daS\u00bb","block_context":{"text":"CHASCOM\u00daS","link":"https:\/\/larevistadigital.com.ar\/blog\/category\/chascomus\/"},"img":{"alt_text":"","src":"https:\/\/i0.wp.com\/larevistadigital.com.ar\/blog\/wp-content\/uploads\/68792992d1a8d.png?fit=668%2C445&ssl=1&resize=350%2C200","width":350,"height":200,"srcset":"https:\/\/i0.wp.com\/larevistadigital.com.ar\/blog\/wp-content\/uploads\/68792992d1a8d.png?fit=668%2C445&ssl=1&resize=350%2C200 1x, https:\/\/i0.wp.com\/larevistadigital.com.ar\/blog\/wp-content\/uploads\/68792992d1a8d.png?fit=668%2C445&ssl=1&resize=525%2C300 1.5x"},"classes":[]}],"_links":{"self":[{"href":"https:\/\/larevistadigital.com.ar\/blog\/wp-json\/wp\/v2\/posts\/26162","targetHints":{"allow":["GET"]}}],"collection":[{"href":"https:\/\/larevistadigital.com.ar\/blog\/wp-json\/wp\/v2\/posts"}],"about":[{"href":"https:\/\/larevistadigital.com.ar\/blog\/wp-json\/wp\/v2\/types\/post"}],"author":[{"embeddable":true,"href":"https:\/\/larevistadigital.com.ar\/blog\/wp-json\/wp\/v2\/users\/3"}],"replies":[{"embeddable":true,"href":"https:\/\/larevistadigital.com.ar\/blog\/wp-json\/wp\/v2\/comments?post=26162"}],"version-history":[{"count":1,"href":"https:\/\/larevistadigital.com.ar\/blog\/wp-json\/wp\/v2\/posts\/26162\/revisions"}],"predecessor-version":[{"id":26164,"href":"https:\/\/larevistadigital.com.ar\/blog\/wp-json\/wp\/v2\/posts\/26162\/revisions\/26164"}],"wp:featuredmedia":[{"embeddable":true,"href":"https:\/\/larevistadigital.com.ar\/blog\/wp-json\/wp\/v2\/media\/26163"}],"wp:attachment":[{"href":"https:\/\/larevistadigital.com.ar\/blog\/wp-json\/wp\/v2\/media?parent=26162"}],"wp:term":[{"taxonomy":"category","embeddable":true,"href":"https:\/\/larevistadigital.com.ar\/blog\/wp-json\/wp\/v2\/categories?post=26162"},{"taxonomy":"post_tag","embeddable":true,"href":"https:\/\/larevistadigital.com.ar\/blog\/wp-json\/wp\/v2\/tags?post=26162"}],"curies":[{"name":"wp","href":"https:\/\/api.w.org\/{rel}","templated":true}]}}