{"id":26167,"date":"2022-06-28T11:47:09","date_gmt":"2022-06-28T11:47:09","guid":{"rendered":"https:\/\/larevistadigital.com.ar\/blog\/?p=26167"},"modified":"2022-06-28T11:47:09","modified_gmt":"2022-06-28T11:47:09","slug":"ruta-2-accidente-en-el-kilometro-57-dos-autos-uno-volco","status":"publish","type":"post","link":"https:\/\/larevistadigital.com.ar\/blog\/ruta-2-accidente-en-el-kilometro-57-dos-autos-uno-volco\/","title":{"rendered":"RUTA 2: ACCIDENTE EN EL KIL\u00d3METRO 57. DOS AUTOS. UNO VOLC\u00d3"},"content":{"rendered":"<p><strong>(Por Juan Lemik)<\/strong><\/p>\n<p>El periodista<strong> Juan Lemik<\/strong>, nos hace llegar material de un hecho que sucedi\u00f3 hoy por la ma\u00f1ana,\u00a0 aproximadamente a las 10 hs. se produjo un accidente entre dos veh\u00edculos en la ruta 2 a la altura del Km 51, por la mano a Mar del Plata.<\/p>\n<p>Se desconoce el motivo del siniestro, pero a Dios gracias no hubo que lamentar v\u00edctimas ni heridos de consideraci\u00f3n. Solamente una chica fue atendida por personal de salud, pero se encontraba bien, hablando por tel\u00e9fono con alg\u00fan familiar.<\/p>\n<p><img data-recalc-dims=\"1\" loading=\"lazy\" decoding=\"async\" class=\"alignnone size-full wp-image-26168\" src=\"https:\/\/i0.wp.com\/larevistadigital.com.ar\/blog\/wp-content\/uploads\/3-1.jpg?resize=720%2C614&#038;ssl=1\" alt=\"\" width=\"720\" height=\"614\" srcset=\"https:\/\/i0.wp.com\/larevistadigital.com.ar\/blog\/wp-content\/uploads\/3-1.jpg?w=720&amp;ssl=1 720w, https:\/\/i0.wp.com\/larevistadigital.com.ar\/blog\/wp-content\/uploads\/3-1.jpg?resize=300%2C256&amp;ssl=1 300w\" sizes=\"auto, (max-width: 720px) 100vw, 720px\" \/><\/p>\n<p>&nbsp;<\/p>\n<p>&nbsp;<\/p>\n<p>&nbsp;<\/p>\n","protected":false},"excerpt":{"rendered":"<div class=\"mh-excerpt\"><p>(Por Juan Lemik) El periodista Juan Lemik, nos hace llegar material de un hecho que sucedi\u00f3 hoy por la ma\u00f1ana,\u00a0 aproximadamente a las 10 hs. se produjo un accidente entre dos veh\u00edculos en la ruta <a class=\"mh-excerpt-more\" href=\"https:\/\/larevistadigital.com.ar\/blog\/ruta-2-accidente-en-el-kilometro-57-dos-autos-uno-volco\/\" title=\"RUTA 2: ACCIDENTE EN EL KIL\u00d3METRO 57. DOS AUTOS. UNO VOLC\u00d3\">[Leer M\u00e1s]<\/a><\/p>\n<\/div>","protected":false},"author":3,"featured_media":26169,"comment_status":"open","ping_status":"open","sticky":false,"template":"","format":"standard","meta":{"_jetpack_memberships_contains_paid_content":false,"footnotes":"","jetpack_publicize_message":"","jetpack_publicize_feature_enabled":true,"jetpack_social_post_already_shared":true,"jetpack_social_options":{"image_generator_settings":{"template":"highway","default_image_id":0,"font":"","enabled":false},"version":2}},"categories":[50],"tags":[],"class_list":{"0":"post-26167","1":"post","2":"type-post","3":"status-publish","4":"format-standard","5":"has-post-thumbnail","7":"category-interes-general"},"jetpack_publicize_connections":[],"jetpack_featured_media_url":"https:\/\/i0.wp.com\/larevistadigital.com.ar\/blog\/wp-content\/uploads\/2-2.jpg?fit=900%2C790&ssl=1","jetpack_sharing_enabled":true,"jetpack_shortlink":"https:\/\/wp.me\/p8qtrQ-6O3","jetpack-related-posts":[{"id":18318,"url":"https:\/\/larevistadigital.com.ar\/blog\/terrible-accidente-en-la-ruta-con-saldo-de-un-muerto\/","url_meta":{"origin":26167,"position":0},"title":"TERRIBLE ACCIDENTE EN LA RUTA, CON SALDO DE UN MUERTO","author":"Alejandro Sosa Ruda","date":"24 diciembre, 2020","format":false,"excerpt":"Nuestro cronista Juan Lemik, estuvo justo unos momentos despu\u00e9s de que ocurri\u00f3 un fatal accidente en donde un utilitario embisti\u00f3 de atr\u00e1s a un cami\u00f3n de granos. El siniestro ocurri\u00f3 a la altura del kil\u00f3metro 76 en la ruta 2, mano a capital, y lamentablemente provoc\u00f3 la muerte del conductor\u2026","rel":"","context":"En \u00abINTERES GENERAL\u00bb","block_context":{"text":"INTERES GENERAL","link":"https:\/\/larevistadigital.com.ar\/blog\/category\/interes-general\/"},"img":{"alt_text":"","src":"https:\/\/i0.wp.com\/larevistadigital.com.ar\/blog\/wp-content\/uploads\/WhatsApp-Image-2020-12-23-at-16.10.12-2.jpeg?fit=864%2C1152&ssl=1&resize=350%2C200","width":350,"height":200,"srcset":"https:\/\/i0.wp.com\/larevistadigital.com.ar\/blog\/wp-content\/uploads\/WhatsApp-Image-2020-12-23-at-16.10.12-2.jpeg?fit=864%2C1152&ssl=1&resize=350%2C200 1x, https:\/\/i0.wp.com\/larevistadigital.com.ar\/blog\/wp-content\/uploads\/WhatsApp-Image-2020-12-23-at-16.10.12-2.jpeg?fit=864%2C1152&ssl=1&resize=525%2C300 1.5x, https:\/\/i0.wp.com\/larevistadigital.com.ar\/blog\/wp-content\/uploads\/WhatsApp-Image-2020-12-23-at-16.10.12-2.jpeg?fit=864%2C1152&ssl=1&resize=700%2C400 2x"},"classes":[]},{"id":25945,"url":"https:\/\/larevistadigital.com.ar\/blog\/audio-llegando-al-mediodia-persisten-los-bancos-de-niebla-en-la-ruta-2-por-juan-lemik\/","url_meta":{"origin":26167,"position":1},"title":"[AUDIO] LLEGANDO AL MEDIOD\u00cdA PERSISTEN LOS BANCOS DE NIEBLA EN LA RUTA 2 (Por Juan Lemik)","author":"Alejandro Sosa Ruda","date":"16 junio, 2022","format":false,"excerpt":"Desde la ruta 2, nuestro cronista Juan Lemik nos hace llegar un video donde muestra que pese a estar casi en horas del mediod\u00eda, los bancos de niebla persisten, haciendo muy peligrosa la circulaci\u00f3n por la visibilidad reducida.","rel":"","context":"En \u00abINTERES GENERAL\u00bb","block_context":{"text":"INTERES GENERAL","link":"https:\/\/larevistadigital.com.ar\/blog\/category\/interes-general\/"},"img":{"alt_text":"","src":"https:\/\/i0.wp.com\/larevistadigital.com.ar\/blog\/wp-content\/uploads\/Niebla-en-ruta-2.png?fit=750%2C1025&ssl=1&resize=350%2C200","width":350,"height":200,"srcset":"https:\/\/i0.wp.com\/larevistadigital.com.ar\/blog\/wp-content\/uploads\/Niebla-en-ruta-2.png?fit=750%2C1025&ssl=1&resize=350%2C200 1x, https:\/\/i0.wp.com\/larevistadigital.com.ar\/blog\/wp-content\/uploads\/Niebla-en-ruta-2.png?fit=750%2C1025&ssl=1&resize=525%2C300 1.5x, https:\/\/i0.wp.com\/larevistadigital.com.ar\/blog\/wp-content\/uploads\/Niebla-en-ruta-2.png?fit=750%2C1025&ssl=1&resize=700%2C400 2x"},"classes":[]},{"id":17926,"url":"https:\/\/larevistadigital.com.ar\/blog\/hace-un-rato-colectivo-se-incrusto-contra-un-puente-en-belgrano-por-juan-lemik\/","url_meta":{"origin":26167,"position":2},"title":"HACE UN RATO: COLECTIVO SE INCRUST\u00d3 CONTRA UN PUENTE EN BELGRANO (Por Juan Lemik)","author":"Alejandro Sosa Ruda","date":"1 diciembre, 2020","format":false,"excerpt":"Hace un rato, sucedi\u00f3 un ins\u00f3lito accidente donde un colectivero \"calculo mal\" y por la altura qued\u00f3 incrustado en un puente, ubicado en las calles Roosvelt y O'Higgins. Justo, pasaba por el lugar nuestro cronista destacado, Juan Lemik, y pudo tomar fotos e informarnos de manera exclusiva para La Revista\u2026","rel":"","context":"En \u00abINTERES GENERAL\u00bb","block_context":{"text":"INTERES GENERAL","link":"https:\/\/larevistadigital.com.ar\/blog\/category\/interes-general\/"},"img":{"alt_text":"","src":"https:\/\/i0.wp.com\/larevistadigital.com.ar\/blog\/wp-content\/uploads\/WhatsApp-Image-2020-12-01-at-13.43.31.jpeg?fit=868%2C1156&ssl=1&resize=350%2C200","width":350,"height":200,"srcset":"https:\/\/i0.wp.com\/larevistadigital.com.ar\/blog\/wp-content\/uploads\/WhatsApp-Image-2020-12-01-at-13.43.31.jpeg?fit=868%2C1156&ssl=1&resize=350%2C200 1x, https:\/\/i0.wp.com\/larevistadigital.com.ar\/blog\/wp-content\/uploads\/WhatsApp-Image-2020-12-01-at-13.43.31.jpeg?fit=868%2C1156&ssl=1&resize=525%2C300 1.5x, https:\/\/i0.wp.com\/larevistadigital.com.ar\/blog\/wp-content\/uploads\/WhatsApp-Image-2020-12-01-at-13.43.31.jpeg?fit=868%2C1156&ssl=1&resize=700%2C400 2x"},"classes":[]},{"id":8507,"url":"https:\/\/larevistadigital.com.ar\/blog\/chascmomus-violento-accidente-choque-y-vuelco-en-el-km-110-de-la-autovia-2\/","url_meta":{"origin":26167,"position":3},"title":"CHASCMOM\u00daS: \u00a1VIOLENTO ACCIDENTE! CHOQUE Y VUELCO EN EL KM. 110 DE LA AUTOV\u00cdA 2","author":"Alejandro Sosa Ruda","date":"16 febrero, 2019","format":false,"excerpt":"El cronista de La Revista Digital, Juan Lemik, nos hace llegar una noticia de \u00faltimo momento, ya que hace menos de una hora, (aproximadamente a las 18 hs.) se produjo un accidente en la ruta 2 a la altura del kil\u00f3metro 110. El lamentable accidente sucedi\u00f3 cuando una combi se\u2026","rel":"","context":"En \u00abDESTACADAS\u00bb","block_context":{"text":"DESTACADAS","link":"https:\/\/larevistadigital.com.ar\/blog\/category\/destacadas\/"},"img":{"alt_text":"","src":"https:\/\/i0.wp.com\/larevistadigital.com.ar\/blog\/wp-content\/uploads\/2019\/02\/WhatsApp-Image-2019-02-16-at-18.33.40.jpeg?fit=1200%2C677&ssl=1&resize=350%2C200","width":350,"height":200,"srcset":"https:\/\/i0.wp.com\/larevistadigital.com.ar\/blog\/wp-content\/uploads\/2019\/02\/WhatsApp-Image-2019-02-16-at-18.33.40.jpeg?fit=1200%2C677&ssl=1&resize=350%2C200 1x, https:\/\/i0.wp.com\/larevistadigital.com.ar\/blog\/wp-content\/uploads\/2019\/02\/WhatsApp-Image-2019-02-16-at-18.33.40.jpeg?fit=1200%2C677&ssl=1&resize=525%2C300 1.5x, https:\/\/i0.wp.com\/larevistadigital.com.ar\/blog\/wp-content\/uploads\/2019\/02\/WhatsApp-Image-2019-02-16-at-18.33.40.jpeg?fit=1200%2C677&ssl=1&resize=700%2C400 2x, https:\/\/i0.wp.com\/larevistadigital.com.ar\/blog\/wp-content\/uploads\/2019\/02\/WhatsApp-Image-2019-02-16-at-18.33.40.jpeg?fit=1200%2C677&ssl=1&resize=1050%2C600 3x"},"classes":[]},{"id":7366,"url":"https:\/\/larevistadigital.com.ar\/blog\/dubai-mas-material-de-nuestro-cronista-juan-lemik-durante-el-mundial-de-clubes\/","url_meta":{"origin":26167,"position":4},"title":"DUBAI: MAS MATERIAL DE NUESTRO CRONISTA JUAN LEMIK DURANTE EL MUNDIAL DE CLUBES","author":"Alejandro Sosa Ruda","date":"25 diciembre, 2018","format":false,"excerpt":"El Mundial de Clubes, ya es historia, el Real Madrid se consagr\u00f3 campe\u00f3n por tercera vez consecutiva, y el representante de Am\u00e9rica, River Plate ocupo el tercer lugar en el podio. Pero al margen de la contienda deportiva, el cronista de La Revista Digital, auspiciado por \"Carnival Tours\", Juan Lemik,\u2026","rel":"","context":"En \u00abPOLITICA\u00bb","block_context":{"text":"POLITICA","link":"https:\/\/larevistadigital.com.ar\/blog\/category\/politica\/"},"img":{"alt_text":"","src":"https:\/\/i0.wp.com\/larevistadigital.com.ar\/blog\/wp-content\/uploads\/2018\/12\/WhatsApp-Image-2018-12-18-at-08.26.15dd-1.jpg?fit=650%2C495&ssl=1&resize=350%2C200","width":350,"height":200,"srcset":"https:\/\/i0.wp.com\/larevistadigital.com.ar\/blog\/wp-content\/uploads\/2018\/12\/WhatsApp-Image-2018-12-18-at-08.26.15dd-1.jpg?fit=650%2C495&ssl=1&resize=350%2C200 1x, https:\/\/i0.wp.com\/larevistadigital.com.ar\/blog\/wp-content\/uploads\/2018\/12\/WhatsApp-Image-2018-12-18-at-08.26.15dd-1.jpg?fit=650%2C495&ssl=1&resize=525%2C300 1.5x"},"classes":[]},{"id":21384,"url":"https:\/\/larevistadigital.com.ar\/blog\/chascomus-incluye-fotos-loco-piromaniaco-en-barrio-girado-por-juan-lemik\/","url_meta":{"origin":26167,"position":5},"title":"CHASCOM\u00daS: [INCLUYE FOTOS] \u00bfLOCO PIROMAN\u00cdACO EN BARRIO GIRADO? Por Juan Lemik","author":"Alejandro Sosa Ruda","date":"5 agosto, 2021","format":false,"excerpt":"CHASCOM\u00daS -\u00a0 Hace un par de noches, nuestro cronista Juan Lemik pudo observar a trav\u00e9s de las c\u00e1maras que se encuentran en su propiedad a un sujeto que aproximadamente a las 02:30 hs. de la madrugada, comenz\u00f3 a prender fuego de manera indiscriminada en un terreno que limita al fondo\u2026","rel":"","context":"En \u00abDESTACADAS\u00bb","block_context":{"text":"DESTACADAS","link":"https:\/\/larevistadigital.com.ar\/blog\/category\/destacadas\/"},"img":{"alt_text":"","src":"https:\/\/i0.wp.com\/larevistadigital.com.ar\/blog\/wp-content\/uploads\/WhatsApp-Image-2021-08-03-at-17.46.11.jpeg?fit=600%2C1200&ssl=1&resize=350%2C200","width":350,"height":200,"srcset":"https:\/\/i0.wp.com\/larevistadigital.com.ar\/blog\/wp-content\/uploads\/WhatsApp-Image-2021-08-03-at-17.46.11.jpeg?fit=600%2C1200&ssl=1&resize=350%2C200 1x, https:\/\/i0.wp.com\/larevistadigital.com.ar\/blog\/wp-content\/uploads\/WhatsApp-Image-2021-08-03-at-17.46.11.jpeg?fit=600%2C1200&ssl=1&resize=525%2C300 1.5x"},"classes":[]}],"_links":{"self":[{"href":"https:\/\/larevistadigital.com.ar\/blog\/wp-json\/wp\/v2\/posts\/26167","targetHints":{"allow":["GET"]}}],"collection":[{"href":"https:\/\/larevistadigital.com.ar\/blog\/wp-json\/wp\/v2\/posts"}],"about":[{"href":"https:\/\/larevistadigital.com.ar\/blog\/wp-json\/wp\/v2\/types\/post"}],"author":[{"embeddable":true,"href":"https:\/\/larevistadigital.com.ar\/blog\/wp-json\/wp\/v2\/users\/3"}],"replies":[{"embeddable":true,"href":"https:\/\/larevistadigital.com.ar\/blog\/wp-json\/wp\/v2\/comments?post=26167"}],"version-history":[{"count":1,"href":"https:\/\/larevistadigital.com.ar\/blog\/wp-json\/wp\/v2\/posts\/26167\/revisions"}],"predecessor-version":[{"id":26170,"href":"https:\/\/larevistadigital.com.ar\/blog\/wp-json\/wp\/v2\/posts\/26167\/revisions\/26170"}],"wp:featuredmedia":[{"embeddable":true,"href":"https:\/\/larevistadigital.com.ar\/blog\/wp-json\/wp\/v2\/media\/26169"}],"wp:attachment":[{"href":"https:\/\/larevistadigital.com.ar\/blog\/wp-json\/wp\/v2\/media?parent=26167"}],"wp:term":[{"taxonomy":"category","embeddable":true,"href":"https:\/\/larevistadigital.com.ar\/blog\/wp-json\/wp\/v2\/categories?post=26167"},{"taxonomy":"post_tag","embeddable":true,"href":"https:\/\/larevistadigital.com.ar\/blog\/wp-json\/wp\/v2\/tags?post=26167"}],"curies":[{"name":"wp","href":"https:\/\/api.w.org\/{rel}","templated":true}]}}