{"id":26172,"date":"2022-06-28T19:13:55","date_gmt":"2022-06-28T19:13:55","guid":{"rendered":"https:\/\/larevistadigital.com.ar\/blog\/?p=26172"},"modified":"2022-06-28T19:13:55","modified_gmt":"2022-06-28T19:13:55","slug":"quiso-esquivar-un-piquete-lo-persiguieron-le-tiraron-un-piedrazo-que-lo-noqueo-y-murio-cuando-volco-su-camion","status":"publish","type":"post","link":"https:\/\/larevistadigital.com.ar\/blog\/quiso-esquivar-un-piquete-lo-persiguieron-le-tiraron-un-piedrazo-que-lo-noqueo-y-murio-cuando-volco-su-camion\/","title":{"rendered":"QUISO ESQUIVAR UN PIQUETE, LO PERSIGUIERON, LE TIRARON UN PIEDRAZO QUE LO NOQUE\u00d3 Y MURI\u00d3 CUANDO VOLC\u00d3 SU CAMI\u00d3N"},"content":{"rendered":"<h2>La secuencia fue como se describe en el t\u00edtulo, y produce impotencia e indignaci\u00f3n. Parece que la clase pol\u00edtica no reacciona y la sociedad tampoco ante estos hechos que son inaceptables. El hombre fue literalmente asesinado. Fue en el marco de la protesta por la falta de gasoil.<\/h2>\n<p class=\"paragraph\"><mark class=\"hl_yellow\"><b>Un camionero muri\u00f3 este lunes por la tarde tras ser atacado a piedrazos cuando quiso atravesar una protesta de transportistas<\/b>\u00a0<\/mark>que reclamaban por la falta de gasoil sobre la Ruta Provincial 65, a cinco kil\u00f3metros del acceso a la ciudad bonaerense de Daireaux.<\/p>\n<blockquote>\n<h3 class=\"paragraph\">De acuerdo a fuentes judiciales de la zona, la v\u00edctima fue identificada como Guillermo Andr\u00e9s Jara, de 45 a\u00f1os, oriundo de General Rodriguez, padre de una chica de 18, empleado de la firma Transportes Segovia\u00a0y camionero al menos desde 2005, quien hab\u00eda salido durante la ma\u00f1ana de su zona y se dirig\u00eda a entregar una carga cuando fue sorprendido por la medida de fuerza.<\/h3>\n<\/blockquote>\n<div class=\"inline ad-wrapper\">\n<div class=\"dfpAd display_inline_block ad_margin_wrapper\">\n<p class=\"paragraph\">En esas circunstancias, el conductor\u00a0<b>habr\u00eda intentado evadir el piquete que se hab\u00eda formado en el ingreso a Daireaux<\/b>, sin hacer caso a la orden de los transportistas de que detuviera la marcha, y continu\u00f3 su camino en direcci\u00f3n a la localidad de Laguna Alsina.<\/p>\n<blockquote>\n<h3 class=\"paragraph\">Acto seguido, fue perseguido por manifestantes que se encontraban en el lugar y que, a bordo de una camioneta Fiat Strada Blanca, lo alcanzaron kil\u00f3metros m\u00e1s adelante y comenzaron a atacarlo lanz\u00e1ndole piedras,<mark class=\"hl_yellow\"><b>\u00a0una de las cuales lo habr\u00eda golpeado, ocasionando que perdiera el control de su veh\u00edculo<\/b><\/mark>, inform\u00f3 el diario\u00a0<i>La Ma\u00f1ana<\/i>\u00a0de Bol\u00edvar.<\/h3>\n<\/blockquote>\n<div class=\"visual__image\"><img data-recalc-dims=\"1\" loading=\"lazy\" decoding=\"async\" class=\"\" src=\"https:\/\/i0.wp.com\/cloudfront-us-east-1.images.arcpublishing.com\/infobae\/N2RJY74HQNA4TBS5W7XLUVN36I.jpg?resize=1920%2C1080&#038;ssl=1\" alt=\"La parte delantera del cami\u00f3n, completamente destruida. \" width=\"1920\" height=\"1080\" \/><strong>La parte delantera del cami\u00f3n, completamente destruida.<\/strong><\/div>\n<p class=\"paragraph\">Seg\u00fan se puede ver en una imagen que circul\u00f3 en las redes sociales, el cami\u00f3n que conduc\u00eda Jara termin\u00f3 completamente destruido a un costado de la ruta y con un agujero en el parabrisas, producto de uno de los piedrazos.<\/p>\n<blockquote>\n<h3 class=\"paragraph\">A los pocos minutos arribaron al lugar efectivos de la Polic\u00eda de la zona y Bomberos Voluntarios de Daireux, quienes\u00a0<mark class=\"hl_yellow\"><b>rescataron al hombre que se encontraba inconsciente dentro del cami\u00f3n y lo trasladaron al Hospital Municipal Dr. PM Romanazzi<\/b>,<b>\u00a0donde poco despu\u00e9s falleci\u00f3.<\/b><\/mark><\/h3>\n<\/blockquote>\n<p class=\"paragraph\"><mark class=\"hl_yellow\"><b>Fuentes judiciales consultadas por Infobae se\u00f1alaron que ya\u00a0<\/b><\/mark><a href=\"https:\/\/www.infobae.com\/sociedad\/policiales\/2022\/06\/28\/hay-tres-aprehendidos-por-el-crimen-del-camionero-en-la-protesta-para-la-justicia-los-agresores-tenian-intencion-de-matar\/\" target=\"_blank\" rel=\"noopener\"><mark class=\"hl_yellow\"><b>hay tres detenidos por la agresi\u00f3n<\/b><\/mark><\/a><mark class=\"hl_yellow\"><b>, todos ellos camioneros de la zona de Daireaux. La causa est\u00e1 a cargo del fiscal Fabio Arcomano.<\/b><\/mark><\/p>\n<p class=\"paragraph\">En los \u00faltimos d\u00edas, se volvieron habituales las protestas de los transportistas, que llevan adelante un paro por tiempo indeterminado,<b> en reclamo de un normal abastecimiento de gasoil<\/b>\u00a0en medio del faltante a nivel nacional de este suministro: una encuesta de la Federaci\u00f3n Argentina de Entidades Empresarias del Autotransporte de Cargas (FADEEAC), que se realiz\u00f3 entre el 15 y 25 del presente mes, revel\u00f3 que<mark class=\"hl_yellow\"><b>\u00a0ya son 23 las provincias de la Argentina en los que el transporte de cargas registra dificultades para abastecerse de combustible<\/b><\/mark>.<\/p>\n<div class=\"visual__image\"><img data-recalc-dims=\"1\" loading=\"lazy\" decoding=\"async\" class=\"\" src=\"https:\/\/i0.wp.com\/cloudfront-us-east-1.images.arcpublishing.com\/infobae\/SDRSMALXERF2XKXYOVDTZHADB4.jpg?resize=1920%2C1080&#038;ssl=1\" alt=\"Guillermo Jara, la v\u00edctima. \" width=\"1920\" height=\"1080\" \/><strong>Guillermo Jara, la v\u00edctima.<\/strong><\/div>\n<p class=\"paragraph\">Hoy\u00a0<mark class=\"hl_yellow\"><b>hay 16 provincias donde el suministro de combustible es nulo o caso nulo.<\/b><\/mark>\u00a0Ellas son: Buenos Aires, CABA, Entre R\u00edos, Corrientes, Misiones, Santa Fe, C\u00f3rdoba, Tucum\u00e1n, Salta, Jujuy, Chaco, Formosa, San Juan, Mendoza, La Rioja y La Pampa. Adem\u00e1s, hay cuatro provincias donde el suministro es de 20 litros por unidad: San Luis, Catamarca, Santiago del Estero, y Santa Cruz.<\/p>\n<blockquote>\n<h3 class=\"paragraph\">Si bien durante el fin de semana pasado decidieron flexibilizar la circulaci\u00f3n de camiones en algunos lugares de protesta,\u00a0<b>desde este lunes temprano los transportistas profundizaron la medida de fuerza con una mayor cantidad de cortes de ruta<\/b>. La semana pasada los piquetes estuvieron centrados en los puertos del Gran Rosario, y ahora tambi\u00e9n incluye los puertos del sur de la provincia de Buenos Aires, y en zonas del norte y el litoral argentino.<\/h3>\n<\/blockquote>\n<p class=\"paragraph\">De hecho,<b> los manifestantes autoconvocados realizaron junto a la CTA aut\u00f3noma una concentraci\u00f3n y acto en la intersecci\u00f3n de la Avenida 9 de Julio y Diagonal Norte. <\/b>Todo se resolvi\u00f3 durante una reuni\u00f3n de la Mesa Coordinadora de Propietarios de Transporte de Cargas Generales, integrada por los organizadores de la medida de fuerza. Ellos son: Transportistas Unidos de la Argentina (TUDA), Autoconvocados Unidos, la Uni\u00f3n Nacional de Transportistas y Afines de la Rep\u00fablica Argentina (UNTRA) y\u00a0<mark class=\"hl_yellow\">el Sindicato \u00danico de Trabajadores de Administraciones Portuarias (SUTAP) que perdi\u00f3 su personer\u00eda gremial en 1989 y nunca volvi\u00f3 a ser aceptada.<\/mark><\/p>\n<p>publicado en Infobae<\/p>\n<\/div>\n<\/div>\n","protected":false},"excerpt":{"rendered":"<div class=\"mh-excerpt\"><p>La secuencia fue como se describe en el t\u00edtulo, y produce impotencia e indignaci\u00f3n. Parece que la clase pol\u00edtica no reacciona y la sociedad tampoco ante estos hechos que son inaceptables. El hombre fue literalmente <a class=\"mh-excerpt-more\" href=\"https:\/\/larevistadigital.com.ar\/blog\/quiso-esquivar-un-piquete-lo-persiguieron-le-tiraron-un-piedrazo-que-lo-noqueo-y-murio-cuando-volco-su-camion\/\" title=\"QUISO ESQUIVAR UN PIQUETE, LO PERSIGUIERON, LE TIRARON UN PIEDRAZO QUE LO NOQUE\u00d3 Y MURI\u00d3 CUANDO VOLC\u00d3 SU CAMI\u00d3N\">[Leer M\u00e1s]<\/a><\/p>\n<\/div>","protected":false},"author":3,"featured_media":26173,"comment_status":"open","ping_status":"open","sticky":false,"template":"","format":"standard","meta":{"_jetpack_memberships_contains_paid_content":false,"footnotes":"","jetpack_publicize_message":"","jetpack_publicize_feature_enabled":true,"jetpack_social_post_already_shared":true,"jetpack_social_options":{"image_generator_settings":{"template":"highway","default_image_id":0,"font":"","enabled":false},"version":2}},"categories":[44,51],"tags":[],"class_list":{"0":"post-26172","1":"post","2":"type-post","3":"status-publish","4":"format-standard","5":"has-post-thumbnail","7":"category-policiales","8":"category-regionales"},"jetpack_publicize_connections":[],"jetpack_featured_media_url":"https:\/\/i0.wp.com\/larevistadigital.com.ar\/blog\/wp-content\/uploads\/CAMIONERO-MUERTO.png?fit=707%2C395&ssl=1","jetpack_sharing_enabled":true,"jetpack_shortlink":"https:\/\/wp.me\/p8qtrQ-6O8","jetpack-related-posts":[{"id":26210,"url":"https:\/\/larevistadigital.com.ar\/blog\/coronel-dorrego-otro-camionero-atacado-por-eludir-el-piquete\/","url_meta":{"origin":26172,"position":0},"title":"CORONEL DORREGO: OTRO CAMIONERO ATACADO POR ELUDIR EL PIQUETE.","author":"Alejandro Sosa Ruda","date":"30 junio, 2022","format":false,"excerpt":"Mientras la justicia resuelve la causa por el camionero asesinado sobre la Ruta Provincial 65, a la altura de Daireaux, manifestantes del ret\u00e9n que se encuentra en el cruce de las rutas N\u00b03 y N\u00b0 72, a la altura de Coronel Dorrego, atacaron con neum\u00e1ticos a otro transportista cuando quiso\u2026","rel":"","context":"En \u00abINTERES GENERAL\u00bb","block_context":{"text":"INTERES GENERAL","link":"https:\/\/larevistadigital.com.ar\/blog\/category\/interes-general\/"},"img":{"alt_text":"","src":"https:\/\/i0.wp.com\/larevistadigital.com.ar\/blog\/wp-content\/uploads\/20220630172420_camionataque-dorrego.jpg?fit=880%2C512&ssl=1&resize=350%2C200","width":350,"height":200,"srcset":"https:\/\/i0.wp.com\/larevistadigital.com.ar\/blog\/wp-content\/uploads\/20220630172420_camionataque-dorrego.jpg?fit=880%2C512&ssl=1&resize=350%2C200 1x, https:\/\/i0.wp.com\/larevistadigital.com.ar\/blog\/wp-content\/uploads\/20220630172420_camionataque-dorrego.jpg?fit=880%2C512&ssl=1&resize=525%2C300 1.5x, https:\/\/i0.wp.com\/larevistadigital.com.ar\/blog\/wp-content\/uploads\/20220630172420_camionataque-dorrego.jpg?fit=880%2C512&ssl=1&resize=700%2C400 2x"},"classes":[]},{"id":26175,"url":"https:\/\/larevistadigital.com.ar\/blog\/tres-aprehendidos-por-el-crimen-del-camionero-para-la-justicia-tuvieron-intencion-de-matar\/","url_meta":{"origin":26172,"position":1},"title":"TRES APREHENDIDOS POR EL CRIMEN DEL CAMIONERO: PARA LA JUSTICIA TUVIERON INTENCI\u00d3N DE MATAR","author":"Alejandro Sosa Ruda","date":"28 junio, 2022","format":false,"excerpt":"El hecho ocurri\u00f3 a cinco kil\u00f3metros de la ciudad de Daireaux, en el interior de la provincia de Buenos Aires. Se espera el resultado de la autopsia La investigaci\u00f3n por el crimen de\u00a0Guillermo Andr\u00e9s Jara, el camionero de 45 a\u00f1os que muri\u00f3 ayer tras ser atacado a piedrazos cuando quiso\u2026","rel":"","context":"En \u00abINTERES GENERAL\u00bb","block_context":{"text":"INTERES GENERAL","link":"https:\/\/larevistadigital.com.ar\/blog\/category\/interes-general\/"},"img":{"alt_text":"","src":"https:\/\/i0.wp.com\/larevistadigital.com.ar\/blog\/wp-content\/uploads\/ASESINOS-DEL-CAMIONERO.png?fit=708%2C396&ssl=1&resize=350%2C200","width":350,"height":200,"srcset":"https:\/\/i0.wp.com\/larevistadigital.com.ar\/blog\/wp-content\/uploads\/ASESINOS-DEL-CAMIONERO.png?fit=708%2C396&ssl=1&resize=350%2C200 1x, https:\/\/i0.wp.com\/larevistadigital.com.ar\/blog\/wp-content\/uploads\/ASESINOS-DEL-CAMIONERO.png?fit=708%2C396&ssl=1&resize=525%2C300 1.5x, https:\/\/i0.wp.com\/larevistadigital.com.ar\/blog\/wp-content\/uploads\/ASESINOS-DEL-CAMIONERO.png?fit=708%2C396&ssl=1&resize=700%2C400 2x"},"classes":[]},{"id":26844,"url":"https:\/\/larevistadigital.com.ar\/blog\/desgracia-en-la-autovia-2-camionero-pierde-el-control-sale-despedido-por-la-cabina-y-fue-aplastado-por-las-ruedas-traseras\/","url_meta":{"origin":26172,"position":2},"title":"DESGRACIA EN LA AUTOV\u00cdA 2: CAMIONERO PIERDE EL CONTROL, SALE DESPEDIDO POR LA CABINA Y FUE APLASTADO POR LAS RUEDAS TRASERAS","author":"Alejandro Sosa Ruda","date":"28 julio, 2022","format":false,"excerpt":"El camionero, de 50 a\u00f1os, perdi\u00f3 el control del transporte y tras chocar con la barrera de protecci\u00f3n lateral de la ruta cay\u00f3 del habit\u00e1culo. El\u00a0chofer de un cami\u00f3n de carga muri\u00f3\u00a0este mi\u00e9rcoles en la Autov\u00eda 2 luego de despistarse y chocar contra las barreras de contenci\u00f3n, lo que provoc\u00f3\u2026","rel":"","context":"En \u00abPOLICIALES\u00bb","block_context":{"text":"POLICIALES","link":"https:\/\/larevistadigital.com.ar\/blog\/category\/policiales\/"},"img":{"alt_text":"","src":"https:\/\/i0.wp.com\/larevistadigital.com.ar\/blog\/wp-content\/uploads\/419152325bdfd01b0c1d767b902ed1556ae7223f.jpg?fit=1140%2C692&ssl=1&resize=350%2C200","width":350,"height":200,"srcset":"https:\/\/i0.wp.com\/larevistadigital.com.ar\/blog\/wp-content\/uploads\/419152325bdfd01b0c1d767b902ed1556ae7223f.jpg?fit=1140%2C692&ssl=1&resize=350%2C200 1x, https:\/\/i0.wp.com\/larevistadigital.com.ar\/blog\/wp-content\/uploads\/419152325bdfd01b0c1d767b902ed1556ae7223f.jpg?fit=1140%2C692&ssl=1&resize=525%2C300 1.5x, https:\/\/i0.wp.com\/larevistadigital.com.ar\/blog\/wp-content\/uploads\/419152325bdfd01b0c1d767b902ed1556ae7223f.jpg?fit=1140%2C692&ssl=1&resize=700%2C400 2x, https:\/\/i0.wp.com\/larevistadigital.com.ar\/blog\/wp-content\/uploads\/419152325bdfd01b0c1d767b902ed1556ae7223f.jpg?fit=1140%2C692&ssl=1&resize=1050%2C600 3x"},"classes":[]},{"id":26218,"url":"https:\/\/larevistadigital.com.ar\/blog\/cecha-le-respondio-a-moyano-nosotros-no-nos-encanutamos-el-gasoil\/","url_meta":{"origin":26172,"position":3},"title":"CECHA LE RESPONDI\u00d3 A MOYANO: \u00abNOSOTROS NO NOS ENCANUTAMOS EL GASOIL\u00bb","author":"Alejandro Sosa Ruda","date":"30 junio, 2022","format":false,"excerpt":"La Confederaci\u00f3n de Entidades de Hidrocarburos y Afines de la Rep\u00fablica Argentina (CECHA), sali\u00f3 a repudiar las declaraciones realizadas por el l\u00edder del sindicato de Camioneros, Pablo Moyano, quien acus\u00f3 a las estaciones de servicio de \u201cencanutarse el gasoil\u201d. \u201cNo nos parecen para nada justas estas declaraciones: fuimos uno de\u2026","rel":"","context":"En \u00abINTERES GENERAL\u00bb","block_context":{"text":"INTERES GENERAL","link":"https:\/\/larevistadigital.com.ar\/blog\/category\/interes-general\/"},"img":{"alt_text":"","src":"https:\/\/i0.wp.com\/larevistadigital.com.ar\/blog\/wp-content\/uploads\/20220630150152_moyano-bornoroni-confederacion-entidades-hidrocarburos-cecha.jpg?fit=880%2C512&ssl=1&resize=350%2C200","width":350,"height":200,"srcset":"https:\/\/i0.wp.com\/larevistadigital.com.ar\/blog\/wp-content\/uploads\/20220630150152_moyano-bornoroni-confederacion-entidades-hidrocarburos-cecha.jpg?fit=880%2C512&ssl=1&resize=350%2C200 1x, https:\/\/i0.wp.com\/larevistadigital.com.ar\/blog\/wp-content\/uploads\/20220630150152_moyano-bornoroni-confederacion-entidades-hidrocarburos-cecha.jpg?fit=880%2C512&ssl=1&resize=525%2C300 1.5x, https:\/\/i0.wp.com\/larevistadigital.com.ar\/blog\/wp-content\/uploads\/20220630150152_moyano-bornoroni-confederacion-entidades-hidrocarburos-cecha.jpg?fit=880%2C512&ssl=1&resize=700%2C400 2x"},"classes":[]},{"id":30604,"url":"https:\/\/larevistadigital.com.ar\/blog\/accidente-fatal-en-la-ruta-88-murio-una-mujer-en-accidente-entre-camion-y-auto\/","url_meta":{"origin":26172,"position":4},"title":"ACCIDENTE FATAL EN LA RUTA 88: MURI\u00d3 UNA MUJER EN ACCIDENTE ENTRE CAMI\u00d3N Y AUTO","author":"Alejandro Sosa Ruda","date":"15 marzo, 2023","format":false,"excerpt":"La mujer ten\u00eda 69 a\u00f1os, y el camionero sali\u00f3 ileso. Sucedi\u00f3 en el km. 106 de la ruta que une Mar del Plata con Necochea. 15 de marzo de 2023 QUEQUEN -\u00a0 Ayer por la tarde, sucedi\u00f3 un grave accidente entre un autom\u00f3vil y un cami\u00f3n Dimex con acoplado y\u2026","rel":"","context":"En \u00abPOLICIALES\u00bb","block_context":{"text":"POLICIALES","link":"https:\/\/larevistadigital.com.ar\/blog\/category\/policiales\/"},"img":{"alt_text":"","src":"https:\/\/i0.wp.com\/larevistadigital.com.ar\/blog\/wp-content\/uploads\/0bea1e187568c0af4b2b76bab0b7884af95d3bd7.jpg?fit=1140%2C605&ssl=1&resize=350%2C200","width":350,"height":200,"srcset":"https:\/\/i0.wp.com\/larevistadigital.com.ar\/blog\/wp-content\/uploads\/0bea1e187568c0af4b2b76bab0b7884af95d3bd7.jpg?fit=1140%2C605&ssl=1&resize=350%2C200 1x, https:\/\/i0.wp.com\/larevistadigital.com.ar\/blog\/wp-content\/uploads\/0bea1e187568c0af4b2b76bab0b7884af95d3bd7.jpg?fit=1140%2C605&ssl=1&resize=525%2C300 1.5x, https:\/\/i0.wp.com\/larevistadigital.com.ar\/blog\/wp-content\/uploads\/0bea1e187568c0af4b2b76bab0b7884af95d3bd7.jpg?fit=1140%2C605&ssl=1&resize=700%2C400 2x, https:\/\/i0.wp.com\/larevistadigital.com.ar\/blog\/wp-content\/uploads\/0bea1e187568c0af4b2b76bab0b7884af95d3bd7.jpg?fit=1140%2C605&ssl=1&resize=1050%2C600 3x"},"classes":[]},{"id":41501,"url":"https:\/\/larevistadigital.com.ar\/blog\/necochea-tragedia-en-la-ruta-228-un-camionero-murio-al-colisionar-con-el-vehiculo-que-manejaba-su-hermano\/","url_meta":{"origin":26172,"position":5},"title":"Necochea: Tragedia en la Ruta 228: un camionero muri\u00f3 al colisionar con el veh\u00edculo que manejaba su hermano","author":"Alejandro Sosa Ruda","date":"18 septiembre, 2025","format":false,"excerpt":"Un grave accidente ocurrido en la madrugada del mi\u00e9rcoles 27 de agosto sobre la Ruta Nacional 228, a pocos kil\u00f3metros de Necochea, dej\u00f3 como saldo la muerte de Jonatan Emanuel Roda, de 33 a\u00f1os, oriundo de Oriente. El joven transportista perdi\u00f3 la vida en un choque m\u00faltiple que, de manera\u2026","rel":"","context":"En \u00abPOLICIALES\u00bb","block_context":{"text":"POLICIALES","link":"https:\/\/larevistadigital.com.ar\/blog\/category\/policiales\/"},"img":{"alt_text":"","src":"https:\/\/i0.wp.com\/larevistadigital.com.ar\/blog\/wp-content\/uploads\/20250918103212_tragedia-ruta-228-camion-hermano-choque.jpg?fit=880%2C512&ssl=1&resize=350%2C200","width":350,"height":200,"srcset":"https:\/\/i0.wp.com\/larevistadigital.com.ar\/blog\/wp-content\/uploads\/20250918103212_tragedia-ruta-228-camion-hermano-choque.jpg?fit=880%2C512&ssl=1&resize=350%2C200 1x, https:\/\/i0.wp.com\/larevistadigital.com.ar\/blog\/wp-content\/uploads\/20250918103212_tragedia-ruta-228-camion-hermano-choque.jpg?fit=880%2C512&ssl=1&resize=525%2C300 1.5x, https:\/\/i0.wp.com\/larevistadigital.com.ar\/blog\/wp-content\/uploads\/20250918103212_tragedia-ruta-228-camion-hermano-choque.jpg?fit=880%2C512&ssl=1&resize=700%2C400 2x"},"classes":[]}],"_links":{"self":[{"href":"https:\/\/larevistadigital.com.ar\/blog\/wp-json\/wp\/v2\/posts\/26172","targetHints":{"allow":["GET"]}}],"collection":[{"href":"https:\/\/larevistadigital.com.ar\/blog\/wp-json\/wp\/v2\/posts"}],"about":[{"href":"https:\/\/larevistadigital.com.ar\/blog\/wp-json\/wp\/v2\/types\/post"}],"author":[{"embeddable":true,"href":"https:\/\/larevistadigital.com.ar\/blog\/wp-json\/wp\/v2\/users\/3"}],"replies":[{"embeddable":true,"href":"https:\/\/larevistadigital.com.ar\/blog\/wp-json\/wp\/v2\/comments?post=26172"}],"version-history":[{"count":1,"href":"https:\/\/larevistadigital.com.ar\/blog\/wp-json\/wp\/v2\/posts\/26172\/revisions"}],"predecessor-version":[{"id":26174,"href":"https:\/\/larevistadigital.com.ar\/blog\/wp-json\/wp\/v2\/posts\/26172\/revisions\/26174"}],"wp:featuredmedia":[{"embeddable":true,"href":"https:\/\/larevistadigital.com.ar\/blog\/wp-json\/wp\/v2\/media\/26173"}],"wp:attachment":[{"href":"https:\/\/larevistadigital.com.ar\/blog\/wp-json\/wp\/v2\/media?parent=26172"}],"wp:term":[{"taxonomy":"category","embeddable":true,"href":"https:\/\/larevistadigital.com.ar\/blog\/wp-json\/wp\/v2\/categories?post=26172"},{"taxonomy":"post_tag","embeddable":true,"href":"https:\/\/larevistadigital.com.ar\/blog\/wp-json\/wp\/v2\/tags?post=26172"}],"curies":[{"name":"wp","href":"https:\/\/api.w.org\/{rel}","templated":true}]}}