{"id":26175,"date":"2022-06-28T19:35:16","date_gmt":"2022-06-28T19:35:16","guid":{"rendered":"https:\/\/larevistadigital.com.ar\/blog\/?p=26175"},"modified":"2022-06-28T19:35:16","modified_gmt":"2022-06-28T19:35:16","slug":"tres-aprehendidos-por-el-crimen-del-camionero-para-la-justicia-tuvieron-intencion-de-matar","status":"publish","type":"post","link":"https:\/\/larevistadigital.com.ar\/blog\/tres-aprehendidos-por-el-crimen-del-camionero-para-la-justicia-tuvieron-intencion-de-matar\/","title":{"rendered":"TRES APREHENDIDOS POR EL CRIMEN DEL CAMIONERO: PARA LA JUSTICIA TUVIERON INTENCI\u00d3N DE MATAR"},"content":{"rendered":"<h2>El hecho ocurri\u00f3 a cinco kil\u00f3metros de la ciudad de Daireaux, en el interior de la provincia de Buenos Aires. Se espera el resultado de la autopsia<\/h2>\n<p class=\"paragraph\">La investigaci\u00f3n por el crimen de\u00a0<b>Guillermo Andr\u00e9s Jara, el camionero de 45 a\u00f1os que muri\u00f3 ayer tras ser atacado a piedrazos cuando quiso eludir un piquete de transportistas <\/b>sobre la Ruta Provincial 65 por la falta de gasoil, comenz\u00f3 a dar sus primeros resultados.<\/p>\n<p class=\"paragraph\">Seg\u00fan confirm\u00f3 el portal<b> Infobae,<\/b>\u00a0fuentes judiciales con acceso al expediente,\u00a0<b>hay tres sospechosos que fueron aprehendidos por la Polic\u00eda Bonaerense<\/b>. Son\u00a0<b>H\u00e9ctor Fabi\u00e1n Paredes, Federico Javier Fern\u00e1ndez y Dar\u00edo Javier Mart\u00edn<\/b>, todos camioneros, oriundos de Daireaux -el ataque ocurri\u00f3 a cinco kil\u00f3metros del acceso a la ciudad- y registrados en el rubro de transporte de la AFIP, sin empleadores registrados a la fecha. Los tres<b>\u00a0se trasladaban en una camioneta Fiat Strada blanca<\/b>\u00a0que fue incautada.<\/p>\n<blockquote>\n<h3 class=\"paragraph\"><mark class=\"hl_yellow\"><b>Jara, que trabajaba para la empresa Transporte Segovia, tambi\u00e9n de General Rodr\u00edguez, hab\u00eda salido durante la ma\u00f1ana de esa localidad -en la que reside- para entregar una carga cuando fue sorprendido por la medida de fuerza<\/b><\/mark><b>.<\/b>\u00a0Seg\u00fan testigos, el conductor habr\u00eda querido evadir el piquete que se hab\u00eda formado en el ingreso a Daireaux,\u00a0<b>sin hacer caso a la orden de los transportistas de que detuviera la marcha<\/b>, y continu\u00f3 su camino en direcci\u00f3n a la localidad de Laguna Alsina.<\/h3>\n<\/blockquote>\n<p class=\"paragraph\">En ese momento habr\u00eda sido perseguido por tres manifestantes que se encontraban en el lugar, quienes a bordo de la camioneta Fiat,\u00a0<b>lo alcanzaron kil\u00f3metros m\u00e1s adelante y comenzaron a atacarlo con piedras, algunas de gran porte<\/b>. Seg\u00fan los primeros datos de la investigaci\u00f3n, uno de esos proyectiles rompi\u00f3 de frente el parabrisas del cami\u00f3n, impact\u00f3 en la cabeza de la v\u00edctima y le hizo perder el control.<\/p>\n<blockquote>\n<h3 class=\"paragraph\">Investigadores se\u00f1alaron que<b>\u00a0la autopsia finaliz\u00f3 esta madrugada<\/b>\u00a0y sus resultados todav\u00eda se desconocen. Sin embargo,\u00a0<i>La Br\u00fajula<\/i>\u00a0adelant\u00f3 en una publicaci\u00f3n de esta ma\u00f1ana que la muerte fue causada por un traumatismo de cr\u00e1neo, sin especificar si Jara muri\u00f3 por el piedrazo o por efecto del choque.\u00a0<mark class=\"hl_yellow\"><b>Por lo pronto, para la Justicia se trat\u00f3 de una \u201cacci\u00f3n homicida\u201d y ahora el fiscal que lleva adelante la investigaci\u00f3n, Fabio Arcomano, tiene 48 horas para indagar a los sospechosos<\/b><\/mark><b>.<\/b><\/h3>\n<\/blockquote>\n<p class=\"paragraph\">Seg\u00fan se puede ver en una imagen que circul\u00f3 en las redes sociales, el cami\u00f3n que conduc\u00eda Jara,\u00a0<b>padre de una hija de 18 a\u00f1os<\/b>, qued\u00f3 destruido a un costado de la ruta y con el agujero en el parabrisas. Al respecto, las fuentes judiciales remarcaron que el tama\u00f1o del orificio da cuenta de la violencia del impacto y de\u00a0<b>la intenci\u00f3n \u201chomicida\u201d de los agresores.<\/b><\/p>\n<blockquote>\n<h3 class=\"paragraph\">A los pocos minutos arribaron al lugar efectivos de la Polic\u00eda de la zona y Bomberos Voluntarios de Daireux, quienes\u00a0<mark class=\"hl_yellow\"><b>rescataron al hombre que se encontraba inconsciente dentro del veh\u00edculo y lo trasladaron al Hospital Municipal Romanazzi<\/b>,<b>\u00a0donde poco despu\u00e9s falleci\u00f3.<\/b><\/mark><\/h3>\n<\/blockquote>\n<p class=\"paragraph\"><b>Infobae tambi\u00e9n contact\u00f3 a la empresa Transporte Segovia<\/b>, cuyo nombre est\u00e1 en la puerta del cami\u00f3n de la v\u00edctima. <strong>Mario Rub\u00e9n Segovia<\/strong> figura en registros previsionales como su empleador: una representante de la firma, visiblemente nerviosa ante el llamado,\u00a0<b>se neg\u00f3 a hacer declaraciones.<\/b><\/p>\n<p class=\"paragraph\"><span style=\"color: #ff0000\"><b>Las protestas por falta de gasoil<\/b><\/span><\/p>\n<p class=\"paragraph\">En los \u00faltimos d\u00edas se volvieron habituales las protestas de los transportistas, que llevan adelante un paro por tiempo indeterminado, en reclamo de un normal abastecimiento de combustible en medio del faltante a nivel nacional de este suministro: una encuesta de la Federaci\u00f3n Argentina de Entidades Empresarias del Autotransporte de Cargas (FADEEAC), que se realiz\u00f3 entre el 15 y 25 del presente mes, revel\u00f3 que<mark class=\"hl_yellow\"><b>\u00a0ya son 23 las provincias de la Argentina en los que el transporte de cargas registra dificultades para abastecerse de combustible<\/b><\/mark>.<\/p>\n<p class=\"paragraph\">Hoy hay\u00a0<b>16 provincias donde el suministro de combustible es nulo o caso nulo.\u00a0<\/b>Son Buenos Aires, CABA, Entre R\u00edos, Corrientes, Misiones, Santa Fe, C\u00f3rdoba, Tucum\u00e1n, Salta, Jujuy, Chaco, Formosa, San Juan, Mendoza, La Rioja y La Pampa. Adem\u00e1s, hay 4 provincias donde el suministro es de 20 litros por unidad: San Luis, Catamarca, Santiago del Estero, y Santa Cruz.<\/p>\n","protected":false},"excerpt":{"rendered":"<div class=\"mh-excerpt\"><p>El hecho ocurri\u00f3 a cinco kil\u00f3metros de la ciudad de Daireaux, en el interior de la provincia de Buenos Aires. Se espera el resultado de la autopsia La investigaci\u00f3n por el crimen de\u00a0Guillermo Andr\u00e9s Jara, <a class=\"mh-excerpt-more\" href=\"https:\/\/larevistadigital.com.ar\/blog\/tres-aprehendidos-por-el-crimen-del-camionero-para-la-justicia-tuvieron-intencion-de-matar\/\" title=\"TRES APREHENDIDOS POR EL CRIMEN DEL CAMIONERO: PARA LA JUSTICIA TUVIERON INTENCI\u00d3N DE MATAR\">[Leer M\u00e1s]<\/a><\/p>\n<\/div>","protected":false},"author":3,"featured_media":26176,"comment_status":"open","ping_status":"open","sticky":false,"template":"","format":"standard","meta":{"_jetpack_memberships_contains_paid_content":false,"footnotes":"","jetpack_publicize_message":"","jetpack_publicize_feature_enabled":true,"jetpack_social_post_already_shared":true,"jetpack_social_options":{"image_generator_settings":{"template":"highway","default_image_id":0,"font":"","enabled":false},"version":2}},"categories":[50,44],"tags":[],"class_list":{"0":"post-26175","1":"post","2":"type-post","3":"status-publish","4":"format-standard","5":"has-post-thumbnail","7":"category-interes-general","8":"category-policiales"},"jetpack_publicize_connections":[],"jetpack_featured_media_url":"https:\/\/i0.wp.com\/larevistadigital.com.ar\/blog\/wp-content\/uploads\/ASESINOS-DEL-CAMIONERO.png?fit=708%2C396&ssl=1","jetpack_sharing_enabled":true,"jetpack_shortlink":"https:\/\/wp.me\/p8qtrQ-6Ob","jetpack-related-posts":[{"id":26210,"url":"https:\/\/larevistadigital.com.ar\/blog\/coronel-dorrego-otro-camionero-atacado-por-eludir-el-piquete\/","url_meta":{"origin":26175,"position":0},"title":"CORONEL DORREGO: OTRO CAMIONERO ATACADO POR ELUDIR EL PIQUETE.","author":"Alejandro Sosa Ruda","date":"30 junio, 2022","format":false,"excerpt":"Mientras la justicia resuelve la causa por el camionero asesinado sobre la Ruta Provincial 65, a la altura de Daireaux, manifestantes del ret\u00e9n que se encuentra en el cruce de las rutas N\u00b03 y N\u00b0 72, a la altura de Coronel Dorrego, atacaron con neum\u00e1ticos a otro transportista cuando quiso\u2026","rel":"","context":"En \u00abINTERES GENERAL\u00bb","block_context":{"text":"INTERES GENERAL","link":"https:\/\/larevistadigital.com.ar\/blog\/category\/interes-general\/"},"img":{"alt_text":"","src":"https:\/\/i0.wp.com\/larevistadigital.com.ar\/blog\/wp-content\/uploads\/20220630172420_camionataque-dorrego.jpg?fit=880%2C512&ssl=1&resize=350%2C200","width":350,"height":200,"srcset":"https:\/\/i0.wp.com\/larevistadigital.com.ar\/blog\/wp-content\/uploads\/20220630172420_camionataque-dorrego.jpg?fit=880%2C512&ssl=1&resize=350%2C200 1x, https:\/\/i0.wp.com\/larevistadigital.com.ar\/blog\/wp-content\/uploads\/20220630172420_camionataque-dorrego.jpg?fit=880%2C512&ssl=1&resize=525%2C300 1.5x, https:\/\/i0.wp.com\/larevistadigital.com.ar\/blog\/wp-content\/uploads\/20220630172420_camionataque-dorrego.jpg?fit=880%2C512&ssl=1&resize=700%2C400 2x"},"classes":[]},{"id":26172,"url":"https:\/\/larevistadigital.com.ar\/blog\/quiso-esquivar-un-piquete-lo-persiguieron-le-tiraron-un-piedrazo-que-lo-noqueo-y-murio-cuando-volco-su-camion\/","url_meta":{"origin":26175,"position":1},"title":"QUISO ESQUIVAR UN PIQUETE, LO PERSIGUIERON, LE TIRARON UN PIEDRAZO QUE LO NOQUE\u00d3 Y MURI\u00d3 CUANDO VOLC\u00d3 SU CAMI\u00d3N","author":"Alejandro Sosa Ruda","date":"28 junio, 2022","format":false,"excerpt":"La secuencia fue como se describe en el t\u00edtulo, y produce impotencia e indignaci\u00f3n. Parece que la clase pol\u00edtica no reacciona y la sociedad tampoco ante estos hechos que son inaceptables. El hombre fue literalmente asesinado. Fue en el marco de la protesta por la falta de gasoil. Un camionero\u2026","rel":"","context":"En \u00abPOLICIALES\u00bb","block_context":{"text":"POLICIALES","link":"https:\/\/larevistadigital.com.ar\/blog\/category\/policiales\/"},"img":{"alt_text":"","src":"https:\/\/i0.wp.com\/larevistadigital.com.ar\/blog\/wp-content\/uploads\/CAMIONERO-MUERTO.png?fit=707%2C395&ssl=1&resize=350%2C200","width":350,"height":200,"srcset":"https:\/\/i0.wp.com\/larevistadigital.com.ar\/blog\/wp-content\/uploads\/CAMIONERO-MUERTO.png?fit=707%2C395&ssl=1&resize=350%2C200 1x, https:\/\/i0.wp.com\/larevistadigital.com.ar\/blog\/wp-content\/uploads\/CAMIONERO-MUERTO.png?fit=707%2C395&ssl=1&resize=525%2C300 1.5x, https:\/\/i0.wp.com\/larevistadigital.com.ar\/blog\/wp-content\/uploads\/CAMIONERO-MUERTO.png?fit=707%2C395&ssl=1&resize=700%2C400 2x"},"classes":[]},{"id":41501,"url":"https:\/\/larevistadigital.com.ar\/blog\/necochea-tragedia-en-la-ruta-228-un-camionero-murio-al-colisionar-con-el-vehiculo-que-manejaba-su-hermano\/","url_meta":{"origin":26175,"position":2},"title":"Necochea: Tragedia en la Ruta 228: un camionero muri\u00f3 al colisionar con el veh\u00edculo que manejaba su hermano","author":"Alejandro Sosa Ruda","date":"18 septiembre, 2025","format":false,"excerpt":"Un grave accidente ocurrido en la madrugada del mi\u00e9rcoles 27 de agosto sobre la Ruta Nacional 228, a pocos kil\u00f3metros de Necochea, dej\u00f3 como saldo la muerte de Jonatan Emanuel Roda, de 33 a\u00f1os, oriundo de Oriente. El joven transportista perdi\u00f3 la vida en un choque m\u00faltiple que, de manera\u2026","rel":"","context":"En \u00abPOLICIALES\u00bb","block_context":{"text":"POLICIALES","link":"https:\/\/larevistadigital.com.ar\/blog\/category\/policiales\/"},"img":{"alt_text":"","src":"https:\/\/i0.wp.com\/larevistadigital.com.ar\/blog\/wp-content\/uploads\/20250918103212_tragedia-ruta-228-camion-hermano-choque.jpg?fit=880%2C512&ssl=1&resize=350%2C200","width":350,"height":200,"srcset":"https:\/\/i0.wp.com\/larevistadigital.com.ar\/blog\/wp-content\/uploads\/20250918103212_tragedia-ruta-228-camion-hermano-choque.jpg?fit=880%2C512&ssl=1&resize=350%2C200 1x, https:\/\/i0.wp.com\/larevistadigital.com.ar\/blog\/wp-content\/uploads\/20250918103212_tragedia-ruta-228-camion-hermano-choque.jpg?fit=880%2C512&ssl=1&resize=525%2C300 1.5x, https:\/\/i0.wp.com\/larevistadigital.com.ar\/blog\/wp-content\/uploads\/20250918103212_tragedia-ruta-228-camion-hermano-choque.jpg?fit=880%2C512&ssl=1&resize=700%2C400 2x"},"classes":[]},{"id":21225,"url":"https:\/\/larevistadigital.com.ar\/blog\/comerciante-de-chascomus-fallece-en-accidente-ocurrido-en-la-ruta-228\/","url_meta":{"origin":26175,"position":3},"title":"COMERCIANTE DE CHASCOM\u00daS, FALLECE EN ACCIDENTE OCURRIDO EN LA RUTA 228","author":"Alejandro Sosa Ruda","date":"22 julio, 2021","format":false,"excerpt":"Lamentablemente se tomo conocimiento a trav\u00e9s del sitio \"necocheadigital.com\" que un comerciante de la ciudad de Chascom\u00fas, perdi\u00f3 la vida tr\u00e1gicamente anoche durante un accidente de tr\u00e1nsito acontecido en los primeros kil\u00f3metros de la ruta nacional 228 en el tramo Necochea \u2013 Energ\u00eda. Seg\u00fan coment\u00f3 el director general de Defensa\u2026","rel":"","context":"En \u00abINTERES GENERAL\u00bb","block_context":{"text":"INTERES GENERAL","link":"https:\/\/larevistadigital.com.ar\/blog\/category\/interes-general\/"},"img":{"alt_text":"","src":"https:\/\/i0.wp.com\/larevistadigital.com.ar\/blog\/wp-content\/uploads\/Captura-de-pantalla-2021-07-22-115441.png?fit=781%2C760&ssl=1&resize=350%2C200","width":350,"height":200,"srcset":"https:\/\/i0.wp.com\/larevistadigital.com.ar\/blog\/wp-content\/uploads\/Captura-de-pantalla-2021-07-22-115441.png?fit=781%2C760&ssl=1&resize=350%2C200 1x, https:\/\/i0.wp.com\/larevistadigital.com.ar\/blog\/wp-content\/uploads\/Captura-de-pantalla-2021-07-22-115441.png?fit=781%2C760&ssl=1&resize=525%2C300 1.5x, https:\/\/i0.wp.com\/larevistadigital.com.ar\/blog\/wp-content\/uploads\/Captura-de-pantalla-2021-07-22-115441.png?fit=781%2C760&ssl=1&resize=700%2C400 2x"},"classes":[]},{"id":15937,"url":"https:\/\/larevistadigital.com.ar\/blog\/tenso-operativo-en-ensenada-ocho-detenidos-y-cuatro-policias-lesionados\/","url_meta":{"origin":26175,"position":4},"title":"TENSO OPERATIVO EN ENSENADA: OCHO DETENIDOS Y CUATRO POLIC\u00cdAS LESIONADOS","author":"Alejandro Sosa Ruda","date":"11 agosto, 2020","format":false,"excerpt":"Ocurri\u00f3 en el Barrio Federal. Un reclamo de justicia por un crimen deriv\u00f3 en un intento de usurpaci\u00f3n de una vivienda. Hubo una confrontaci\u00f3n a piedrazos y con postas de gomas Momentos de suma tensi\u00f3n se vivieron este fin de semana en el Barrio Federal de Ensenada cuando un reclamo\u2026","rel":"","context":"En \u00abPOLICIALES\u00bb","block_context":{"text":"POLICIALES","link":"https:\/\/larevistadigital.com.ar\/blog\/category\/policiales\/"},"img":{"alt_text":"","src":"https:\/\/i0.wp.com\/larevistadigital.com.ar\/blog\/wp-content\/uploads\/20200810195445_aaa.jpg?fit=887%2C554&ssl=1&resize=350%2C200","width":350,"height":200,"srcset":"https:\/\/i0.wp.com\/larevistadigital.com.ar\/blog\/wp-content\/uploads\/20200810195445_aaa.jpg?fit=887%2C554&ssl=1&resize=350%2C200 1x, https:\/\/i0.wp.com\/larevistadigital.com.ar\/blog\/wp-content\/uploads\/20200810195445_aaa.jpg?fit=887%2C554&ssl=1&resize=525%2C300 1.5x, https:\/\/i0.wp.com\/larevistadigital.com.ar\/blog\/wp-content\/uploads\/20200810195445_aaa.jpg?fit=887%2C554&ssl=1&resize=700%2C400 2x"},"classes":[]},{"id":28591,"url":"https:\/\/larevistadigital.com.ar\/blog\/zarate-cinco-heridos-en-un-choque-en-la-ruta-nacional-12\/","url_meta":{"origin":26175,"position":5},"title":"ZARATE: CINCO HERIDOS EN UN CHOQUE EN LA RUTA NACIONAL 12","author":"Alejandro Sosa Ruda","date":"25 octubre, 2022","format":false,"excerpt":"Ocurri\u00f3 cuando un micro de larga distancia, un cami\u00f3n y una camioneta chocaron en cadena. El siniestro se dio en inmediaciones de Isla Talavera, en la zona del delta bonaerense. Personal de seguridad vial y Gendarmer\u00eda Nacional facilitaron las tareas de asistencia y posterior remoci\u00f3n de los veh\u00edculos siniestrados. 25\u2026","rel":"","context":"En \u00abPOLITICA\u00bb","block_context":{"text":"POLITICA","link":"https:\/\/larevistadigital.com.ar\/blog\/category\/politica\/"},"img":{"alt_text":"","src":"https:\/\/i0.wp.com\/larevistadigital.com.ar\/blog\/wp-content\/uploads\/20221024183402_choque.jpg?fit=880%2C512&ssl=1&resize=350%2C200","width":350,"height":200,"srcset":"https:\/\/i0.wp.com\/larevistadigital.com.ar\/blog\/wp-content\/uploads\/20221024183402_choque.jpg?fit=880%2C512&ssl=1&resize=350%2C200 1x, https:\/\/i0.wp.com\/larevistadigital.com.ar\/blog\/wp-content\/uploads\/20221024183402_choque.jpg?fit=880%2C512&ssl=1&resize=525%2C300 1.5x, https:\/\/i0.wp.com\/larevistadigital.com.ar\/blog\/wp-content\/uploads\/20221024183402_choque.jpg?fit=880%2C512&ssl=1&resize=700%2C400 2x"},"classes":[]}],"_links":{"self":[{"href":"https:\/\/larevistadigital.com.ar\/blog\/wp-json\/wp\/v2\/posts\/26175","targetHints":{"allow":["GET"]}}],"collection":[{"href":"https:\/\/larevistadigital.com.ar\/blog\/wp-json\/wp\/v2\/posts"}],"about":[{"href":"https:\/\/larevistadigital.com.ar\/blog\/wp-json\/wp\/v2\/types\/post"}],"author":[{"embeddable":true,"href":"https:\/\/larevistadigital.com.ar\/blog\/wp-json\/wp\/v2\/users\/3"}],"replies":[{"embeddable":true,"href":"https:\/\/larevistadigital.com.ar\/blog\/wp-json\/wp\/v2\/comments?post=26175"}],"version-history":[{"count":1,"href":"https:\/\/larevistadigital.com.ar\/blog\/wp-json\/wp\/v2\/posts\/26175\/revisions"}],"predecessor-version":[{"id":26177,"href":"https:\/\/larevistadigital.com.ar\/blog\/wp-json\/wp\/v2\/posts\/26175\/revisions\/26177"}],"wp:featuredmedia":[{"embeddable":true,"href":"https:\/\/larevistadigital.com.ar\/blog\/wp-json\/wp\/v2\/media\/26176"}],"wp:attachment":[{"href":"https:\/\/larevistadigital.com.ar\/blog\/wp-json\/wp\/v2\/media?parent=26175"}],"wp:term":[{"taxonomy":"category","embeddable":true,"href":"https:\/\/larevistadigital.com.ar\/blog\/wp-json\/wp\/v2\/categories?post=26175"},{"taxonomy":"post_tag","embeddable":true,"href":"https:\/\/larevistadigital.com.ar\/blog\/wp-json\/wp\/v2\/tags?post=26175"}],"curies":[{"name":"wp","href":"https:\/\/api.w.org\/{rel}","templated":true}]}}