{"id":26178,"date":"2022-06-28T20:04:29","date_gmt":"2022-06-28T20:04:29","guid":{"rendered":"https:\/\/larevistadigital.com.ar\/blog\/?p=26178"},"modified":"2022-06-28T20:04:29","modified_gmt":"2022-06-28T20:04:29","slug":"san-clemente-conductor-alcoholizado-atropello-a-dos-adolescentes","status":"publish","type":"post","link":"https:\/\/larevistadigital.com.ar\/blog\/san-clemente-conductor-alcoholizado-atropello-a-dos-adolescentes\/","title":{"rendered":"SAN CLEMENTE: CONDUCTOR ALCOHOLIZADO ATROPELL\u00d3 A DOS ADOLESCENTES"},"content":{"rendered":"<h2 class=\"nota__hero__summary\">Como consecuencia del impacto, una menor de 15 a\u00f1os debi\u00f3 ser trasladada a un hospital de la ciudad de La Plata.<\/h2>\n<p><strong>SAN CLEMENTE &#8211;<\/strong>\u00a0 Dos adolescentes de <strong>15 y 16 a\u00f1os<\/strong>\u00a0resultaron heridos al ser atropellados, en la localidad de\u00a0<strong>San Clemente del Tuy\u00fa,<\/strong>\u00a0por un hombre que manejaba\u00a0<strong>en estado de ebriedad<\/strong>.<\/p>\n<p>El siniestro se produjo en\u00a0<strong>Avenida XII entre las calles 78 y 79<\/strong>, cuando el conductor de un veh\u00edculo\u00a0<strong>Renault Kangoo<\/strong>\u00a0color blanca, completamente ebrio,\u00a0<strong>embisti\u00f3 a una pareja de j\u00f3venes<\/strong>\u00a0que circulaban a pie.<\/p>\n<blockquote>\n<h3>Seg\u00fan inform\u00f3 el portal Faro Noticias, como consecuencia del choque\u00a0<strong>la joven sufri\u00f3 lesiones de gravedad por lo que debi\u00f3 ser trasladada<\/strong>\u00a0al Policl\u00ednico General San Martin de la ciudad de La Plata, en estado delicado, mientras que el chico que estaba con ella tuvo lesiones leves.<\/h3>\n<\/blockquote>\n<p>El conductor de la camionera, de 41 a\u00f1os es oriundo de La Matanza, y actualmente se encuentra aprehendido esperando cupo en unidad carcelaria, debido a que, al momento de la colisi\u00f3n,\u00a0<strong>pose\u00eda un nivel de 1.40 g\/l de alcohol en sangre<\/strong>.<\/p>\n<p>fuente entrel\u00edneas<\/p>\n","protected":false},"excerpt":{"rendered":"<div class=\"mh-excerpt\"><p>Como consecuencia del impacto, una menor de 15 a\u00f1os debi\u00f3 ser trasladada a un hospital de la ciudad de La Plata. SAN CLEMENTE &#8211;\u00a0 Dos adolescentes de 15 y 16 a\u00f1os\u00a0resultaron heridos al ser atropellados, <a class=\"mh-excerpt-more\" href=\"https:\/\/larevistadigital.com.ar\/blog\/san-clemente-conductor-alcoholizado-atropello-a-dos-adolescentes\/\" title=\"SAN CLEMENTE: CONDUCTOR ALCOHOLIZADO ATROPELL\u00d3 A DOS ADOLESCENTES\">[Leer M\u00e1s]<\/a><\/p>\n<\/div>","protected":false},"author":3,"featured_media":26179,"comment_status":"open","ping_status":"open","sticky":false,"template":"","format":"standard","meta":{"_jetpack_memberships_contains_paid_content":false,"footnotes":"","jetpack_publicize_message":"","jetpack_publicize_feature_enabled":true,"jetpack_social_post_already_shared":true,"jetpack_social_options":{"image_generator_settings":{"template":"highway","default_image_id":0,"font":"","enabled":false},"version":2}},"categories":[44,51],"tags":[],"class_list":{"0":"post-26178","1":"post","2":"type-post","3":"status-publish","4":"format-standard","5":"has-post-thumbnail","7":"category-policiales","8":"category-regionales"},"jetpack_publicize_connections":[],"jetpack_featured_media_url":"https:\/\/i0.wp.com\/larevistadigital.com.ar\/blog\/wp-content\/uploads\/3e68d9e36bc02641b2fc069f2b0e99d522e111f0.jpg?fit=1140%2C844&ssl=1","jetpack_sharing_enabled":true,"jetpack_shortlink":"https:\/\/wp.me\/p8qtrQ-6Oe","jetpack-related-posts":[{"id":44537,"url":"https:\/\/larevistadigital.com.ar\/blog\/choque-contra-una-vaca-en-la-ruta-2-ocho-personas-involucradas-y-una-nina-hospitalizada\/","url_meta":{"origin":26178,"position":0},"title":"Choque contra una vaca en la Ruta 2: ocho personas involucradas y una ni\u00f1a hospitalizada","author":"Alejandro Sosa Ruda","date":"16 marzo, 2026","format":false,"excerpt":"El siniestro ocurri\u00f3 en el kil\u00f3metro 231, en jurisdicci\u00f3n de Dolores. Dos veh\u00edculos impactaron contra un animal que se encontraba sobre la calzada. 16 de Marzo de 2026 DOLORES -\u00a0 \u00a0Un siniestro vial se registr\u00f3 durante la madrugada en la Ruta Provincial 2, a la altura del kil\u00f3metro 231, dentro\u2026","rel":"","context":"En \u00abDOLORES\u00bb","block_context":{"text":"DOLORES","link":"https:\/\/larevistadigital.com.ar\/blog\/category\/dolores\/"},"img":{"alt_text":"","src":"https:\/\/i0.wp.com\/larevistadigital.com.ar\/blog\/wp-content\/uploads\/8f7ef8ee2bf9e3f20fdedec1779697add096fd42.jpeg?fit=1140%2C714&ssl=1&resize=350%2C200","width":350,"height":200,"srcset":"https:\/\/i0.wp.com\/larevistadigital.com.ar\/blog\/wp-content\/uploads\/8f7ef8ee2bf9e3f20fdedec1779697add096fd42.jpeg?fit=1140%2C714&ssl=1&resize=350%2C200 1x, https:\/\/i0.wp.com\/larevistadigital.com.ar\/blog\/wp-content\/uploads\/8f7ef8ee2bf9e3f20fdedec1779697add096fd42.jpeg?fit=1140%2C714&ssl=1&resize=525%2C300 1.5x, https:\/\/i0.wp.com\/larevistadigital.com.ar\/blog\/wp-content\/uploads\/8f7ef8ee2bf9e3f20fdedec1779697add096fd42.jpeg?fit=1140%2C714&ssl=1&resize=700%2C400 2x, https:\/\/i0.wp.com\/larevistadigital.com.ar\/blog\/wp-content\/uploads\/8f7ef8ee2bf9e3f20fdedec1779697add096fd42.jpeg?fit=1140%2C714&ssl=1&resize=1050%2C600 3x"},"classes":[]},{"id":44329,"url":"https:\/\/larevistadigital.com.ar\/blog\/una-bebe-de-un-ano-fue-atropellada-accidentalmente-por-un-familiar-en-miramar-y-esta-internada-en-grave-estado\/","url_meta":{"origin":26178,"position":1},"title":"Una beb\u00e9 de un a\u00f1o fue atropellada accidentalmente por un familiar en Miramar y est\u00e1 internada en grave estado","author":"Alejandro Sosa Ruda","date":"5 marzo, 2026","format":false,"excerpt":"La peque\u00f1a fue trasladada de urgencia al hospital de Mar del Plata. Permanece en terapia intensiva, con asistencia respiratoria y en coma, tras sufrir graves lesiones internas. 05 de marzo de 2026 MIRAMAR -\u00a0 \u00a0Una ni\u00f1a de un a\u00f1o de edad permanece internada en estado grave luego de haber sido\u2026","rel":"","context":"En \u00abPOLICIALES\u00bb","block_context":{"text":"POLICIALES","link":"https:\/\/larevistadigital.com.ar\/blog\/category\/policiales\/"},"img":{"alt_text":"","src":"https:\/\/i0.wp.com\/larevistadigital.com.ar\/blog\/wp-content\/uploads\/2fc992a88006e77a9857dc9c375597bc3822c16c.jpg?fit=1140%2C680&ssl=1&resize=350%2C200","width":350,"height":200,"srcset":"https:\/\/i0.wp.com\/larevistadigital.com.ar\/blog\/wp-content\/uploads\/2fc992a88006e77a9857dc9c375597bc3822c16c.jpg?fit=1140%2C680&ssl=1&resize=350%2C200 1x, https:\/\/i0.wp.com\/larevistadigital.com.ar\/blog\/wp-content\/uploads\/2fc992a88006e77a9857dc9c375597bc3822c16c.jpg?fit=1140%2C680&ssl=1&resize=525%2C300 1.5x, https:\/\/i0.wp.com\/larevistadigital.com.ar\/blog\/wp-content\/uploads\/2fc992a88006e77a9857dc9c375597bc3822c16c.jpg?fit=1140%2C680&ssl=1&resize=700%2C400 2x, https:\/\/i0.wp.com\/larevistadigital.com.ar\/blog\/wp-content\/uploads\/2fc992a88006e77a9857dc9c375597bc3822c16c.jpg?fit=1140%2C680&ssl=1&resize=1050%2C600 3x"},"classes":[]},{"id":21138,"url":"https:\/\/larevistadigital.com.ar\/blog\/mar-del-plata-atropello-a-un-motociclista-porque-lo-confundio-con-un-ladron\/","url_meta":{"origin":26178,"position":2},"title":"MAR DEL PLATA: ATROPELL\u00d3 A UN MOTOCICLISTA PORQUE LO CONFUNDI\u00d3 CON UN LADR\u00d3N","author":"Alejandro Sosa Ruda","date":"16 julio, 2021","format":false,"excerpt":"Sucedi\u00f3 esta madrugada en Faro Norte. Al conductor del rodado le formaron una causa por da\u00f1os y lesiones. Qued\u00f3 alojado en la Unidad Penal 44 de Bat\u00e1n. MAR DEL PLATA\u00a0 - Una persecuci\u00f3n de pel\u00edcula de un auto a una moto ante la sospecha que era el autor de un\u2026","rel":"","context":"En \u00abPOLICIALES\u00bb","block_context":{"text":"POLICIALES","link":"https:\/\/larevistadigital.com.ar\/blog\/category\/policiales\/"},"img":{"alt_text":"","src":"https:\/\/i0.wp.com\/larevistadigital.com.ar\/blog\/wp-content\/uploads\/ATROPELLO-A-MOTOQUERO.png?fit=1001%2C600&ssl=1&resize=350%2C200","width":350,"height":200,"srcset":"https:\/\/i0.wp.com\/larevistadigital.com.ar\/blog\/wp-content\/uploads\/ATROPELLO-A-MOTOQUERO.png?fit=1001%2C600&ssl=1&resize=350%2C200 1x, https:\/\/i0.wp.com\/larevistadigital.com.ar\/blog\/wp-content\/uploads\/ATROPELLO-A-MOTOQUERO.png?fit=1001%2C600&ssl=1&resize=525%2C300 1.5x, https:\/\/i0.wp.com\/larevistadigital.com.ar\/blog\/wp-content\/uploads\/ATROPELLO-A-MOTOQUERO.png?fit=1001%2C600&ssl=1&resize=700%2C400 2x"},"classes":[]},{"id":20313,"url":"https:\/\/larevistadigital.com.ar\/blog\/rauch-volco-un-auto-en-la-ruta-30-y-el-conductor-tenia-covid\/","url_meta":{"origin":26178,"position":3},"title":"RAUCH: VOLC\u00d3 UN AUTO EN LA RUTA 30 Y EL CONDUCTOR TEN\u00cdA COVID","author":"Alejandro Sosa Ruda","date":"17 mayo, 2021","format":false,"excerpt":"D\u00edas pasados un autom\u00f3vil Chevrolet Corsa dominio JQC 063 que viajaba por la Ruta 30, en direcci\u00f3n Rauch \u2013 Las Flores. Los dos ocupantes fueron trasladados al Hospital Municipal. Uno de ellos era COVID positivo. Tras ser asistidos por una unidad de Bomberos Voluntarios, la pareja que ocupaba el veh\u00edculo\u2026","rel":"","context":"En \u00abPOLICIALES\u00bb","block_context":{"text":"POLICIALES","link":"https:\/\/larevistadigital.com.ar\/blog\/category\/policiales\/"},"img":{"alt_text":"","src":"https:\/\/i0.wp.com\/larevistadigital.com.ar\/blog\/wp-content\/uploads\/vuelco-corsa-10-5-2021.jpg?fit=800%2C443&ssl=1&resize=350%2C200","width":350,"height":200,"srcset":"https:\/\/i0.wp.com\/larevistadigital.com.ar\/blog\/wp-content\/uploads\/vuelco-corsa-10-5-2021.jpg?fit=800%2C443&ssl=1&resize=350%2C200 1x, https:\/\/i0.wp.com\/larevistadigital.com.ar\/blog\/wp-content\/uploads\/vuelco-corsa-10-5-2021.jpg?fit=800%2C443&ssl=1&resize=525%2C300 1.5x, https:\/\/i0.wp.com\/larevistadigital.com.ar\/blog\/wp-content\/uploads\/vuelco-corsa-10-5-2021.jpg?fit=800%2C443&ssl=1&resize=700%2C400 2x"},"classes":[]},{"id":14527,"url":"https:\/\/larevistadigital.com.ar\/blog\/mar-del-plata-apunalan-a-un-cuidacoches-en-la-puerta-del-hospital-materno\/","url_meta":{"origin":26178,"position":4},"title":"MAR DEL PLATA: APU\u00d1ALAN A UN CUIDACOCHES EN LA PUERTA DEL HOSPITAL MATERNO","author":"Alejandro Sosa Ruda","date":"2 febrero, 2020","format":false,"excerpt":"Fue durante una pelea con otros hombres. La v\u00edctima recibi\u00f3 dos puntazos y fue trasladada al Hospital Interzonal General de Agudos: se encuentra en grave estado. Un cuidacoches de 20 a\u00f1os fue apu\u00f1alado este domingo a la tarde en las inmediaciones del Hospital Materno Infantil durante una violenta confrontaci\u00f3n con\u2026","rel":"","context":"En \u00abPOLICIALES\u00bb","block_context":{"text":"POLICIALES","link":"https:\/\/larevistadigital.com.ar\/blog\/category\/policiales\/"},"img":{"alt_text":"","src":"https:\/\/i0.wp.com\/larevistadigital.com.ar\/blog\/wp-content\/uploads\/Screenshot_3-39.jpg?fit=600%2C684&ssl=1&resize=350%2C200","width":350,"height":200,"srcset":"https:\/\/i0.wp.com\/larevistadigital.com.ar\/blog\/wp-content\/uploads\/Screenshot_3-39.jpg?fit=600%2C684&ssl=1&resize=350%2C200 1x, https:\/\/i0.wp.com\/larevistadigital.com.ar\/blog\/wp-content\/uploads\/Screenshot_3-39.jpg?fit=600%2C684&ssl=1&resize=525%2C300 1.5x"},"classes":[]},{"id":38676,"url":"https:\/\/larevistadigital.com.ar\/blog\/la-plata-muere-una-jubilada-en-un-impactante-accidente-vial\/","url_meta":{"origin":26178,"position":5},"title":"La Plata: Muere una jubilada en un impactante accidente vial","author":"Alejandro Sosa Ruda","date":"13 febrero, 2025","format":false,"excerpt":"La v\u00edctima falleci\u00f3 tras un choque en Ruta 215 y Ruta 6, a las afueras de La Plata. El veh\u00edculo impact\u00f3 contra una columna y dej\u00f3 a dos personas m\u00e1s heridas. 13 de Febrero de 2025 LA PLATA -\u00a0 Una mujer de 77 a\u00f1os falleci\u00f3 este mi\u00e9rcoles por la ma\u00f1ana\u2026","rel":"","context":"En \u00abPOLICIALES\u00bb","block_context":{"text":"POLICIALES","link":"https:\/\/larevistadigital.com.ar\/blog\/category\/policiales\/"},"img":{"alt_text":"","src":"https:\/\/i0.wp.com\/larevistadigital.com.ar\/blog\/wp-content\/uploads\/Captura-de-pantalla-2025-02-13-072421.jpg?fit=732%2C323&ssl=1&resize=350%2C200","width":350,"height":200,"srcset":"https:\/\/i0.wp.com\/larevistadigital.com.ar\/blog\/wp-content\/uploads\/Captura-de-pantalla-2025-02-13-072421.jpg?fit=732%2C323&ssl=1&resize=350%2C200 1x, https:\/\/i0.wp.com\/larevistadigital.com.ar\/blog\/wp-content\/uploads\/Captura-de-pantalla-2025-02-13-072421.jpg?fit=732%2C323&ssl=1&resize=525%2C300 1.5x, https:\/\/i0.wp.com\/larevistadigital.com.ar\/blog\/wp-content\/uploads\/Captura-de-pantalla-2025-02-13-072421.jpg?fit=732%2C323&ssl=1&resize=700%2C400 2x"},"classes":[]}],"_links":{"self":[{"href":"https:\/\/larevistadigital.com.ar\/blog\/wp-json\/wp\/v2\/posts\/26178","targetHints":{"allow":["GET"]}}],"collection":[{"href":"https:\/\/larevistadigital.com.ar\/blog\/wp-json\/wp\/v2\/posts"}],"about":[{"href":"https:\/\/larevistadigital.com.ar\/blog\/wp-json\/wp\/v2\/types\/post"}],"author":[{"embeddable":true,"href":"https:\/\/larevistadigital.com.ar\/blog\/wp-json\/wp\/v2\/users\/3"}],"replies":[{"embeddable":true,"href":"https:\/\/larevistadigital.com.ar\/blog\/wp-json\/wp\/v2\/comments?post=26178"}],"version-history":[{"count":2,"href":"https:\/\/larevistadigital.com.ar\/blog\/wp-json\/wp\/v2\/posts\/26178\/revisions"}],"predecessor-version":[{"id":26196,"href":"https:\/\/larevistadigital.com.ar\/blog\/wp-json\/wp\/v2\/posts\/26178\/revisions\/26196"}],"wp:featuredmedia":[{"embeddable":true,"href":"https:\/\/larevistadigital.com.ar\/blog\/wp-json\/wp\/v2\/media\/26179"}],"wp:attachment":[{"href":"https:\/\/larevistadigital.com.ar\/blog\/wp-json\/wp\/v2\/media?parent=26178"}],"wp:term":[{"taxonomy":"category","embeddable":true,"href":"https:\/\/larevistadigital.com.ar\/blog\/wp-json\/wp\/v2\/categories?post=26178"},{"taxonomy":"post_tag","embeddable":true,"href":"https:\/\/larevistadigital.com.ar\/blog\/wp-json\/wp\/v2\/tags?post=26178"}],"curies":[{"name":"wp","href":"https:\/\/api.w.org\/{rel}","templated":true}]}}