{"id":26181,"date":"2022-06-28T20:11:07","date_gmt":"2022-06-28T20:11:07","guid":{"rendered":"https:\/\/larevistadigital.com.ar\/blog\/?p=26181"},"modified":"2022-06-28T20:11:47","modified_gmt":"2022-06-28T20:11:47","slug":"mueren-dos-vecinos-de-gral-madariaga-en-un-accidente-en-la-ruta-74","status":"publish","type":"post","link":"https:\/\/larevistadigital.com.ar\/blog\/mueren-dos-vecinos-de-gral-madariaga-en-un-accidente-en-la-ruta-74\/","title":{"rendered":"MUEREN DOS VECINOS DE GRAL. MADARIAGA EN UN ACCIDENTE EN LA RUTA 74"},"content":{"rendered":"<h2 class=\"nota__hero__summary\">Las v\u00edctimas fueron un hombre de 74 a\u00f1os y su hija de 48. El choque fatal se produjo a la altura del kil\u00f3metro 19.<\/h2>\n<p>Dos vecinos de la ciudad de\u00a0<strong>General Madariaga<\/strong>\u00a0fallecieron este martes como consecuencia de un fuerte choque ocurrido en el\u00a0<strong>kil\u00f3metro 19 de la Ruta 74<\/strong>.<\/p>\n<p>El accidente se produjo a la altura de \u201cLos Horcones\u201d cuando, por causas que se tratan de establecer, una camioneta\u00a0<strong>Ford Ranger<\/strong>\u00a0choc\u00f3 con la parte trasera de otra camioneta marca\u00a0<strong>Fiat Strada<\/strong>.<\/p>\n<blockquote>\n<h3>Como consecuencia del fuerte impacto la Ford Ranger\u00a0<strong>termin\u00f3 volcando a un costado de la ruta<\/strong>, mientras que sus ocupantes habr\u00edan sido despedidos del veh\u00edculo y fallecieron en el acto.<\/h3>\n<\/blockquote>\n<p>En tanto, la camioneta Fiat Strada -que fue golpeada en la parte trasera-\u00a0<strong>sali\u00f3 del camino y sus ocupantes sufrieron diversas heridas\u00a0<\/strong>por lo que debieron ser trasladados al hospital de General Madariaga.<\/p>\n<blockquote>\n<h3>Las v\u00edctimas fatales fueron\u00a0<strong>un hombre de 74 a\u00f1os y su hija de 48<\/strong>, ambos oriundos de General Madariaga.<\/h3>\n<\/blockquote>\n<p>En el lugar trabajaron Bomberos Voluntarios de General Madariaga, SAME, AUBASA y personal policial que resguard\u00f3 la escena a la espera de la Polic\u00eda Cient\u00edfica.<\/p>\n<p>fuente: entrel\u00edneas<\/p>\n","protected":false},"excerpt":{"rendered":"<div class=\"mh-excerpt\"><p>Las v\u00edctimas fueron un hombre de 74 a\u00f1os y su hija de 48. El choque fatal se produjo a la altura del kil\u00f3metro 19. Dos vecinos de la ciudad de\u00a0General Madariaga\u00a0fallecieron este martes como consecuencia <a class=\"mh-excerpt-more\" href=\"https:\/\/larevistadigital.com.ar\/blog\/mueren-dos-vecinos-de-gral-madariaga-en-un-accidente-en-la-ruta-74\/\" title=\"MUEREN DOS VECINOS DE GRAL. MADARIAGA EN UN ACCIDENTE EN LA RUTA 74\">[Leer M\u00e1s]<\/a><\/p>\n<\/div>","protected":false},"author":3,"featured_media":26182,"comment_status":"open","ping_status":"open","sticky":false,"template":"","format":"standard","meta":{"_jetpack_memberships_contains_paid_content":false,"footnotes":"","jetpack_publicize_message":"","jetpack_publicize_feature_enabled":true,"jetpack_social_post_already_shared":true,"jetpack_social_options":{"image_generator_settings":{"template":"highway","default_image_id":0,"font":"","enabled":false},"version":2}},"categories":[44,51],"tags":[],"class_list":{"0":"post-26181","1":"post","2":"type-post","3":"status-publish","4":"format-standard","5":"has-post-thumbnail","7":"category-policiales","8":"category-regionales"},"jetpack_publicize_connections":[],"jetpack_featured_media_url":"https:\/\/i0.wp.com\/larevistadigital.com.ar\/blog\/wp-content\/uploads\/bf32d54f8cc62cca02a0cf94446617d1dd33c0c5.jpg?fit=1140%2C781&ssl=1","jetpack_sharing_enabled":true,"jetpack_shortlink":"https:\/\/wp.me\/p8qtrQ-6Oh","jetpack-related-posts":[{"id":28207,"url":"https:\/\/larevistadigital.com.ar\/blog\/cnel-vidal-un-muerto-tras-choque-en-la-ruta-55\/","url_meta":{"origin":26181,"position":0},"title":"CNEL. VIDAL: UN MUERTO TRAS CHOQUE EN LA RUTA 55","author":"Alejandro Sosa Ruda","date":"2 octubre, 2022","format":false,"excerpt":"Fue entre una camioneta y un cami\u00f3n. Pudo ser como consecuencia de la gran niebla. 02 de Octubre de 2022 CORONEL VIDAL -\u00a0 El accidente sucedi\u00f3 durante la ma\u00f1ana de ayer, a la altura de Coronel Vidal en la\u00a0 ruta 55, donde un hombre de 65 a\u00f1os de edad, result\u00f3\u2026","rel":"","context":"En \u00abPOLICIALES\u00bb","block_context":{"text":"POLICIALES","link":"https:\/\/larevistadigital.com.ar\/blog\/category\/policiales\/"},"img":{"alt_text":"","src":"https:\/\/i0.wp.com\/larevistadigital.com.ar\/blog\/wp-content\/uploads\/f837c0c7427de0636a5e002abf5c8a555fa2a72a.jpg?fit=1140%2C641&ssl=1&resize=350%2C200","width":350,"height":200,"srcset":"https:\/\/i0.wp.com\/larevistadigital.com.ar\/blog\/wp-content\/uploads\/f837c0c7427de0636a5e002abf5c8a555fa2a72a.jpg?fit=1140%2C641&ssl=1&resize=350%2C200 1x, https:\/\/i0.wp.com\/larevistadigital.com.ar\/blog\/wp-content\/uploads\/f837c0c7427de0636a5e002abf5c8a555fa2a72a.jpg?fit=1140%2C641&ssl=1&resize=525%2C300 1.5x, https:\/\/i0.wp.com\/larevistadigital.com.ar\/blog\/wp-content\/uploads\/f837c0c7427de0636a5e002abf5c8a555fa2a72a.jpg?fit=1140%2C641&ssl=1&resize=700%2C400 2x, https:\/\/i0.wp.com\/larevistadigital.com.ar\/blog\/wp-content\/uploads\/f837c0c7427de0636a5e002abf5c8a555fa2a72a.jpg?fit=1140%2C641&ssl=1&resize=1050%2C600 3x"},"classes":[]},{"id":13108,"url":"https:\/\/larevistadigital.com.ar\/blog\/choque-frontal-con-dos-muertos-en-la-ruta-11\/","url_meta":{"origin":26181,"position":1},"title":"CHOQUE FRONTAL CON DOS MUERTOS EN LA RUTA 11","author":"Alejandro Sosa Ruda","date":"7 noviembre, 2019","format":false,"excerpt":"El accidente ocurri\u00f3 hace instantes a la altura de Mar de Cobo. El conductor de uno de los veh\u00edculos fue hospitalizado, mientras que los ocupantes del restante fallecieron en el lugar. Dos personas murieron esta ma\u00f1ana\u00a0al chocar dos veh\u00edculos de frente en la ruta 11. El accidente se registr\u00f3 alrededor\u2026","rel":"","context":"En \u00abDESTACADAS\u00bb","block_context":{"text":"DESTACADAS","link":"https:\/\/larevistadigital.com.ar\/blog\/category\/destacadas\/"},"img":{"alt_text":"","src":"https:\/\/i0.wp.com\/larevistadigital.com.ar\/blog\/wp-content\/uploads\/Screenshot_1-61.jpg?fit=1012%2C645&ssl=1&resize=350%2C200","width":350,"height":200,"srcset":"https:\/\/i0.wp.com\/larevistadigital.com.ar\/blog\/wp-content\/uploads\/Screenshot_1-61.jpg?fit=1012%2C645&ssl=1&resize=350%2C200 1x, https:\/\/i0.wp.com\/larevistadigital.com.ar\/blog\/wp-content\/uploads\/Screenshot_1-61.jpg?fit=1012%2C645&ssl=1&resize=525%2C300 1.5x, https:\/\/i0.wp.com\/larevistadigital.com.ar\/blog\/wp-content\/uploads\/Screenshot_1-61.jpg?fit=1012%2C645&ssl=1&resize=700%2C400 2x"},"classes":[]},{"id":19141,"url":"https:\/\/larevistadigital.com.ar\/blog\/ruta-2-accidente-a-la-altura-de-castelli-con-cinco-heridos\/","url_meta":{"origin":26181,"position":2},"title":"RUTA 2: ACCIDENTE A LA ALTURA DE CASTELLI CON CINCO HERIDOS","author":"Alejandro Sosa Ruda","date":"2 marzo, 2021","format":false,"excerpt":"El choque fue protagonizado por un cami\u00f3n y una camioneta. Los servicios de emergencia debieron asistir a los ocupantes de los veh\u00edculos. Un total de cinco personas resultaron heridas como consecuencia de un accidente de tr\u00e1nsito ocurrido en el kil\u00f3metro 193 de la Ruta 2, en jurisdicci\u00f3n del partido de\u2026","rel":"","context":"En \u00abINTERES GENERAL\u00bb","block_context":{"text":"INTERES GENERAL","link":"https:\/\/larevistadigital.com.ar\/blog\/category\/interes-general\/"},"img":{"alt_text":"","src":"https:\/\/i0.wp.com\/larevistadigital.com.ar\/blog\/wp-content\/uploads\/baddb3d915a1a844eab9dab86c67cb371d190bb7.jpg?fit=1140%2C699&ssl=1&resize=350%2C200","width":350,"height":200,"srcset":"https:\/\/i0.wp.com\/larevistadigital.com.ar\/blog\/wp-content\/uploads\/baddb3d915a1a844eab9dab86c67cb371d190bb7.jpg?fit=1140%2C699&ssl=1&resize=350%2C200 1x, https:\/\/i0.wp.com\/larevistadigital.com.ar\/blog\/wp-content\/uploads\/baddb3d915a1a844eab9dab86c67cb371d190bb7.jpg?fit=1140%2C699&ssl=1&resize=525%2C300 1.5x, https:\/\/i0.wp.com\/larevistadigital.com.ar\/blog\/wp-content\/uploads\/baddb3d915a1a844eab9dab86c67cb371d190bb7.jpg?fit=1140%2C699&ssl=1&resize=700%2C400 2x, https:\/\/i0.wp.com\/larevistadigital.com.ar\/blog\/wp-content\/uploads\/baddb3d915a1a844eab9dab86c67cb371d190bb7.jpg?fit=1140%2C699&ssl=1&resize=1050%2C600 3x"},"classes":[]},{"id":10334,"url":"https:\/\/larevistadigital.com.ar\/blog\/10334-2\/","url_meta":{"origin":26181,"position":3},"title":"FUERTE CHOQUE EN LA RUTA 29","author":"Alejandro Sosa Ruda","date":"29 mayo, 2019","format":false,"excerpt":"En la ma\u00f1ana de ayer, se produjo un fuerte choque entre un auto y una camioneta en ruta 29 a la altura del kil\u00f3metro 3. Seg\u00fan supo DLN, el conductor de la camioneta Ford Ranger que circulaba en sentido Brandsen- Jeppener, se cruz\u00f3 de carril para doblar hacia el Feedlot,\u2026","rel":"","context":"En \u00abPOLICIALES\u00bb","block_context":{"text":"POLICIALES","link":"https:\/\/larevistadigital.com.ar\/blog\/category\/policiales\/"},"img":{"alt_text":"","src":"https:\/\/i0.wp.com\/larevistadigital.com.ar\/blog\/wp-content\/uploads\/2019\/05\/Screenshot_2-9.jpg?fit=857%2C559&ssl=1&resize=350%2C200","width":350,"height":200,"srcset":"https:\/\/i0.wp.com\/larevistadigital.com.ar\/blog\/wp-content\/uploads\/2019\/05\/Screenshot_2-9.jpg?fit=857%2C559&ssl=1&resize=350%2C200 1x, https:\/\/i0.wp.com\/larevistadigital.com.ar\/blog\/wp-content\/uploads\/2019\/05\/Screenshot_2-9.jpg?fit=857%2C559&ssl=1&resize=525%2C300 1.5x, https:\/\/i0.wp.com\/larevistadigital.com.ar\/blog\/wp-content\/uploads\/2019\/05\/Screenshot_2-9.jpg?fit=857%2C559&ssl=1&resize=700%2C400 2x"},"classes":[]},{"id":23884,"url":"https:\/\/larevistadigital.com.ar\/blog\/dolores-camioneta-embistio-un-caballo-en-la-ruta-63\/","url_meta":{"origin":26181,"position":4},"title":"DOLORES: CAMIONETA EMBISTI\u00d3 UN CABALLO EN LA RUTA 63","author":"Alejandro Sosa Ruda","date":"7 febrero, 2022","format":false,"excerpt":"Por el fuerte impacto el animal muri\u00f3 de manera instant\u00e1nea. DOLORES -\u00a0 Durante la noche del viernes, se produjo un fuerte accidente de tr\u00e1nsito en el kil\u00f3metro 2,5 de la Ruta 63, en jurisdicci\u00f3n de la localidad de Dolores. Una camioneta Ford Ranger atropell\u00f3 a un caballo, que se encontraba\u2026","rel":"","context":"En \u00abDOLORES\u00bb","block_context":{"text":"DOLORES","link":"https:\/\/larevistadigital.com.ar\/blog\/category\/dolores\/"},"img":{"alt_text":"","src":"https:\/\/i0.wp.com\/larevistadigital.com.ar\/blog\/wp-content\/uploads\/6235cc37b870ce64264af9425857c2caf56e684c.jpg?fit=1140%2C641&ssl=1&resize=350%2C200","width":350,"height":200,"srcset":"https:\/\/i0.wp.com\/larevistadigital.com.ar\/blog\/wp-content\/uploads\/6235cc37b870ce64264af9425857c2caf56e684c.jpg?fit=1140%2C641&ssl=1&resize=350%2C200 1x, https:\/\/i0.wp.com\/larevistadigital.com.ar\/blog\/wp-content\/uploads\/6235cc37b870ce64264af9425857c2caf56e684c.jpg?fit=1140%2C641&ssl=1&resize=525%2C300 1.5x, https:\/\/i0.wp.com\/larevistadigital.com.ar\/blog\/wp-content\/uploads\/6235cc37b870ce64264af9425857c2caf56e684c.jpg?fit=1140%2C641&ssl=1&resize=700%2C400 2x, https:\/\/i0.wp.com\/larevistadigital.com.ar\/blog\/wp-content\/uploads\/6235cc37b870ce64264af9425857c2caf56e684c.jpg?fit=1140%2C641&ssl=1&resize=1050%2C600 3x"},"classes":[]},{"id":36997,"url":"https:\/\/larevistadigital.com.ar\/blog\/gral-madariaga-vuelco-en-la-ruta-74-con-el-saldo-de-tres-heridos\/","url_meta":{"origin":26181,"position":5},"title":"GRAL. MADARIAGA: VUELCO EN LA RUTA 74 CON EL SALDO DE TRES HERIDOS","author":"Alejandro Sosa Ruda","date":"18 agosto, 2024","format":false,"excerpt":"18 de Agosto de 2024 GENERAL MADARIAGA -\u00a0 Un accidente de tr\u00e1nsito se produjo a la altura de la\u00a0 Curva de \"La Salada\", en la Ruta 74, en jurisdicci\u00f3n de General Madariaga. Como consecuencia del mismo, volc\u00f3 un veh\u00edculo con 5 ocupantes, 3 de ellos trasladados para mejor atenci\u00f3n al\u2026","rel":"","context":"En \u00abSin categor\u00eda\u00bb","block_context":{"text":"Sin categor\u00eda","link":"https:\/\/larevistadigital.com.ar\/blog\/category\/sin-categoria\/"},"img":{"alt_text":"","src":"https:\/\/i0.wp.com\/larevistadigital.com.ar\/blog\/wp-content\/uploads\/be8ef5ef8be17014f14e8ee32c204d2a4f3d486e.jpg?fit=1140%2C855&ssl=1&resize=350%2C200","width":350,"height":200,"srcset":"https:\/\/i0.wp.com\/larevistadigital.com.ar\/blog\/wp-content\/uploads\/be8ef5ef8be17014f14e8ee32c204d2a4f3d486e.jpg?fit=1140%2C855&ssl=1&resize=350%2C200 1x, https:\/\/i0.wp.com\/larevistadigital.com.ar\/blog\/wp-content\/uploads\/be8ef5ef8be17014f14e8ee32c204d2a4f3d486e.jpg?fit=1140%2C855&ssl=1&resize=525%2C300 1.5x, https:\/\/i0.wp.com\/larevistadigital.com.ar\/blog\/wp-content\/uploads\/be8ef5ef8be17014f14e8ee32c204d2a4f3d486e.jpg?fit=1140%2C855&ssl=1&resize=700%2C400 2x, https:\/\/i0.wp.com\/larevistadigital.com.ar\/blog\/wp-content\/uploads\/be8ef5ef8be17014f14e8ee32c204d2a4f3d486e.jpg?fit=1140%2C855&ssl=1&resize=1050%2C600 3x"},"classes":[]}],"_links":{"self":[{"href":"https:\/\/larevistadigital.com.ar\/blog\/wp-json\/wp\/v2\/posts\/26181","targetHints":{"allow":["GET"]}}],"collection":[{"href":"https:\/\/larevistadigital.com.ar\/blog\/wp-json\/wp\/v2\/posts"}],"about":[{"href":"https:\/\/larevistadigital.com.ar\/blog\/wp-json\/wp\/v2\/types\/post"}],"author":[{"embeddable":true,"href":"https:\/\/larevistadigital.com.ar\/blog\/wp-json\/wp\/v2\/users\/3"}],"replies":[{"embeddable":true,"href":"https:\/\/larevistadigital.com.ar\/blog\/wp-json\/wp\/v2\/comments?post=26181"}],"version-history":[{"count":2,"href":"https:\/\/larevistadigital.com.ar\/blog\/wp-json\/wp\/v2\/posts\/26181\/revisions"}],"predecessor-version":[{"id":26184,"href":"https:\/\/larevistadigital.com.ar\/blog\/wp-json\/wp\/v2\/posts\/26181\/revisions\/26184"}],"wp:featuredmedia":[{"embeddable":true,"href":"https:\/\/larevistadigital.com.ar\/blog\/wp-json\/wp\/v2\/media\/26182"}],"wp:attachment":[{"href":"https:\/\/larevistadigital.com.ar\/blog\/wp-json\/wp\/v2\/media?parent=26181"}],"wp:term":[{"taxonomy":"category","embeddable":true,"href":"https:\/\/larevistadigital.com.ar\/blog\/wp-json\/wp\/v2\/categories?post=26181"},{"taxonomy":"post_tag","embeddable":true,"href":"https:\/\/larevistadigital.com.ar\/blog\/wp-json\/wp\/v2\/tags?post=26181"}],"curies":[{"name":"wp","href":"https:\/\/api.w.org\/{rel}","templated":true}]}}