{"id":26185,"date":"2022-06-28T20:32:58","date_gmt":"2022-06-28T20:32:58","guid":{"rendered":"https:\/\/larevistadigital.com.ar\/blog\/?p=26185"},"modified":"2022-06-28T20:32:58","modified_gmt":"2022-06-28T20:32:58","slug":"robo-violento-en-city-bell-hieren-con-cuchillo-a-una-comerciante","status":"publish","type":"post","link":"https:\/\/larevistadigital.com.ar\/blog\/robo-violento-en-city-bell-hieren-con-cuchillo-a-una-comerciante\/","title":{"rendered":"ROBO VIOLENTO EN CITY BELL: HIEREN CON CUCHILLO A UNA COMERCIANTE"},"content":{"rendered":"<h2 class=\"negrita\">Sucedi\u00f3 este martes por la tarde en\u00a0Cantilo y diagonal Jorge Bell. Actu\u00f3 una banda de adolescentes que atac\u00f3 en un local de ropa. Terminaron escapando.<\/h2>\n<div class=\"texto\">\n<p><strong>CITY BELL &#8211;\u00a0 Un grupo de delincuentes atac\u00f3 en un local de ropa ubicado en pleno centro de City Bell e hiri\u00f3 a una de las empleadas con un cuchillo<\/strong>. Seg\u00fan indicaron vecinos y testigos, el hecho se registr\u00f3 alrededor de las 13.20, cuando los implicados -de no m\u00e1s de 15 a\u00f1os- entraron al negocio de Cantilo y diagonal Jorge Bell\u00a0<strong>para \u00abprobarse ropa\u00bb<\/strong>.<\/p>\n<blockquote>\n<h3>Sin embargo, en un momento determinado la mujer que atend\u00eda se dio cuenta que los adolescentes intentaban llevarse las prendas sin pagar, por lo que intervino para evitarlo. En ese momento,\u00a0<strong>uno de los delincuentes habr\u00eda sacado un cuchillo y en el forcejeo lastim\u00f3 a la v\u00edctima en la frente y en la nariz<\/strong>.<\/h3>\n<\/blockquote>\n<p>Lo cierto es que, complicadas sus intenciones,\u00a0<strong>terminaron d\u00e1ndose a la fuga antes de que llegara la Polic\u00eda<\/strong>. Por este motivo,\u00a0<strong>no pudieron ser identificados y contin\u00faan pr\u00f3fugos<\/strong>. Posteriormente, la empleada fue asistida por vecinos y atendida por los cortes sufridos.<\/p>\n<p>Adem\u00e1s, trascendi\u00f3 que los comerciantes se encuentran preocupados por la reiteraci\u00f3n de estos hechos y la impunidad de los asaltantes, teniendo en cuenta que se trata de una zona transitada y que a metros hay un colegio.<\/p>\n<\/div>\n","protected":false},"excerpt":{"rendered":"<div class=\"mh-excerpt\"><p>Sucedi\u00f3 este martes por la tarde en\u00a0Cantilo y diagonal Jorge Bell. Actu\u00f3 una banda de adolescentes que atac\u00f3 en un local de ropa. Terminaron escapando. CITY BELL &#8211;\u00a0 Un grupo de delincuentes atac\u00f3 en un <a class=\"mh-excerpt-more\" href=\"https:\/\/larevistadigital.com.ar\/blog\/robo-violento-en-city-bell-hieren-con-cuchillo-a-una-comerciante\/\" title=\"ROBO VIOLENTO EN CITY BELL: HIEREN CON CUCHILLO A UNA COMERCIANTE\">[Leer M\u00e1s]<\/a><\/p>\n<\/div>","protected":false},"author":3,"featured_media":26186,"comment_status":"open","ping_status":"open","sticky":false,"template":"","format":"standard","meta":{"_jetpack_memberships_contains_paid_content":false,"footnotes":"","jetpack_publicize_message":"","jetpack_publicize_feature_enabled":true,"jetpack_social_post_already_shared":true,"jetpack_social_options":{"image_generator_settings":{"template":"highway","default_image_id":0,"font":"","enabled":false},"version":2}},"categories":[1],"tags":[],"class_list":{"0":"post-26185","1":"post","2":"type-post","3":"status-publish","4":"format-standard","5":"has-post-thumbnail","7":"category-sin-categoria"},"jetpack_publicize_connections":[],"jetpack_featured_media_url":"https:\/\/i0.wp.com\/larevistadigital.com.ar\/blog\/wp-content\/uploads\/1656453254306.jpg?fit=1920%2C950&ssl=1","jetpack_sharing_enabled":true,"jetpack_shortlink":"https:\/\/wp.me\/p8qtrQ-6Ol","jetpack-related-posts":[{"id":24339,"url":"https:\/\/larevistadigital.com.ar\/blog\/entran-a-casa-de-city-bell-roban-una-camioneta-y-se-tomaron-un-fernet\/","url_meta":{"origin":26185,"position":0},"title":"ENTRAN A CASA DE CITY BELL, ROBAN UNA CAMIONETA Y SE TOMARON UN FERNET","author":"Alejandro Sosa Ruda","date":"4 marzo, 2022","format":false,"excerpt":"Sucedi\u00f3 durante las \u00faltimas horas en la zona de 461 y Camino General Belgrano. Los implicados huyeron con bebidas, un grupo electr\u00f3geno y el veh\u00edculo. 03 de marzo de 2022 Delincuentes ingresaron a robar a la casa de una familia de\u00a0City Bell y se llevaron hasta su\u00a0veh\u00edculo tras una audaz\u2026","rel":"","context":"En \u00abPOLICIALES\u00bb","block_context":{"text":"POLICIALES","link":"https:\/\/larevistadigital.com.ar\/blog\/category\/policiales\/"},"img":{"alt_text":"","src":"https:\/\/i0.wp.com\/larevistadigital.com.ar\/blog\/wp-content\/uploads\/1620734311775.jpg?fit=1200%2C777&ssl=1&resize=350%2C200","width":350,"height":200,"srcset":"https:\/\/i0.wp.com\/larevistadigital.com.ar\/blog\/wp-content\/uploads\/1620734311775.jpg?fit=1200%2C777&ssl=1&resize=350%2C200 1x, https:\/\/i0.wp.com\/larevistadigital.com.ar\/blog\/wp-content\/uploads\/1620734311775.jpg?fit=1200%2C777&ssl=1&resize=525%2C300 1.5x, https:\/\/i0.wp.com\/larevistadigital.com.ar\/blog\/wp-content\/uploads\/1620734311775.jpg?fit=1200%2C777&ssl=1&resize=700%2C400 2x, https:\/\/i0.wp.com\/larevistadigital.com.ar\/blog\/wp-content\/uploads\/1620734311775.jpg?fit=1200%2C777&ssl=1&resize=1050%2C600 3x"},"classes":[]},{"id":25226,"url":"https:\/\/larevistadigital.com.ar\/blog\/city-bell-detectan-fraudes-electricos-que-seran-denunciados-penalmente\/","url_meta":{"origin":26185,"position":1},"title":"CITY BELL: DETECTAN FRAUDES EL\u00c9CTRICOS QUE SER\u00c1N DENUNCIADOS PENALMENTE","author":"Alejandro Sosa Ruda","date":"22 abril, 2022","format":false,"excerpt":"La distribuidora de energ\u00eda platense, EDELAP, en otro de sus operativos nocturnos antifraude, para identificar y desarticular conexiones ilegales que afectan la calidad de servicio que reciben los usuarios, detect\u00f3 varios locales comerciales en la localidad platense de City Bell, con \u201cconexiones clandestinas\u201d. CITY BELL -\u00a0 En los \u00faltimos d\u00edas,\u2026","rel":"","context":"En \u00abPOLICIALES\u00bb","block_context":{"text":"POLICIALES","link":"https:\/\/larevistadigital.com.ar\/blog\/category\/policiales\/"},"img":{"alt_text":"","src":"https:\/\/i0.wp.com\/larevistadigital.com.ar\/blog\/wp-content\/uploads\/20220421071224_rau-kal.jpg?fit=880%2C512&ssl=1&resize=350%2C200","width":350,"height":200,"srcset":"https:\/\/i0.wp.com\/larevistadigital.com.ar\/blog\/wp-content\/uploads\/20220421071224_rau-kal.jpg?fit=880%2C512&ssl=1&resize=350%2C200 1x, https:\/\/i0.wp.com\/larevistadigital.com.ar\/blog\/wp-content\/uploads\/20220421071224_rau-kal.jpg?fit=880%2C512&ssl=1&resize=525%2C300 1.5x, https:\/\/i0.wp.com\/larevistadigital.com.ar\/blog\/wp-content\/uploads\/20220421071224_rau-kal.jpg?fit=880%2C512&ssl=1&resize=700%2C400 2x"},"classes":[]},{"id":24100,"url":"https:\/\/larevistadigital.com.ar\/blog\/amenazaba-con-un-cuchillo-a-los-vecinos-quiso-robar-una-moto-y-lo-detuvieron\/","url_meta":{"origin":26185,"position":2},"title":"AMENAZABA CON UN CUCHILLO A LOS VECINOS, QUISO ROBAR UNA MOTO Y LO DETUVIERON","author":"Alejandro Sosa Ruda","date":"18 febrero, 2022","format":false,"excerpt":"Ocurri\u00f3 en las \u00faltimas horas en Altos de San Lorenzo. La Polic\u00eda recibi\u00f3 varias denuncias y lo fue a buscar. Lo capturaron\u00a0mientras intentaba escapar corriendo. LA PLATA -\u00a0 Un joven de 17 a\u00f1os que estaba\u00a0armado con un cuchillo\u00a0fue detenido\u00a0y puesto a disposici\u00f3n de la justicia acusado de amenazar a transe\u00fantes,\u2026","rel":"","context":"En \u00abPOLICIALES\u00bb","block_context":{"text":"POLICIALES","link":"https:\/\/larevistadigital.com.ar\/blog\/category\/policiales\/"},"img":{"alt_text":"","src":"https:\/\/i0.wp.com\/larevistadigital.com.ar\/blog\/wp-content\/uploads\/Polic%C3%ADa-Bonaerense-Patrulleros-3.jpg?fit=772%2C434&ssl=1&resize=350%2C200","width":350,"height":200,"srcset":"https:\/\/i0.wp.com\/larevistadigital.com.ar\/blog\/wp-content\/uploads\/Polic%C3%ADa-Bonaerense-Patrulleros-3.jpg?fit=772%2C434&ssl=1&resize=350%2C200 1x, https:\/\/i0.wp.com\/larevistadigital.com.ar\/blog\/wp-content\/uploads\/Polic%C3%ADa-Bonaerense-Patrulleros-3.jpg?fit=772%2C434&ssl=1&resize=525%2C300 1.5x, https:\/\/i0.wp.com\/larevistadigital.com.ar\/blog\/wp-content\/uploads\/Polic%C3%ADa-Bonaerense-Patrulleros-3.jpg?fit=772%2C434&ssl=1&resize=700%2C400 2x"},"classes":[]},{"id":18829,"url":"https:\/\/larevistadigital.com.ar\/blog\/vecinos-de-la-plata-se-manifestaron-contra-la-inseguridad\/","url_meta":{"origin":26185,"position":3},"title":"VECINOS DE LA PLATA SE MANIFESTARON CONTRA LA INSEGURIDAD","author":"Alejandro Sosa Ruda","date":"12 febrero, 2021","format":false,"excerpt":"La movilizaci\u00f3n se realiz\u00f3 este jueves por la tarde\u00a0City Bell. Fue debido a la \"falta de respuesta\" del ministro Sergio Berni frente los reclamos vecinales. LA PLATA -\u00a0Luego de las marchas realizadas los pasados\u00a0lunes\u00a0y\u00a0martes\u00a0para exigir justicia por\u00a0el crimen del abogado Eduardo Chantada,\u00a0los vecinos de La Plata volvieron a concentrase en\u2026","rel":"","context":"En \u00abREGIONALES\u00bb","block_context":{"text":"REGIONALES","link":"https:\/\/larevistadigital.com.ar\/blog\/category\/regionales\/"},"img":{"alt_text":"","src":"https:\/\/i0.wp.com\/larevistadigital.com.ar\/blog\/wp-content\/uploads\/1613078849494.jpeg?fit=1200%2C810&ssl=1&resize=350%2C200","width":350,"height":200,"srcset":"https:\/\/i0.wp.com\/larevistadigital.com.ar\/blog\/wp-content\/uploads\/1613078849494.jpeg?fit=1200%2C810&ssl=1&resize=350%2C200 1x, https:\/\/i0.wp.com\/larevistadigital.com.ar\/blog\/wp-content\/uploads\/1613078849494.jpeg?fit=1200%2C810&ssl=1&resize=525%2C300 1.5x, https:\/\/i0.wp.com\/larevistadigital.com.ar\/blog\/wp-content\/uploads\/1613078849494.jpeg?fit=1200%2C810&ssl=1&resize=700%2C400 2x, https:\/\/i0.wp.com\/larevistadigital.com.ar\/blog\/wp-content\/uploads\/1613078849494.jpeg?fit=1200%2C810&ssl=1&resize=1050%2C600 3x"},"classes":[]},{"id":27188,"url":"https:\/\/larevistadigital.com.ar\/blog\/bernal-forcejeo-con-un-ladron-le-arrebato-el-cuchillo-y-lo-mato-de-una-punalada\/","url_meta":{"origin":26185,"position":4},"title":"BERNAL: FORCEJE\u00d3 CON UN LADR\u00d3N, LE ARREBAT\u00d3 EL CUCHILLO Y LO MAT\u00d3 DE UNA PU\u00d1ALADA","author":"Alejandro Sosa Ruda","date":"21 agosto, 2022","format":false,"excerpt":"Un hombre que se resisti\u00f3 a un asalto mat\u00f3 este s\u00e1bado a uno de los tres delincuentes que intentaron robarle el auto frente a su casa de Bernal Oeste, mientras que otro fue asesinado de un balazo en el cuello luego de un conflicto vecinal en la misma zona, informaron\u2026","rel":"","context":"En \u00abPOLICIALES\u00bb","block_context":{"text":"POLICIALES","link":"https:\/\/larevistadigital.com.ar\/blog\/category\/policiales\/"},"img":{"alt_text":"","src":"https:\/\/i0.wp.com\/larevistadigital.com.ar\/blog\/wp-content\/uploads\/20220821171121_auto-policial-bernal.jpg?fit=880%2C512&ssl=1&resize=350%2C200","width":350,"height":200,"srcset":"https:\/\/i0.wp.com\/larevistadigital.com.ar\/blog\/wp-content\/uploads\/20220821171121_auto-policial-bernal.jpg?fit=880%2C512&ssl=1&resize=350%2C200 1x, https:\/\/i0.wp.com\/larevistadigital.com.ar\/blog\/wp-content\/uploads\/20220821171121_auto-policial-bernal.jpg?fit=880%2C512&ssl=1&resize=525%2C300 1.5x, https:\/\/i0.wp.com\/larevistadigital.com.ar\/blog\/wp-content\/uploads\/20220821171121_auto-policial-bernal.jpg?fit=880%2C512&ssl=1&resize=700%2C400 2x"},"classes":[]},{"id":16610,"url":"https:\/\/larevistadigital.com.ar\/blog\/detuvieron-a-dos-individuos-por-intento-de-robo\/","url_meta":{"origin":26185,"position":5},"title":"DETUVIERON A DOS INDIVIDUOS POR INTENTO DE ROBO","author":"Alejandro Sosa Ruda","date":"29 septiembre, 2020","format":false,"excerpt":"Uno quiso saltar una medianera para robar, y el otro intent\u00f3 asaltar una verduler\u00eda con un cuchillo de cocina Un sujeto de 31 a\u00f1os fue apresado por la polic\u00eda luego ingresar esta madrugada a una propiedad tras escalar una medianera y fue sorprendido en el porche de la casa por\u2026","rel":"","context":"En \u00abREGIONALES\u00bb","block_context":{"text":"REGIONALES","link":"https:\/\/larevistadigital.com.ar\/blog\/category\/regionales\/"},"img":{"alt_text":"","src":"https:\/\/i0.wp.com\/larevistadigital.com.ar\/blog\/wp-content\/uploads\/20200929085400_3f9ad536_f622_4518_b1a7_37465e1e3483.jpg?fit=880%2C586&ssl=1&resize=350%2C200","width":350,"height":200,"srcset":"https:\/\/i0.wp.com\/larevistadigital.com.ar\/blog\/wp-content\/uploads\/20200929085400_3f9ad536_f622_4518_b1a7_37465e1e3483.jpg?fit=880%2C586&ssl=1&resize=350%2C200 1x, https:\/\/i0.wp.com\/larevistadigital.com.ar\/blog\/wp-content\/uploads\/20200929085400_3f9ad536_f622_4518_b1a7_37465e1e3483.jpg?fit=880%2C586&ssl=1&resize=525%2C300 1.5x, https:\/\/i0.wp.com\/larevistadigital.com.ar\/blog\/wp-content\/uploads\/20200929085400_3f9ad536_f622_4518_b1a7_37465e1e3483.jpg?fit=880%2C586&ssl=1&resize=700%2C400 2x"},"classes":[]}],"_links":{"self":[{"href":"https:\/\/larevistadigital.com.ar\/blog\/wp-json\/wp\/v2\/posts\/26185","targetHints":{"allow":["GET"]}}],"collection":[{"href":"https:\/\/larevistadigital.com.ar\/blog\/wp-json\/wp\/v2\/posts"}],"about":[{"href":"https:\/\/larevistadigital.com.ar\/blog\/wp-json\/wp\/v2\/types\/post"}],"author":[{"embeddable":true,"href":"https:\/\/larevistadigital.com.ar\/blog\/wp-json\/wp\/v2\/users\/3"}],"replies":[{"embeddable":true,"href":"https:\/\/larevistadigital.com.ar\/blog\/wp-json\/wp\/v2\/comments?post=26185"}],"version-history":[{"count":1,"href":"https:\/\/larevistadigital.com.ar\/blog\/wp-json\/wp\/v2\/posts\/26185\/revisions"}],"predecessor-version":[{"id":26187,"href":"https:\/\/larevistadigital.com.ar\/blog\/wp-json\/wp\/v2\/posts\/26185\/revisions\/26187"}],"wp:featuredmedia":[{"embeddable":true,"href":"https:\/\/larevistadigital.com.ar\/blog\/wp-json\/wp\/v2\/media\/26186"}],"wp:attachment":[{"href":"https:\/\/larevistadigital.com.ar\/blog\/wp-json\/wp\/v2\/media?parent=26185"}],"wp:term":[{"taxonomy":"category","embeddable":true,"href":"https:\/\/larevistadigital.com.ar\/blog\/wp-json\/wp\/v2\/categories?post=26185"},{"taxonomy":"post_tag","embeddable":true,"href":"https:\/\/larevistadigital.com.ar\/blog\/wp-json\/wp\/v2\/tags?post=26185"}],"curies":[{"name":"wp","href":"https:\/\/api.w.org\/{rel}","templated":true}]}}