{"id":26188,"date":"2022-06-28T20:48:44","date_gmt":"2022-06-28T20:48:44","guid":{"rendered":"https:\/\/larevistadigital.com.ar\/blog\/?p=26188"},"modified":"2022-06-28T20:48:44","modified_gmt":"2022-06-28T20:48:44","slug":"nuevo-record-del-dolar-blue-que-arana-los-240","status":"publish","type":"post","link":"https:\/\/larevistadigital.com.ar\/blog\/nuevo-record-del-dolar-blue-que-arana-los-240\/","title":{"rendered":"NUEVO R\u00c9CORD DEL DOLAR BLUE QUE ARA\u00d1A LOS $240.-"},"content":{"rendered":"<h2>La moneda estadounidense, por las nubes.<\/h2>\n<p>El d\u00f3lar blue lleg\u00f3 a\u00a0<strong>un nuevo m\u00e1ximo hist\u00f3rico de $239<\/strong>\u00a0en la punta vendedora y los tipos de cambio financieros alcanzaron tambi\u00e9n a cotizaciones r\u00e9cords, seg\u00fan los principales indicadores del mercado cambiario.<\/p>\n<blockquote>\n<h3>El d\u00f3lar paralelo mantuvo la tendencia alcista por tercera rueda consecutiva, aument\u00f3 seis pesos en la rueda, sube $31 en el mes y la brecha cambiaria con el tipo de cambio oficial mayorista llega al 89%, el mayor nivel en los \u00faltimos tres meses.<\/h3>\n<\/blockquote>\n<p>En junio el billete marginal gana 31 pesos en el mercado paralelo,<strong>\u00a0el equivalente a un 14,5% que triplica la inflaci\u00f3n proyectada para el mes.<\/strong><\/p>\n<blockquote>\n<h3>El d\u00f3lar mayorista avanza 17 centavos, a 124,88 pesos,aumenta un 21,6% en lo que va del a\u00f1o y la brecha con el d\u00f3lar \u201cblue\u201d alcanza el 89,8 por ciento.<\/h3>\n<\/blockquote>\n<p>Los tipos de cambio financieros tambi\u00e9n llegaron a niveles r\u00e9cord ya que\u00a0<strong>el d\u00f3lar contado con liquidaci\u00f3n trep\u00f3 2,9% para cotizar en $253,35<\/strong>\u00a0y\u00a0<strong>el MEP o d\u00f3lar bolsa subi\u00f3 2,6% para llegar a los $247,57.<\/strong><\/p>\n<p>Las subas se dan en un clima de alta tensi\u00f3n financiera luego de que el Banco Central (BCRA) endureciera el cepo cambiario a las empresas para frenar la sangr\u00eda de las reservas, pero las medidas de la autoridad monetaria parecen no tener efectos.<\/p>\n<p>El presidente del BCRA, Miguel Angel Pesce, afirm\u00f3 que \u201ccualquier movimiento especulativo mueve esas referencias\u201d y se\u00f1al\u00f3 que las subas de los d\u00f3lares paralelo \u201cno necesariamente tiene que ver con las medidas que tomamos ayer\u201d.<br \/>\nEl funcionario explic\u00f3 que \u201cel mercado oficial mueve mil millones de d\u00f3lares diarios y el ilegal opera algunos millones de d\u00f3lares diarios\u201d, agreg\u00f3 en declaraciones a Urbana Play.<\/p>\n<blockquote>\n<h3>En cambio para los especialistas del mercado la suba tiene que ver con restringir a grandes empresas el acceso a divisas necesarias para importar y obligarlas a utilizar fondos propios o buscar d\u00f3lares por su cuenta.<\/h3>\n<\/blockquote>\n<p>Se\u00f1alan que las empresas que\u00a0<strong>no tienen stock de d\u00f3lares<\/strong>\u00a0van al mercado marginal para pagar sus importaciones o deber\u00e1n ralentizar su nivel de producci\u00f3n, algo que tambi\u00e9n puede complicar el nivel de actividad y la recaudaci\u00f3n tributaria.<\/p>\n<blockquote>\n<h3>En las provincias la suba del blue fue mayor ya que en Santa Cruz y Tierra del Fuego lleg\u00f3 a unos in\u00e9ditos $242, el valor m\u00e1s alto en todo el pa\u00eds, mientras que en Buenos Aires, C\u00f3rdoba, Santa Fe y Salta, se vendi\u00f3 a $241, seg\u00fan las cotizaciones del mercado marginal de divisas.<\/h3>\n<\/blockquote>\n<p>El d\u00f3lar sin impuestos avanza seis centavos a $130,13 para la venta seg\u00fan el promedio en los principales bancos y en el Banco Naci\u00f3n el billete se mantiene a $129,75 para la venta.<\/p>\n<p>El denominado d\u00f3lar ahorro o solidario, que incluye impuestos aument\u00f3 10 centavos a $214,71 en promedio.<\/p>\n<p>fuente la capital<\/p>\n","protected":false},"excerpt":{"rendered":"<div class=\"mh-excerpt\"><p>La moneda estadounidense, por las nubes. El d\u00f3lar blue lleg\u00f3 a\u00a0un nuevo m\u00e1ximo hist\u00f3rico de $239\u00a0en la punta vendedora y los tipos de cambio financieros alcanzaron tambi\u00e9n a cotizaciones r\u00e9cords, seg\u00fan los principales indicadores del <a class=\"mh-excerpt-more\" href=\"https:\/\/larevistadigital.com.ar\/blog\/nuevo-record-del-dolar-blue-que-arana-los-240\/\" title=\"NUEVO R\u00c9CORD DEL DOLAR BLUE QUE ARA\u00d1A LOS $240.-\">[Leer M\u00e1s]<\/a><\/p>\n<\/div>","protected":false},"author":3,"featured_media":26190,"comment_status":"open","ping_status":"open","sticky":false,"template":"","format":"standard","meta":{"_jetpack_memberships_contains_paid_content":false,"footnotes":"","jetpack_publicize_message":"","jetpack_publicize_feature_enabled":true,"jetpack_social_post_already_shared":true,"jetpack_social_options":{"image_generator_settings":{"template":"highway","default_image_id":0,"font":"","enabled":false},"version":2}},"categories":[50],"tags":[],"class_list":{"0":"post-26188","1":"post","2":"type-post","3":"status-publish","4":"format-standard","5":"has-post-thumbnail","7":"category-interes-general"},"jetpack_publicize_connections":[],"jetpack_featured_media_url":"https:\/\/i0.wp.com\/larevistadigital.com.ar\/blog\/wp-content\/uploads\/dolar-20220105-1293977.jpg?fit=900%2C900&ssl=1","jetpack_sharing_enabled":true,"jetpack_shortlink":"https:\/\/wp.me\/p8qtrQ-6Oo","jetpack-related-posts":[{"id":26775,"url":"https:\/\/larevistadigital.com.ar\/blog\/record-historico-del-dolar-blue-cerro-en-317\/","url_meta":{"origin":26188,"position":0},"title":"R\u00c9CORD HIST\u00d3RICO DEL DOLAR BLUE: CERR\u00d3 EN $317.-","author":"Alejandro Sosa Ruda","date":"20 julio, 2022","format":false,"excerpt":"El d\u00f3lar del mercado informal marc\u00f3 un nuevo r\u00e9cord despu\u00e9s de haber superado la l\u00ednea de los $301 de la \u00faltima jornada. Tras haber dado un salto dr\u00e1stico en la jornada del martes, este mi\u00e9rcoles\u00a0el d\u00f3lar blue registr\u00f3 un aumento de 16 pesos\u00a0a un promedio de $317 por unidad, con\u2026","rel":"","context":"En \u00abECONOMIA\u00bb","block_context":{"text":"ECONOMIA","link":"https:\/\/larevistadigital.com.ar\/blog\/category\/economia\/"},"img":{"alt_text":"","src":"https:\/\/i0.wp.com\/larevistadigital.com.ar\/blog\/wp-content\/uploads\/1657015821563.jpg?fit=1200%2C594&ssl=1&resize=350%2C200","width":350,"height":200,"srcset":"https:\/\/i0.wp.com\/larevistadigital.com.ar\/blog\/wp-content\/uploads\/1657015821563.jpg?fit=1200%2C594&ssl=1&resize=350%2C200 1x, https:\/\/i0.wp.com\/larevistadigital.com.ar\/blog\/wp-content\/uploads\/1657015821563.jpg?fit=1200%2C594&ssl=1&resize=525%2C300 1.5x, https:\/\/i0.wp.com\/larevistadigital.com.ar\/blog\/wp-content\/uploads\/1657015821563.jpg?fit=1200%2C594&ssl=1&resize=700%2C400 2x, https:\/\/i0.wp.com\/larevistadigital.com.ar\/blog\/wp-content\/uploads\/1657015821563.jpg?fit=1200%2C594&ssl=1&resize=1050%2C600 3x"},"classes":[]},{"id":31217,"url":"https:\/\/larevistadigital.com.ar\/blog\/el-dolar-blue-imparable-toco-los-462\/","url_meta":{"origin":26188,"position":1},"title":"EL DOLAR BLUE IMPARABLE: TOCO LOS $462.-","author":"Alejandro Sosa Ruda","date":"24 abril, 2023","format":false,"excerpt":"En el arranque de la semana, el mercado volvi\u00f3 a mostrar signos de tensi\u00f3n en una jornada de alta volatilidad. 24 de abril de 2023 El d\u00f3lar blue volvi\u00f3 a experimentar un importante aumento, cerrando este lunes a 462 pesos para la venta y a 457 pesos para la compra.\u2026","rel":"","context":"En \u00abDESTACADAS\u00bb","block_context":{"text":"DESTACADAS","link":"https:\/\/larevistadigital.com.ar\/blog\/category\/destacadas\/"},"img":{"alt_text":"","src":"https:\/\/i0.wp.com\/larevistadigital.com.ar\/blog\/wp-content\/uploads\/dxlares_2_crop1654888469602.jpg_1572130063.jpg?fit=760%2C428&ssl=1&resize=350%2C200","width":350,"height":200,"srcset":"https:\/\/i0.wp.com\/larevistadigital.com.ar\/blog\/wp-content\/uploads\/dxlares_2_crop1654888469602.jpg_1572130063.jpg?fit=760%2C428&ssl=1&resize=350%2C200 1x, https:\/\/i0.wp.com\/larevistadigital.com.ar\/blog\/wp-content\/uploads\/dxlares_2_crop1654888469602.jpg_1572130063.jpg?fit=760%2C428&ssl=1&resize=525%2C300 1.5x, https:\/\/i0.wp.com\/larevistadigital.com.ar\/blog\/wp-content\/uploads\/dxlares_2_crop1654888469602.jpg_1572130063.jpg?fit=760%2C428&ssl=1&resize=700%2C400 2x"},"classes":[]},{"id":29781,"url":"https:\/\/larevistadigital.com.ar\/blog\/nueva-suba-y-record-del-dolar-blue\/","url_meta":{"origin":26188,"position":2},"title":"NUEVA SUBA Y R\u00c9CORD DEL DOLAR BLUE","author":"Alejandro Sosa Ruda","date":"16 enero, 2023","format":false,"excerpt":"Blue, $370. Tarjeta \/ Turista, $331,57 y \"Qatar\" $378,94. El contado con liquidaci\u00f3n, cotiza a $355,36. El MEP a $344,03. 16 de enero de 2023 En el mercado formal, el\u00a0tarjeta \/ turista\u00a0(Imp. solidario + 45% a cuenta Ganancias) cotiza a $331,57 y el\u00a0oficial\u00a0a $189,47 este 16 de enero, lo que\u2026","rel":"","context":"En \u00abECONOMIA\u00bb","block_context":{"text":"ECONOMIA","link":"https:\/\/larevistadigital.com.ar\/blog\/category\/economia\/"},"img":{"alt_text":"","src":"https:\/\/i0.wp.com\/larevistadigital.com.ar\/blog\/wp-content\/uploads\/Dolarxlasnubes.jpg?fit=1000%2C1000&ssl=1&resize=350%2C200","width":350,"height":200,"srcset":"https:\/\/i0.wp.com\/larevistadigital.com.ar\/blog\/wp-content\/uploads\/Dolarxlasnubes.jpg?fit=1000%2C1000&ssl=1&resize=350%2C200 1x, https:\/\/i0.wp.com\/larevistadigital.com.ar\/blog\/wp-content\/uploads\/Dolarxlasnubes.jpg?fit=1000%2C1000&ssl=1&resize=525%2C300 1.5x, https:\/\/i0.wp.com\/larevistadigital.com.ar\/blog\/wp-content\/uploads\/Dolarxlasnubes.jpg?fit=1000%2C1000&ssl=1&resize=700%2C400 2x"},"classes":[]},{"id":37927,"url":"https:\/\/larevistadigital.com.ar\/blog\/el-dolar-ahorro-tendra-un-nuevo-cupo-de-cuanto-sera-y-desde-cuando\/","url_meta":{"origin":26188,"position":3},"title":"El d\u00f3lar ahorro tendr\u00e1 un nuevo cupo: de cu\u00e1nto ser\u00e1 y desde cu\u00e1ndo","author":"Alejandro Sosa Ruda","date":"21 noviembre, 2024","format":false,"excerpt":"El 24D ser\u00e1 una fecha clave, porque el d\u00eda antes de Navidad vence el impuesto PAIS, que no ser\u00e1 renovado, ni tampoco reemplazado por ning\u00fan otro concepto. 21 de noviembre de 2024 Lo cierto es que en el quinto piso del Palacio de Hacienda eval\u00faan aprovechar la brecha cambiaria en\u2026","rel":"","context":"En \u00abINTERES GENERAL\u00bb","block_context":{"text":"INTERES GENERAL","link":"https:\/\/larevistadigital.com.ar\/blog\/category\/interes-general\/"},"img":{"alt_text":"","src":"https:\/\/i0.wp.com\/larevistadigital.com.ar\/blog\/wp-content\/uploads\/20241121182459_dolar-que-viene.jpg?fit=880%2C512&ssl=1&resize=350%2C200","width":350,"height":200,"srcset":"https:\/\/i0.wp.com\/larevistadigital.com.ar\/blog\/wp-content\/uploads\/20241121182459_dolar-que-viene.jpg?fit=880%2C512&ssl=1&resize=350%2C200 1x, https:\/\/i0.wp.com\/larevistadigital.com.ar\/blog\/wp-content\/uploads\/20241121182459_dolar-que-viene.jpg?fit=880%2C512&ssl=1&resize=525%2C300 1.5x, https:\/\/i0.wp.com\/larevistadigital.com.ar\/blog\/wp-content\/uploads\/20241121182459_dolar-que-viene.jpg?fit=880%2C512&ssl=1&resize=700%2C400 2x"},"classes":[]},{"id":12180,"url":"https:\/\/larevistadigital.com.ar\/blog\/argentina-tierra-de-pillos-y-vivos\/","url_meta":{"origin":26188,"position":4},"title":"\u00abARGENTINA&#8230; TIERRA DE PILLOS Y VIVOS\u00bb","author":"Alejandro Sosa Ruda","date":"21 septiembre, 2019","format":false,"excerpt":"Por Juan Lemik MERCADO PARALELO DEL DOLAR: Jueves en en centro porte\u00f1o, una linda ma\u00f1ana de final de oto\u00f1o. Bajo del subte A en la estaci\u00f3n Florida y a los pocos pasos se escucha el grito \" Cambio , Cambio , pago mas sus dolares \" como si estuvieran vendiendo\u2026","rel":"","context":"En \u00abDESTACADAS\u00bb","block_context":{"text":"DESTACADAS","link":"https:\/\/larevistadigital.com.ar\/blog\/category\/destacadas\/"},"img":{"alt_text":"","src":"https:\/\/i0.wp.com\/larevistadigital.com.ar\/blog\/wp-content\/uploads\/WhatsApp-Image-2019-09-19-at-10.12.40.jpeg?fit=675%2C1200&ssl=1&resize=350%2C200","width":350,"height":200,"srcset":"https:\/\/i0.wp.com\/larevistadigital.com.ar\/blog\/wp-content\/uploads\/WhatsApp-Image-2019-09-19-at-10.12.40.jpeg?fit=675%2C1200&ssl=1&resize=350%2C200 1x, https:\/\/i0.wp.com\/larevistadigital.com.ar\/blog\/wp-content\/uploads\/WhatsApp-Image-2019-09-19-at-10.12.40.jpeg?fit=675%2C1200&ssl=1&resize=525%2C300 1.5x"},"classes":[]},{"id":33982,"url":"https:\/\/larevistadigital.com.ar\/blog\/massa-aseguro-que-los-vivos-que-estan-especulando-con-el-ahorro-de-la-gente-van-a-ir-presos\/","url_meta":{"origin":26188,"position":5},"title":"MASSA ASEGUR\u00d3 QUE \u00abLOS VIVOS QUE EST\u00c1N ESPECULANDO CON EL AHORRO DE LA GENTE VAN A IR PRESOS\u00bb","author":"Alejandro Sosa Ruda","date":"11 octubre, 2023","format":false,"excerpt":"As\u00ed lo asegur\u00f3 el Ministro de Econom\u00eda y candidato presidencial de Uni\u00f3n por la Patria en\u00a0referencia a la suba en los d\u00f3lares paralelos que ocurri\u00f3 en las \u00faltimas jornadas, al disertar\u00a0en la C\u00e1mara Argentina de Comercio y Servicios. 11 de octubre de 2023 El ministro de Econom\u00eda y candidato a\u2026","rel":"","context":"En \u00abINTERES GENERAL\u00bb","block_context":{"text":"INTERES GENERAL","link":"https:\/\/larevistadigital.com.ar\/blog\/category\/interes-general\/"},"img":{"alt_text":"","src":"https:\/\/i0.wp.com\/larevistadigital.com.ar\/blog\/wp-content\/uploads\/Captura-de-pantalla-2023-10-11-114923.png?fit=743%2C412&ssl=1&resize=350%2C200","width":350,"height":200,"srcset":"https:\/\/i0.wp.com\/larevistadigital.com.ar\/blog\/wp-content\/uploads\/Captura-de-pantalla-2023-10-11-114923.png?fit=743%2C412&ssl=1&resize=350%2C200 1x, https:\/\/i0.wp.com\/larevistadigital.com.ar\/blog\/wp-content\/uploads\/Captura-de-pantalla-2023-10-11-114923.png?fit=743%2C412&ssl=1&resize=525%2C300 1.5x, https:\/\/i0.wp.com\/larevistadigital.com.ar\/blog\/wp-content\/uploads\/Captura-de-pantalla-2023-10-11-114923.png?fit=743%2C412&ssl=1&resize=700%2C400 2x"},"classes":[]}],"_links":{"self":[{"href":"https:\/\/larevistadigital.com.ar\/blog\/wp-json\/wp\/v2\/posts\/26188","targetHints":{"allow":["GET"]}}],"collection":[{"href":"https:\/\/larevistadigital.com.ar\/blog\/wp-json\/wp\/v2\/posts"}],"about":[{"href":"https:\/\/larevistadigital.com.ar\/blog\/wp-json\/wp\/v2\/types\/post"}],"author":[{"embeddable":true,"href":"https:\/\/larevistadigital.com.ar\/blog\/wp-json\/wp\/v2\/users\/3"}],"replies":[{"embeddable":true,"href":"https:\/\/larevistadigital.com.ar\/blog\/wp-json\/wp\/v2\/comments?post=26188"}],"version-history":[{"count":2,"href":"https:\/\/larevistadigital.com.ar\/blog\/wp-json\/wp\/v2\/posts\/26188\/revisions"}],"predecessor-version":[{"id":26192,"href":"https:\/\/larevistadigital.com.ar\/blog\/wp-json\/wp\/v2\/posts\/26188\/revisions\/26192"}],"wp:featuredmedia":[{"embeddable":true,"href":"https:\/\/larevistadigital.com.ar\/blog\/wp-json\/wp\/v2\/media\/26190"}],"wp:attachment":[{"href":"https:\/\/larevistadigital.com.ar\/blog\/wp-json\/wp\/v2\/media?parent=26188"}],"wp:term":[{"taxonomy":"category","embeddable":true,"href":"https:\/\/larevistadigital.com.ar\/blog\/wp-json\/wp\/v2\/categories?post=26188"},{"taxonomy":"post_tag","embeddable":true,"href":"https:\/\/larevistadigital.com.ar\/blog\/wp-json\/wp\/v2\/tags?post=26188"}],"curies":[{"name":"wp","href":"https:\/\/api.w.org\/{rel}","templated":true}]}}