{"id":26193,"date":"2022-06-28T21:02:44","date_gmt":"2022-06-28T21:02:44","guid":{"rendered":"https:\/\/larevistadigital.com.ar\/blog\/?p=26193"},"modified":"2022-06-28T21:02:44","modified_gmt":"2022-06-28T21:02:44","slug":"importante-hallazgo-paleontologico-en-una-playa-y-por-un-nene-de-8-anos","status":"publish","type":"post","link":"https:\/\/larevistadigital.com.ar\/blog\/importante-hallazgo-paleontologico-en-una-playa-y-por-un-nene-de-8-anos\/","title":{"rendered":"IMPORTANTE HALLAZGO PALEONTOL\u00d3GICO EN UNA PLAYA Y POR UN NENE DE 8 A\u00d1OS"},"content":{"rendered":"<h2>Ocurri\u00f3 cerca de Santa Clara del Mar. Los restos tienen entre 400 mil y 700 mil a\u00f1os de antig\u00fcedad. \u00abEs muy importante. No se ten\u00eda registro en la zona de un cr\u00e1neo tan completo\u00bb, explicaron desde museo municipal de Ciencias Naturales Lorenzo Scaglia.<\/h2>\n<p><strong>MAR DEL PLATA &#8211;\u00a0 <\/strong>Una caminata dominguera de\u00a0<strong>Vicente Di Iorio<\/strong>\u00a0(8 a\u00f1os)\u00a0 por las playas cercanas a Santa Clara, lo hicieron art\u00edfice de un gran descubrimiento paleontol\u00f3gico: un cr\u00e1neo que puede tener entre 400 mil y 700 mil a\u00f1os de antig\u00fcedad.<\/p>\n<blockquote>\n<h3>\u201cEs un cr\u00e1neo muy muy completo de un cam\u00e9lido sudamericano\u201d, detallaron desde el \u00e1rea de Paleontolog\u00eda del museo municipal de Ciencias Naturales Lorenzo Scaglia. Ahora esos restos ser\u00e1n estudiados en el laboratorio.<\/h3>\n<\/blockquote>\n<p>Vicente es un entusiasta buscador de \u201ctesoros f\u00f3siles\u201d y gracias a la ayuda de libros y diferente informaci\u00f3n ya tiene \u201cel ojo entrenado\u201d para encontrar tesoros enterrados.<\/p>\n<p><img data-recalc-dims=\"1\" loading=\"lazy\" decoding=\"async\" class=\"alignnone size-large wp-image-702494\" src=\"https:\/\/i0.wp.com\/storage.lacapitalmdp.com\/2022\/06\/Fosil-1--1024x785.jpg?resize=1024%2C785&#038;ssl=1\" alt=\"Fosil 1\" width=\"1024\" height=\"785\" \/><\/p>\n<p><em><strong>\u201c\u00cdbamos caminando por la barranca y Vicente encontr\u00f3 unos huesos aflorando que le llamaron la atenci\u00f3n. Luego de sacar parte de la tierra suelta que lo cubr\u00eda, aparecieron dientes, y entonces decid\u00ed comunicarme con Mat\u00edas del museo\u201d<\/strong><\/em>, cont\u00f3 a\u00a0<strong>LA CAPITAL<\/strong>\u00a0<strong>Diego<\/strong>, padre de <strong>Vicente<\/strong> -alumno de tercer grado del Instituto Don Orione- y de Benjam\u00edn (5 a\u00f1os, prescolar en la misma instituci\u00f3n).<\/p>\n<blockquote>\n<h3><strong><em>\u201cNo es la primera vez que Vicente encuentra f\u00f3siles, anteriormente encontr\u00f3 otras piezas aunque no tan importantes, y est\u00e1 muy entusiasmado con el tema. Cada vez que podemos salimos a caminar y \u00e9l hace observaciones\u201d<\/em><\/strong>, a\u00f1adi\u00f3.<\/h3>\n<\/blockquote>\n<p>Este hallazgo hist\u00f3rico se realiz\u00f3 en el balneario Atl\u00e1ntida, muy cercano a Santa Clara del Mar. Una vez contactados los t\u00e9cnicos del museo de Ciencias Naturales, decidieron invitar a <strong>Vicente<\/strong> a que este martes fuese parte de la exploraci\u00f3n y las tareas de la extracci\u00f3n. As\u00ed que tanto <strong>Vicente<\/strong> como su hermano <strong>Benjam\u00edn<\/strong> salieron antes del colegio y los llevaron para que puedan ser parte de la experiencia\u201d.<\/p>\n<p><span style=\"color: #ff0000\"><strong>Material antiquisimo<\/strong><\/span><\/p>\n<p><strong>Mat\u00edas Taglioretti<\/strong>,\u00a0integrante del laboratorio de Paleontolog\u00eda del museo de Ciencias Naturales, explic\u00f3 que el\u00a0 material hallado es<em><strong> \u201cun cr\u00e1neo muy completo y bien conservado de un cam\u00e9lido sudamericano\u201d. \u201cLos niveles geol\u00f3gicos de donde proviene el material datan de entre 400 a 700 mil a\u00f1os de antig\u00fcedad, momento del tiempo que llamamos Pleistoceno\u201d<\/strong><\/em>, explic\u00f3. Y agreg\u00f3: <em><strong>\u201cEl hallazgo es muy importante y no se tiene registros paleontol\u00f3gicos en la zona de un cr\u00e1neo tan completo\u201d.<\/strong><\/em><\/p>\n<p>Precisamente, ese sector del acantilado<em><strong> \u201cse destruy\u00f3 hace mucho tiempo para la extracci\u00f3n de tierra-tosca, dejando al descubierto una gran superficie horizontal que actualmente nos permite investigar otro de los grandes patrimonios paleontol\u00f3gicos de la zona, que son las grandes paleocuevas que realizaban los armadillos y perezosos terrestres gigantes\u201d<\/strong><\/em>, precis\u00f3 <strong>Taglioretti<\/strong>.<\/p>\n<div id=\"attachment_702491\"><img data-recalc-dims=\"1\" loading=\"lazy\" decoding=\"async\" class=\"size-large wp-image-702491\" src=\"https:\/\/i0.wp.com\/storage.lacapitalmdp.com\/2022\/06\/Camelido-1024x576.jpg?resize=1024%2C576&#038;ssl=1\" alt=\"El cam\u00e9lido sudamericano.\" width=\"1024\" height=\"576\" \/><strong><em>El cam\u00e9lido sudamericano.<\/em><\/strong><\/p>\n<\/div>\n<p>Asimismo, felicit\u00f3 a <strong>Vicente<\/strong> por su inter\u00e9s e \u00edmpetu y lo consider\u00f3 <strong><em>\u201cun ejemplo de la notable facilidad que tiene la paleontolog\u00eda para llegar a los chicos e invitarlos a aprender sobre distintas ramas de la ciencia como geolog\u00eda, f\u00edsica, qu\u00edmica astronom\u00eda, biolog\u00eda entre otras\u201d.<\/em><\/strong><\/p>\n<p>Y record\u00f3: <strong><em>\u201cel patrimonio natural y cultural que los f\u00f3siles del sudeste de la provincia de Buenos Aires aportan a la sociedad, los convierten en herramientas muy atractivas para la ense\u00f1anza de las ciencias naturales que est\u00e1n al alcance de todos\u201d.<\/em><\/strong><\/p>\n","protected":false},"excerpt":{"rendered":"<div class=\"mh-excerpt\"><p>Ocurri\u00f3 cerca de Santa Clara del Mar. Los restos tienen entre 400 mil y 700 mil a\u00f1os de antig\u00fcedad. \u00abEs muy importante. No se ten\u00eda registro en la zona de un cr\u00e1neo tan completo\u00bb, explicaron <a class=\"mh-excerpt-more\" href=\"https:\/\/larevistadigital.com.ar\/blog\/importante-hallazgo-paleontologico-en-una-playa-y-por-un-nene-de-8-anos\/\" title=\"IMPORTANTE HALLAZGO PALEONTOL\u00d3GICO EN UNA PLAYA Y POR UN NENE DE 8 A\u00d1OS\">[Leer M\u00e1s]<\/a><\/p>\n<\/div>","protected":false},"author":3,"featured_media":26194,"comment_status":"open","ping_status":"open","sticky":false,"template":"","format":"standard","meta":{"_jetpack_memberships_contains_paid_content":false,"footnotes":"","jetpack_publicize_message":"","jetpack_publicize_feature_enabled":true,"jetpack_social_post_already_shared":true,"jetpack_social_options":{"image_generator_settings":{"template":"highway","default_image_id":0,"font":"","enabled":false},"version":2}},"categories":[51],"tags":[],"class_list":{"0":"post-26193","1":"post","2":"type-post","3":"status-publish","4":"format-standard","5":"has-post-thumbnail","7":"category-regionales"},"jetpack_publicize_connections":[],"jetpack_featured_media_url":"https:\/\/i0.wp.com\/larevistadigital.com.ar\/blog\/wp-content\/uploads\/HALLAZGO.png?fit=807%2C503&ssl=1","jetpack_sharing_enabled":true,"jetpack_shortlink":"https:\/\/wp.me\/p8qtrQ-6Ot","jetpack-related-posts":[{"id":42279,"url":"https:\/\/larevistadigital.com.ar\/blog\/partido-de-la-costa-descubren-en-punta-medanos-un-femur-de-perezoso-gigante-de-mas-de-ocho-mil-anos\/","url_meta":{"origin":26193,"position":0},"title":"PARTIDO DE LA COSTA Descubren en Punta M\u00e9danos un f\u00e9mur de perezoso gigante de m\u00e1s de ocho mil a\u00f1os","author":"Alejandro Sosa Ruda","date":"29 octubre, 2025","format":false,"excerpt":"|Un importante hallazgo paleontol\u00f3gico, que ser\u00e1 analizado por especialistas del CONICET y del Museo Argentino de Ciencias Naturales de La Plata, tuvo lugar en la zona sur de Punta M\u00e9danos, partido de La Costa. El director del Museo de Mar de Aj\u00f3, Diego Gambetta, confirm\u00f3 el hallazgo del f\u00e9mur semi\u2026","rel":"","context":"En \u00abREGIONALES\u00bb","block_context":{"text":"REGIONALES","link":"https:\/\/larevistadigital.com.ar\/blog\/category\/regionales\/"},"img":{"alt_text":"","src":"https:\/\/i0.wp.com\/larevistadigital.com.ar\/blog\/wp-content\/uploads\/20251029142220_diego-gambetta-fosil-perezoso-punta-medanos.jpg?fit=880%2C512&ssl=1&resize=350%2C200","width":350,"height":200,"srcset":"https:\/\/i0.wp.com\/larevistadigital.com.ar\/blog\/wp-content\/uploads\/20251029142220_diego-gambetta-fosil-perezoso-punta-medanos.jpg?fit=880%2C512&ssl=1&resize=350%2C200 1x, https:\/\/i0.wp.com\/larevistadigital.com.ar\/blog\/wp-content\/uploads\/20251029142220_diego-gambetta-fosil-perezoso-punta-medanos.jpg?fit=880%2C512&ssl=1&resize=525%2C300 1.5x, https:\/\/i0.wp.com\/larevistadigital.com.ar\/blog\/wp-content\/uploads\/20251029142220_diego-gambetta-fosil-perezoso-punta-medanos.jpg?fit=880%2C512&ssl=1&resize=700%2C400 2x"},"classes":[]},{"id":13723,"url":"https:\/\/larevistadigital.com.ar\/blog\/miramar-historico-rescataron-una-rata-espinosa-fosil-de-mas-de-400-000-anos-de-antiguedad\/","url_meta":{"origin":26193,"position":1},"title":"MIRAMAR: HIST\u00d3RICO. RESCATARON UNA RATA ESPINOSA F\u00d3SIL DE M\u00c1S DE 400.000 A\u00d1OS DE ANTIG\u00dcEDAD","author":"Alejandro Sosa Ruda","date":"19 diciembre, 2019","format":false,"excerpt":"El descubrimiento se produjo en los acantilados de la costa atl\u00e1ntica, unos 30 kil\u00f3metros al sur de la ciudad de Miramar. Se estima que la nueva especie med\u00eda unos 20 cent\u00edmetros y, posiblemente, habr\u00eda usado sus espinas para defenderse de los depredadores. Por sorprendente que parezca,\u00a0algunos roedores con espinas actuales\u2026","rel":"","context":"En \u00abCURIOSAS\u00bb","block_context":{"text":"CURIOSAS","link":"https:\/\/larevistadigital.com.ar\/blog\/category\/curiosas\/"},"img":{"alt_text":"","src":"https:\/\/i0.wp.com\/larevistadigital.com.ar\/blog\/wp-content\/uploads\/20191219153459_rata-espinosa-2.jpg?fit=887%2C554&ssl=1&resize=350%2C200","width":350,"height":200,"srcset":"https:\/\/i0.wp.com\/larevistadigital.com.ar\/blog\/wp-content\/uploads\/20191219153459_rata-espinosa-2.jpg?fit=887%2C554&ssl=1&resize=350%2C200 1x, https:\/\/i0.wp.com\/larevistadigital.com.ar\/blog\/wp-content\/uploads\/20191219153459_rata-espinosa-2.jpg?fit=887%2C554&ssl=1&resize=525%2C300 1.5x, https:\/\/i0.wp.com\/larevistadigital.com.ar\/blog\/wp-content\/uploads\/20191219153459_rata-espinosa-2.jpg?fit=887%2C554&ssl=1&resize=700%2C400 2x"},"classes":[]},{"id":30720,"url":"https:\/\/larevistadigital.com.ar\/blog\/mar-del-plata-en-una-construccion-encontraron-restos-de-un-gliptodonte-del-tamano-de-un-auto\/","url_meta":{"origin":26193,"position":2},"title":"MAR DEL PLATA: EN UNA CONSTRUCCI\u00d3N ENCONTRARON RESTOS DE UN GLIPTODONTE DEL TAMA\u00d1O DE UN AUTO","author":"Alejandro Sosa Ruda","date":"25 marzo, 2023","format":false,"excerpt":"El hallazgo ocurri\u00f3 el mi\u00e9rcoles en la ma\u00f1ana en el costado norte de la excavaci\u00f3n de la plaza, cerca del Museo de Ciencias Naturales Lorenzo Scaglia. Los paleont\u00f3logos de este instituto fueron los que comenzaron a recolectar los restos luego de que los trabajadores dieran aviso. 24 de marzo de\u2026","rel":"","context":"En \u00abREGIONALES\u00bb","block_context":{"text":"REGIONALES","link":"https:\/\/larevistadigital.com.ar\/blog\/category\/regionales\/"},"img":{"alt_text":"","src":"https:\/\/i0.wp.com\/larevistadigital.com.ar\/blog\/wp-content\/uploads\/20230324141512_glip.jpg?fit=880%2C512&ssl=1&resize=350%2C200","width":350,"height":200,"srcset":"https:\/\/i0.wp.com\/larevistadigital.com.ar\/blog\/wp-content\/uploads\/20230324141512_glip.jpg?fit=880%2C512&ssl=1&resize=350%2C200 1x, https:\/\/i0.wp.com\/larevistadigital.com.ar\/blog\/wp-content\/uploads\/20230324141512_glip.jpg?fit=880%2C512&ssl=1&resize=525%2C300 1.5x, https:\/\/i0.wp.com\/larevistadigital.com.ar\/blog\/wp-content\/uploads\/20230324141512_glip.jpg?fit=880%2C512&ssl=1&resize=700%2C400 2x"},"classes":[]},{"id":20683,"url":"https:\/\/larevistadigital.com.ar\/blog\/sorpresivo-hallazgo-en-mar-chiquita\/","url_meta":{"origin":26193,"position":3},"title":"SORPRESIVO HALLAZGO EN MAR CHIQUITA","author":"Alejandro Sosa Ruda","date":"9 junio, 2021","format":false,"excerpt":"Se trata de un gliptodonte juvenil, del que existen pocos registros en el mundo. El Museo Municipal de Ciencias Naturales Pachamama viene trabajando en el lugar desde hace meses. Los detalles del hallazgo. MAR CHIQUITA -\u00a0 El Museo Municipal de Ciencias Naturales Pachamama de Mar de Chiquita anunci\u00f3 en las\u2026","rel":"","context":"En \u00abREGIONALES\u00bb","block_context":{"text":"REGIONALES","link":"https:\/\/larevistadigital.com.ar\/blog\/category\/regionales\/"},"img":{"alt_text":"","src":"https:\/\/i0.wp.com\/larevistadigital.com.ar\/blog\/wp-content\/uploads\/01a3f449eb7516b624f3cd86628bac549c83f32c.jpg?fit=1140%2C704&ssl=1&resize=350%2C200","width":350,"height":200,"srcset":"https:\/\/i0.wp.com\/larevistadigital.com.ar\/blog\/wp-content\/uploads\/01a3f449eb7516b624f3cd86628bac549c83f32c.jpg?fit=1140%2C704&ssl=1&resize=350%2C200 1x, https:\/\/i0.wp.com\/larevistadigital.com.ar\/blog\/wp-content\/uploads\/01a3f449eb7516b624f3cd86628bac549c83f32c.jpg?fit=1140%2C704&ssl=1&resize=525%2C300 1.5x, https:\/\/i0.wp.com\/larevistadigital.com.ar\/blog\/wp-content\/uploads\/01a3f449eb7516b624f3cd86628bac549c83f32c.jpg?fit=1140%2C704&ssl=1&resize=700%2C400 2x, https:\/\/i0.wp.com\/larevistadigital.com.ar\/blog\/wp-content\/uploads\/01a3f449eb7516b624f3cd86628bac549c83f32c.jpg?fit=1140%2C704&ssl=1&resize=1050%2C600 3x"},"classes":[]},{"id":41950,"url":"https:\/\/larevistadigital.com.ar\/blog\/macabro-hallazgo-en-mar-del-plata-encuentran-un-craneo-y-restos-oseos-en-un-descampado\/","url_meta":{"origin":26193,"position":4},"title":"Macabro hallazgo en Mar del Plata: encuentran un cr\u00e1neo y restos \u00f3seos en un descampado","author":"Alejandro Sosa Ruda","date":"13 octubre, 2025","format":false,"excerpt":"El hallazgo se produjo en la tarde del lunes en el barrio Las Heras, a metros de la villa deportiva del Club General Urquiza. Los restos ser\u00e1n analizados por peritos para determinar su antig\u00fcedad y procedencia. 13 de Octubre de 2025 Un estremecedor descubrimiento conmocion\u00f3 este lunes por la tarde\u2026","rel":"","context":"En \u00abPOLICIALES\u00bb","block_context":{"text":"POLICIALES","link":"https:\/\/larevistadigital.com.ar\/blog\/category\/policiales\/"},"img":{"alt_text":"","src":"https:\/\/i0.wp.com\/larevistadigital.com.ar\/blog\/wp-content\/uploads\/Captura-de-pantalla-2025-10-13-222116.jpg?fit=794%2C435&ssl=1&resize=350%2C200","width":350,"height":200,"srcset":"https:\/\/i0.wp.com\/larevistadigital.com.ar\/blog\/wp-content\/uploads\/Captura-de-pantalla-2025-10-13-222116.jpg?fit=794%2C435&ssl=1&resize=350%2C200 1x, https:\/\/i0.wp.com\/larevistadigital.com.ar\/blog\/wp-content\/uploads\/Captura-de-pantalla-2025-10-13-222116.jpg?fit=794%2C435&ssl=1&resize=525%2C300 1.5x, https:\/\/i0.wp.com\/larevistadigital.com.ar\/blog\/wp-content\/uploads\/Captura-de-pantalla-2025-10-13-222116.jpg?fit=794%2C435&ssl=1&resize=700%2C400 2x"},"classes":[]},{"id":24298,"url":"https:\/\/larevistadigital.com.ar\/blog\/mar-del-tuyu-encontraron-un-craneo-humano-en-un-medano\/","url_meta":{"origin":26193,"position":5},"title":"MAR DEL TUY\u00da: ENCONTRARON UN CR\u00c1NEO HUMANO EN UN M\u00c9DANO","author":"Alejandro Sosa Ruda","date":"2 marzo, 2022","format":false,"excerpt":"Preservaron el lugar para buscar la probable presencia de m\u00e1s restos \u00f3seos. MAR DEL TUY\u00da -\u00a0 Esta ma\u00f1ana, una denuncia alert\u00f3 a la policial sobre el hallazgo de un cr\u00e1neo humano en calle 74 y playa. Al llegar al lugar, los efectivos constataron la veracidad de la denuncia, al encontrar\u2026","rel":"","context":"En \u00abREGIONALES\u00bb","block_context":{"text":"REGIONALES","link":"https:\/\/larevistadigital.com.ar\/blog\/category\/regionales\/"},"img":{"alt_text":"","src":"https:\/\/i0.wp.com\/larevistadigital.com.ar\/blog\/wp-content\/uploads\/ESTA-VA.jpg?fit=800%2C533&ssl=1&resize=350%2C200","width":350,"height":200,"srcset":"https:\/\/i0.wp.com\/larevistadigital.com.ar\/blog\/wp-content\/uploads\/ESTA-VA.jpg?fit=800%2C533&ssl=1&resize=350%2C200 1x, https:\/\/i0.wp.com\/larevistadigital.com.ar\/blog\/wp-content\/uploads\/ESTA-VA.jpg?fit=800%2C533&ssl=1&resize=525%2C300 1.5x, https:\/\/i0.wp.com\/larevistadigital.com.ar\/blog\/wp-content\/uploads\/ESTA-VA.jpg?fit=800%2C533&ssl=1&resize=700%2C400 2x"},"classes":[]}],"_links":{"self":[{"href":"https:\/\/larevistadigital.com.ar\/blog\/wp-json\/wp\/v2\/posts\/26193","targetHints":{"allow":["GET"]}}],"collection":[{"href":"https:\/\/larevistadigital.com.ar\/blog\/wp-json\/wp\/v2\/posts"}],"about":[{"href":"https:\/\/larevistadigital.com.ar\/blog\/wp-json\/wp\/v2\/types\/post"}],"author":[{"embeddable":true,"href":"https:\/\/larevistadigital.com.ar\/blog\/wp-json\/wp\/v2\/users\/3"}],"replies":[{"embeddable":true,"href":"https:\/\/larevistadigital.com.ar\/blog\/wp-json\/wp\/v2\/comments?post=26193"}],"version-history":[{"count":1,"href":"https:\/\/larevistadigital.com.ar\/blog\/wp-json\/wp\/v2\/posts\/26193\/revisions"}],"predecessor-version":[{"id":26195,"href":"https:\/\/larevistadigital.com.ar\/blog\/wp-json\/wp\/v2\/posts\/26193\/revisions\/26195"}],"wp:featuredmedia":[{"embeddable":true,"href":"https:\/\/larevistadigital.com.ar\/blog\/wp-json\/wp\/v2\/media\/26194"}],"wp:attachment":[{"href":"https:\/\/larevistadigital.com.ar\/blog\/wp-json\/wp\/v2\/media?parent=26193"}],"wp:term":[{"taxonomy":"category","embeddable":true,"href":"https:\/\/larevistadigital.com.ar\/blog\/wp-json\/wp\/v2\/categories?post=26193"},{"taxonomy":"post_tag","embeddable":true,"href":"https:\/\/larevistadigital.com.ar\/blog\/wp-json\/wp\/v2\/tags?post=26193"}],"curies":[{"name":"wp","href":"https:\/\/api.w.org\/{rel}","templated":true}]}}