{"id":26197,"date":"2022-06-29T09:29:35","date_gmt":"2022-06-29T09:29:35","guid":{"rendered":"https:\/\/larevistadigital.com.ar\/blog\/?p=26197"},"modified":"2022-06-29T09:29:35","modified_gmt":"2022-06-29T09:29:35","slug":"mar-del-plata-automovilista-alcoholizado-embistio-una-moto","status":"publish","type":"post","link":"https:\/\/larevistadigital.com.ar\/blog\/mar-del-plata-automovilista-alcoholizado-embistio-una-moto\/","title":{"rendered":"MAR DEL PLATA: AUTOMOVILISTA ALCOHOLIZADO EMBISTI\u00d3 UNA MOTO"},"content":{"rendered":"<h2>Ocurri\u00f3 en avenida Constituci\u00f3n y Benito Ju\u00e1rez. El conductor del auto no ten\u00eda VTV y alcohol en 1.0<\/h2>\n<p><strong>MAR DEL PLATA &#8211;\u00a0<\/strong> Esta madrugada, personal de Comisar\u00eda 7ma. concurri\u00f3 por llamado al 911 a Avenida Constituci\u00f3n y Benito Ju\u00e1rez, donde se hab\u00eda producido un accidente de tr\u00e1nsito.<\/p>\n<blockquote>\n<h3>En el lugar, los efectivos constataron, que por motivos a establecer, hab\u00edan colisionado un veh\u00edculo Ford Focus, conducido por un hombre de 38 a\u00f1os y una moto Gilera Smash conducida por un hombre de 57 a\u00f1os que fue trasladado al HIGA por una ambulancia del SAME con politraumatismos varios.<\/h3>\n<\/blockquote>\n<p>Personal de Tr\u00e1nsito Municipal labr\u00f3 infracciones para con el motociclista por falta de documentaci\u00f3n y seguro; y <strong>al automovilista por falta de VTV y alcoholemia positiva Punitiva de 1.0 g\/l<\/strong>. Ambos veh\u00edculos fueron secuestrados y trasladados al Play\u00f3n Municipal.<\/p>\n<p>Se iniciaron actuaciones por Lesiones culposas con intervenci\u00f3n de la UFI N\u00b011 a cargo del Dr. <strong>Cistoldi<\/strong>, y por infracci\u00f3n a la Ley de tr\u00e1nsito con injerencia del Juzgado de Faltas en turno.<\/p>\n<p>fuente: elmarplatense<\/p>\n","protected":false},"excerpt":{"rendered":"<div class=\"mh-excerpt\"><p>Ocurri\u00f3 en avenida Constituci\u00f3n y Benito Ju\u00e1rez. El conductor del auto no ten\u00eda VTV y alcohol en 1.0 MAR DEL PLATA &#8211;\u00a0 Esta madrugada, personal de Comisar\u00eda 7ma. concurri\u00f3 por llamado al 911 a Avenida <a class=\"mh-excerpt-more\" href=\"https:\/\/larevistadigital.com.ar\/blog\/mar-del-plata-automovilista-alcoholizado-embistio-una-moto\/\" title=\"MAR DEL PLATA: AUTOMOVILISTA ALCOHOLIZADO EMBISTI\u00d3 UNA MOTO\">[Leer M\u00e1s]<\/a><\/p>\n<\/div>","protected":false},"author":3,"featured_media":26198,"comment_status":"open","ping_status":"open","sticky":false,"template":"","format":"standard","meta":{"_jetpack_memberships_contains_paid_content":false,"footnotes":"","jetpack_publicize_message":"","jetpack_publicize_feature_enabled":true,"jetpack_social_post_already_shared":true,"jetpack_social_options":{"image_generator_settings":{"template":"highway","default_image_id":0,"font":"","enabled":false},"version":2}},"categories":[44,51],"tags":[],"class_list":{"0":"post-26197","1":"post","2":"type-post","3":"status-publish","4":"format-standard","5":"has-post-thumbnail","7":"category-policiales","8":"category-regionales"},"jetpack_publicize_connections":[],"jetpack_featured_media_url":"https:\/\/i0.wp.com\/larevistadigital.com.ar\/blog\/wp-content\/uploads\/policial-1-26-6-2022.jpg?fit=850%2C560&ssl=1","jetpack_sharing_enabled":true,"jetpack_shortlink":"https:\/\/wp.me\/p8qtrQ-6Ox","jetpack-related-posts":[{"id":16935,"url":"https:\/\/larevistadigital.com.ar\/blog\/mar-del-plata-detienen-a-un-hombre-que-robaba-en-los-semaforos\/","url_meta":{"origin":26197,"position":0},"title":"MAR DEL PLATA: DETIENEN A UN HOMBRE QUE ROBABA EN LOS SEM\u00c1FOROS","author":"Alejandro Sosa Ruda","date":"13 octubre, 2020","format":false,"excerpt":"Tiene 28 a\u00f1os y cuenta con diferentes antecedentes de hurto y encubrimiento. Fue detenido en la esquina de la avenida Jara y Belgrano. Un\u00a0hombre de 28 a\u00f1os\u00a0acusado de intentar robar a un automovilista en la esquina de la avenida Jara y Belgrano fue detenido el domingo por la tarde. La\u2026","rel":"","context":"En \u00abREGIONALES\u00bb","block_context":{"text":"REGIONALES","link":"https:\/\/larevistadigital.com.ar\/blog\/category\/regionales\/"},"img":{"alt_text":"","src":"https:\/\/i0.wp.com\/larevistadigital.com.ar\/blog\/wp-content\/uploads\/Screenshot_2-109.jpg?fit=1009%2C668&ssl=1&resize=350%2C200","width":350,"height":200,"srcset":"https:\/\/i0.wp.com\/larevistadigital.com.ar\/blog\/wp-content\/uploads\/Screenshot_2-109.jpg?fit=1009%2C668&ssl=1&resize=350%2C200 1x, https:\/\/i0.wp.com\/larevistadigital.com.ar\/blog\/wp-content\/uploads\/Screenshot_2-109.jpg?fit=1009%2C668&ssl=1&resize=525%2C300 1.5x, https:\/\/i0.wp.com\/larevistadigital.com.ar\/blog\/wp-content\/uploads\/Screenshot_2-109.jpg?fit=1009%2C668&ssl=1&resize=700%2C400 2x"},"classes":[]},{"id":23203,"url":"https:\/\/larevistadigital.com.ar\/blog\/automovilista-perdio-el-control-y-colisiono-contra-un-poste-en-la-ruta-11-en-cercanias-de-santa-clara-del-mar\/","url_meta":{"origin":26197,"position":1},"title":"AUTOMOVILISTA PERDI\u00d3 EL CONTROL Y COLISION\u00d3 CONTRA UN POSTE EN LA RUTA 11 EN CERCAN\u00cdAS DE SANTA CLARA DEL MAR","author":"Alejandro Sosa Ruda","date":"4 enero, 2022","format":false,"excerpt":"Ocurri\u00f3 este lunes. Un VW gol, conducido por un hombre de 33 a\u00f1os termin\u00f3 colisionando en el cantero central luego de despistar. El conductor fue trasladado al hospital Interzonal de Mar del Plata, fuera de peligro, l\u00facido y consciente, pero con algunos politraumatismos. fuente 02265","rel":"","context":"En \u00abPOLICIALES\u00bb","block_context":{"text":"POLICIALES","link":"https:\/\/larevistadigital.com.ar\/blog\/category\/policiales\/"},"img":{"alt_text":"","src":"https:\/\/i0.wp.com\/larevistadigital.com.ar\/blog\/wp-content\/uploads\/ACCIDENTE-R11-0301.jpg?fit=1083%2C611&ssl=1&resize=350%2C200","width":350,"height":200,"srcset":"https:\/\/i0.wp.com\/larevistadigital.com.ar\/blog\/wp-content\/uploads\/ACCIDENTE-R11-0301.jpg?fit=1083%2C611&ssl=1&resize=350%2C200 1x, https:\/\/i0.wp.com\/larevistadigital.com.ar\/blog\/wp-content\/uploads\/ACCIDENTE-R11-0301.jpg?fit=1083%2C611&ssl=1&resize=525%2C300 1.5x, https:\/\/i0.wp.com\/larevistadigital.com.ar\/blog\/wp-content\/uploads\/ACCIDENTE-R11-0301.jpg?fit=1083%2C611&ssl=1&resize=700%2C400 2x, https:\/\/i0.wp.com\/larevistadigital.com.ar\/blog\/wp-content\/uploads\/ACCIDENTE-R11-0301.jpg?fit=1083%2C611&ssl=1&resize=1050%2C600 3x"},"classes":[]},{"id":24232,"url":"https:\/\/larevistadigital.com.ar\/blog\/mar-del-plata-un-motociclista-en-grave-estado-luego-de-chocar-contra-un-auto\/","url_meta":{"origin":26197,"position":2},"title":"MAR DEL PLATA: UN MOTOCICLISTA EN GRAVE ESTADO LUEGO DE CHOCAR CONTRA UN AUTO","author":"Alejandro Sosa Ruda","date":"27 febrero, 2022","format":false,"excerpt":"El joven, de 22 a\u00f1os se encuentra en terapia intensiva del Hospital Interzonal, mientras que su acompa\u00f1ante, una mujer de 24 a\u00f1os, tambi\u00e9n est\u00e1 internada, pero estable. El hecho ocurri\u00f3 esta madrugada en Independencia y Garay. MAR DEL PLATA -\u00a0 Un\u00a0motociclista de 22 a\u00f1os\u00a0se encuentra internado en grave estado en\u2026","rel":"","context":"En \u00abPOLICIALES\u00bb","block_context":{"text":"POLICIALES","link":"https:\/\/larevistadigital.com.ar\/blog\/category\/policiales\/"},"img":{"alt_text":"","src":"https:\/\/i0.wp.com\/larevistadigital.com.ar\/blog\/wp-content\/uploads\/Captura-de-pantalla-2022-02-27-122414.jpg?fit=1011%2C490&ssl=1&resize=350%2C200","width":350,"height":200,"srcset":"https:\/\/i0.wp.com\/larevistadigital.com.ar\/blog\/wp-content\/uploads\/Captura-de-pantalla-2022-02-27-122414.jpg?fit=1011%2C490&ssl=1&resize=350%2C200 1x, https:\/\/i0.wp.com\/larevistadigital.com.ar\/blog\/wp-content\/uploads\/Captura-de-pantalla-2022-02-27-122414.jpg?fit=1011%2C490&ssl=1&resize=525%2C300 1.5x, https:\/\/i0.wp.com\/larevistadigital.com.ar\/blog\/wp-content\/uploads\/Captura-de-pantalla-2022-02-27-122414.jpg?fit=1011%2C490&ssl=1&resize=700%2C400 2x"},"classes":[]},{"id":43920,"url":"https:\/\/larevistadigital.com.ar\/blog\/fatal-choque-en-la-ruta-3-un-automovilista-murio-tras-esquivar-carpinchos-y-colisionar-con-un-camion\/","url_meta":{"origin":26197,"position":3},"title":"Fatal choque en la Ruta 3: un automovilista muri\u00f3 tras esquivar carpinchos y colisionar con un cami\u00f3n","author":"Alejandro Sosa Ruda","date":"10 febrero, 2026","format":false,"excerpt":"El siniestro ocurri\u00f3 de madrugada entre Gonzales Chaves y Benito Ju\u00e1rez. El conductor perdi\u00f3 el control del veh\u00edculo, cruz\u00f3 de carril y falleci\u00f3 en el acto. 10 de febrero de 2026 Un tr\u00e1gico accidente vial ocurri\u00f3 durante la madrugada del domingo sobre la Ruta Nacional N\u00ba 3, a la altura\u2026","rel":"","context":"En \u00abPOLICIALES\u00bb","block_context":{"text":"POLICIALES","link":"https:\/\/larevistadigital.com.ar\/blog\/category\/policiales\/"},"img":{"alt_text":"","src":"https:\/\/i0.wp.com\/larevistadigital.com.ar\/blog\/wp-content\/uploads\/5d5e32f53afec5032d50378eaee5624ae3883bca.png?fit=1140%2C726&ssl=1&resize=350%2C200","width":350,"height":200,"srcset":"https:\/\/i0.wp.com\/larevistadigital.com.ar\/blog\/wp-content\/uploads\/5d5e32f53afec5032d50378eaee5624ae3883bca.png?fit=1140%2C726&ssl=1&resize=350%2C200 1x, https:\/\/i0.wp.com\/larevistadigital.com.ar\/blog\/wp-content\/uploads\/5d5e32f53afec5032d50378eaee5624ae3883bca.png?fit=1140%2C726&ssl=1&resize=525%2C300 1.5x, https:\/\/i0.wp.com\/larevistadigital.com.ar\/blog\/wp-content\/uploads\/5d5e32f53afec5032d50378eaee5624ae3883bca.png?fit=1140%2C726&ssl=1&resize=700%2C400 2x, https:\/\/i0.wp.com\/larevistadigital.com.ar\/blog\/wp-content\/uploads\/5d5e32f53afec5032d50378eaee5624ae3883bca.png?fit=1140%2C726&ssl=1&resize=1050%2C600 3x"},"classes":[]},{"id":32134,"url":"https:\/\/larevistadigital.com.ar\/blog\/mar-del-plata-un-turista-sufrio-una-descompensacion-y-choco-su-camioneta-en-la-costa\/","url_meta":{"origin":26197,"position":4},"title":"MAR DEL PLATA: UN TURISTA SUFRI\u00d3 UNA DESCOMPENSACI\u00d3N Y CHOC\u00d3 SU CAMIONETA EN LA COSTA","author":"Alejandro Sosa Ruda","date":"27 junio, 2023","format":false,"excerpt":"Fue a la altura de Carlos Alvear. La v\u00edctima, de 69 a\u00f1os y oriunda de Boulogne, fue trasladada a una cl\u00ednica privada tras sufrir, producto del impacto, una lesi\u00f3n en la zona del cuello. 26 de junio de 2023 MAR DEL PLATA -\u00a0 Un turista de 69 a\u00f1os sufri\u00f3 una\u2026","rel":"","context":"En \u00abPOLICIALES\u00bb","block_context":{"text":"POLICIALES","link":"https:\/\/larevistadigital.com.ar\/blog\/category\/policiales\/"},"img":{"alt_text":"","src":"https:\/\/i0.wp.com\/larevistadigital.com.ar\/blog\/wp-content\/uploads\/Captura-de-pantalla-2023-06-26-205555.jpg?fit=793%2C373&ssl=1&resize=350%2C200","width":350,"height":200,"srcset":"https:\/\/i0.wp.com\/larevistadigital.com.ar\/blog\/wp-content\/uploads\/Captura-de-pantalla-2023-06-26-205555.jpg?fit=793%2C373&ssl=1&resize=350%2C200 1x, https:\/\/i0.wp.com\/larevistadigital.com.ar\/blog\/wp-content\/uploads\/Captura-de-pantalla-2023-06-26-205555.jpg?fit=793%2C373&ssl=1&resize=525%2C300 1.5x, https:\/\/i0.wp.com\/larevistadigital.com.ar\/blog\/wp-content\/uploads\/Captura-de-pantalla-2023-06-26-205555.jpg?fit=793%2C373&ssl=1&resize=700%2C400 2x"},"classes":[]},{"id":40036,"url":"https:\/\/larevistadigital.com.ar\/blog\/mar-del-plata-un-joven-motociclista-murio-tras-chocar-en-una-zona-en-reparacion-en-la-avenida-independencia\/","url_meta":{"origin":26197,"position":5},"title":"Mar del Plata: Un joven motociclista muri\u00f3 tras chocar en una zona en reparaci\u00f3n en la avenida Independencia","author":"Alejandro Sosa Ruda","date":"9 junio, 2025","format":false,"excerpt":"Ten\u00eda 21 a\u00f1os y viajaba con su pareja, que result\u00f3 gravemente herida. El accidente ocurri\u00f3 en un tramo con obras viales y desniveles. Investigan si eso provoc\u00f3 el siniestro. 09 de Junio de 2025 MAR DEL PLATA\u00a0 -\u00a0 \u00a0Una nueva tragedia vial sacudi\u00f3 a la ciudad este lunes por la\u2026","rel":"","context":"En \u00abPOLICIALES\u00bb","block_context":{"text":"POLICIALES","link":"https:\/\/larevistadigital.com.ar\/blog\/category\/policiales\/"},"img":{"alt_text":"","src":"https:\/\/i0.wp.com\/larevistadigital.com.ar\/blog\/wp-content\/uploads\/Captura-de-pantalla-2025-06-09-225730.jpg?fit=805%2C391&ssl=1&resize=350%2C200","width":350,"height":200,"srcset":"https:\/\/i0.wp.com\/larevistadigital.com.ar\/blog\/wp-content\/uploads\/Captura-de-pantalla-2025-06-09-225730.jpg?fit=805%2C391&ssl=1&resize=350%2C200 1x, https:\/\/i0.wp.com\/larevistadigital.com.ar\/blog\/wp-content\/uploads\/Captura-de-pantalla-2025-06-09-225730.jpg?fit=805%2C391&ssl=1&resize=525%2C300 1.5x, https:\/\/i0.wp.com\/larevistadigital.com.ar\/blog\/wp-content\/uploads\/Captura-de-pantalla-2025-06-09-225730.jpg?fit=805%2C391&ssl=1&resize=700%2C400 2x"},"classes":[]}],"_links":{"self":[{"href":"https:\/\/larevistadigital.com.ar\/blog\/wp-json\/wp\/v2\/posts\/26197","targetHints":{"allow":["GET"]}}],"collection":[{"href":"https:\/\/larevistadigital.com.ar\/blog\/wp-json\/wp\/v2\/posts"}],"about":[{"href":"https:\/\/larevistadigital.com.ar\/blog\/wp-json\/wp\/v2\/types\/post"}],"author":[{"embeddable":true,"href":"https:\/\/larevistadigital.com.ar\/blog\/wp-json\/wp\/v2\/users\/3"}],"replies":[{"embeddable":true,"href":"https:\/\/larevistadigital.com.ar\/blog\/wp-json\/wp\/v2\/comments?post=26197"}],"version-history":[{"count":1,"href":"https:\/\/larevistadigital.com.ar\/blog\/wp-json\/wp\/v2\/posts\/26197\/revisions"}],"predecessor-version":[{"id":26199,"href":"https:\/\/larevistadigital.com.ar\/blog\/wp-json\/wp\/v2\/posts\/26197\/revisions\/26199"}],"wp:featuredmedia":[{"embeddable":true,"href":"https:\/\/larevistadigital.com.ar\/blog\/wp-json\/wp\/v2\/media\/26198"}],"wp:attachment":[{"href":"https:\/\/larevistadigital.com.ar\/blog\/wp-json\/wp\/v2\/media?parent=26197"}],"wp:term":[{"taxonomy":"category","embeddable":true,"href":"https:\/\/larevistadigital.com.ar\/blog\/wp-json\/wp\/v2\/categories?post=26197"},{"taxonomy":"post_tag","embeddable":true,"href":"https:\/\/larevistadigital.com.ar\/blog\/wp-json\/wp\/v2\/tags?post=26197"}],"curies":[{"name":"wp","href":"https:\/\/api.w.org\/{rel}","templated":true}]}}